{"id":9529,"date":"2026-04-27T14:41:01","date_gmt":"2026-04-27T12:41:01","guid":{"rendered":"https:\/\/cepronda.com\/blog\/?p=9529"},"modified":"2026-04-27T14:41:01","modified_gmt":"2026-04-27T12:41:01","slug":"psicomotricidad-e-inclusion-en-la-etapa-de-educacion-infantil","status":"publish","type":"post","link":"https:\/\/cepronda.com\/blog\/psicomotricidad-e-inclusion-en-la-etapa-de-educacion-infantil\/","title":{"rendered":"PSICOMOTRICIDAD E INCLUSI\u00d3N EN LA ETAPA DE EDUCACI\u00d3N INFANTIL"},"content":{"rendered":"<div class=\"\" data-block=\"true\" data-editor=\"dndcv\" data-offset-key=\"37lg6-0-0\">\n<div class=\"_1mf _1mj\" data-offset-key=\"37lg6-0-0\"><\/div>\n<\/div>\n<div class=\"\" data-block=\"true\" data-editor=\"dndcv\" data-offset-key=\"37lg6-0-0\">\n<div class=\"_1mf _1mj\" data-offset-key=\"37lg6-0-0\">\n<div class=\"\" data-block=\"true\" data-editor=\"dndcv\" data-offset-key=\"esifd-0-0\">\n<div class=\"_1mf _1mj\" data-offset-key=\"esifd-0-0\">\n<p>&#x27a1;&#xfe0f;Se convoca la actividad <strong>PSICOMOTRICIDAD E INCLUSI\u00d3N EN LA ETAPA DE EDUCACI\u00d3N INFANTIL<\/strong> con c\u00f3digo <strong>262924GE106<\/strong> dirigida al profesorado de educaci\u00f3n f\u00edsica y educaci\u00f3n infantil de centros p\u00fablicos y conveniados.<\/p>\n<p>&#x1f6a8;<strong> IMPORTANTE<\/strong> leer el detalle de la actividad al completo.<\/p>\n<p>&#x23f3; <strong>PLAZO DE INSCRIPCI\u00d3N:<\/strong> desde el 27 de abril al 8 de mayo 2026 a las 11.00h<\/p>\n<p>&#x1f5d3;&#xfe0f; <strong>FECHAS ACTIVIDAD:<\/strong> 13, 20 y 27 de mayo (mi\u00e9rcoles).<\/p>\n<p>&#x1f570;&#xfe0f; <strong>HORARIO:<\/strong> de 17:00h a 20:00h<\/p>\n<p>&#x1f4cd;<strong>LUGAR:<\/strong> CEIP Juan Mart\u00edn Pinz\u00f3n (Ronda)<\/p>\n<p>&#x1f4d6; <strong>MODALIDAD:<\/strong> PRESENCIAL (9 horas presenciales y 3 horas de tareas tutorizadas no presenciales)<\/p>\n<p>&#x1f58a;&#xfe0f; <strong>ENLACE a la convocatoria e inscripci\u00f3n:<\/strong><br \/>\n<a href=\"https:\/\/www.juntadeandalucia.es\/educacion\/secretariavirtual\/consultaCEP\/actividad\/262924GE106\/\">https:\/\/www.juntadeandalucia.es\/educacion\/secretariavirtual\/consultaCEP\/actividad\/262924GE106\/<\/a><\/p>\n<\/div>\n<\/div>\n<div data-offset-key=\"esifd-0-0\"><\/div>\n<\/div>\n<div data-offset-key=\"esifd-0-0\"><img data-recalc-dims=\"1\" loading=\"lazy\" decoding=\"async\" class=\"aligncenter wp-image-9530 size-large\" src=\"https:\/\/i0.wp.com\/cepronda.com\/blog\/wp-content\/uploads\/2026\/04\/262924GE106-Cartel-curso-Psicomotricidad.png?resize=819%2C1024&#038;ssl=1\" alt=\"\" width=\"819\" height=\"1024\" srcset=\"https:\/\/i0.wp.com\/cepronda.com\/blog\/wp-content\/uploads\/2026\/04\/262924GE106-Cartel-curso-Psicomotricidad.png?resize=819%2C1024&amp;ssl=1 819w, https:\/\/i0.wp.com\/cepronda.com\/blog\/wp-content\/uploads\/2026\/04\/262924GE106-Cartel-curso-Psicomotricidad.png?resize=240%2C300&amp;ssl=1 240w, https:\/\/i0.wp.com\/cepronda.com\/blog\/wp-content\/uploads\/2026\/04\/262924GE106-Cartel-curso-Psicomotricidad.png?resize=768%2C960&amp;ssl=1 768w, https:\/\/i0.wp.com\/cepronda.com\/blog\/wp-content\/uploads\/2026\/04\/262924GE106-Cartel-curso-Psicomotricidad.png?w=1080&amp;ssl=1 1080w\" sizes=\"auto, (max-width: 819px) 100vw, 819px\" \/><\/div>\n<\/div>\n","protected":false},"excerpt":{"rendered":"<p>&#x27a1;&#xfe0f;Se convoca la actividad PSICOMOTRICIDAD E INCLUSI\u00d3N EN LA ETAPA DE EDUCACI\u00d3N INFANTIL con c\u00f3digo 262924GE106 dirigida al profesorado de educaci\u00f3n f\u00edsica y educaci\u00f3n infantil de centros p\u00fablicos y conveniados. &#x1f6a8; IMPORTANTE leer el detalle de la actividad al completo. &#x23f3; PLAZO DE INSCRIPCI\u00d3N: desde el 27 de abril al 8 de mayo 2026 a [&hellip;]<\/p>\n","protected":false},"author":3,"featured_media":9530,"comment_status":"closed","ping_status":"open","sticky":false,"template":"","format":"standard","meta":{"_crdt_document":"","advanced_seo_description":"","jetpack_seo_html_title":"","jetpack_seo_noindex":false,"jetpack_post_was_ever_published":false,"_jetpack_newsletter_access":"","_jetpack_dont_email_post_to_subs":false,"_jetpack_newsletter_tier_id":0,"_jetpack_memberships_contains_paywalled_content":false,"_jetpack_memberships_contains_paid_content":false,"footnotes":"","jetpack_publicize_message":"","jetpack_publicize_feature_enabled":true,"jetpack_social_post_already_shared":true,"jetpack_social_options":{"image_generator_settings":{"template":"highway","default_image_id":0,"font":"","enabled":false},"version":2}},"categories":[3],"tags":[171,222],"class_list":{"0":"post-9529","1":"post","2":"type-post","3":"status-publish","4":"format-standard","5":"has-post-thumbnail","7":"category-formaciones","8":"tag-coeducacion","9":"tag-internivelar","10":"czr-hentry"},"jetpack_publicize_connections":[],"jetpack_featured_media_url":"https:\/\/i0.wp.com\/cepronda.com\/blog\/wp-content\/uploads\/2026\/04\/262924GE106-Cartel-curso-Psicomotricidad.png?fit=1080%2C1350&ssl=1","jetpack_shortlink":"https:\/\/wp.me\/p8M4X7-2tH","jetpack-related-posts":[{"id":8165,"url":"https:\/\/cepronda.com\/blog\/educacion-innovacion-e-infancia-3-6-red-neuroeduca-y-cerebro-infantil\/","url_meta":{"origin":9529,"position":0},"title":"EDUCACI\u00d3N, INNOVACI\u00d3N E INFANCIA 3-6: RED NEUROEDUCA Y CEREBRO INFANTIL","author":"Mamen Moreno","date":"17 febrero, 2025","format":false,"excerpt":"Abierto plazo solicitudes Jornadas Provinciales: \"EDUCACI\u00d3N, INNOVACI\u00d3N E INFANCIA 3-6: RED NEUROEDUCA Y CEREBRO INFANTIL\". Dirigidas al profesorado de Educaci\u00f3n Infantil 3-6. Realizaci\u00f3n y horario: 28 de marzo: de 9:00h a 14:00h y de 16:00h a 19:30h 29 de marzo: de 9:00h a 13:30h Lugar: CEP MARBELLA-CO\u00cdN \u00a0Inscripciones: 17\/02\/2025 -\u2026","rel":"","context":"En \u00abFormaciones\u00bb","block_context":{"text":"Formaciones","link":"https:\/\/cepronda.com\/blog\/category\/formaciones\/"},"img":{"alt_text":"","src":"https:\/\/i0.wp.com\/cepronda.com\/blog\/wp-content\/uploads\/2025\/02\/WhatsApp-Image-2025-02-17-at-08.30.34.jpeg?fit=1011%2C639&ssl=1&resize=350%2C200","width":350,"height":200,"srcset":"https:\/\/i0.wp.com\/cepronda.com\/blog\/wp-content\/uploads\/2025\/02\/WhatsApp-Image-2025-02-17-at-08.30.34.jpeg?fit=1011%2C639&ssl=1&resize=350%2C200 1x, https:\/\/i0.wp.com\/cepronda.com\/blog\/wp-content\/uploads\/2025\/02\/WhatsApp-Image-2025-02-17-at-08.30.34.jpeg?fit=1011%2C639&ssl=1&resize=525%2C300 1.5x, https:\/\/i0.wp.com\/cepronda.com\/blog\/wp-content\/uploads\/2025\/02\/WhatsApp-Image-2025-02-17-at-08.30.34.jpeg?fit=1011%2C639&ssl=1&resize=700%2C400 2x"},"classes":[]},{"id":8891,"url":"https:\/\/cepronda.com\/blog\/la-inclusion-mediante-nuevos-deportes-alternativos-en-el-curriculum-de-educacion-fisica\/","url_meta":{"origin":9529,"position":1},"title":"LA INCLUSI\u00d3N MEDIANTE NUEVOS DEPORTES ALTERNATIVOS EN EL CURR\u00cdCULUM DE EDUCACI\u00d3N F\u00cdSICA","author":"V\u00edctor Caballero","date":"9 octubre, 2025","format":false,"excerpt":"Abierto el plazo de inscripci\u00f3n para el curso semipresencial\u00a0 \"LA INCLUSI\u00d3N MEDIANTE NUEVOS DEPORTES ALTERNATIVOS EN EL CURR\u00cdCULUM DE EDUCACI\u00d3N F\u00cdSICA\" c\u00f3digo 262924GE101 Destinado a docentes de la especialidad de Educaci\u00f3n F\u00edsica de centros p\u00fablicos y, en segunda estancia, para docentes de otras \u00e1reas motivados por por la atenci\u00f3n a\u2026","rel":"","context":"En \u00abFormaciones\u00bb","block_context":{"text":"Formaciones","link":"https:\/\/cepronda.com\/blog\/category\/formaciones\/"},"img":{"alt_text":"","src":"https:\/\/i0.wp.com\/cepronda.com\/blog\/wp-content\/uploads\/2025\/10\/262924GE2101-Cartel-EF.png?fit=960%2C1200&ssl=1&resize=350%2C200","width":350,"height":200,"srcset":"https:\/\/i0.wp.com\/cepronda.com\/blog\/wp-content\/uploads\/2025\/10\/262924GE2101-Cartel-EF.png?fit=960%2C1200&ssl=1&resize=350%2C200 1x, https:\/\/i0.wp.com\/cepronda.com\/blog\/wp-content\/uploads\/2025\/10\/262924GE2101-Cartel-EF.png?fit=960%2C1200&ssl=1&resize=525%2C300 1.5x, https:\/\/i0.wp.com\/cepronda.com\/blog\/wp-content\/uploads\/2025\/10\/262924GE2101-Cartel-EF.png?fit=960%2C1200&ssl=1&resize=700%2C400 2x"},"classes":[]},{"id":2536,"url":"https:\/\/cepronda.com\/blog\/metodologia-abn-para-infantil\/","url_meta":{"origin":9529,"position":2},"title":"METODOLOG\u00cdA ABN PARA INFANTIL","author":"V\u00edctor Caballero","date":"10 diciembre, 2018","format":false,"excerpt":"\u00a1Hola de nuevo! Acabamos de abrir el plazo de inscripci\u00f3n para la actividad \"Metodolog\u00eda ABN para Educaci\u00f3n Infantil\", con el objetivo de acercar al profesorado de Educaci\u00f3n infantil al m\u00e9todo ABN con la intenci\u00f3n de desarrollar y mejorar la competencia matem\u00e1tica en el alumnado de esta etapa educativa. Para poder\u2026","rel":"","context":"En \u00abFormaciones\u00bb","block_context":{"text":"Formaciones","link":"https:\/\/cepronda.com\/blog\/category\/formaciones\/"},"img":{"alt_text":"","src":"https:\/\/i0.wp.com\/cepronda.com\/blog\/wp-content\/uploads\/2018\/12\/mathematics-1044087_1920.jpg?fit=1200%2C1200&ssl=1&resize=350%2C200","width":350,"height":200,"srcset":"https:\/\/i0.wp.com\/cepronda.com\/blog\/wp-content\/uploads\/2018\/12\/mathematics-1044087_1920.jpg?fit=1200%2C1200&ssl=1&resize=350%2C200 1x, https:\/\/i0.wp.com\/cepronda.com\/blog\/wp-content\/uploads\/2018\/12\/mathematics-1044087_1920.jpg?fit=1200%2C1200&ssl=1&resize=525%2C300 1.5x, https:\/\/i0.wp.com\/cepronda.com\/blog\/wp-content\/uploads\/2018\/12\/mathematics-1044087_1920.jpg?fit=1200%2C1200&ssl=1&resize=700%2C400 2x, https:\/\/i0.wp.com\/cepronda.com\/blog\/wp-content\/uploads\/2018\/12\/mathematics-1044087_1920.jpg?fit=1200%2C1200&ssl=1&resize=1050%2C600 3x"},"classes":[]},{"id":8873,"url":"https:\/\/cepronda.com\/blog\/atencion-al-alumnado-tea-en-el-aula-de-educacion-infantil\/","url_meta":{"origin":9529,"position":3},"title":"ATENCI\u00d3N AL ALUMNADO TEA EN EL AULA DE EDUCACI\u00d3N INFANTIL","author":"Mamen Moreno","date":"30 septiembre, 2025","format":false,"excerpt":"Abierto el plazo de inscripci\u00f3n para el curso \"ATENCI\u00d3N AL ALUMNADO TEA EN EL AULA DE EDUCACI\u00d3N INFANTIL\". C\u00f3digo: 262922GE082. Dirigido: a maestros y maestra de Educaci\u00f3n Infantil ( 3- 6 a\u00f1os). Inscripci\u00f3n: del 30\/09\/2025 al 30\/10\/2025. Actividad: del 05\/11\/2025 a 03\/12\/2025 (mi\u00e9rcoles). Duraci\u00f3n: 15 h presenciales. Lugar: V\u00eda webex\u2026","rel":"","context":"En \u00abFormaciones\u00bb","block_context":{"text":"Formaciones","link":"https:\/\/cepronda.com\/blog\/category\/formaciones\/"},"img":{"alt_text":"","src":"https:\/\/i0.wp.com\/cepronda.com\/blog\/wp-content\/uploads\/2025\/10\/Sin-titulo.png?fit=856%2C853&ssl=1&resize=350%2C200","width":350,"height":200,"srcset":"https:\/\/i0.wp.com\/cepronda.com\/blog\/wp-content\/uploads\/2025\/10\/Sin-titulo.png?fit=856%2C853&ssl=1&resize=350%2C200 1x, https:\/\/i0.wp.com\/cepronda.com\/blog\/wp-content\/uploads\/2025\/10\/Sin-titulo.png?fit=856%2C853&ssl=1&resize=525%2C300 1.5x, https:\/\/i0.wp.com\/cepronda.com\/blog\/wp-content\/uploads\/2025\/10\/Sin-titulo.png?fit=856%2C853&ssl=1&resize=700%2C400 2x"},"classes":[]},{"id":7679,"url":"https:\/\/cepronda.com\/blog\/desarrollo-del-pensamiento-logico-y-matematico-en-educacion-infantil-matematicas-en-accion-2\/","url_meta":{"origin":9529,"position":4},"title":"DESARROLLO DEL PENSAMIENTO L\u00d3GICO Y MATEM\u00c1TICO EN EDUCACI\u00d3N INFANTIL. MATEM\u00c1TICAS EN ACCI\u00d3N","author":"Mamen Moreno","date":"3 septiembre, 2024","format":false,"excerpt":"Abierto el plazo de inscripciones en la actividad DESARROLLO DEL PENSAMIENTO L\u00d3GICO Y MATEM\u00c1TICO EN EDUCACI\u00d3N INFANTIL. MATEM\u00c1TICAS EN ACCI\u00d3N, a cargo de Jos\u00e9 Antonio Fern\u00e1ndez Bravo. Tipo de Actividad: PROVINCIAL, PRESENCIAL Profesorado destinatario: MAESTROS\/AS INFANTIL. Ubicaci\u00f3n: CEP MARBELLA-CO\u00cdN HORARIO: 12 y 13 de septiembre: de 16:30 a 20:30 horas.\u2026","rel":"","context":"En \u00abFormaciones\u00bb","block_context":{"text":"Formaciones","link":"https:\/\/cepronda.com\/blog\/category\/formaciones\/"},"img":{"alt_text":"","src":"https:\/\/i0.wp.com\/cepronda.com\/blog\/wp-content\/uploads\/2024\/07\/Sin-titulo.jpg?fit=605%2C603&ssl=1&resize=350%2C200","width":350,"height":200,"srcset":"https:\/\/i0.wp.com\/cepronda.com\/blog\/wp-content\/uploads\/2024\/07\/Sin-titulo.jpg?fit=605%2C603&ssl=1&resize=350%2C200 1x, https:\/\/i0.wp.com\/cepronda.com\/blog\/wp-content\/uploads\/2024\/07\/Sin-titulo.jpg?fit=605%2C603&ssl=1&resize=525%2C300 1.5x"},"classes":[]},{"id":7890,"url":"https:\/\/cepronda.com\/blog\/competencias-linguisticas-en-educacion-infantil\/","url_meta":{"origin":9529,"position":5},"title":"COMPETENCIAS LING\u00dc\u00cdSTICAS EN EDUCACI\u00d3N INFANTIL","author":"Mamen Moreno","date":"2 diciembre, 2024","format":false,"excerpt":"Abierto el plazo de solicitudes para el curso: COMPETENCIAS LING\u00dc\u00cdSTICAS EN EDUCACI\u00d3N INFANTIL C\u00f3digo: 252922GE251. Ponente: Mar\u00eda del Mar Qu\u00edrell Curso Semipresencial de 25 horas (2 horas por Webex y 23 horas tareas en el AVFP), dirigido al profesorado de educaci\u00f3n infantil. \u00a0Inscripci\u00f3n: 02\/12\/2024 al 09\/01\/2025. Fecha de actividad: 14\/01\/2025\u2026","rel":"","context":"En \u00abFormaciones\u00bb","block_context":{"text":"Formaciones","link":"https:\/\/cepronda.com\/blog\/category\/formaciones\/"},"img":{"alt_text":"","src":"https:\/\/i0.wp.com\/cepronda.com\/blog\/wp-content\/uploads\/2024\/12\/LA-COEDUCACION-ATERRIZA-EN-EL-AULA-1.jpg?fit=1080%2C1080&ssl=1&resize=350%2C200","width":350,"height":200,"srcset":"https:\/\/i0.wp.com\/cepronda.com\/blog\/wp-content\/uploads\/2024\/12\/LA-COEDUCACION-ATERRIZA-EN-EL-AULA-1.jpg?fit=1080%2C1080&ssl=1&resize=350%2C200 1x, https:\/\/i0.wp.com\/cepronda.com\/blog\/wp-content\/uploads\/2024\/12\/LA-COEDUCACION-ATERRIZA-EN-EL-AULA-1.jpg?fit=1080%2C1080&ssl=1&resize=525%2C300 1.5x, https:\/\/i0.wp.com\/cepronda.com\/blog\/wp-content\/uploads\/2024\/12\/LA-COEDUCACION-ATERRIZA-EN-EL-AULA-1.jpg?fit=1080%2C1080&ssl=1&resize=700%2C400 2x, https:\/\/i0.wp.com\/cepronda.com\/blog\/wp-content\/uploads\/2024\/12\/LA-COEDUCACION-ATERRIZA-EN-EL-AULA-1.jpg?fit=1080%2C1080&ssl=1&resize=1050%2C600 3x"},"classes":[]}],"jetpack_sharing_enabled":true,"_links":{"self":[{"href":"https:\/\/cepronda.com\/blog\/wp-json\/wp\/v2\/posts\/9529","targetHints":{"allow":["GET"]}}],"collection":[{"href":"https:\/\/cepronda.com\/blog\/wp-json\/wp\/v2\/posts"}],"about":[{"href":"https:\/\/cepronda.com\/blog\/wp-json\/wp\/v2\/types\/post"}],"author":[{"embeddable":true,"href":"https:\/\/cepronda.com\/blog\/wp-json\/wp\/v2\/users\/3"}],"replies":[{"embeddable":true,"href":"https:\/\/cepronda.com\/blog\/wp-json\/wp\/v2\/comments?post=9529"}],"version-history":[{"count":1,"href":"https:\/\/cepronda.com\/blog\/wp-json\/wp\/v2\/posts\/9529\/revisions"}],"predecessor-version":[{"id":9531,"href":"https:\/\/cepronda.com\/blog\/wp-json\/wp\/v2\/posts\/9529\/revisions\/9531"}],"wp:featuredmedia":[{"embeddable":true,"href":"https:\/\/cepronda.com\/blog\/wp-json\/wp\/v2\/media\/9530"}],"wp:attachment":[{"href":"https:\/\/cepronda.com\/blog\/wp-json\/wp\/v2\/media?parent=9529"}],"wp:term":[{"taxonomy":"category","embeddable":true,"href":"https:\/\/cepronda.com\/blog\/wp-json\/wp\/v2\/categories?post=9529"},{"taxonomy":"post_tag","embeddable":true,"href":"https:\/\/cepronda.com\/blog\/wp-json\/wp\/v2\/tags?post=9529"}],"curies":[{"name":"wp","href":"https:\/\/api.w.org\/{rel}","templated":true}]}}