{"id":9521,"date":"2026-04-23T13:55:09","date_gmt":"2026-04-23T11:55:09","guid":{"rendered":"https:\/\/cepronda.com\/blog\/?p=9521"},"modified":"2026-04-23T13:55:54","modified_gmt":"2026-04-23T11:55:54","slug":"9521-2","status":"publish","type":"post","link":"https:\/\/cepronda.com\/blog\/9521-2\/","title":{"rendered":"AUTOEVALUACI\u00d3N. PLAN DE MEJORA Y PROYECTO FORMATIVO"},"content":{"rendered":"<p>Se abre plazo de inscripci\u00f3n para el viso \u201cAUTOEVALUACI\u00d3N. PLAN DE MEJORA Y PROYECTO FORMATIVO\u201d<br \/>\nC\u00d3DIGO: 269923KPF386<br \/>\nMODALIDAD: Curso Semipresencial<br \/>\n\u00c1MBITO: Provincial<br \/>\nFECHA INSCRIPCI\u00d3N: 23\/04\/2026 hasta 05\/05\/2026<br \/>\nFECHA ACTIVIDAD: 14\/05\/2026 hasta 28\/05\/2026<\/p>\n<p>&#x1f517; M\u00c1S INFORMACI\u00d3N E INSCRIPCI\u00d3N: <a href=\"https:\/\/secretariavirtual.juntadeandalucia.es\/secretariavirtual\/consultaCEP\/actividad\/269923KPF386\/\">https:\/\/secretariavirtual.juntadeandalucia.es\/secretariavirtual\/consultaCEP\/actividad\/269923KPF386\/<\/a><\/p>\n","protected":false},"excerpt":{"rendered":"<p>Se abre plazo de inscripci\u00f3n para el viso \u201cAUTOEVALUACI\u00d3N. PLAN DE MEJORA Y PROYECTO FORMATIVO\u201d C\u00d3DIGO: 269923KPF386 MODALIDAD: Curso Semipresencial \u00c1MBITO: Provincial FECHA INSCRIPCI\u00d3N: 23\/04\/2026 hasta 05\/05\/2026 FECHA ACTIVIDAD: 14\/05\/2026 hasta 28\/05\/2026 &#x1f517; M\u00c1S INFORMACI\u00d3N E INSCRIPCI\u00d3N: https:\/\/secretariavirtual.juntadeandalucia.es\/secretariavirtual\/consultaCEP\/actividad\/269923KPF386\/<\/p>\n","protected":false},"author":16,"featured_media":0,"comment_status":"closed","ping_status":"open","sticky":false,"template":"","format":"standard","meta":{"_crdt_document":"","advanced_seo_description":"","jetpack_seo_html_title":"","jetpack_seo_noindex":false,"jetpack_post_was_ever_published":false,"_jetpack_newsletter_access":"","_jetpack_dont_email_post_to_subs":false,"_jetpack_newsletter_tier_id":0,"_jetpack_memberships_contains_paywalled_content":false,"_jetpack_memberships_contains_paid_content":false,"footnotes":"","jetpack_publicize_message":"","jetpack_publicize_feature_enabled":true,"jetpack_social_post_already_shared":true,"jetpack_social_options":{"image_generator_settings":{"template":"highway","default_image_id":0,"font":"","enabled":false},"version":2}},"categories":[5],"tags":[],"class_list":{"0":"post-9521","1":"post","2":"type-post","3":"status-publish","4":"format-standard","6":"category-noticias","7":"czr-hentry"},"jetpack_publicize_connections":[],"jetpack_featured_media_url":"","jetpack_shortlink":"https:\/\/wp.me\/p8M4X7-2tz","jetpack-related-posts":[{"id":8258,"url":"https:\/\/cepronda.com\/blog\/curso-autoevaluacion-plan-de-mejora-y-proyecto-formativo-codigo-259923kpf386\/","url_meta":{"origin":9521,"position":0},"title":"AUTOEVALUACI\u00d3N. PLAN DE MEJORA Y PROYECTO FORMATIVO","author":"Inmaculada Garc\u00eda","date":"21 febrero, 2025","format":false,"excerpt":"Abierto el plazo de inscripci\u00f3n del curso semipresencial provincial: AUTOEVALUACI\u00d3N. PLAN DE MEJORA Y PROYECTO FORMATIVO. C\u00f3digo: 259923KPF386 \u00a0 \u00b7 Inscripci\u00f3n hasta el 21 de marzo \u00b7 Aula Virtual de Formaci\u00f3n del Profesorado entre 01\/04\/25 y 20\/05\/25 \u00b7 Sesiones presenciales en el CEP de M\u00e1laga: 24\/04\/25 y 08\/05\/25 de 16:30\u2026","rel":"","context":"En \u00abFormaciones\u00bb","block_context":{"text":"Formaciones","link":"https:\/\/cepronda.com\/blog\/category\/formaciones\/"},"img":{"alt_text":"","src":"https:\/\/i0.wp.com\/cepronda.com\/blog\/wp-content\/uploads\/2025\/03\/Sin-titulo-1080-x-1350-px.jpg?fit=960%2C1200&ssl=1&resize=350%2C200","width":350,"height":200,"srcset":"https:\/\/i0.wp.com\/cepronda.com\/blog\/wp-content\/uploads\/2025\/03\/Sin-titulo-1080-x-1350-px.jpg?fit=960%2C1200&ssl=1&resize=350%2C200 1x, https:\/\/i0.wp.com\/cepronda.com\/blog\/wp-content\/uploads\/2025\/03\/Sin-titulo-1080-x-1350-px.jpg?fit=960%2C1200&ssl=1&resize=525%2C300 1.5x, https:\/\/i0.wp.com\/cepronda.com\/blog\/wp-content\/uploads\/2025\/03\/Sin-titulo-1080-x-1350-px.jpg?fit=960%2C1200&ssl=1&resize=700%2C400 2x"},"classes":[]},{"id":4730,"url":"https:\/\/cepronda.com\/blog\/plan-de-mejora-elaboracion-de-indicadores-de-autoevaluacion-y-propuestas-de-mejora\/","url_meta":{"origin":9521,"position":1},"title":"PLAN DE MEJORA: ELABORACI\u00d3N DE INDICADORES DE AUTOEVALUACI\u00d3N Y PROPUESTAS DE MEJORA.","author":"Maribel Mu\u00f1oz","date":"8 octubre, 2021","format":false,"excerpt":"Buenas tardes compa\u00f1eras y compa\u00f1eros, Os informamos que est\u00e1 abierto el plazo de inscripci\u00f3n en la actividad\u00a0 PLAN DE MEJORA: ELABORACI\u00d3N DE INDICADORES DE AUTOEVALUACI\u00d3N Y PROPUESTAS DE MEJORA con c\u00f3digo 222924GE034. La formaci\u00f3n es presencial, con un total de 5 horas . Es de \u00e1mbito CEP.\u00a0 La fechas son:\u00a0\u2026","rel":"","context":"En \u00abFormaciones\u00bb","block_context":{"text":"Formaciones","link":"https:\/\/cepronda.com\/blog\/category\/formaciones\/"},"img":{"alt_text":"","src":"https:\/\/i0.wp.com\/cepronda.com\/blog\/wp-content\/uploads\/2021\/10\/WhatsApp-Image-2021-10-08-at-12.01.11-1-1.jpeg?fit=848%2C1200&ssl=1&resize=350%2C200","width":350,"height":200,"srcset":"https:\/\/i0.wp.com\/cepronda.com\/blog\/wp-content\/uploads\/2021\/10\/WhatsApp-Image-2021-10-08-at-12.01.11-1-1.jpeg?fit=848%2C1200&ssl=1&resize=350%2C200 1x, https:\/\/i0.wp.com\/cepronda.com\/blog\/wp-content\/uploads\/2021\/10\/WhatsApp-Image-2021-10-08-at-12.01.11-1-1.jpeg?fit=848%2C1200&ssl=1&resize=525%2C300 1.5x, https:\/\/i0.wp.com\/cepronda.com\/blog\/wp-content\/uploads\/2021\/10\/WhatsApp-Image-2021-10-08-at-12.01.11-1-1.jpeg?fit=848%2C1200&ssl=1&resize=700%2C400 2x"},"classes":[]},{"id":4523,"url":"https:\/\/cepronda.com\/blog\/la-memoria-de-autoevaluacion-indicadores-de-calidad-para-la-mejora-del-centro\/","url_meta":{"origin":9521,"position":2},"title":"LA MEMORIA DE AUTOEVALUACI\u00d3N: INDICADORES DE CALIDAD PARA LA MEJORA DEL CENTRO","author":"Mar\u00eda Jos\u00e9 M\u00e1rquez","date":"10 mayo, 2021","format":false,"excerpt":"Buenas tardes compa\u00f1eras y compa\u00f1eros. Se abre el plazo de inscripci\u00f3n para la actividad LA MEMORIA DE AUTOEVALUACI\u00d3N: INDICADORES DE CALIDAD PARA LA MEJORA DEL CENTRO. C\u00f3digo : 212924GE040 Esta actividad va dirigida a los Equipos Directivos de la zona de actuaci\u00f3n del CEP de Ronda, a los miembros de\u2026","rel":"","context":"En \u00abNoticias\u00bb","block_context":{"text":"Noticias","link":"https:\/\/cepronda.com\/blog\/category\/noticias\/"},"img":{"alt_text":"indicadores","src":"https:\/\/i0.wp.com\/cepronda.com\/blog\/wp-content\/uploads\/2021\/05\/INDICADORES-EVALUACIO%CC%81N-212x300.png?resize=350%2C200","width":350,"height":200},"classes":[]},{"id":9418,"url":"https:\/\/cepronda.com\/blog\/acompanamiento-educativo-en-situacion-de-duelo\/","url_meta":{"origin":9521,"position":3},"title":"ACOMPA\u00d1AMIENTO EDUCATIVO EN SITUACI\u00d3N DE DUELO","author":"Inmaculada Garc\u00eda","date":"2 marzo, 2026","format":false,"excerpt":"Se encuentra abierto el plazo de inscripci\u00f3n para el curso regional: ACOMPA\u00d1AMIENTO EDUCATIVO EN SITUACI\u00d3N DE DUELO, con c\u00f3digo 269928CI547. Curso a Distancia de 30 horas no presenciales. Fecha inscripci\u00f3n: 24\/02\/2026 hasta 03\/03\/2026. Fecha actividad: 16\/03\/2026 hasta 28\/04\/2026. Para m\u00e1s informaci\u00f3n e inscripci\u00f3n: https:\/\/secretariavirtual.juntadeandalucia.es\/secretariavirtual\/consultaCEP\/actividad\/269928CI547\/","rel":"","context":"En \u00abFormaciones\u00bb","block_context":{"text":"Formaciones","link":"https:\/\/cepronda.com\/blog\/category\/formaciones\/"},"img":{"alt_text":"","src":"https:\/\/i0.wp.com\/cepronda.com\/blog\/wp-content\/uploads\/2026\/03\/duelo.jpg?fit=1080%2C1080&ssl=1&resize=350%2C200","width":350,"height":200,"srcset":"https:\/\/i0.wp.com\/cepronda.com\/blog\/wp-content\/uploads\/2026\/03\/duelo.jpg?fit=1080%2C1080&ssl=1&resize=350%2C200 1x, https:\/\/i0.wp.com\/cepronda.com\/blog\/wp-content\/uploads\/2026\/03\/duelo.jpg?fit=1080%2C1080&ssl=1&resize=525%2C300 1.5x, https:\/\/i0.wp.com\/cepronda.com\/blog\/wp-content\/uploads\/2026\/03\/duelo.jpg?fit=1080%2C1080&ssl=1&resize=700%2C400 2x, https:\/\/i0.wp.com\/cepronda.com\/blog\/wp-content\/uploads\/2026\/03\/duelo.jpg?fit=1080%2C1080&ssl=1&resize=1050%2C600 3x"},"classes":[]},{"id":9400,"url":"https:\/\/cepronda.com\/blog\/9400-2\/","url_meta":{"origin":9521,"position":4},"title":"GENERADOR DE SdA (CON PE y ACS) A TRAV\u00c9S DE IA (INFANTIL Y PRIMARIA)","author":"Encarni Jim\u00e9nez Rosado","date":"19 febrero, 2026","format":false,"excerpt":"Abierto plazo de inscripci\u00f3n para el curso a distancia, GENERADOR DE SdA (CON PE y ACS) A TRAV\u00c9S DE IA (INFANTIL Y PRIMARIA), con c\u00f3digo: 269923KPF582. MODALIDAD: Curso a Distancia \u00c1MBITO: Provincial FECHA INSCRIPCI\u00d3N: 19\/02\/2026 hasta 03\/03\/2026 FECHA ACTIVIDAD: 09\/03\/2026 hasta 07\/04\/2026 \ud83d\udd17 M\u00c1S INFORMACI\u00d3N E INSCRIPCI\u00d3N: https:\/\/secretariavirtual.juntadeandalucia.es\/secretariavirtual\/consultaCEP\/actividad\/269923KPF582\/ \u00a0 \u00a0\u2026","rel":"","context":"En \u00abFormaciones\u00bb","block_context":{"text":"Formaciones","link":"https:\/\/cepronda.com\/blog\/category\/formaciones\/"},"img":{"alt_text":"","src":"https:\/\/i0.wp.com\/cepronda.com\/blog\/wp-content\/uploads\/2026\/02\/pe-ia.jpg?fit=526%2C526&ssl=1&resize=350%2C200","width":350,"height":200,"srcset":"https:\/\/i0.wp.com\/cepronda.com\/blog\/wp-content\/uploads\/2026\/02\/pe-ia.jpg?fit=526%2C526&ssl=1&resize=350%2C200 1x, https:\/\/i0.wp.com\/cepronda.com\/blog\/wp-content\/uploads\/2026\/02\/pe-ia.jpg?fit=526%2C526&ssl=1&resize=525%2C300 1.5x"},"classes":[]},{"id":9120,"url":"https:\/\/cepronda.com\/blog\/comunicar-pensar-y-crear-un-recorrido-inclusivo-por-la-competencia-linguistica\/","url_meta":{"origin":9521,"position":5},"title":"COMUNICAR, PENSAR Y CREAR: UN RECORRIDO INCLUSIVO POR LA COMPETENCIA LING\u00dc\u00cdSTICA.","author":"Inmaculada Garc\u00eda","date":"10 diciembre, 2025","format":false,"excerpt":"Se encuentra abierto el plazo de inscripci\u00f3n en el curso provincial, \"COMUNICAR, PENSAR Y CREAR: UN RECORRIDO INCLUSIVO POR LA COMPETENCIA LING\u00dc\u00cdSTICA \" (Itinerario formativo provincial de apoyo y dinamizaci\u00f3n del Plan de Lectura), con c\u00f3digo: 262926GE105. Curso semipresencial de 12 horas de duraci\u00f3n. Dirigido al profesorado dentro del Itinerario\u2026","rel":"","context":"En \u00abFormaciones\u00bb","block_context":{"text":"Formaciones","link":"https:\/\/cepronda.com\/blog\/category\/formaciones\/"},"img":{"alt_text":"","src":"https:\/\/i0.wp.com\/cepronda.com\/blog\/wp-content\/uploads\/2025\/12\/WhatsApp-Image-2025-12-10-at-13.05.32.jpeg?fit=800%2C800&ssl=1&resize=350%2C200","width":350,"height":200,"srcset":"https:\/\/i0.wp.com\/cepronda.com\/blog\/wp-content\/uploads\/2025\/12\/WhatsApp-Image-2025-12-10-at-13.05.32.jpeg?fit=800%2C800&ssl=1&resize=350%2C200 1x, https:\/\/i0.wp.com\/cepronda.com\/blog\/wp-content\/uploads\/2025\/12\/WhatsApp-Image-2025-12-10-at-13.05.32.jpeg?fit=800%2C800&ssl=1&resize=525%2C300 1.5x, https:\/\/i0.wp.com\/cepronda.com\/blog\/wp-content\/uploads\/2025\/12\/WhatsApp-Image-2025-12-10-at-13.05.32.jpeg?fit=800%2C800&ssl=1&resize=700%2C400 2x"},"classes":[]}],"jetpack_sharing_enabled":true,"_links":{"self":[{"href":"https:\/\/cepronda.com\/blog\/wp-json\/wp\/v2\/posts\/9521","targetHints":{"allow":["GET"]}}],"collection":[{"href":"https:\/\/cepronda.com\/blog\/wp-json\/wp\/v2\/posts"}],"about":[{"href":"https:\/\/cepronda.com\/blog\/wp-json\/wp\/v2\/types\/post"}],"author":[{"embeddable":true,"href":"https:\/\/cepronda.com\/blog\/wp-json\/wp\/v2\/users\/16"}],"replies":[{"embeddable":true,"href":"https:\/\/cepronda.com\/blog\/wp-json\/wp\/v2\/comments?post=9521"}],"version-history":[{"count":2,"href":"https:\/\/cepronda.com\/blog\/wp-json\/wp\/v2\/posts\/9521\/revisions"}],"predecessor-version":[{"id":9523,"href":"https:\/\/cepronda.com\/blog\/wp-json\/wp\/v2\/posts\/9521\/revisions\/9523"}],"wp:attachment":[{"href":"https:\/\/cepronda.com\/blog\/wp-json\/wp\/v2\/media?parent=9521"}],"wp:term":[{"taxonomy":"category","embeddable":true,"href":"https:\/\/cepronda.com\/blog\/wp-json\/wp\/v2\/categories?post=9521"},{"taxonomy":"post_tag","embeddable":true,"href":"https:\/\/cepronda.com\/blog\/wp-json\/wp\/v2\/tags?post=9521"}],"curies":[{"name":"wp","href":"https:\/\/api.w.org\/{rel}","templated":true}]}}