{"id":9457,"date":"2026-03-12T08:33:30","date_gmt":"2026-03-12T07:33:30","guid":{"rendered":"https:\/\/cepronda.com\/blog\/?p=9457"},"modified":"2026-03-18T16:31:27","modified_gmt":"2026-03-18T15:31:27","slug":"jjjj-2","status":"publish","type":"post","link":"https:\/\/cepronda.com\/blog\/jjjj-2\/","title":{"rendered":"DID\u00c1CTICA DE LA GEOGRAF\u00cdA E HISTORIA A TRAV\u00c9S DEL PAISAJE. EL GEOPARQUE DE GRANADA UN RECURSO POR DESCUBRIR"},"content":{"rendered":"<div>Abierto el plazo de inscripci\u00f3n:\u00a0Congreso\u00a0<strong>\u00ab<\/strong><strong>DID\u00c1CTICA DE LA GEOGRAF\u00cdA E HISTORIA A TRAV\u00c9S DEL PAISAJE. EL GEOPARQUE DE GRANADA UN RECURSO POR DESCUBRIR<\/strong><strong>\u00bb\u00a0<\/strong><\/div>\n<div><\/div>\n<div>Organizado por el CEP de Baza y la Asociaci\u00f3n Hesp\u00e9rides \u00a0de car\u00e1cter internivelar<\/div>\n<div>Plazo de inscripci\u00f3n: <span dir=\"ltr\">del 24\/03 al 16 de abril de 2026<\/span><br \/>\nDesarrollo: 23, 24 y <span dir=\"ltr\">25 de abril de 2026<\/span><\/div>\n<div>M\u00e1s informaci\u00f3n e inscripci\u00f3n en el enlace:<\/div>\n<div><a href=\"https:\/\/www.juntadeandalucia.es\/educacion\/secretariavirtual\/consultaCEP\/actividad\/261814GE040\/\" target=\"_blank\" rel=\"noopener noreferrer\">https:\/\/www.juntadeandalucia.es\/educacion\/secretariavirtual\/consultaCEP\/actividad\/261814GE040\/<\/a><\/div>\n<div><\/div>\n","protected":false},"excerpt":{"rendered":"<p>Abierto el plazo de inscripci\u00f3n:\u00a0Congreso\u00a0\u00abDID\u00c1CTICA DE LA GEOGRAF\u00cdA E HISTORIA A TRAV\u00c9S DEL PAISAJE. EL GEOPARQUE DE GRANADA UN RECURSO POR DESCUBRIR\u00bb\u00a0 Organizado por el CEP de Baza y la Asociaci\u00f3n Hesp\u00e9rides \u00a0de car\u00e1cter internivelar Plazo de inscripci\u00f3n: del 24\/03 al 16 de abril de 2026 Desarrollo: 23, 24 y 25 de abril de 2026 [&hellip;]<\/p>\n","protected":false},"author":16,"featured_media":0,"comment_status":"closed","ping_status":"open","sticky":false,"template":"","format":"standard","meta":{"_crdt_document":"","advanced_seo_description":"","jetpack_seo_html_title":"","jetpack_seo_noindex":false,"jetpack_post_was_ever_published":false,"_jetpack_newsletter_access":"","_jetpack_dont_email_post_to_subs":false,"_jetpack_newsletter_tier_id":0,"_jetpack_memberships_contains_paywalled_content":false,"_jetpack_memberships_contains_paid_content":false,"footnotes":"","jetpack_publicize_message":"","jetpack_publicize_feature_enabled":true,"jetpack_social_post_already_shared":true,"jetpack_social_options":{"image_generator_settings":{"template":"highway","default_image_id":0,"font":"","enabled":false},"version":2}},"categories":[3],"tags":[],"class_list":{"0":"post-9457","1":"post","2":"type-post","3":"status-publish","4":"format-standard","6":"category-formaciones","7":"czr-hentry"},"jetpack_publicize_connections":[],"jetpack_featured_media_url":"","jetpack_shortlink":"https:\/\/wp.me\/p8M4X7-2sx","jetpack-related-posts":[{"id":9080,"url":"https:\/\/cepronda.com\/blog\/introduccion-al-jazz-y-su-didactica-para-are\/","url_meta":{"origin":9457,"position":0},"title":"INTRODUCCI\u00d3N AL JAZZ Y SU DID\u00c1CTICA PARA ARE.","author":"Inmaculada Garc\u00eda","date":"4 diciembre, 2025","format":false,"excerpt":"Se encuentra abierto el plazo de inscripci\u00f3n al curso provincial: INTRODUCCI\u00d3N AL JAZZ Y SU DID\u00c1CTICA PARA ARE, con c\u00f3digo 262922GE013. Formaci\u00f3n presencial con un aprovechamiento de 20h. Lugar de realizaci\u00f3n: CPM Manuel Carra Plazo de inscripci\u00f3n desde el 03\/12\/2025 al 11\/01\/2026. Fecha de realizaci\u00f3n de la actividad del 23\/01\/2026\u2026","rel":"","context":"En \u00abFormaciones\u00bb","block_context":{"text":"Formaciones","link":"https:\/\/cepronda.com\/blog\/category\/formaciones\/"},"img":{"alt_text":"","src":"https:\/\/i0.wp.com\/cepronda.com\/blog\/wp-content\/uploads\/2025\/12\/Introduccion-al-jazz.png?fit=1080%2C1080&ssl=1&resize=350%2C200","width":350,"height":200,"srcset":"https:\/\/i0.wp.com\/cepronda.com\/blog\/wp-content\/uploads\/2025\/12\/Introduccion-al-jazz.png?fit=1080%2C1080&ssl=1&resize=350%2C200 1x, https:\/\/i0.wp.com\/cepronda.com\/blog\/wp-content\/uploads\/2025\/12\/Introduccion-al-jazz.png?fit=1080%2C1080&ssl=1&resize=525%2C300 1.5x, https:\/\/i0.wp.com\/cepronda.com\/blog\/wp-content\/uploads\/2025\/12\/Introduccion-al-jazz.png?fit=1080%2C1080&ssl=1&resize=700%2C400 2x, https:\/\/i0.wp.com\/cepronda.com\/blog\/wp-content\/uploads\/2025\/12\/Introduccion-al-jazz.png?fit=1080%2C1080&ssl=1&resize=1050%2C600 3x"},"classes":[]},{"id":4064,"url":"https:\/\/cepronda.com\/blog\/aplicacion-didactica-de-classroom-y-herramientas-google-inicial\/","url_meta":{"origin":9457,"position":1},"title":"APLICACI\u00d3N DID\u00c1CTICA DE CLASSROOM Y HERRAMIENTAS GOOGLE. INICIAL.","author":"Inmaculada Garc\u00eda","date":"18 diciembre, 2020","format":false,"excerpt":"Hola compa\u00f1eros y compa\u00f1eras, os informamos que se ha abierto el plazo de inscripci\u00f3n en la actividad formativa a distancia APLICACI\u00d3N DID\u00c1CTICA DE CLASSROOM Y HERRAMIENTAS GOOGLE. INICIAL.\u00a0 Esperamos que sea de vuestro inter\u00e9s. ENTRA EN ESTE ENLACE PARA REALIZAR TU INSCRIPCI\u00d3N. \u00a0","rel":"","context":"En \u00abNoticias\u00bb","block_context":{"text":"Noticias","link":"https:\/\/cepronda.com\/blog\/category\/noticias\/"},"img":{"alt_text":"","src":"https:\/\/i0.wp.com\/cepronda.com\/blog\/wp-content\/uploads\/2020\/12\/APLICACION-DIDACTICA-DE-CLASSROOM-Y-HERRAMIENTASDE-GOOGLE.-INICIAL.jpg?fit=848%2C1200&ssl=1&resize=350%2C200","width":350,"height":200,"srcset":"https:\/\/i0.wp.com\/cepronda.com\/blog\/wp-content\/uploads\/2020\/12\/APLICACION-DIDACTICA-DE-CLASSROOM-Y-HERRAMIENTASDE-GOOGLE.-INICIAL.jpg?fit=848%2C1200&ssl=1&resize=350%2C200 1x, https:\/\/i0.wp.com\/cepronda.com\/blog\/wp-content\/uploads\/2020\/12\/APLICACION-DIDACTICA-DE-CLASSROOM-Y-HERRAMIENTASDE-GOOGLE.-INICIAL.jpg?fit=848%2C1200&ssl=1&resize=525%2C300 1.5x, https:\/\/i0.wp.com\/cepronda.com\/blog\/wp-content\/uploads\/2020\/12\/APLICACION-DIDACTICA-DE-CLASSROOM-Y-HERRAMIENTASDE-GOOGLE.-INICIAL.jpg?fit=848%2C1200&ssl=1&resize=700%2C400 2x"},"classes":[]},{"id":4069,"url":"https:\/\/cepronda.com\/blog\/aplicacion-didactica-de-classroom-y-herramientas-google-avanzado\/","url_meta":{"origin":9457,"position":2},"title":"APLICACI\u00d3N DID\u00c1CTICA DE CLASSROOM Y HERRAMIENTAS GOOGLE. AVANZADO.\u00a0","author":"Inmaculada Garc\u00eda","date":"18 diciembre, 2020","format":false,"excerpt":"Hola compa\u00f1eros y compa\u00f1eras, os informamos que se ha abierto el plazo de inscripci\u00f3n en la actividad formativa a distancia APLICACI\u00d3N DID\u00c1CTICA DE CLASSROOM Y HERRAMIENTAS GOOGLE. AVANZADO.\u00a0 Esperamos que sea de vuestro inter\u00e9s. ENTRA EN ESTE ENLACE PARA REALIZAR TU INSCRIPCI\u00d3N.","rel":"","context":"En \u00abNoticias\u00bb","block_context":{"text":"Noticias","link":"https:\/\/cepronda.com\/blog\/category\/noticias\/"},"img":{"alt_text":"","src":"https:\/\/i0.wp.com\/cepronda.com\/blog\/wp-content\/uploads\/2020\/12\/20210111-Aplicacion-didactica-google-avanzado.jpg?fit=848%2C1200&ssl=1&resize=350%2C200","width":350,"height":200,"srcset":"https:\/\/i0.wp.com\/cepronda.com\/blog\/wp-content\/uploads\/2020\/12\/20210111-Aplicacion-didactica-google-avanzado.jpg?fit=848%2C1200&ssl=1&resize=350%2C200 1x, https:\/\/i0.wp.com\/cepronda.com\/blog\/wp-content\/uploads\/2020\/12\/20210111-Aplicacion-didactica-google-avanzado.jpg?fit=848%2C1200&ssl=1&resize=525%2C300 1.5x, https:\/\/i0.wp.com\/cepronda.com\/blog\/wp-content\/uploads\/2020\/12\/20210111-Aplicacion-didactica-google-avanzado.jpg?fit=848%2C1200&ssl=1&resize=700%2C400 2x"},"classes":[]},{"id":4087,"url":"https:\/\/cepronda.com\/blog\/aplicacion-didactica-de-classroom-y-herramientas-google-avanzado-2\/","url_meta":{"origin":9457,"position":3},"title":"APLICACI\u00d3N DID\u00c1CTICA DE CLASSROOM Y HERRAMIENTAS GOOGLE. AVANZADO.\u00a0","author":"V\u00edctor Caballero","date":"7 enero, 2021","format":false,"excerpt":"Muy buenas, compa\u00f1eros y compa\u00f1eras. Primero desearos Feliz a\u00f1o y que hay\u00e1is descansado en vuestras merecidas vacaciones. Recordaros que el\u00a0plazo de inscripci\u00f3n para participar en la actividad formativa \" APLICACI\u00d3N DID\u00c1CTICA DE CLASSROOM Y HERRAMIENTAS DE GOOGLE. AVANZADO\", finaliza el lunes 11 de enero. Fecha actividad:\u00a022\/01\/2021 hasta 19\/03\/2021 Fecha inscripci\u00f3n:\u00a0\u2026","rel":"","context":"En \u00abFormaciones\u00bb","block_context":{"text":"Formaciones","link":"https:\/\/cepronda.com\/blog\/category\/formaciones\/"},"img":{"alt_text":"","src":"https:\/\/i0.wp.com\/cepronda.com\/blog\/wp-content\/uploads\/2020\/12\/20210111-Aplicacion-didactica-google-avanzado.jpg?fit=848%2C1200&ssl=1&resize=350%2C200","width":350,"height":200,"srcset":"https:\/\/i0.wp.com\/cepronda.com\/blog\/wp-content\/uploads\/2020\/12\/20210111-Aplicacion-didactica-google-avanzado.jpg?fit=848%2C1200&ssl=1&resize=350%2C200 1x, https:\/\/i0.wp.com\/cepronda.com\/blog\/wp-content\/uploads\/2020\/12\/20210111-Aplicacion-didactica-google-avanzado.jpg?fit=848%2C1200&ssl=1&resize=525%2C300 1.5x, https:\/\/i0.wp.com\/cepronda.com\/blog\/wp-content\/uploads\/2020\/12\/20210111-Aplicacion-didactica-google-avanzado.jpg?fit=848%2C1200&ssl=1&resize=700%2C400 2x"},"classes":[]},{"id":4238,"url":"https:\/\/cepronda.com\/blog\/programacion-didactica-la-evaluacion-en-fp-iv\/","url_meta":{"origin":9457,"position":4},"title":"PROGRAMACI\u00d3N DID\u00c1CTICA: LA EVALUACI\u00d3N EN FP (IV)","author":"Maribel Mu\u00f1oz","date":"4 marzo, 2021","format":false,"excerpt":"Buenas tardes compa\u00f1eras y compa\u00f1eros, Os informamos que est\u00e1 abiero el plazo de inscripci\u00f3n de la formaci\u00f3n PROGRAMACI\u00d3N DID\u00c1CTICA: LA EVALUACI\u00d3N EN FP (IV)\u00a0 211107FP013\u00a0 desde el martes 2 de marzo a las 10:00 hasta el 12\/03\/2021. La inscripci\u00f3n se cerrar\u00e1 cuando se llegue a las 315 solicitudes, aunque sea\u2026","rel":"","context":"En \u00abFormaciones\u00bb","block_context":{"text":"Formaciones","link":"https:\/\/cepronda.com\/blog\/category\/formaciones\/"},"img":{"alt_text":"","src":"https:\/\/i0.wp.com\/cepronda.com\/blog\/wp-content\/uploads\/2020\/09\/Logo-progamas-de-formacion-oficial.jpg?resize=350%2C200","width":350,"height":200},"classes":[]},{"id":4816,"url":"https:\/\/cepronda.com\/blog\/aplicacion-didactica-de-classroom-y-herramientas-de-google-inicial\/","url_meta":{"origin":9457,"position":5},"title":"APLICACI\u00d3N DID\u00c1CTICA DE CLASSROOM Y HERRAMIENTAS DE GOOGLE. INICIAL","author":"Inmaculada Garc\u00eda","date":"25 octubre, 2021","format":false,"excerpt":"Buenas d\u00edas, compa\u00f1eras y compa\u00f1eros. Os informamos que est\u00e1 abierto el plazo de inscripci\u00f3n en la actividad\u00a0 \u00abAPLICACI\u00d3N DID\u00c1CTICA DE CLASSROOM Y HERRAMIENTAS DE GOOGLE. INICIAL\u00bb con c\u00f3digo 222924GE038. Es una actividad del \u00e1mbito CEP de Ronda.\u00a0 Se desarrollar\u00e1 en el Aula Virtual de Formaci\u00f3n del Profesorado. Las fechas de\u2026","rel":"","context":"En \u00abFormaciones\u00bb","block_context":{"text":"Formaciones","link":"https:\/\/cepronda.com\/blog\/category\/formaciones\/"},"img":{"alt_text":"","src":"https:\/\/i0.wp.com\/cepronda.com\/blog\/wp-content\/uploads\/2021\/10\/222924GE038-APLICACION-DIDACTICA-DE-CLASSROOM-Y-HERRAMIENTAS-DE-GOOGLE-INICIAL-212x300.png?resize=350%2C200","width":350,"height":200},"classes":[]}],"jetpack_sharing_enabled":true,"_links":{"self":[{"href":"https:\/\/cepronda.com\/blog\/wp-json\/wp\/v2\/posts\/9457","targetHints":{"allow":["GET"]}}],"collection":[{"href":"https:\/\/cepronda.com\/blog\/wp-json\/wp\/v2\/posts"}],"about":[{"href":"https:\/\/cepronda.com\/blog\/wp-json\/wp\/v2\/types\/post"}],"author":[{"embeddable":true,"href":"https:\/\/cepronda.com\/blog\/wp-json\/wp\/v2\/users\/16"}],"replies":[{"embeddable":true,"href":"https:\/\/cepronda.com\/blog\/wp-json\/wp\/v2\/comments?post=9457"}],"version-history":[{"count":2,"href":"https:\/\/cepronda.com\/blog\/wp-json\/wp\/v2\/posts\/9457\/revisions"}],"predecessor-version":[{"id":9459,"href":"https:\/\/cepronda.com\/blog\/wp-json\/wp\/v2\/posts\/9457\/revisions\/9459"}],"wp:attachment":[{"href":"https:\/\/cepronda.com\/blog\/wp-json\/wp\/v2\/media?parent=9457"}],"wp:term":[{"taxonomy":"category","embeddable":true,"href":"https:\/\/cepronda.com\/blog\/wp-json\/wp\/v2\/categories?post=9457"},{"taxonomy":"post_tag","embeddable":true,"href":"https:\/\/cepronda.com\/blog\/wp-json\/wp\/v2\/tags?post=9457"}],"curies":[{"name":"wp","href":"https:\/\/api.w.org\/{rel}","templated":true}]}}