{"id":9454,"date":"2026-03-12T08:31:15","date_gmt":"2026-03-12T07:31:15","guid":{"rendered":"https:\/\/cepronda.com\/blog\/?p=9454"},"modified":"2026-03-18T16:31:38","modified_gmt":"2026-03-18T15:31:38","slug":"jjjj","status":"publish","type":"post","link":"https:\/\/cepronda.com\/blog\/jjjj\/","title":{"rendered":"BBPP PARA EL FOMENTO DE LA ORALIDAD EN EL AULA BILING\u00dcE EN SECUNDARIA Y BACHILLERATO"},"content":{"rendered":"<p><span style=\"font-family: Verdana, sans-serif\">Abierta inscripci\u00f3n de la Actividad Formativa: \u00ab<\/span><span style=\"font-family: Verdana, sans-serif\"><b>BBPP PARA EL FOMENTO DE LA ORALIDAD EN EL AULA BILING\u00dcE EN SECUNDARIA Y BACCHILLERATO<\/b><\/span><span style=\"font-family: Verdana, sans-serif\">\u00ab<\/span><\/p>\n<p><span style=\"font-family: Verdana, sans-serif\">Curso enfocado a facilitar a los docentes las herramientas necesarias para dominar la oralidad en el enfoque AICLE (Aprendizaje Integrado de contenidos y Lenguas Extranjeras). A trav\u00e9s de buenas pr\u00e1cticas metodol\u00f3gicas que muestran c\u00f3mo trabajar la oralidad en el aula biling\u00fce, se pretende alcanzar una educaci\u00f3n biling\u00fce integral.<\/span><\/p>\n<p><span style=\"font-family: Verdana, sans-serif\"><b>Curso semipresencial, de \u00e1mbito regional.<\/b><\/span><\/p>\n<p><span style=\"font-family: Verdana, sans-serif\"><b>30<\/b><\/span><span style=\"font-family: Verdana, sans-serif\"> horas<\/span><\/p>\n<p><span style=\"font-family: Verdana, sans-serif\"><b>Plazo de Inscripci\u00f3n:<\/b><\/span><\/p>\n<p><span style=\"font-family: Verdana, sans-serif\">desde 3 de marzo de 2026<\/span><\/p>\n<p><span style=\"font-family: Verdana, sans-serif\"><span dir=\"ltr\">hasta el 18 de marzo a las 9 horas<\/span><\/span><\/p>\n<p><span style=\"font-family: Verdana, sans-serif\"><b>Fecha inicio y fecha fin: <\/b><\/span><\/p>\n<p><span style=\"font-family: Verdana, sans-serif\">desde <span dir=\"ltr\">25 de marzo a las 9 horas<\/span><\/span><\/p>\n<p><span style=\"font-family: Verdana, sans-serif\"><span dir=\"ltr\">hasta el 25 de mayo<\/span><\/span><\/p>\n<p><span style=\"font-family: Verdana, sans-serif\"><b>Enlace a la inscripci\u00f3n: <\/b><\/span><\/p>\n<p><b>http:\/\/ <\/b><span style=\"color: #0000ff\"><u><a href=\"https:\/\/www.juntadeandalucia.e\/#sent\/_blank\" target=\"_blank\" rel=\"noopener noreferrer\"><span style=\"color: #1155cc\"><span style=\"font-size: small\"><br \/>\nhttps:\/\/www.juntadeandalucia.e<\/span><\/span><\/a><\/u><\/span><span style=\"color: #1155cc\"><span style=\"font-size: small\"><u>s\/educacion\/secretariavirtual\/consultaCEP\/actividad\/269915KPI593\/<\/u><\/span><\/span><\/p>\n","protected":false},"excerpt":{"rendered":"<p>Abierta inscripci\u00f3n de la Actividad Formativa: \u00abBBPP PARA EL FOMENTO DE LA ORALIDAD EN EL AULA BILING\u00dcE EN SECUNDARIA Y BACCHILLERATO\u00ab Curso enfocado a facilitar a los docentes las herramientas necesarias para dominar la oralidad en el enfoque AICLE (Aprendizaje Integrado de contenidos y Lenguas Extranjeras). A trav\u00e9s de buenas pr\u00e1cticas metodol\u00f3gicas que muestran c\u00f3mo [&hellip;]<\/p>\n","protected":false},"author":16,"featured_media":0,"comment_status":"closed","ping_status":"open","sticky":false,"template":"","format":"standard","meta":{"_crdt_document":"","advanced_seo_description":"","jetpack_seo_html_title":"","jetpack_seo_noindex":false,"jetpack_post_was_ever_published":false,"_jetpack_newsletter_access":"","_jetpack_dont_email_post_to_subs":false,"_jetpack_newsletter_tier_id":0,"_jetpack_memberships_contains_paywalled_content":false,"_jetpack_memberships_contains_paid_content":false,"footnotes":"","jetpack_publicize_message":"","jetpack_publicize_feature_enabled":true,"jetpack_social_post_already_shared":true,"jetpack_social_options":{"image_generator_settings":{"template":"highway","default_image_id":0,"font":"","enabled":false},"version":2}},"categories":[3],"tags":[],"class_list":{"0":"post-9454","1":"post","2":"type-post","3":"status-publish","4":"format-standard","6":"category-formaciones","7":"czr-hentry"},"jetpack_publicize_connections":[],"jetpack_featured_media_url":"","jetpack_shortlink":"https:\/\/wp.me\/s8M4X7-jjjj","jetpack-related-posts":[{"id":5529,"url":"https:\/\/cepronda.com\/blog\/oralidad-en-el-aula-recursos-y-estrategias\/","url_meta":{"origin":9454,"position":0},"title":"ORALIDAD EN EL AULA. RECURSOS Y ESTRATEGIAS","author":"Maribel Mu\u00f1oz","date":"13 octubre, 2022","format":false,"excerpt":"Buenos d\u00edas compa\u00f1eras y compa\u00f1eros, Os\u00a0 informamos que est\u00e1 abierto el plazo de inscripci\u00f3n en el curso ORALIDAD EN EL AULA. RECURSOS Y ESTRATEGIAS con c\u00f3digo 232924GE15. Fechas de inscripci\u00f3n : del 11\/10\/2022 al 27\/10\/2022 Fecha de inicio: 02\/11\/2022 Fecha finalizaci\u00f3n: 30\/11\/2022 Horas: 12\u00a0 ( 10h de videoconferencias y 2\u2026","rel":"","context":"En \u00abFormaciones\u00bb","block_context":{"text":"Formaciones","link":"https:\/\/cepronda.com\/blog\/category\/formaciones\/"},"img":{"alt_text":"","src":"https:\/\/i0.wp.com\/cepronda.com\/blog\/wp-content\/uploads\/2022\/10\/WhatsApp-Image-2022-10-13-at-09.57.49.jpeg?fit=848%2C1200&ssl=1&resize=350%2C200","width":350,"height":200,"srcset":"https:\/\/i0.wp.com\/cepronda.com\/blog\/wp-content\/uploads\/2022\/10\/WhatsApp-Image-2022-10-13-at-09.57.49.jpeg?fit=848%2C1200&ssl=1&resize=350%2C200 1x, https:\/\/i0.wp.com\/cepronda.com\/blog\/wp-content\/uploads\/2022\/10\/WhatsApp-Image-2022-10-13-at-09.57.49.jpeg?fit=848%2C1200&ssl=1&resize=525%2C300 1.5x, https:\/\/i0.wp.com\/cepronda.com\/blog\/wp-content\/uploads\/2022\/10\/WhatsApp-Image-2022-10-13-at-09.57.49.jpeg?fit=848%2C1200&ssl=1&resize=700%2C400 2x"},"classes":[]},{"id":4771,"url":"https:\/\/cepronda.com\/blog\/herramientas-y-estrategias-para-trabajar-la-oralidad-en-el-aula\/","url_meta":{"origin":9454,"position":1},"title":"HERRAMIENTAS Y ESTRATEGIAS PARA TRABAJAR LA ORALIDAD EN EL AULA.","author":"Maribel Mu\u00f1oz","date":"15 octubre, 2021","format":false,"excerpt":"Buenas tardes compa\u00f1eras y compa\u00f1eros, Os informamos que est\u00e1 abierto el plazo de inscripci\u00f3n en la actividad HERRAMIENTAS Y ESTRATEGIAS PARA TRABAJAR LA ORALIDAD EN EL AULA con c\u00f3digo 222924GE020. La formaci\u00f3n es presencial, con un total de 10 horas. Es de \u00e1mbito CEP y de car\u00e1cter internivelar.\u00a0 La fechas\u2026","rel":"","context":"En \u00abFormaciones\u00bb","block_context":{"text":"Formaciones","link":"https:\/\/cepronda.com\/blog\/category\/formaciones\/"},"img":{"alt_text":"","src":"https:\/\/i0.wp.com\/cepronda.com\/blog\/wp-content\/uploads\/2021\/10\/222924GE020-HERRAMIENTAS-Y-ESTRATEGIAS.-ORALIDAD-212x300.png?resize=350%2C200","width":350,"height":200},"classes":[]},{"id":5131,"url":"https:\/\/cepronda.com\/blog\/oralidad-ludica-en-primaria-y-primer-ciclo-de-secundaria-los-juegos-del-habla\/","url_meta":{"origin":9454,"position":2},"title":"ORALIDAD L\u00daDICA EN PRIMARIA Y PRIMER CICLO DE SECUNDARIA. LOS JUEGOS DEL HABLA","author":"Maribel Mu\u00f1oz","date":"18 febrero, 2022","format":false,"excerpt":"Buenas tardes compa\u00f1eras y compa\u00f1eros Os informamos que est\u00e1 abierto el plazo de\u00a0 inscripci\u00f3n de la actividad formativa provincial ORALIDAD L\u00daDICA EN PRIMARIA Y PRIMER CICLO DE SECUNDARIA. LOS JUEGOS DEL HABLA \ud83c\udfaf Curso dirigido a profesorado cualquier \u00e1rea de Educaci\u00f3n Primaria y Educaci\u00f3n Secundaria Obligatoria de la provincia de\u2026","rel":"","context":"En \u00abFormaciones\u00bb","block_context":{"text":"Formaciones","link":"https:\/\/cepronda.com\/blog\/category\/formaciones\/"},"img":{"alt_text":"","src":"https:\/\/i0.wp.com\/cepronda.com\/blog\/wp-content\/uploads\/2022\/02\/WhatsApp-Image-2022-02-18-at-13.31.35.jpeg?fit=1001%2C1001&ssl=1&resize=350%2C200","width":350,"height":200,"srcset":"https:\/\/i0.wp.com\/cepronda.com\/blog\/wp-content\/uploads\/2022\/02\/WhatsApp-Image-2022-02-18-at-13.31.35.jpeg?fit=1001%2C1001&ssl=1&resize=350%2C200 1x, https:\/\/i0.wp.com\/cepronda.com\/blog\/wp-content\/uploads\/2022\/02\/WhatsApp-Image-2022-02-18-at-13.31.35.jpeg?fit=1001%2C1001&ssl=1&resize=525%2C300 1.5x, https:\/\/i0.wp.com\/cepronda.com\/blog\/wp-content\/uploads\/2022\/02\/WhatsApp-Image-2022-02-18-at-13.31.35.jpeg?fit=1001%2C1001&ssl=1&resize=700%2C400 2x"},"classes":[]},{"id":3915,"url":"https:\/\/cepronda.com\/blog\/auxiliar-de-conversacion-aula-bilingue\/","url_meta":{"origin":9454,"position":3},"title":"AUXILIAR DE CONVERSACI\u00d3N.AULA BILING\u00dcE","author":"Maribel Mu\u00f1oz","date":"19 octubre, 2020","format":false,"excerpt":"Buenas tardes compa\u00f1eras y compa\u00f1eros, Os informamos que est\u00e1 abierto el plazo de inscripci\u00f3n de la formaci\u00f3n \"EL AUXILIAR DE CONVERSACI\u00d3N EN EL AULA BILING\u00dcE\" con c\u00f3digo 219922KPI001. Las fechas son las siguientes: Fecha actividad: 03\/11\/2020 hasta 04\/12\/2020 Fecha inscripci\u00f3n: 15\/10\/2020 hasta 28\/10\/2020 ENLACE DIRECTO A LA FICHA EN S\u00c9NECA\u2026","rel":"","context":"En \u00abNoticias\u00bb","block_context":{"text":"Noticias","link":"https:\/\/cepronda.com\/blog\/category\/noticias\/"},"img":{"alt_text":"","src":"https:\/\/i0.wp.com\/cepronda.com\/blog\/wp-content\/uploads\/2020\/09\/Logo-progamas-de-formacion-oficial.jpg?resize=350%2C200","width":350,"height":200},"classes":[]},{"id":9148,"url":"https:\/\/cepronda.com\/blog\/liderazgo-efectivo-para-el-exito-de-la-ensenanza-bilingue\/","url_meta":{"origin":9454,"position":4},"title":"LIDERAZGO EFECTIVO PARA EL \u00c9XITO DE LA ENSE\u00d1ANZA BILING\u00dcE","author":"Inmaculada Garc\u00eda","date":"18 diciembre, 2025","format":false,"excerpt":"Se encuentra abierto el plazo de inscripci\u00f3n para la formaci\u00f3n semipresencial: \"LIDERAZGO EFECTIVO PARA EL \u00c9XITO DE LA ENSE\u00d1ANZA BILING\u00dcE\" . C\u00f3digo: 269903QPI442 Curso semipresencial de 30 horas: 10 horas presenciales (5 videoconferencias) 20 horas no presenciales \u00c1mbito: Regional Fechas: 20 de enero al 23 de marzo. M\u00e1s informaci\u00f3n e\u2026","rel":"","context":"En \u00abFormaciones\u00bb","block_context":{"text":"Formaciones","link":"https:\/\/cepronda.com\/blog\/category\/formaciones\/"},"img":{"alt_text":"","src":"https:\/\/i0.wp.com\/cepronda.com\/blog\/wp-content\/uploads\/2025\/12\/Copia-de-Copia-de-IG.-DIFUSION-CURSOS.-HAZ-UNA-COPIA.png?fit=1080%2C1080&ssl=1&resize=350%2C200","width":350,"height":200,"srcset":"https:\/\/i0.wp.com\/cepronda.com\/blog\/wp-content\/uploads\/2025\/12\/Copia-de-Copia-de-IG.-DIFUSION-CURSOS.-HAZ-UNA-COPIA.png?fit=1080%2C1080&ssl=1&resize=350%2C200 1x, https:\/\/i0.wp.com\/cepronda.com\/blog\/wp-content\/uploads\/2025\/12\/Copia-de-Copia-de-IG.-DIFUSION-CURSOS.-HAZ-UNA-COPIA.png?fit=1080%2C1080&ssl=1&resize=525%2C300 1.5x, https:\/\/i0.wp.com\/cepronda.com\/blog\/wp-content\/uploads\/2025\/12\/Copia-de-Copia-de-IG.-DIFUSION-CURSOS.-HAZ-UNA-COPIA.png?fit=1080%2C1080&ssl=1&resize=700%2C400 2x, https:\/\/i0.wp.com\/cepronda.com\/blog\/wp-content\/uploads\/2025\/12\/Copia-de-Copia-de-IG.-DIFUSION-CURSOS.-HAZ-UNA-COPIA.png?fit=1080%2C1080&ssl=1&resize=1050%2C600 3x"},"classes":[]},{"id":8933,"url":"https:\/\/cepronda.com\/blog\/liderazgo-efectivo-para-el-exito-de-la-ensenanza-bilingue-269919kpi442\/","url_meta":{"origin":9454,"position":5},"title":"LIDERAZGO EFECTIVO PARA EL \u00c9XITO DE LA ENSE\u00d1ANZA BILING\u00dcE","author":"Inmaculada Garc\u00eda","date":"14 octubre, 2025","format":false,"excerpt":"Hasta el d\u00eda 20 de octubre, se encuentra abierto el plazo de solicitudes del curso regional: \"LIDERAZGO EFECTIVO PARA EL \u00c9XITO DE LA ENSE\u00d1ANZA BILING\u00dcE\", con c\u00f3digo 269919KPI442. Curso semipresencial: 30 horas: 10 presenciales, a trav\u00e9s de cinco sesiones de videoconferencia, y 20 no presenciales. \u00c1mbito: Regional. Fecha inscripci\u00f3n: 09\/10\/2025\u2026","rel":"","context":"En \u00abFormaciones\u00bb","block_context":{"text":"Formaciones","link":"https:\/\/cepronda.com\/blog\/category\/formaciones\/"},"img":{"alt_text":"","src":"https:\/\/i0.wp.com\/cepronda.com\/blog\/wp-content\/uploads\/2025\/10\/centros-bilingues.png?fit=662%2C660&ssl=1&resize=350%2C200","width":350,"height":200,"srcset":"https:\/\/i0.wp.com\/cepronda.com\/blog\/wp-content\/uploads\/2025\/10\/centros-bilingues.png?fit=662%2C660&ssl=1&resize=350%2C200 1x, https:\/\/i0.wp.com\/cepronda.com\/blog\/wp-content\/uploads\/2025\/10\/centros-bilingues.png?fit=662%2C660&ssl=1&resize=525%2C300 1.5x"},"classes":[]}],"jetpack_sharing_enabled":true,"_links":{"self":[{"href":"https:\/\/cepronda.com\/blog\/wp-json\/wp\/v2\/posts\/9454","targetHints":{"allow":["GET"]}}],"collection":[{"href":"https:\/\/cepronda.com\/blog\/wp-json\/wp\/v2\/posts"}],"about":[{"href":"https:\/\/cepronda.com\/blog\/wp-json\/wp\/v2\/types\/post"}],"author":[{"embeddable":true,"href":"https:\/\/cepronda.com\/blog\/wp-json\/wp\/v2\/users\/16"}],"replies":[{"embeddable":true,"href":"https:\/\/cepronda.com\/blog\/wp-json\/wp\/v2\/comments?post=9454"}],"version-history":[{"count":3,"href":"https:\/\/cepronda.com\/blog\/wp-json\/wp\/v2\/posts\/9454\/revisions"}],"predecessor-version":[{"id":9478,"href":"https:\/\/cepronda.com\/blog\/wp-json\/wp\/v2\/posts\/9454\/revisions\/9478"}],"wp:attachment":[{"href":"https:\/\/cepronda.com\/blog\/wp-json\/wp\/v2\/media?parent=9454"}],"wp:term":[{"taxonomy":"category","embeddable":true,"href":"https:\/\/cepronda.com\/blog\/wp-json\/wp\/v2\/categories?post=9454"},{"taxonomy":"post_tag","embeddable":true,"href":"https:\/\/cepronda.com\/blog\/wp-json\/wp\/v2\/tags?post=9454"}],"curies":[{"name":"wp","href":"https:\/\/api.w.org\/{rel}","templated":true}]}}