{"id":9411,"date":"2026-02-19T17:44:44","date_gmt":"2026-02-19T16:44:44","guid":{"rendered":"https:\/\/cepronda.com\/blog\/?p=9411"},"modified":"2026-02-19T17:51:33","modified_gmt":"2026-02-19T16:51:33","slug":"academia-gemini-para-educadores-2","status":"publish","type":"post","link":"https:\/\/cepronda.com\/blog\/academia-gemini-para-educadores-2\/","title":{"rendered":"ACADEMIA GEMINI PARA EDUCADORES\/AS"},"content":{"rendered":"<div class=\"\" data-block=\"true\" data-editor=\"dndcv\" data-offset-key=\"37lg6-0-0\">\n<div class=\"_1mf _1mj\" data-offset-key=\"37lg6-0-0\">\n<p>Se encuentra abierto el plazo de inscripci\u00f3n en el curso provincial, <strong>\u00abACADEMIA GEMINI PARA EDUCADORES\/AS\u00bb<\/strong>, con los siguientes c\u00f3digos:<\/p>\n<ul>\n<li>E. INFANTIL: 269926QPF584<\/li>\n<li>E. PRIMARIA Y CEPER: 269925QPF585<\/li>\n<li>ESO, BACHILLERATO, FP Y ERE: 269924QPF586<\/li>\n<li>E. DIRECTIVOS: 269922QPF587<\/li>\n<\/ul>\n<p><strong>Inscripciones:<\/strong> del 19 de febrero al 3 de marzo de 2026.<\/p>\n<p><strong>Publicaci\u00f3n del listado de admisi\u00f3n provisional: <\/strong>\u00a0jueves 5\/03\/2026.<\/p>\n<p><strong>Publicaci\u00f3n del listado de admisi\u00f3n definitiva:<\/strong> viernes 6\/03\/2026.<\/p>\n<p><strong>Inicio del curso:<\/strong> Lunes 9\/03\/2026<\/p>\n<p><strong>Fin del curso de formaci\u00f3n:<\/strong> Martes 7\/04\/2026<\/p>\n<p><strong>Lugar:<\/strong> AVPF (actividades online obligatorias + videoconferencia no ser\u00e1 obligatoria)<\/p>\n<p><strong>Videoconferencias:\u00a0<\/strong><\/p>\n<p><u>Se dar\u00e1n a conocer en el AVFP<\/u><\/p>\n<p>&#xfe0f;<strong>Total curso:\u00a010\u00a0horas<\/strong><\/p>\n<\/div>\n<\/div>\n<div class=\"\" data-block=\"true\" data-editor=\"dndcv\" data-offset-key=\"37lg6-0-0\">\n<div class=\"_1mf _1mj\" data-offset-key=\"37lg6-0-0\">\n<div class=\"\" data-block=\"true\" data-editor=\"dndcv\" data-offset-key=\"esifd-0-0\">\n<div class=\"_1mf _1mj\" data-offset-key=\"esifd-0-0\"><span data-offset-key=\"esifd-0-0\"><strong>INSCRIPCIONES Y DETALLES:\u00a0<\/strong><\/span><\/div>\n<div data-offset-key=\"esifd-0-0\">\n<ul>\n<li>E. INFANTIL: 269926QPF584 &gt; <a href=\"https:\/\/www.juntadeandalucia.es\/educacion\/secretariavirtual\/consultaCEP\/actividad\/269926QPF584\/\">https:\/\/www.juntadeandalucia.es\/educacion\/secretariavirtual\/consultaCEP\/actividad\/269926QPF584\/<\/a><\/li>\n<li>E. PRIMARIA Y CEPER: 269925QPF585 &gt; <a href=\"https:\/\/www.juntadeandalucia.es\/educacion\/secretariavirtual\/consultaCEP\/actividad\/269925QPF585\/\">https:\/\/www.juntadeandalucia.es\/educacion\/secretariavirtual\/consultaCEP\/actividad\/269925QPF585\/<\/a><\/li>\n<li>ESO, BACHILLERATO, FP Y ERE: 269924QPF586 &gt;\u00a0 <a href=\"https:\/\/www.juntadeandalucia.es\/educacion\/secretariavirtual\/consultaCEP\/actividad\/269924QPF586\/\">https:\/\/www.juntadeandalucia.es\/educacion\/secretariavirtual\/consultaCEP\/actividad\/269924QPF586\/<\/a><\/li>\n<li>E. DIRECTIVOS: 269922QPF587 &gt; <a href=\"https:\/\/www.juntadeandalucia.es\/educacion\/secretariavirtual\/consultaCEP\/actividad\/269922QPF587\/\">https:\/\/www.juntadeandalucia.es\/educacion\/secretariavirtual\/consultaCEP\/actividad\/269922QPF587\/<\/a><\/li>\n<\/ul>\n<\/div>\n<\/div>\n<div data-offset-key=\"esifd-0-0\"><\/div>\n<\/div>\n<div data-offset-key=\"esifd-0-0\"><img data-recalc-dims=\"1\" loading=\"lazy\" decoding=\"async\" class=\"aligncenter wp-image-9412\" src=\"https:\/\/i0.wp.com\/cepronda.com\/blog\/wp-content\/uploads\/2026\/02\/269924QPF586-Cartel-provincial-Gemini.jpeg?resize=700%2C875&#038;ssl=1\" alt=\"\" width=\"700\" height=\"875\" srcset=\"https:\/\/i0.wp.com\/cepronda.com\/blog\/wp-content\/uploads\/2026\/02\/269924QPF586-Cartel-provincial-Gemini.jpeg?w=1024&amp;ssl=1 1024w, https:\/\/i0.wp.com\/cepronda.com\/blog\/wp-content\/uploads\/2026\/02\/269924QPF586-Cartel-provincial-Gemini.jpeg?resize=240%2C300&amp;ssl=1 240w, https:\/\/i0.wp.com\/cepronda.com\/blog\/wp-content\/uploads\/2026\/02\/269924QPF586-Cartel-provincial-Gemini.jpeg?resize=819%2C1024&amp;ssl=1 819w, https:\/\/i0.wp.com\/cepronda.com\/blog\/wp-content\/uploads\/2026\/02\/269924QPF586-Cartel-provincial-Gemini.jpeg?resize=768%2C960&amp;ssl=1 768w\" sizes=\"auto, (max-width: 700px) 100vw, 700px\" \/><\/div>\n<\/div>\n","protected":false},"excerpt":{"rendered":"<p>Se encuentra abierto el plazo de inscripci\u00f3n en el curso provincial, \u00abACADEMIA GEMINI PARA EDUCADORES\/AS\u00bb, con los siguientes c\u00f3digos: E. INFANTIL: 269926QPF584 E. PRIMARIA Y CEPER: 269925QPF585 ESO, BACHILLERATO, FP Y ERE: 269924QPF586 E. DIRECTIVOS: 269922QPF587 Inscripciones: del 19 de febrero al 3 de marzo de 2026. Publicaci\u00f3n del listado de admisi\u00f3n provisional: \u00a0jueves 5\/03\/2026. [&hellip;]<\/p>\n","protected":false},"author":3,"featured_media":9412,"comment_status":"closed","ping_status":"open","sticky":false,"template":"","format":"standard","meta":{"_crdt_document":"","advanced_seo_description":"","jetpack_seo_html_title":"","jetpack_seo_noindex":false,"jetpack_post_was_ever_published":false,"_jetpack_newsletter_access":"","_jetpack_dont_email_post_to_subs":false,"_jetpack_newsletter_tier_id":0,"_jetpack_memberships_contains_paywalled_content":false,"_jetpack_memberships_contains_paid_content":false,"footnotes":"","jetpack_publicize_message":"","jetpack_publicize_feature_enabled":true,"jetpack_social_post_already_shared":true,"jetpack_social_options":{"image_generator_settings":{"template":"highway","default_image_id":0,"font":"","enabled":false},"version":2}},"categories":[3],"tags":[171,222],"class_list":{"0":"post-9411","1":"post","2":"type-post","3":"status-publish","4":"format-standard","5":"has-post-thumbnail","7":"category-formaciones","8":"tag-coeducacion","9":"tag-internivelar","10":"czr-hentry"},"jetpack_publicize_connections":[],"jetpack_featured_media_url":"https:\/\/i0.wp.com\/cepronda.com\/blog\/wp-content\/uploads\/2026\/02\/269924QPF586-Cartel-provincial-Gemini.jpeg?fit=1024%2C1280&ssl=1","jetpack_shortlink":"https:\/\/wp.me\/p8M4X7-2rN","jetpack-related-posts":[{"id":8973,"url":"https:\/\/cepronda.com\/blog\/academia-gemini-para-educadores\/","url_meta":{"origin":9411,"position":0},"title":"ACADEMIA GEMINI PARA EDUCADORES","author":"V\u00edctor Caballero","date":"28 octubre, 2025","format":false,"excerpt":"Se encuentra abierto el plazo de inscripci\u00f3n en el curso provincial, \"ACADEMIA GEMINI PARA EDUCADORES\", con los siguientes c\u00f3digos: E. INFANTIL: 269926KPF584 E. PRIMARIA Y CEPER: 269925KPF585 ESO, BACHILLERATO, FP Y ERE: 269924KPF586 E. DIRECTIVOS: 269922KPF587 Inscripciones: del\u00a028\u00a0\u00a0de octubre al\u00a03\u00a0\u00a0de\u00a0noviembre. Publicaci\u00f3n del listado de admisi\u00f3n provisional:\u00a05\u00a0de\u00a0noviembre\u00a0de 2025 a las 10:00\u2026","rel":"","context":"En \u00abFormaciones\u00bb","block_context":{"text":"Formaciones","link":"https:\/\/cepronda.com\/blog\/category\/formaciones\/"},"img":{"alt_text":"","src":"https:\/\/i0.wp.com\/cepronda.com\/blog\/wp-content\/uploads\/2025\/10\/Publi-Gemini-scaled.png?fit=1200%2C675&ssl=1&resize=350%2C200","width":350,"height":200,"srcset":"https:\/\/i0.wp.com\/cepronda.com\/blog\/wp-content\/uploads\/2025\/10\/Publi-Gemini-scaled.png?fit=1200%2C675&ssl=1&resize=350%2C200 1x, https:\/\/i0.wp.com\/cepronda.com\/blog\/wp-content\/uploads\/2025\/10\/Publi-Gemini-scaled.png?fit=1200%2C675&ssl=1&resize=525%2C300 1.5x, https:\/\/i0.wp.com\/cepronda.com\/blog\/wp-content\/uploads\/2025\/10\/Publi-Gemini-scaled.png?fit=1200%2C675&ssl=1&resize=700%2C400 2x, https:\/\/i0.wp.com\/cepronda.com\/blog\/wp-content\/uploads\/2025\/10\/Publi-Gemini-scaled.png?fit=1200%2C675&ssl=1&resize=1050%2C600 3x"},"classes":[]},{"id":8965,"url":"https:\/\/cepronda.com\/blog\/gestion-administrativa-y-economica-de-proyectos-erasmus-2\/","url_meta":{"origin":9411,"position":1},"title":"GESTI\u00d3N ADMINISTRATIVA Y ECON\u00d3MICA DE PROYECTOS ERASMUS+","author":"Maribel Mu\u00f1oz","date":"22 octubre, 2025","format":false,"excerpt":"Se encuentra abierto el plazo de inscripci\u00f3n en el curso provincial, \"GESTI\u00d3N ADMINISTRATIVA Y ECON\u00d3MICA DE PROYECTOS ERASMUS+\", con c\u00f3digo: 269924KPI461. Inscripciones: del 22\u00a0 de octubre al 30\u00a0 de octubre. Publicaci\u00f3n del listado de admisi\u00f3n provisional:\u00a031 de octubre de 2025 a las 10:00 horas. Publicaci\u00f3n del listado de admisi\u00f3n definitiva:\u2026","rel":"","context":"En \u00abFormaciones\u00bb","block_context":{"text":"Formaciones","link":"https:\/\/cepronda.com\/blog\/category\/formaciones\/"},"img":{"alt_text":"","src":"https:\/\/i0.wp.com\/cepronda.com\/blog\/wp-content\/uploads\/2025\/10\/WhatsApp-Image-2025-10-23-at-10.24.03.jpeg?fit=960%2C1200&ssl=1&resize=350%2C200","width":350,"height":200,"srcset":"https:\/\/i0.wp.com\/cepronda.com\/blog\/wp-content\/uploads\/2025\/10\/WhatsApp-Image-2025-10-23-at-10.24.03.jpeg?fit=960%2C1200&ssl=1&resize=350%2C200 1x, https:\/\/i0.wp.com\/cepronda.com\/blog\/wp-content\/uploads\/2025\/10\/WhatsApp-Image-2025-10-23-at-10.24.03.jpeg?fit=960%2C1200&ssl=1&resize=525%2C300 1.5x, https:\/\/i0.wp.com\/cepronda.com\/blog\/wp-content\/uploads\/2025\/10\/WhatsApp-Image-2025-10-23-at-10.24.03.jpeg?fit=960%2C1200&ssl=1&resize=700%2C400 2x"},"classes":[]},{"id":9230,"url":"https:\/\/cepronda.com\/blog\/9230-2\/","url_meta":{"origin":9411,"position":2},"title":"DISCIPLINA POSITIVA, NEUROEDUCACI\u00d3N Y BIENESTAR EMOCIONAL\u201d:  CLAVES PARA LA CONVIVENCIA Y LA GESTI\u00d3N DEL ESTR\u00c9S EN RESIDENCIAS ESCOLARES.","author":"Encarni Jim\u00e9nez Rosado","date":"19 enero, 2026","format":false,"excerpt":"Abierto plazo de inscripci\u00f3n para el curso \u00a0\u201cDISCIPLINA POSITIVA, NEUROEDUCACI\u00d3N Y BIENESTAR EMOCIONAL\u201d: \u00a0CLAVES PARA LA CONVIVENCIA Y LA GESTI\u00d3N DEL ESTR\u00c9S EN RESIDENCIAS ESCOLARES. C\u00f3digo 262922GE107. Curso dirigido exclusivamente a profesorado\/educadores de RESIDENCIAS ESCOLARES. Duraci\u00f3n: 12 horas presenciales de 10:00 a 13:00. Inscripci\u00f3n: 16\/01\/2026 hasta 23\/01\/2026. Realizaci\u00f3n: 06\/02\/2026 hasta\u2026","rel":"","context":"En \u00abFormaciones\u00bb","block_context":{"text":"Formaciones","link":"https:\/\/cepronda.com\/blog\/category\/formaciones\/"},"img":{"alt_text":"","src":"","width":0,"height":0},"classes":[]},{"id":8742,"url":"https:\/\/cepronda.com\/blog\/curso-escolar-2025-2026\/","url_meta":{"origin":9411,"position":3},"title":"CURSO ESCOLAR 2025\/2026","author":"Mamen Moreno","date":"2 septiembre, 2025","format":false,"excerpt":"\u00a1Comienza la aventura! Bienvenidos al curso 2025\/2026. Comenzamos un nuevo curso con ilusi\u00f3n, compromiso y ganas de seguir aprendiendo juntos.","rel":"","context":"En \u00abNoticias\u00bb","block_context":{"text":"Noticias","link":"https:\/\/cepronda.com\/blog\/category\/noticias\/"},"img":{"alt_text":"","src":"https:\/\/i0.wp.com\/cepronda.com\/blog\/wp-content\/uploads\/2025\/09\/post-de-instagram-bienvenido-septiembre-amarillo-3.png?fit=960%2C1200&ssl=1&resize=350%2C200","width":350,"height":200,"srcset":"https:\/\/i0.wp.com\/cepronda.com\/blog\/wp-content\/uploads\/2025\/09\/post-de-instagram-bienvenido-septiembre-amarillo-3.png?fit=960%2C1200&ssl=1&resize=350%2C200 1x, https:\/\/i0.wp.com\/cepronda.com\/blog\/wp-content\/uploads\/2025\/09\/post-de-instagram-bienvenido-septiembre-amarillo-3.png?fit=960%2C1200&ssl=1&resize=525%2C300 1.5x, https:\/\/i0.wp.com\/cepronda.com\/blog\/wp-content\/uploads\/2025\/09\/post-de-instagram-bienvenido-septiembre-amarillo-3.png?fit=960%2C1200&ssl=1&resize=700%2C400 2x"},"classes":[]},{"id":8805,"url":"https:\/\/cepronda.com\/blog\/gestion-economica-para-secretarias-noveles-horario-de-manana\/","url_meta":{"origin":9411,"position":4},"title":"GESTI\u00d3N ECON\u00d3MICA PARA SECRETAR\u00cdAS NOVELES HORARIO DE MA\u00d1ANA","author":"Mamen Moreno","date":"18 septiembre, 2025","format":false,"excerpt":"Abierta la inscripci\u00f3n del curso a distancia regional organizado por el CEP de El Ejido; dirigido a: Secretar\u00edas noveles en centros educativos p\u00fablicos en el presente curso 2025\/2026 que imparten docencia en horario de tarde. GESTI\u00d3N ECON\u00d3MICA PARA SECRETAR\u00cdAS NOVELES. C\u00f3digo: 269902KPF001 Dirigido a: Secretar\u00edas noveles en centros educativos p\u00fablicos\u2026","rel":"","context":"En \u00abFormaciones\u00bb","block_context":{"text":"Formaciones","link":"https:\/\/cepronda.com\/blog\/category\/formaciones\/"},"img":{"alt_text":"","src":"https:\/\/i0.wp.com\/cepronda.com\/blog\/wp-content\/uploads\/2025\/09\/269902KPF001.jpeg?fit=1080%2C1080&ssl=1&resize=350%2C200","width":350,"height":200,"srcset":"https:\/\/i0.wp.com\/cepronda.com\/blog\/wp-content\/uploads\/2025\/09\/269902KPF001.jpeg?fit=1080%2C1080&ssl=1&resize=350%2C200 1x, https:\/\/i0.wp.com\/cepronda.com\/blog\/wp-content\/uploads\/2025\/09\/269902KPF001.jpeg?fit=1080%2C1080&ssl=1&resize=525%2C300 1.5x, https:\/\/i0.wp.com\/cepronda.com\/blog\/wp-content\/uploads\/2025\/09\/269902KPF001.jpeg?fit=1080%2C1080&ssl=1&resize=700%2C400 2x, https:\/\/i0.wp.com\/cepronda.com\/blog\/wp-content\/uploads\/2025\/09\/269902KPF001.jpeg?fit=1080%2C1080&ssl=1&resize=1050%2C600 3x"},"classes":[]},{"id":9203,"url":"https:\/\/cepronda.com\/blog\/curso-regional-a-distancia-curso-para-profesorado-de-area-no-linguistica-en-ingles\/","url_meta":{"origin":9411,"position":5},"title":"CURSO REGIONAL A DISTANCIA: CURSO PARA PROFESORADO DE \u00c1REA NO LING\u00dc\u00cdSTICA EN INGL\u00c9S","author":"Encarni Jim\u00e9nez Rosado","date":"13 enero, 2026","format":false,"excerpt":"Abierto plazo de inscripci\u00f3n para curso \u201cREGIONAL A DISTANCIA: CURSO PARA PROFESORADO DE \u00c1REA NO LING\u00dc\u00cdSTICA EN INGL\u00c9S\u201d. C\u00f3digo: 26K9926AV156. Dirigido al profesorado de \u00e1reas no ling\u00fc\u00edsticas de centro biling\u00fces de Andaluc\u00eda. Inscripci\u00f3n: 07\/01\/2026 al 21\/01\/2026. Fecha de realizaci\u00f3n de la actividad 27\/01\/2026 hasta 26\/03\/2026. M\u00e1s informaci\u00f3n e inscripci\u00f3n: https:\/\/secretariavirtual.juntadeandalucia.es\/secretariavirtual\/consultaCEP\/actividad\/26K9926AV156\/","rel":"","context":"En \u00abFormaciones\u00bb","block_context":{"text":"Formaciones","link":"https:\/\/cepronda.com\/blog\/category\/formaciones\/"},"img":{"alt_text":"","src":"","width":0,"height":0},"classes":[]}],"jetpack_sharing_enabled":true,"_links":{"self":[{"href":"https:\/\/cepronda.com\/blog\/wp-json\/wp\/v2\/posts\/9411","targetHints":{"allow":["GET"]}}],"collection":[{"href":"https:\/\/cepronda.com\/blog\/wp-json\/wp\/v2\/posts"}],"about":[{"href":"https:\/\/cepronda.com\/blog\/wp-json\/wp\/v2\/types\/post"}],"author":[{"embeddable":true,"href":"https:\/\/cepronda.com\/blog\/wp-json\/wp\/v2\/users\/3"}],"replies":[{"embeddable":true,"href":"https:\/\/cepronda.com\/blog\/wp-json\/wp\/v2\/comments?post=9411"}],"version-history":[{"count":4,"href":"https:\/\/cepronda.com\/blog\/wp-json\/wp\/v2\/posts\/9411\/revisions"}],"predecessor-version":[{"id":9416,"href":"https:\/\/cepronda.com\/blog\/wp-json\/wp\/v2\/posts\/9411\/revisions\/9416"}],"wp:featuredmedia":[{"embeddable":true,"href":"https:\/\/cepronda.com\/blog\/wp-json\/wp\/v2\/media\/9412"}],"wp:attachment":[{"href":"https:\/\/cepronda.com\/blog\/wp-json\/wp\/v2\/media?parent=9411"}],"wp:term":[{"taxonomy":"category","embeddable":true,"href":"https:\/\/cepronda.com\/blog\/wp-json\/wp\/v2\/categories?post=9411"},{"taxonomy":"post_tag","embeddable":true,"href":"https:\/\/cepronda.com\/blog\/wp-json\/wp\/v2\/tags?post=9411"}],"curies":[{"name":"wp","href":"https:\/\/api.w.org\/{rel}","templated":true}]}}