{"id":9403,"date":"2026-02-19T13:25:55","date_gmt":"2026-02-19T12:25:55","guid":{"rendered":"https:\/\/cepronda.com\/blog\/?p=9403"},"modified":"2026-03-02T11:30:44","modified_gmt":"2026-03-02T10:30:44","slug":"9403-2","status":"publish","type":"post","link":"https:\/\/cepronda.com\/blog\/9403-2\/","title":{"rendered":"DETECTAR Y AFRONTAR LOS PROBLEMAS DE SALUD MENTAL EN LA ESCUELA: TCA, AUTOLISIS, SUICIDIO, DEPRESI\u00d3N, ANSIEDAD Y ADICCIONES LA DOCUMENTACI\u00d3N COMO PROCESO PARA LA EVALUACI\u00d3N EN LA EDUCACI\u00d3N INFANTIL"},"content":{"rendered":"<p style=\"text-align: left;\">Abierto el plazo de solicitudes para el curso provincial a distancia \u00a0\u201cDETECTAR Y AFRONTAR LOS PROBLEMAS DE SALUD MENTAL EN LA ESCUELA: TCA, AUTOLISIS, SUICIDIO, DEPRESI\u00d3N, ANSIEDAD Y ADICCIONES, con c\u00f3digo: <a href=\"https:\/\/secretariavirtual.juntadeandalucia.es\/secretariavirtual\/consultaCEP\/actividad\/262923GE554\/\">262923GE554<\/a>.<br \/>\nLA DOCUMENTACI\u00d3N COMO PROCESO PARA LA EVALUACI\u00d3N EN LA EDUCACI\u00d3N INFANTIL\u201d<\/p>\n<p>Curso a distancia<br \/>\nInscripci\u00f3n: <span dir=\"ltr\">del 19\/2\/26 hasta el 19\/03\/2026<\/span>.<br \/>\nRealizaci\u00f3n del 7\/04\/26 <span dir=\"ltr\">al 25\/5\/26<\/span> de 2026 en el\u00a0AVFP<br \/>\nM\u00e1s informaci\u00f3n: <a href=\"https:\/\/secretariavirtual.juntadeandalucia.es\/secretariavirtual\/consultaCEP\/actividad\/262923GE554\/\">https:\/\/secretariavirtual.juntadeandalucia.es\/secretariavirtual\/consultaCEP\/actividad\/262923GE554\/<\/a><\/p>\n<p>&nbsp;<\/p>\n<p><a href=\"https:\/\/secretariavirtual.juntadeandalucia.es\/secretariavirtual\/consultaCEP\/actividad\/262923GE554\/\"><img data-recalc-dims=\"1\" loading=\"lazy\" decoding=\"async\" class=\"aligncenter wp-image-9426\" src=\"https:\/\/i0.wp.com\/cepronda.com\/blog\/wp-content\/uploads\/2026\/02\/tca.jpg?resize=500%2C500&#038;ssl=1\" alt=\"\" width=\"500\" height=\"500\" srcset=\"https:\/\/i0.wp.com\/cepronda.com\/blog\/wp-content\/uploads\/2026\/02\/tca.jpg?w=526&amp;ssl=1 526w, https:\/\/i0.wp.com\/cepronda.com\/blog\/wp-content\/uploads\/2026\/02\/tca.jpg?resize=300%2C300&amp;ssl=1 300w, https:\/\/i0.wp.com\/cepronda.com\/blog\/wp-content\/uploads\/2026\/02\/tca.jpg?resize=150%2C150&amp;ssl=1 150w\" sizes=\"auto, (max-width: 500px) 100vw, 500px\" \/><\/a><\/p>\n","protected":false},"excerpt":{"rendered":"<p>Abierto el plazo de solicitudes para el curso provincial a distancia \u00a0\u201cDETECTAR Y AFRONTAR LOS PROBLEMAS DE SALUD MENTAL EN LA ESCUELA: TCA, AUTOLISIS, SUICIDIO, DEPRESI\u00d3N, ANSIEDAD Y ADICCIONES, con c\u00f3digo: 262923GE554. LA DOCUMENTACI\u00d3N COMO PROCESO PARA LA EVALUACI\u00d3N EN LA EDUCACI\u00d3N INFANTIL\u201d Curso a distancia Inscripci\u00f3n: del 19\/2\/26 hasta el 19\/03\/2026. Realizaci\u00f3n del 7\/04\/26 [&hellip;]<\/p>\n","protected":false},"author":16,"featured_media":9426,"comment_status":"closed","ping_status":"open","sticky":false,"template":"","format":"standard","meta":{"_crdt_document":"","advanced_seo_description":"","jetpack_seo_html_title":"","jetpack_seo_noindex":false,"jetpack_post_was_ever_published":false,"_jetpack_newsletter_access":"","_jetpack_dont_email_post_to_subs":false,"_jetpack_newsletter_tier_id":0,"_jetpack_memberships_contains_paywalled_content":false,"_jetpack_memberships_contains_paid_content":false,"footnotes":"","jetpack_publicize_message":"","jetpack_publicize_feature_enabled":true,"jetpack_social_post_already_shared":true,"jetpack_social_options":{"image_generator_settings":{"template":"highway","default_image_id":0,"font":"","enabled":false},"version":2}},"categories":[3],"tags":[],"class_list":{"0":"post-9403","1":"post","2":"type-post","3":"status-publish","4":"format-standard","5":"has-post-thumbnail","7":"category-formaciones","8":"czr-hentry"},"jetpack_publicize_connections":[],"jetpack_featured_media_url":"https:\/\/i0.wp.com\/cepronda.com\/blog\/wp-content\/uploads\/2026\/02\/tca.jpg?fit=526%2C526&ssl=1","jetpack_shortlink":"https:\/\/wp.me\/p8M4X7-2rF","jetpack-related-posts":[{"id":8030,"url":"https:\/\/cepronda.com\/blog\/detectar-y-afrontar-los-problemas-de-salud-mental-en-la-escuela-tca-autolisis-suicidio-depresion-ansiedad-y-adicciones-codigo-252922ge05\/","url_meta":{"origin":9403,"position":0},"title":"DETECTAR Y AFRONTAR LOS PROBLEMAS DE SALUD MENTAL EN LA ESCUELA: TCA, AUTOLISIS, SUICIDIO, DEPRESI\u00d3N, ANSIEDAD Y ADICCIONES. C\u00f3digo: 252922GE05.","author":"Inmaculada Garc\u00eda","date":"13 enero, 2025","format":false,"excerpt":"Abierto el plazo de solicitudespara la actividad formativa provincial a distancia: DETECTAR Y AFRONTAR LOS PROBLEMAS DE SALUD MENTAL EN LA ESCUELA: TCA, AUTOLISIS, SUICIDIO, DEPRESI\u00d3N, ANSIEDAD Y ADICCIONES. C\u00f3digo: 252922GE05. Curso a distancia de 30h. Internivelar. Inscripci\u00f3n: 13\/01\/\/2025 al 26\/01\/2025. Fecha de actividad 12\/02\/2025 hasta 20\/04\/2025. M\u00e1s informaci\u00f3n e\u2026","rel":"","context":"En \u00abFormaciones\u00bb","block_context":{"text":"Formaciones","link":"https:\/\/cepronda.com\/blog\/category\/formaciones\/"},"img":{"alt_text":"","src":"https:\/\/i0.wp.com\/cepronda.com\/blog\/wp-content\/uploads\/2025\/01\/WhatsApp-Image-2025-01-13-at-08.18.41.jpeg?fit=1080%2C1080&ssl=1&resize=350%2C200","width":350,"height":200,"srcset":"https:\/\/i0.wp.com\/cepronda.com\/blog\/wp-content\/uploads\/2025\/01\/WhatsApp-Image-2025-01-13-at-08.18.41.jpeg?fit=1080%2C1080&ssl=1&resize=350%2C200 1x, https:\/\/i0.wp.com\/cepronda.com\/blog\/wp-content\/uploads\/2025\/01\/WhatsApp-Image-2025-01-13-at-08.18.41.jpeg?fit=1080%2C1080&ssl=1&resize=525%2C300 1.5x, https:\/\/i0.wp.com\/cepronda.com\/blog\/wp-content\/uploads\/2025\/01\/WhatsApp-Image-2025-01-13-at-08.18.41.jpeg?fit=1080%2C1080&ssl=1&resize=700%2C400 2x, https:\/\/i0.wp.com\/cepronda.com\/blog\/wp-content\/uploads\/2025\/01\/WhatsApp-Image-2025-01-13-at-08.18.41.jpeg?fit=1080%2C1080&ssl=1&resize=1050%2C600 3x"},"classes":[]},{"id":9407,"url":"https:\/\/cepronda.com\/blog\/9407-2\/","url_meta":{"origin":9403,"position":1},"title":"LA DOCUMENTACI\u00d3N COMO PROCESO PARA LA EVALUACI\u00d3N EN LA EDUCACI\u00d3N INFANTIL","author":"Encarni Jim\u00e9nez Rosado","date":"19 febrero, 2026","format":false,"excerpt":"Abierto el plazo de solicitudes para el curso provincial on line con videoconferencias en directo: LA DOCUMENTACI\u00d3N COMO PROCESO PARA LA EVALUACI\u00d3N EN LA EDUCACI\u00d3N INFANTIL, con c\u00f3digo: 262926GE305. Inscripci\u00f3n: hasta el 27\/02\/2026. Actividad 03,10,17, y 24 de marzo de 2026. Lugar y horario de realizaci\u00f3n :AVFP de 16:30h. a\u2026","rel":"","context":"En \u00abFormaciones\u00bb","block_context":{"text":"Formaciones","link":"https:\/\/cepronda.com\/blog\/category\/formaciones\/"},"img":{"alt_text":"","src":"https:\/\/i0.wp.com\/cepronda.com\/blog\/wp-content\/uploads\/2026\/02\/inf.jpg?resize=350%2C200&ssl=1","width":350,"height":200,"srcset":"https:\/\/i0.wp.com\/cepronda.com\/blog\/wp-content\/uploads\/2026\/02\/inf.jpg?resize=350%2C200&ssl=1 1x, https:\/\/i0.wp.com\/cepronda.com\/blog\/wp-content\/uploads\/2026\/02\/inf.jpg?resize=525%2C300&ssl=1 1.5x"},"classes":[]},{"id":7878,"url":"https:\/\/cepronda.com\/blog\/curso-provincial-semipresencial-la-escuela-inclusiva-atencion-al-alumnado-tea-y-al-alumnado-con-problemas-de-conducta-en-infantil-codigo-252922ge056\/","url_meta":{"origin":9403,"position":2},"title":"CURSO PROVINCIAL SEMIPRESENCIAL: LA ESCUELA INCLUSIVA: ATENCI\u00d3N AL ALUMNADO TEA Y AL ALUMNADO CON PROBLEMAS DE CONDUCTA EN INFANTIL. C\u00f3digo: 252922GE056.","author":"Inmaculada Garc\u00eda","date":"28 noviembre, 2024","format":false,"excerpt":"Abierto el plazo de solicitudes para el curso provincial semipresencial: LA ESCUELA INCLUSIVA: ATENCI\u00d3N AL ALUMNADO TEA Y AL ALUMNADO CON PROBLEMAS DE CONDUCTA EN INFANTIL. C\u00f3digo: 252922GE056. Curso Semipresencial de 20 horas (12H por Webex y 8h tareas en el AVFP), dirigido preferentemente a profesorado de educaci\u00f3n infantil. Inscripci\u00f3n:\u2026","rel":"","context":"En \u00abFormaciones\u00bb","block_context":{"text":"Formaciones","link":"https:\/\/cepronda.com\/blog\/category\/formaciones\/"},"img":{"alt_text":"","src":"https:\/\/i0.wp.com\/cepronda.com\/blog\/wp-content\/uploads\/2024\/11\/WhatsApp-Image-2024-11-28-at-10.45.31.jpeg?fit=1080%2C1080&ssl=1&resize=350%2C200","width":350,"height":200,"srcset":"https:\/\/i0.wp.com\/cepronda.com\/blog\/wp-content\/uploads\/2024\/11\/WhatsApp-Image-2024-11-28-at-10.45.31.jpeg?fit=1080%2C1080&ssl=1&resize=350%2C200 1x, https:\/\/i0.wp.com\/cepronda.com\/blog\/wp-content\/uploads\/2024\/11\/WhatsApp-Image-2024-11-28-at-10.45.31.jpeg?fit=1080%2C1080&ssl=1&resize=525%2C300 1.5x, https:\/\/i0.wp.com\/cepronda.com\/blog\/wp-content\/uploads\/2024\/11\/WhatsApp-Image-2024-11-28-at-10.45.31.jpeg?fit=1080%2C1080&ssl=1&resize=700%2C400 2x, https:\/\/i0.wp.com\/cepronda.com\/blog\/wp-content\/uploads\/2024\/11\/WhatsApp-Image-2024-11-28-at-10.45.31.jpeg?fit=1080%2C1080&ssl=1&resize=1050%2C600 3x"},"classes":[]},{"id":7412,"url":"https:\/\/cepronda.com\/blog\/cuaderno-de-clase-de-seneca-para-la-evaluacion-competencial\/","url_meta":{"origin":9403,"position":3},"title":"CUADERNO DE CLASE DE S\u00c9NECA PARA LA EVALUACI\u00d3N COMPETENCIAL","author":"Mamen Moreno","date":"31 enero, 2024","format":false,"excerpt":"Abierto plazo de inscripci\u00f3n para curso CUADERNO DE CLASE DE S\u00c9NECA PARA LA EVALUACI\u00d3N COMPETENCIAL Destinado a profesorado de INFANTIL, PRIMARIA, SECUNDARIA, BACHILLERATO Y EDUCACI\u00d3N PERMANENTE \ufe0fInscripci\u00f3n del 29 de enero al 12 de febrero. Realizaci\u00f3n entre el 22 de febrero al 22 de abril a trav\u00e9s del AVFP M\u00e1s\u2026","rel":"","context":"En \u00abFormaciones\u00bb","block_context":{"text":"Formaciones","link":"https:\/\/cepronda.com\/blog\/category\/formaciones\/"},"img":{"alt_text":"","src":"https:\/\/i0.wp.com\/cepronda.com\/blog\/wp-content\/uploads\/2024\/01\/WhatsApp-Image-2024-01-30-at-13.43.45-1.jpeg?fit=1000%2C1000&ssl=1&resize=350%2C200","width":350,"height":200,"srcset":"https:\/\/i0.wp.com\/cepronda.com\/blog\/wp-content\/uploads\/2024\/01\/WhatsApp-Image-2024-01-30-at-13.43.45-1.jpeg?fit=1000%2C1000&ssl=1&resize=350%2C200 1x, https:\/\/i0.wp.com\/cepronda.com\/blog\/wp-content\/uploads\/2024\/01\/WhatsApp-Image-2024-01-30-at-13.43.45-1.jpeg?fit=1000%2C1000&ssl=1&resize=525%2C300 1.5x, https:\/\/i0.wp.com\/cepronda.com\/blog\/wp-content\/uploads\/2024\/01\/WhatsApp-Image-2024-01-30-at-13.43.45-1.jpeg?fit=1000%2C1000&ssl=1&resize=700%2C400 2x"},"classes":[]},{"id":7337,"url":"https:\/\/cepronda.com\/blog\/jefatura-de-estudios-organizacion-y-funcionamiento-de-los-centros-educacion-infantil-y-primaria-online\/","url_meta":{"origin":9403,"position":4},"title":"JEFATURA\u00a0DE\u00a0ESTUDIOS:\u00a0ORGANIZACI\u00d3N\u00a0Y\u00a0FUNCIONAMIENTO\u00a0DE\u00a0LOS\u00a0CENTROS\u00a0(EDUCACI\u00d3N\u00a0INFANTIL\u00a0Y\u00a0PRIMARIA &#8211; ONLINE)","author":"Mamen Moreno","date":"12 enero, 2024","format":false,"excerpt":"Informamos que se encuentra abierto el plazo de inscripci\u00f3n del curso\u00a0provincial:\u00a0\u00a0\"JEFATURA\u00a0DE\u00a0ESTUDIOS:\u00a0ORGANIZACI\u00d3N\u00a0Y\u00a0FUNCIONAMIENTO\u00a0DE\u00a0LOS\u00a0CENTROS\u00a0(EDUCACI\u00d3N\u00a0INFANTIL\u00a0Y\u00a0PRIMARIA - ONLINE)\"\u00a0\u00a0C\u00f3digo:\u00a0249925KPF372 Inscripciones: del 11\/01\/2024 al 22\/01\/2024 Fechas de realizaci\u00f3n: del 29 de enero al 18 de marzo de 2024 Lugar de realizaci\u00f3n: AULA VIRTUAL DE FORMACI\u00d3N DEL PROFESORADO (Curso\u00a0a distancia) Detalle e inscripci\u00f3n en el siguiente enlace: https:\/\/www.juntadeandalucia.es\/educacion\/secretariavirtual\/consultaCEP\/actividad\/249925KPF372","rel":"","context":"En \u00abFormaciones\u00bb","block_context":{"text":"Formaciones","link":"https:\/\/cepronda.com\/blog\/category\/formaciones\/"},"img":{"alt_text":"","src":"https:\/\/i0.wp.com\/cepronda.com\/blog\/wp-content\/uploads\/2024\/01\/JEFATURA-ESTUDIOS-CEIP-3-1.png?fit=848%2C1200&ssl=1&resize=350%2C200","width":350,"height":200,"srcset":"https:\/\/i0.wp.com\/cepronda.com\/blog\/wp-content\/uploads\/2024\/01\/JEFATURA-ESTUDIOS-CEIP-3-1.png?fit=848%2C1200&ssl=1&resize=350%2C200 1x, https:\/\/i0.wp.com\/cepronda.com\/blog\/wp-content\/uploads\/2024\/01\/JEFATURA-ESTUDIOS-CEIP-3-1.png?fit=848%2C1200&ssl=1&resize=525%2C300 1.5x, https:\/\/i0.wp.com\/cepronda.com\/blog\/wp-content\/uploads\/2024\/01\/JEFATURA-ESTUDIOS-CEIP-3-1.png?fit=848%2C1200&ssl=1&resize=700%2C400 2x"},"classes":[]},{"id":5468,"url":"https:\/\/cepronda.com\/blog\/aproximacion-al-marco-general-de-la-lomloe-educacion-infantil\/","url_meta":{"origin":9403,"position":5},"title":"APROXIMACI\u00d3N AL MARCO GENERAL DE LA LOMLOE.EDUCACI\u00d3N INFANTIL.","author":"Maribel Mu\u00f1oz","date":"16 septiembre, 2022","format":false,"excerpt":"Buenas tardes compa\u00f1eras y compa\u00f1eros, Os\u00a0 informamos que est\u00e1 abierto el plazo de inscripci\u00f3n en el curso a distancia APROXIMACI\u00d3N AL MARCO GENERAL DE LA LOMLOE. EDUCACI\u00d3N INFANTIL con c\u00f3digo 232924PF403. Fechas de inscripci\u00f3n : del 16\/09\/2022 al 03\/10\/2022 Fecha de inicio: 10\/10\/2022 Fecha finalizaci\u00f3n: 10\/11\/2022 Horas: 15\u00a0 ( online\u2026","rel":"","context":"En \u00abFormaciones\u00bb","block_context":{"text":"Formaciones","link":"https:\/\/cepronda.com\/blog\/category\/formaciones\/"},"img":{"alt_text":"","src":"https:\/\/i0.wp.com\/cepronda.com\/blog\/wp-content\/uploads\/2022\/09\/WhatsApp-Image-2022-09-16-at-11.24.09.jpeg?fit=1200%2C675&ssl=1&resize=350%2C200","width":350,"height":200,"srcset":"https:\/\/i0.wp.com\/cepronda.com\/blog\/wp-content\/uploads\/2022\/09\/WhatsApp-Image-2022-09-16-at-11.24.09.jpeg?fit=1200%2C675&ssl=1&resize=350%2C200 1x, https:\/\/i0.wp.com\/cepronda.com\/blog\/wp-content\/uploads\/2022\/09\/WhatsApp-Image-2022-09-16-at-11.24.09.jpeg?fit=1200%2C675&ssl=1&resize=525%2C300 1.5x, https:\/\/i0.wp.com\/cepronda.com\/blog\/wp-content\/uploads\/2022\/09\/WhatsApp-Image-2022-09-16-at-11.24.09.jpeg?fit=1200%2C675&ssl=1&resize=700%2C400 2x, https:\/\/i0.wp.com\/cepronda.com\/blog\/wp-content\/uploads\/2022\/09\/WhatsApp-Image-2022-09-16-at-11.24.09.jpeg?fit=1200%2C675&ssl=1&resize=1050%2C600 3x"},"classes":[]}],"jetpack_sharing_enabled":true,"_links":{"self":[{"href":"https:\/\/cepronda.com\/blog\/wp-json\/wp\/v2\/posts\/9403","targetHints":{"allow":["GET"]}}],"collection":[{"href":"https:\/\/cepronda.com\/blog\/wp-json\/wp\/v2\/posts"}],"about":[{"href":"https:\/\/cepronda.com\/blog\/wp-json\/wp\/v2\/types\/post"}],"author":[{"embeddable":true,"href":"https:\/\/cepronda.com\/blog\/wp-json\/wp\/v2\/users\/16"}],"replies":[{"embeddable":true,"href":"https:\/\/cepronda.com\/blog\/wp-json\/wp\/v2\/comments?post=9403"}],"version-history":[{"count":4,"href":"https:\/\/cepronda.com\/blog\/wp-json\/wp\/v2\/posts\/9403\/revisions"}],"predecessor-version":[{"id":9428,"href":"https:\/\/cepronda.com\/blog\/wp-json\/wp\/v2\/posts\/9403\/revisions\/9428"}],"wp:featuredmedia":[{"embeddable":true,"href":"https:\/\/cepronda.com\/blog\/wp-json\/wp\/v2\/media\/9426"}],"wp:attachment":[{"href":"https:\/\/cepronda.com\/blog\/wp-json\/wp\/v2\/media?parent=9403"}],"wp:term":[{"taxonomy":"category","embeddable":true,"href":"https:\/\/cepronda.com\/blog\/wp-json\/wp\/v2\/categories?post=9403"},{"taxonomy":"post_tag","embeddable":true,"href":"https:\/\/cepronda.com\/blog\/wp-json\/wp\/v2\/tags?post=9403"}],"curies":[{"name":"wp","href":"https:\/\/api.w.org\/{rel}","templated":true}]}}