{"id":9365,"date":"2026-02-19T09:00:09","date_gmt":"2026-02-19T08:00:09","guid":{"rendered":"https:\/\/cepronda.com\/blog\/?p=9365"},"modified":"2026-02-12T10:04:24","modified_gmt":"2026-02-12T09:04:24","slug":"formacion-sobre-riesgos-y-emergencias-de-proteccion-civil","status":"publish","type":"post","link":"https:\/\/cepronda.com\/blog\/formacion-sobre-riesgos-y-emergencias-de-proteccion-civil\/","title":{"rendered":"FORMACI\u00d3N SOBRE RIESGOS Y EMERGENCIAS DE PROTECCI\u00d3N CIVIL."},"content":{"rendered":"<div class=\"\" data-block=\"true\" data-editor=\"assk2\" data-offset-key=\"dk4k0-0-0\">\n<div class=\"_1mf _1mj\" data-offset-key=\"dk4k0-0-0\"><span data-offset-key=\"dk4k0-0-0\">Abierto plazo de inscripci\u00f3n para el curso a distancia: FORMACI\u00d3N SOBRE RIESGOS Y EMERGENCIAS DE PROTECCI\u00d3N CIVIL, dirigido al profesorado de todas las etapas educativas. 2\u00aa Convocatoria.<\/span><\/div>\n<\/div>\n<div class=\"\" data-block=\"true\" data-editor=\"assk2\" data-offset-key=\"37tjc-0-0\">\n<div class=\"_1mf _1mj\" data-offset-key=\"37tjc-0-0\"><span data-offset-key=\"37tjc-0-0\">\u00a0<\/span><\/div>\n<\/div>\n<div class=\"\" data-block=\"true\" data-editor=\"assk2\" data-offset-key=\"4g2l-0-0\">\n<div class=\"_1mf _1mj\" data-offset-key=\"4g2l-0-0\"><span data-offset-key=\"4g2l-0-0\">Fecha inscripci\u00f3n: 19\/02\/2026 hasta 03\/03\/2026.<\/span><\/div>\n<\/div>\n<div class=\"\" data-block=\"true\" data-editor=\"assk2\" data-offset-key=\"5sbmd-0-0\">\n<div class=\"_1mf _1mj\" data-offset-key=\"5sbmd-0-0\"><span data-offset-key=\"5sbmd-0-0\">Fecha actividad: 09\/03\/2026 hasta 07\/04\/2026.<\/span><\/div>\n<\/div>\n<div class=\"\" data-block=\"true\" data-editor=\"assk2\" data-offset-key=\"f659-0-0\">\n<div class=\"_1mf _1mj\" data-offset-key=\"f659-0-0\"><span data-offset-key=\"f659-0-0\">\u00a0<\/span><\/div>\n<\/div>\n<div class=\"\" data-block=\"true\" data-editor=\"assk2\" data-offset-key=\"46htj-0-0\">\n<div class=\"_1mf _1mj\" data-offset-key=\"46htj-0-0\"><span data-offset-key=\"46htj-0-0\">Total horas: 10 horas a desarrollar en el Aula virtual de Formaci\u00f3n del Profesorado.<\/span><\/div>\n<\/div>\n<div class=\"\" data-block=\"true\" data-editor=\"assk2\" data-offset-key=\"3jqip-0-0\">\n<div class=\"_1mf _1mj\" data-offset-key=\"3jqip-0-0\"><span data-offset-key=\"3jqip-0-0\">\u00a0<\/span><\/div>\n<\/div>\n<div class=\"\" data-block=\"true\" data-editor=\"assk2\" data-offset-key=\"5qu5q-0-0\">\n<div class=\"_1mf _1mj\" data-offset-key=\"5qu5q-0-0\"><span data-offset-key=\"5qu5q-0-0\">\u00a1AP\u00daNTATE EN TU CEP DE REFERENCIA! <\/span><\/div>\n<\/div>\n<div class=\"\" data-block=\"true\" data-editor=\"assk2\" data-offset-key=\"66bql-0-0\">\n<div class=\"_1mf _1mj\" data-offset-key=\"66bql-0-0\"><span data-offset-key=\"66bql-0-0\">\u00a0<\/span><\/div>\n<\/div>\n<div class=\"\" data-block=\"true\" data-editor=\"assk2\" data-offset-key=\"aia81-0-0\">\n<div class=\"_1mf _1mj\" data-offset-key=\"aia81-0-0\"><span data-offset-key=\"aia81-0-0\">CEP M\u00c1LAGA <a href=\"https:\/\/secretariavirtual.juntadeandalucia.es\/secretariavirtual\/consultaCEP\/actividad\/269922QPF580\/?\">269922QPF580<\/a><\/span><\/div>\n<\/div>\n<div class=\"\" data-block=\"true\" data-editor=\"assk2\" data-offset-key=\"api5k-0-0\">\n<div class=\"_1mf _1mj\" data-offset-key=\"api5k-0-0\"><span data-offset-key=\"api5k-0-0\">CEP MARBELLA-CO\u00cdN <a href=\"https:\/\/secretariavirtual.juntadeandalucia.es\/secretariavirtual\/consultaCEP\/actividad\/269923QPF580\/?\">269923QPF580<\/a><\/span><\/div>\n<\/div>\n<div class=\"\" data-block=\"true\" data-editor=\"assk2\" data-offset-key=\"aprk9-0-0\">\n<div class=\"_1mf _1mj\" data-offset-key=\"aprk9-0-0\"><span data-offset-key=\"aprk9-0-0\">CEP RONDA <a href=\"https:\/\/secretariavirtual.juntadeandalucia.es\/secretariavirtual\/consultaCEP\/actividad\/269924QPF580\/?\">269924QPF580<\/a><\/span><\/div>\n<\/div>\n<div class=\"\" data-block=\"true\" data-editor=\"assk2\" data-offset-key=\"7c59d-0-0\">\n<div class=\"_1mf _1mj\" data-offset-key=\"7c59d-0-0\"><span data-offset-key=\"7c59d-0-0\">CEP ANTEQUERA <a href=\"https:\/\/secretariavirtual.juntadeandalucia.es\/secretariavirtual\/consultaCEP\/actividad\/269925QPF580\/?\">269925QPF580<\/a><\/span><\/div>\n<\/div>\n<div class=\"\" data-block=\"true\" data-editor=\"assk2\" data-offset-key=\"aql5k-0-0\">\n<div class=\"_1mf _1mj\" data-offset-key=\"aql5k-0-0\"><span data-offset-key=\"aql5k-0-0\">CEP V\u00c9LEZ-M\u00c1LAGA <a href=\"https:\/\/secretariavirtual.juntadeandalucia.es\/secretariavirtual\/consultaCEP\/actividad\/269926QPF580\/?\">269926QPF580<\/a><\/span><\/div>\n<\/div>\n<div data-offset-key=\"aql5k-0-0\"><\/div>\n<div data-offset-key=\"aql5k-0-0\"><img data-recalc-dims=\"1\" loading=\"lazy\" decoding=\"async\" class=\"aligncenter wp-image-9366\" src=\"https:\/\/i0.wp.com\/cepronda.com\/blog\/wp-content\/uploads\/2026\/02\/FORMACION-SOBRE-RIESGOS-Y-EMERGENCIAS-DE-PROTECCION-CIVIL.jpg?resize=500%2C500&#038;ssl=1\" alt=\"\" width=\"500\" height=\"500\" srcset=\"https:\/\/i0.wp.com\/cepronda.com\/blog\/wp-content\/uploads\/2026\/02\/FORMACION-SOBRE-RIESGOS-Y-EMERGENCIAS-DE-PROTECCION-CIVIL.jpg?resize=1024%2C1024&amp;ssl=1 1024w, https:\/\/i0.wp.com\/cepronda.com\/blog\/wp-content\/uploads\/2026\/02\/FORMACION-SOBRE-RIESGOS-Y-EMERGENCIAS-DE-PROTECCION-CIVIL.jpg?resize=300%2C300&amp;ssl=1 300w, https:\/\/i0.wp.com\/cepronda.com\/blog\/wp-content\/uploads\/2026\/02\/FORMACION-SOBRE-RIESGOS-Y-EMERGENCIAS-DE-PROTECCION-CIVIL.jpg?resize=150%2C150&amp;ssl=1 150w, https:\/\/i0.wp.com\/cepronda.com\/blog\/wp-content\/uploads\/2026\/02\/FORMACION-SOBRE-RIESGOS-Y-EMERGENCIAS-DE-PROTECCION-CIVIL.jpg?resize=768%2C768&amp;ssl=1 768w, https:\/\/i0.wp.com\/cepronda.com\/blog\/wp-content\/uploads\/2026\/02\/FORMACION-SOBRE-RIESGOS-Y-EMERGENCIAS-DE-PROTECCION-CIVIL.jpg?resize=1536%2C1536&amp;ssl=1 1536w, https:\/\/i0.wp.com\/cepronda.com\/blog\/wp-content\/uploads\/2026\/02\/FORMACION-SOBRE-RIESGOS-Y-EMERGENCIAS-DE-PROTECCION-CIVIL.jpg?w=1890&amp;ssl=1 1890w\" sizes=\"auto, (max-width: 500px) 100vw, 500px\" \/><\/div>\n","protected":false},"excerpt":{"rendered":"<p>Abierto plazo de inscripci\u00f3n para el curso a distancia: FORMACI\u00d3N SOBRE RIESGOS Y EMERGENCIAS DE PROTECCI\u00d3N CIVIL, dirigido al profesorado de todas las etapas educativas. 2\u00aa Convocatoria. \u00a0 Fecha inscripci\u00f3n: 19\/02\/2026 hasta 03\/03\/2026. Fecha actividad: 09\/03\/2026 hasta 07\/04\/2026. \u00a0 Total horas: 10 horas a desarrollar en el Aula virtual de Formaci\u00f3n del Profesorado. \u00a0 \u00a1AP\u00daNTATE [&hellip;]<\/p>\n","protected":false},"author":9,"featured_media":9366,"comment_status":"closed","ping_status":"open","sticky":false,"template":"","format":"standard","meta":{"_crdt_document":"","advanced_seo_description":"","jetpack_seo_html_title":"","jetpack_seo_noindex":false,"jetpack_post_was_ever_published":false,"_jetpack_newsletter_access":"","_jetpack_dont_email_post_to_subs":false,"_jetpack_newsletter_tier_id":0,"_jetpack_memberships_contains_paywalled_content":false,"_jetpack_memberships_contains_paid_content":false,"footnotes":"","jetpack_publicize_message":"","jetpack_publicize_feature_enabled":true,"jetpack_social_post_already_shared":true,"jetpack_social_options":{"image_generator_settings":{"template":"highway","default_image_id":0,"font":"","enabled":false},"version":2}},"categories":[3],"tags":[],"class_list":{"0":"post-9365","1":"post","2":"type-post","3":"status-publish","4":"format-standard","5":"has-post-thumbnail","7":"category-formaciones","8":"czr-hentry"},"jetpack_publicize_connections":[],"jetpack_featured_media_url":"https:\/\/i0.wp.com\/cepronda.com\/blog\/wp-content\/uploads\/2026\/02\/FORMACION-SOBRE-RIESGOS-Y-EMERGENCIAS-DE-PROTECCION-CIVIL.jpg?fit=1890%2C1890&ssl=1","jetpack_shortlink":"https:\/\/wp.me\/p8M4X7-2r3","jetpack-related-posts":[{"id":8946,"url":"https:\/\/cepronda.com\/blog\/formacion-sobre-riesgos-y-emergencias-de-proteccion-civil-269924pf580\/","url_meta":{"origin":9365,"position":0},"title":"FORMACI\u00d3N SOBRE RIESGOS Y EMERGENCIAS DE PROTECCI\u00d3N CIVIL","author":"Inmaculada Garc\u00eda","date":"20 octubre, 2025","format":false,"excerpt":"Abierto plazo de inscripci\u00f3n para el curso online: FORMACI\u00d3N SOBRE RIESGOS Y EMERGENCIAS DE PROTECCI\u00d3N CIVIL, dirigido al profesorado de todas las etapas educativas. \u00a0 Fecha inscripci\u00f3n: 20\/10\/2025 hasta 28\/10\/2025 Fecha actividad: 31\/10\/2025 hasta 28\/11\/2025 Total horas: 10 horas \u00a0 \u00a1AP\u00daNTATE EN TU CEP DE REFERENCIA!: \u00a0 - CEP Ronda\u2026","rel":"","context":"En \u00abFormaciones\u00bb","block_context":{"text":"Formaciones","link":"https:\/\/cepronda.com\/blog\/category\/formaciones\/"},"img":{"alt_text":"","src":"https:\/\/i0.wp.com\/cepronda.com\/blog\/wp-content\/uploads\/2025\/10\/WhatsApp-Image-2025-10-17-at-13.39.28.jpeg?fit=1080%2C1080&ssl=1&resize=350%2C200","width":350,"height":200,"srcset":"https:\/\/i0.wp.com\/cepronda.com\/blog\/wp-content\/uploads\/2025\/10\/WhatsApp-Image-2025-10-17-at-13.39.28.jpeg?fit=1080%2C1080&ssl=1&resize=350%2C200 1x, https:\/\/i0.wp.com\/cepronda.com\/blog\/wp-content\/uploads\/2025\/10\/WhatsApp-Image-2025-10-17-at-13.39.28.jpeg?fit=1080%2C1080&ssl=1&resize=525%2C300 1.5x, https:\/\/i0.wp.com\/cepronda.com\/blog\/wp-content\/uploads\/2025\/10\/WhatsApp-Image-2025-10-17-at-13.39.28.jpeg?fit=1080%2C1080&ssl=1&resize=700%2C400 2x, https:\/\/i0.wp.com\/cepronda.com\/blog\/wp-content\/uploads\/2025\/10\/WhatsApp-Image-2025-10-17-at-13.39.28.jpeg?fit=1080%2C1080&ssl=1&resize=1050%2C600 3x"},"classes":[]},{"id":9368,"url":"https:\/\/cepronda.com\/blog\/9368-2\/","url_meta":{"origin":9365,"position":1},"title":"PROGRAMA COMUNICA. RECURSOS Y ESTRATEGIAS DID\u00c1CTICAS","author":"Encarni Jim\u00e9nez Rosado","date":"12 febrero, 2026","format":false,"excerpt":"Abierto el plazo de inscripci\u00f3n en el curso Regional, \"PROGRAMA COMUNICA. RECURSOS Y ESTRATEGIAS DID\u00c1CTICAS\", con C\u00f3digo:\u00a0269930KLIN608 Inscripciones:\u00a0 09\/02\/2026 hasta 16\/02\/2026 Fecha actividad:\u00a023\/02\/2026 hasta 10\/04\/2026 Horas totales:\u00a040 Modalidad:\u00a0Curso a Distancia N\u00ba de plazas:\u00a0240 Aula Virtual de Formaci\u00f3n del Profesorado M\u00e1s informaci\u00f3n e inscripci\u00f3n: https:\/\/secretariavirtual.juntadeandalucia.es\/secretariavirtual\/consultaCEP\/actividad\/269930KLIN608\/","rel":"","context":"En \u00abFormaciones\u00bb","block_context":{"text":"Formaciones","link":"https:\/\/cepronda.com\/blog\/category\/formaciones\/"},"img":{"alt_text":"","src":"https:\/\/i0.wp.com\/cepronda.com\/blog\/wp-content\/uploads\/2026\/02\/Copia-de-Copia-de-Copia-de-CEP-MOTOR-INTERNACIONALIZACION-PRIMEROS-PASOS.pptx.jpg?fit=960%2C1200&ssl=1&resize=350%2C200","width":350,"height":200,"srcset":"https:\/\/i0.wp.com\/cepronda.com\/blog\/wp-content\/uploads\/2026\/02\/Copia-de-Copia-de-Copia-de-CEP-MOTOR-INTERNACIONALIZACION-PRIMEROS-PASOS.pptx.jpg?fit=960%2C1200&ssl=1&resize=350%2C200 1x, https:\/\/i0.wp.com\/cepronda.com\/blog\/wp-content\/uploads\/2026\/02\/Copia-de-Copia-de-Copia-de-CEP-MOTOR-INTERNACIONALIZACION-PRIMEROS-PASOS.pptx.jpg?fit=960%2C1200&ssl=1&resize=525%2C300 1.5x, https:\/\/i0.wp.com\/cepronda.com\/blog\/wp-content\/uploads\/2026\/02\/Copia-de-Copia-de-Copia-de-CEP-MOTOR-INTERNACIONALIZACION-PRIMEROS-PASOS.pptx.jpg?fit=960%2C1200&ssl=1&resize=700%2C400 2x"},"classes":[]},{"id":9185,"url":"https:\/\/cepronda.com\/blog\/9185-2\/","url_meta":{"origin":9365,"position":2},"title":"CURSO EL APRENDIZAJE COOPERATIVO COMO ESTRATEGIA DE GESTI\u00d3N DE AULA","author":"Encarni Jim\u00e9nez Rosado","date":"13 enero, 2026","format":false,"excerpt":"Abierto plazo de inscripci\u00f3n para el curso \u201cEL APRENDIZAJE COOPERATIVO COMO ESTRATEGIA DE GESTI\u00d3N DE AULA\u201d C\u00f3digo: 262925GE401 Inscripciones: desde el 09\/01\/2026 hasta 27\/01\/2026 Fecha de inicio y fin del curso: 02\/02\/2026 hasta 08\/04\/2026 Lugar de realizaci\u00f3n: Aula Virtual de Formaci\u00f3n del Profesorado (https:\/\/educacionadistancia.juntadeandalucia.es\/profesorado\/) Detalle e inscripci\u00f3n: https:\/\/secretariavirtual.juntadeandalucia.es\/secretariavirtual\/consultaCEP\/actividad\/262925GE401\/","rel":"","context":"En \u00abFormaciones\u00bb","block_context":{"text":"Formaciones","link":"https:\/\/cepronda.com\/blog\/category\/formaciones\/"},"img":{"alt_text":"","src":"https:\/\/i0.wp.com\/cepronda.com\/blog\/wp-content\/uploads\/2026\/01\/WhatsApp-Image-2026-01-13-at-12.20.28-e1768303479670.jpeg?fit=500%2C835&ssl=1&resize=350%2C200","width":350,"height":200},"classes":[]},{"id":9521,"url":"https:\/\/cepronda.com\/blog\/9521-2\/","url_meta":{"origin":9365,"position":3},"title":"AUTOEVALUACI\u00d3N. PLAN DE MEJORA Y PROYECTO FORMATIVO.","author":"Encarni Jim\u00e9nez Rosado","date":"23 abril, 2026","format":false,"excerpt":"Se abre plazo de inscripci\u00f3n para el viso \u201cAUTOEVALUACI\u00d3N. PLAN DE MEJORA Y PROYECTO FORMATIVO\u201d C\u00d3DIGO: 269923KPF386 MODALIDAD: Curso Semipresencial \u00c1MBITO: Provincial FECHA INSCRIPCI\u00d3N: 23\/04\/2026 hasta 05\/05\/2026 FECHA ACTIVIDAD: 14\/05\/2026 hasta 28\/05\/2026 \ud83d\udd17 M\u00c1S INFORMACI\u00d3N E INSCRIPCI\u00d3N: https:\/\/secretariavirtual.juntadeandalucia.es\/secretariavirtual\/consultaCEP\/actividad\/269923KPF386\/ \u00a0","rel":"","context":"En \u00abFormaciones\u00bb","block_context":{"text":"Formaciones","link":"https:\/\/cepronda.com\/blog\/category\/formaciones\/"},"img":{"alt_text":"","src":"https:\/\/i0.wp.com\/cepronda.com\/blog\/wp-content\/uploads\/2026\/04\/Autoevaluacion-y-plan-de-mejora.png?fit=695%2C869&ssl=1&resize=350%2C200","width":350,"height":200,"srcset":"https:\/\/i0.wp.com\/cepronda.com\/blog\/wp-content\/uploads\/2026\/04\/Autoevaluacion-y-plan-de-mejora.png?fit=695%2C869&ssl=1&resize=350%2C200 1x, https:\/\/i0.wp.com\/cepronda.com\/blog\/wp-content\/uploads\/2026\/04\/Autoevaluacion-y-plan-de-mejora.png?fit=695%2C869&ssl=1&resize=525%2C300 1.5x"},"classes":[]},{"id":9418,"url":"https:\/\/cepronda.com\/blog\/acompanamiento-educativo-en-situacion-de-duelo\/","url_meta":{"origin":9365,"position":4},"title":"ACOMPA\u00d1AMIENTO EDUCATIVO EN SITUACI\u00d3N DE DUELO","author":"Inmaculada Garc\u00eda","date":"2 marzo, 2026","format":false,"excerpt":"Se encuentra abierto el plazo de inscripci\u00f3n para el curso regional: ACOMPA\u00d1AMIENTO EDUCATIVO EN SITUACI\u00d3N DE DUELO, con c\u00f3digo 269928CI547. Curso a Distancia de 30 horas no presenciales. Fecha inscripci\u00f3n: 24\/02\/2026 hasta 03\/03\/2026. Fecha actividad: 16\/03\/2026 hasta 28\/04\/2026. Para m\u00e1s informaci\u00f3n e inscripci\u00f3n: https:\/\/secretariavirtual.juntadeandalucia.es\/secretariavirtual\/consultaCEP\/actividad\/269928CI547\/","rel":"","context":"En \u00abFormaciones\u00bb","block_context":{"text":"Formaciones","link":"https:\/\/cepronda.com\/blog\/category\/formaciones\/"},"img":{"alt_text":"","src":"https:\/\/i0.wp.com\/cepronda.com\/blog\/wp-content\/uploads\/2026\/03\/duelo.jpg?fit=1080%2C1080&ssl=1&resize=350%2C200","width":350,"height":200,"srcset":"https:\/\/i0.wp.com\/cepronda.com\/blog\/wp-content\/uploads\/2026\/03\/duelo.jpg?fit=1080%2C1080&ssl=1&resize=350%2C200 1x, https:\/\/i0.wp.com\/cepronda.com\/blog\/wp-content\/uploads\/2026\/03\/duelo.jpg?fit=1080%2C1080&ssl=1&resize=525%2C300 1.5x, https:\/\/i0.wp.com\/cepronda.com\/blog\/wp-content\/uploads\/2026\/03\/duelo.jpg?fit=1080%2C1080&ssl=1&resize=700%2C400 2x, https:\/\/i0.wp.com\/cepronda.com\/blog\/wp-content\/uploads\/2026\/03\/duelo.jpg?fit=1080%2C1080&ssl=1&resize=1050%2C600 3x"},"classes":[]},{"id":9400,"url":"https:\/\/cepronda.com\/blog\/9400-2\/","url_meta":{"origin":9365,"position":5},"title":"GENERADOR DE SdA (CON PE y ACS) A TRAV\u00c9S DE IA (INFANTIL Y PRIMARIA)","author":"Encarni Jim\u00e9nez Rosado","date":"19 febrero, 2026","format":false,"excerpt":"Abierto plazo de inscripci\u00f3n para el curso a distancia, GENERADOR DE SdA (CON PE y ACS) A TRAV\u00c9S DE IA (INFANTIL Y PRIMARIA), con c\u00f3digo: 269923KPF582. MODALIDAD: Curso a Distancia \u00c1MBITO: Provincial FECHA INSCRIPCI\u00d3N: 19\/02\/2026 hasta 03\/03\/2026 FECHA ACTIVIDAD: 09\/03\/2026 hasta 07\/04\/2026 \ud83d\udd17 M\u00c1S INFORMACI\u00d3N E INSCRIPCI\u00d3N: https:\/\/secretariavirtual.juntadeandalucia.es\/secretariavirtual\/consultaCEP\/actividad\/269923KPF582\/ \u00a0 \u00a0\u2026","rel":"","context":"En \u00abFormaciones\u00bb","block_context":{"text":"Formaciones","link":"https:\/\/cepronda.com\/blog\/category\/formaciones\/"},"img":{"alt_text":"","src":"https:\/\/i0.wp.com\/cepronda.com\/blog\/wp-content\/uploads\/2026\/02\/pe-ia.jpg?fit=526%2C526&ssl=1&resize=350%2C200","width":350,"height":200,"srcset":"https:\/\/i0.wp.com\/cepronda.com\/blog\/wp-content\/uploads\/2026\/02\/pe-ia.jpg?fit=526%2C526&ssl=1&resize=350%2C200 1x, https:\/\/i0.wp.com\/cepronda.com\/blog\/wp-content\/uploads\/2026\/02\/pe-ia.jpg?fit=526%2C526&ssl=1&resize=525%2C300 1.5x"},"classes":[]}],"jetpack_sharing_enabled":true,"_links":{"self":[{"href":"https:\/\/cepronda.com\/blog\/wp-json\/wp\/v2\/posts\/9365","targetHints":{"allow":["GET"]}}],"collection":[{"href":"https:\/\/cepronda.com\/blog\/wp-json\/wp\/v2\/posts"}],"about":[{"href":"https:\/\/cepronda.com\/blog\/wp-json\/wp\/v2\/types\/post"}],"author":[{"embeddable":true,"href":"https:\/\/cepronda.com\/blog\/wp-json\/wp\/v2\/users\/9"}],"replies":[{"embeddable":true,"href":"https:\/\/cepronda.com\/blog\/wp-json\/wp\/v2\/comments?post=9365"}],"version-history":[{"count":1,"href":"https:\/\/cepronda.com\/blog\/wp-json\/wp\/v2\/posts\/9365\/revisions"}],"predecessor-version":[{"id":9367,"href":"https:\/\/cepronda.com\/blog\/wp-json\/wp\/v2\/posts\/9365\/revisions\/9367"}],"wp:featuredmedia":[{"embeddable":true,"href":"https:\/\/cepronda.com\/blog\/wp-json\/wp\/v2\/media\/9366"}],"wp:attachment":[{"href":"https:\/\/cepronda.com\/blog\/wp-json\/wp\/v2\/media?parent=9365"}],"wp:term":[{"taxonomy":"category","embeddable":true,"href":"https:\/\/cepronda.com\/blog\/wp-json\/wp\/v2\/categories?post=9365"},{"taxonomy":"post_tag","embeddable":true,"href":"https:\/\/cepronda.com\/blog\/wp-json\/wp\/v2\/tags?post=9365"}],"curies":[{"name":"wp","href":"https:\/\/api.w.org\/{rel}","templated":true}]}}