{"id":9346,"date":"2026-02-09T12:16:58","date_gmt":"2026-02-09T11:16:58","guid":{"rendered":"https:\/\/cepronda.com\/blog\/?p=9346"},"modified":"2026-02-09T12:16:58","modified_gmt":"2026-02-09T11:16:58","slug":"mejora-tu-competencia-digital-docente-convocatoria-marzo-2026","status":"publish","type":"post","link":"https:\/\/cepronda.com\/blog\/mejora-tu-competencia-digital-docente-convocatoria-marzo-2026\/","title":{"rendered":"MEJORA TU COMPETENCIA DIGITAL DOCENTE. Convocatoria Marzo 2026."},"content":{"rendered":"<p>Os informamos que se encuentra abierto el plazo de inscripci\u00f3n en los cursos para la mejora de la Competencia Digital Docente.<\/p>\n<ul>\n<li><a href=\"https:\/\/secretariavirtual.juntadeandalucia.es\/secretariavirtual\/consultaCEP\/actividad\/269923KPF426\/?\"><strong><span class=\"OYPEnA font-feature-liga-off font-feature-clig-off font-feature-calt-off text-decoration-none text-strikethrough-none\">C<\/span><span class=\"OYPEnA font-feature-liga-off font-feature-clig-off font-feature-calt-off text-decoration-none text-strikethrough-none\">OMPETENCIA<\/span><span class=\"OYPEnA font-feature-liga-off font-feature-clig-off font-feature-calt-off text-decoration-none text-strikethrough-none\">\u00a0D<\/span><span class=\"OYPEnA font-feature-liga-off font-feature-clig-off font-feature-calt-off text-decoration-none text-strikethrough-none\">IGITAL<\/span><span class=\"OYPEnA font-feature-liga-off font-feature-clig-off font-feature-calt-off text-decoration-none text-strikethrough-none\">\u00a0D<\/span><span class=\"OYPEnA font-feature-liga-off font-feature-clig-off font-feature-calt-off text-decoration-none text-strikethrough-none\">OCENTE<\/span>\u00a0<\/strong><span class=\"OYPEnA font-feature-liga-off font-feature-clig-off font-feature-calt-off text-decoration-none text-strikethrough-none\"><strong>NIVEL A2<\/strong>,<\/span> 50 horas, con c\u00f3digo 269923KPF426.<\/a><\/li>\n<li><a href=\"https:\/\/www.juntadeandalucia.es\/educacion\/secretariavirtual\/consultaCEP\/actividad\/269925KPF432\/\"><strong><span class=\"OYPEnA font-feature-liga-off font-feature-clig-off font-feature-calt-off text-decoration-none text-strikethrough-none\">C<\/span><span class=\"OYPEnA font-feature-liga-off font-feature-clig-off font-feature-calt-off text-decoration-none text-strikethrough-none\">OMPETENCIA<\/span><span class=\"OYPEnA font-feature-liga-off font-feature-clig-off font-feature-calt-off text-decoration-none text-strikethrough-none\">\u00a0D<\/span><span class=\"OYPEnA font-feature-liga-off font-feature-clig-off font-feature-calt-off text-decoration-none text-strikethrough-none\">IGITAL<\/span><span class=\"OYPEnA font-feature-liga-off font-feature-clig-off font-feature-calt-off text-decoration-none text-strikethrough-none\">\u00a0D<\/span><span class=\"OYPEnA font-feature-liga-off font-feature-clig-off font-feature-calt-off text-decoration-none text-strikethrough-none\">OCENTE<\/span>\u00a0<\/strong><span class=\"OYPEnA font-feature-liga-off font-feature-clig-off font-feature-calt-off text-decoration-none text-strikethrough-none\"><strong>NIVEL B1<\/strong>,<\/span> 60 horas, con c\u00f3digo 269925KPF432.<\/a><\/li>\n<li><a href=\"https:\/\/www.juntadeandalucia.es\/educacion\/secretariavirtual\/consultaCEP\/actividad\/262924KPF429\/\"><strong><span class=\"OYPEnA font-feature-liga-off font-feature-clig-off font-feature-calt-off text-decoration-none text-strikethrough-none\">C<\/span><span class=\"OYPEnA font-feature-liga-off font-feature-clig-off font-feature-calt-off text-decoration-none text-strikethrough-none\">OMPETENCIA<\/span><span class=\"OYPEnA font-feature-liga-off font-feature-clig-off font-feature-calt-off text-decoration-none text-strikethrough-none\">\u00a0D<\/span><span class=\"OYPEnA font-feature-liga-off font-feature-clig-off font-feature-calt-off text-decoration-none text-strikethrough-none\">IGITAL<\/span><span class=\"OYPEnA font-feature-liga-off font-feature-clig-off font-feature-calt-off text-decoration-none text-strikethrough-none\">\u00a0D<\/span><span class=\"OYPEnA font-feature-liga-off font-feature-clig-off font-feature-calt-off text-decoration-none text-strikethrough-none\">OCENTE<\/span>\u00a0<\/strong><span class=\"OYPEnA font-feature-liga-off font-feature-clig-off font-feature-calt-off text-decoration-none text-strikethrough-none\"><strong>NIVEL B2<\/strong>,<\/span> 70 horas, con c\u00f3digo 262924KPF429.<\/a><\/li>\n<\/ul>\n<h4>\u00a0 \u00a0 \u00a0 \u00a0 Plazo de Inscripci\u00f3n del 9 al 17 de febrero de 2026. Los cursos comienzan el 9 de marzo de 2026.<\/h4>\n<p>Ten acceso a toda la informaci\u00f3n en la siguiente infograf\u00eda:<\/p>\n<div style=\"width: 100%;\">\n<div style=\"position: relative; padding-bottom: 56.25%; padding-top: 0; height: 0;\"><iframe loading=\"lazy\" style=\"position: absolute; top: 0; left: 0; width: 100%; height: 100%;\" title=\"MARZO_2026_CURSOS COMPETENCIA DIGITAL_PROVINCIA M\u00c1LAGA\" src=\"https:\/\/view.genially.com\/69662e8f209b3f680dfc9445\" width=\"960px\" height=\"540px\" frameborder=\"0\" scrolling=\"yes\" allowfullscreen=\"allowfullscreen\"><\/iframe><\/div>\n<\/div>\n<p>&nbsp;<\/p>\n<p>&nbsp;<\/p>\n","protected":false},"excerpt":{"rendered":"<p>Os informamos que se encuentra abierto el plazo de inscripci\u00f3n en los cursos para la mejora de la Competencia Digital Docente. COMPETENCIA\u00a0DIGITAL\u00a0DOCENTE\u00a0NIVEL A2, 50 horas, con c\u00f3digo 269923KPF426. COMPETENCIA\u00a0DIGITAL\u00a0DOCENTE\u00a0NIVEL B1, 60 horas, con c\u00f3digo 269925KPF432. COMPETENCIA\u00a0DIGITAL\u00a0DOCENTE\u00a0NIVEL B2, 70 horas, con c\u00f3digo 262924KPF429. \u00a0 \u00a0 \u00a0 \u00a0 Plazo de Inscripci\u00f3n del 9 al 17 de febrero [&hellip;]<\/p>\n","protected":false},"author":9,"featured_media":9347,"comment_status":"closed","ping_status":"open","sticky":false,"template":"","format":"standard","meta":{"_crdt_document":"","advanced_seo_description":"","jetpack_seo_html_title":"","jetpack_seo_noindex":false,"jetpack_post_was_ever_published":false,"_jetpack_newsletter_access":"","_jetpack_dont_email_post_to_subs":false,"_jetpack_newsletter_tier_id":0,"_jetpack_memberships_contains_paywalled_content":false,"_jetpack_memberships_contains_paid_content":false,"footnotes":"","jetpack_publicize_message":"","jetpack_publicize_feature_enabled":true,"jetpack_social_post_already_shared":true,"jetpack_social_options":{"image_generator_settings":{"template":"highway","default_image_id":0,"font":"","enabled":false},"version":2}},"categories":[3],"tags":[305],"class_list":{"0":"post-9346","1":"post","2":"type-post","3":"status-publish","4":"format-standard","5":"has-post-thumbnail","7":"category-formaciones","8":"tag-cdd","9":"czr-hentry"},"jetpack_publicize_connections":[],"jetpack_featured_media_url":"https:\/\/i0.wp.com\/cepronda.com\/blog\/wp-content\/uploads\/2026\/02\/Copia-de-Copia-de-CEP-MOTOR-INTERNACIONALIZACION-PRIMEROS-PASOS.pptx.jpg?fit=1080%2C1350&ssl=1","jetpack_shortlink":"https:\/\/wp.me\/p8M4X7-2qK","jetpack-related-posts":[{"id":7702,"url":"https:\/\/cepronda.com\/blog\/mejora-tu-competencia-digital-docente-formaciones-cdd\/","url_meta":{"origin":9346,"position":0},"title":"MEJORA TU COMPETENCIA DIGITAL DOCENTE. FORMACIONES CDD.","author":"Inmaculada Garc\u00eda","date":"13 septiembre, 2024","format":false,"excerpt":"Os informamos que se encuentra abierta la inscripci\u00f3n en los siguientes cursos para mejora de la Competencia Digital Docente. COMPETENCIA DIGITAL DOCENTE NIVEL A1, 40 horas, con c\u00f3digo 252924KPF420. COMPETENCIA DIGITAL DOCENTE NIVEL A2, 50 horas, con c\u00f3digo 252924KPF426. COMPETENCIA DIGITAL DOCENTE NIVEL B1, 60 horas, con c\u00f3digo 252924KPF432. COMPETENCIA\u2026","rel":"","context":"En \u00abFormaciones\u00bb","block_context":{"text":"Formaciones","link":"https:\/\/cepronda.com\/blog\/category\/formaciones\/"},"img":{"alt_text":"","src":"https:\/\/i0.wp.com\/cepronda.com\/blog\/wp-content\/uploads\/2024\/09\/Cartel-CDD.jpg?fit=1080%2C1080&ssl=1&resize=350%2C200","width":350,"height":200,"srcset":"https:\/\/i0.wp.com\/cepronda.com\/blog\/wp-content\/uploads\/2024\/09\/Cartel-CDD.jpg?fit=1080%2C1080&ssl=1&resize=350%2C200 1x, https:\/\/i0.wp.com\/cepronda.com\/blog\/wp-content\/uploads\/2024\/09\/Cartel-CDD.jpg?fit=1080%2C1080&ssl=1&resize=525%2C300 1.5x, https:\/\/i0.wp.com\/cepronda.com\/blog\/wp-content\/uploads\/2024\/09\/Cartel-CDD.jpg?fit=1080%2C1080&ssl=1&resize=700%2C400 2x, https:\/\/i0.wp.com\/cepronda.com\/blog\/wp-content\/uploads\/2024\/09\/Cartel-CDD.jpg?fit=1080%2C1080&ssl=1&resize=1050%2C600 3x"},"classes":[]},{"id":5683,"url":"https:\/\/cepronda.com\/blog\/cursos-de-competencia-digital-docente-niveles-a2-b1-y-b2\/","url_meta":{"origin":9346,"position":1},"title":"CURSOS DE COMPETENCIA DIGITAL DOCENTE. NIVELES A2, B1 Y B2.","author":"Inmaculada Garc\u00eda","date":"10 enero, 2023","format":false,"excerpt":"Est\u00e1 abierto el plazo para los siguientes cursos de Competencia Digital Docente: \u00a0 - COMPETENCIA DIGITAL DOCENTE NIVEL A2 (50 horas). Inscripciones: https:\/\/www.juntadeandalucia.es\/...\/actividad\/239923KPF426\/ \u00a0 - COMPETENCIA DIGITAL DOCENTE NIVEL B1 (60 horas). Inscripciones: https:\/\/www.juntadeandalucia.es\/...\/actividad\/239922KPF432\/ \u00a0 - COMPETENCIA DIGITAL DOCENTE NIVEL B2 (80 horas). Inscripciones: https:\/\/www.juntadeandalucia.es\/...\/actividad\/239926KPF429\/ \u00a0 Fecha actividad: 27\/01\/2023 hasta\u2026","rel":"","context":"En \u00abFormaciones\u00bb","block_context":{"text":"Formaciones","link":"https:\/\/cepronda.com\/blog\/category\/formaciones\/"},"img":{"alt_text":"","src":"https:\/\/i0.wp.com\/cepronda.com\/blog\/wp-content\/uploads\/2023\/01\/322102607_691638952677560_6394053168575758545_n.jpg?fit=960%2C540&ssl=1&resize=350%2C200","width":350,"height":200,"srcset":"https:\/\/i0.wp.com\/cepronda.com\/blog\/wp-content\/uploads\/2023\/01\/322102607_691638952677560_6394053168575758545_n.jpg?fit=960%2C540&ssl=1&resize=350%2C200 1x, https:\/\/i0.wp.com\/cepronda.com\/blog\/wp-content\/uploads\/2023\/01\/322102607_691638952677560_6394053168575758545_n.jpg?fit=960%2C540&ssl=1&resize=525%2C300 1.5x, https:\/\/i0.wp.com\/cepronda.com\/blog\/wp-content\/uploads\/2023\/01\/322102607_691638952677560_6394053168575758545_n.jpg?fit=960%2C540&ssl=1&resize=700%2C400 2x"},"classes":[]},{"id":6078,"url":"https:\/\/cepronda.com\/blog\/formaciones-en-competancia-digital-docente-niveles-a1-a2-y-b1\/","url_meta":{"origin":9346,"position":2},"title":"FORMACIONES EN COMPETENCIA DIGITAL DOCENTE. NIVELES A1, A2 Y B1","author":"Inmaculada Garc\u00eda","date":"29 septiembre, 2023","format":false,"excerpt":"Est\u00e1 abierto el plazo de inscripci\u00f3n en los siguientes cursos de Competencia Digital Docente: Nivel A1 de Competencia Digital Docente.\u00a0 Fecha actividad: 10\/10\/2023 hasta 01\/12\/2023. Nivel A1 de Competencia Digital Docente para Educaci\u00f3n infantil de 0 a 3 a\u00f1os.\u00a0 Fecha actividad: 10\/10\/2023 hasta 01\/12\/2023. Nivel A2 de Competencia Digital Docente.\u00a0\u2026","rel":"","context":"En \u00abFormaciones\u00bb","block_context":{"text":"Formaciones","link":"https:\/\/cepronda.com\/blog\/category\/formaciones\/"},"img":{"alt_text":"","src":"https:\/\/i0.wp.com\/cepronda.com\/blog\/wp-content\/uploads\/2023\/09\/Purple-and-Pink-Abstract-SEO-Marketing-Infographic-Instagram-Post-5.png?fit=1080%2C1080&ssl=1&resize=350%2C200","width":350,"height":200,"srcset":"https:\/\/i0.wp.com\/cepronda.com\/blog\/wp-content\/uploads\/2023\/09\/Purple-and-Pink-Abstract-SEO-Marketing-Infographic-Instagram-Post-5.png?fit=1080%2C1080&ssl=1&resize=350%2C200 1x, https:\/\/i0.wp.com\/cepronda.com\/blog\/wp-content\/uploads\/2023\/09\/Purple-and-Pink-Abstract-SEO-Marketing-Infographic-Instagram-Post-5.png?fit=1080%2C1080&ssl=1&resize=525%2C300 1.5x, https:\/\/i0.wp.com\/cepronda.com\/blog\/wp-content\/uploads\/2023\/09\/Purple-and-Pink-Abstract-SEO-Marketing-Infographic-Instagram-Post-5.png?fit=1080%2C1080&ssl=1&resize=700%2C400 2x, https:\/\/i0.wp.com\/cepronda.com\/blog\/wp-content\/uploads\/2023\/09\/Purple-and-Pink-Abstract-SEO-Marketing-Infographic-Instagram-Post-5.png?fit=1080%2C1080&ssl=1&resize=1050%2C600 3x"},"classes":[]},{"id":7350,"url":"https:\/\/cepronda.com\/blog\/formaciones-en-competencia-digital-docente-niveles-a2-0-a-6-anos-b1-y-b2\/","url_meta":{"origin":9346,"position":3},"title":"FORMACIONES EN COMPETENCIA DIGITAL DOCENTE. NIVELES A2 (0 a 6 a\u00f1os), B1 Y B2.","author":"Inmaculada Garc\u00eda","date":"17 enero, 2024","format":false,"excerpt":"Est\u00e1 abierto el plazo de inscripci\u00f3n en los siguientes cursos de Competencia Digital Docente: Nivel A2 de Competencia Digital Docente para Educaci\u00f3n infantil de 0 a 6 a\u00f1os. (50 horas). C\u00f3digo: 242924KPF448\u00a0\u00a0 \u00a0 \u00a0 \u00a0 \u00a0 \u00a0 \u00a0 \u00a0Fecha actividad: 04\/03\/2024 hasta 06\/05\/2024 Fecha inscripci\u00f3n: 15\/01\/2024 hasta 15\/02\/2024. Nivel B1\u2026","rel":"","context":"En \u00abFormaciones\u00bb","block_context":{"text":"Formaciones","link":"https:\/\/cepronda.com\/blog\/category\/formaciones\/"},"img":{"alt_text":"","src":"https:\/\/i0.wp.com\/cepronda.com\/blog\/wp-content\/uploads\/2024\/01\/Cartel-CDD.jpg?fit=1200%2C1200&ssl=1&resize=350%2C200","width":350,"height":200,"srcset":"https:\/\/i0.wp.com\/cepronda.com\/blog\/wp-content\/uploads\/2024\/01\/Cartel-CDD.jpg?fit=1200%2C1200&ssl=1&resize=350%2C200 1x, https:\/\/i0.wp.com\/cepronda.com\/blog\/wp-content\/uploads\/2024\/01\/Cartel-CDD.jpg?fit=1200%2C1200&ssl=1&resize=525%2C300 1.5x, https:\/\/i0.wp.com\/cepronda.com\/blog\/wp-content\/uploads\/2024\/01\/Cartel-CDD.jpg?fit=1200%2C1200&ssl=1&resize=700%2C400 2x, https:\/\/i0.wp.com\/cepronda.com\/blog\/wp-content\/uploads\/2024\/01\/Cartel-CDD.jpg?fit=1200%2C1200&ssl=1&resize=1050%2C600 3x"},"classes":[]},{"id":5807,"url":"https:\/\/cepronda.com\/blog\/competencia-digital-docente-nivel-a1-2\/","url_meta":{"origin":9346,"position":4},"title":"COMPETENCIA DIGITAL DOCENTE NIVEL A1 (232924QPF420)","author":"Inmaculada Garc\u00eda","date":"24 febrero, 2023","format":false,"excerpt":"Buenos d\u00edas. Os recordamos que est\u00e1 abierto el plazo de inscripci\u00f3n en el CURSO A DISTANCIA: COMPETENCIA DIGITAL DOCENTE NIVEL A1 M\u00e1s informaci\u00f3n e inscripci\u00f3n: https:\/\/www.juntadeandalucia.es\/educacion\/secretariavirtual\/consultaCEP\/actividad\/232924QPF420\/ Fechas de inscripci\u00f3n: 21\/02\/2023 hasta 13\/03\/2023 Fecha actividad: 20\/03\/2023 hasta 19\/05\/2023","rel":"","context":"En \u00abFormaciones\u00bb","block_context":{"text":"Formaciones","link":"https:\/\/cepronda.com\/blog\/category\/formaciones\/"},"img":{"alt_text":"","src":"https:\/\/i0.wp.com\/cepronda.com\/blog\/wp-content\/uploads\/2023\/02\/DEFINITIVO-CDD-A1.jpg?fit=1000%2C1000&ssl=1&resize=350%2C200","width":350,"height":200,"srcset":"https:\/\/i0.wp.com\/cepronda.com\/blog\/wp-content\/uploads\/2023\/02\/DEFINITIVO-CDD-A1.jpg?fit=1000%2C1000&ssl=1&resize=350%2C200 1x, https:\/\/i0.wp.com\/cepronda.com\/blog\/wp-content\/uploads\/2023\/02\/DEFINITIVO-CDD-A1.jpg?fit=1000%2C1000&ssl=1&resize=525%2C300 1.5x, https:\/\/i0.wp.com\/cepronda.com\/blog\/wp-content\/uploads\/2023\/02\/DEFINITIVO-CDD-A1.jpg?fit=1000%2C1000&ssl=1&resize=700%2C400 2x"},"classes":[]},{"id":6015,"url":"https:\/\/cepronda.com\/blog\/curso-competencia-digital-docente-a1\/","url_meta":{"origin":9346,"position":5},"title":"CURSO \u00abCOMPETENCIA DIGITAL DOCENTE A1\u00bb","author":"Inmaculada Garc\u00eda","date":"7 julio, 2023","format":false,"excerpt":"Se ha abierto el plazo para el Curso Provincial, a Distancia, de 40 horas de desempe\u00f1o: \"COMPETENCIA DIGITAL DOCENTE NIVEL A1 (232924XPF420)\" M\u00e1s informaci\u00f3n e inscripci\u00f3n: https:\/\/www.juntadeandalucia.es\/educacion\/secretariavirtual\/consultaCEP\/actividad\/232924XPF420\/ Fecha actividad:\u00a014\/07\/2023 hasta 13\/08\/2023 Fecha inscripci\u00f3n:\u00a007\/07\/2023 hasta 13\/07\/2023 Esperamos que sea de vuestro inter\u00e9s. \u00a0","rel":"","context":"En \u00abFormaciones\u00bb","block_context":{"text":"Formaciones","link":"https:\/\/cepronda.com\/blog\/category\/formaciones\/"},"img":{"alt_text":"","src":"https:\/\/i0.wp.com\/cepronda.com\/blog\/wp-content\/uploads\/2023\/07\/DEFINITIVO-CDD-A1.jpg?fit=993%2C988&ssl=1&resize=350%2C200","width":350,"height":200,"srcset":"https:\/\/i0.wp.com\/cepronda.com\/blog\/wp-content\/uploads\/2023\/07\/DEFINITIVO-CDD-A1.jpg?fit=993%2C988&ssl=1&resize=350%2C200 1x, https:\/\/i0.wp.com\/cepronda.com\/blog\/wp-content\/uploads\/2023\/07\/DEFINITIVO-CDD-A1.jpg?fit=993%2C988&ssl=1&resize=525%2C300 1.5x, https:\/\/i0.wp.com\/cepronda.com\/blog\/wp-content\/uploads\/2023\/07\/DEFINITIVO-CDD-A1.jpg?fit=993%2C988&ssl=1&resize=700%2C400 2x"},"classes":[]}],"jetpack_sharing_enabled":true,"_links":{"self":[{"href":"https:\/\/cepronda.com\/blog\/wp-json\/wp\/v2\/posts\/9346","targetHints":{"allow":["GET"]}}],"collection":[{"href":"https:\/\/cepronda.com\/blog\/wp-json\/wp\/v2\/posts"}],"about":[{"href":"https:\/\/cepronda.com\/blog\/wp-json\/wp\/v2\/types\/post"}],"author":[{"embeddable":true,"href":"https:\/\/cepronda.com\/blog\/wp-json\/wp\/v2\/users\/9"}],"replies":[{"embeddable":true,"href":"https:\/\/cepronda.com\/blog\/wp-json\/wp\/v2\/comments?post=9346"}],"version-history":[{"count":3,"href":"https:\/\/cepronda.com\/blog\/wp-json\/wp\/v2\/posts\/9346\/revisions"}],"predecessor-version":[{"id":9350,"href":"https:\/\/cepronda.com\/blog\/wp-json\/wp\/v2\/posts\/9346\/revisions\/9350"}],"wp:featuredmedia":[{"embeddable":true,"href":"https:\/\/cepronda.com\/blog\/wp-json\/wp\/v2\/media\/9347"}],"wp:attachment":[{"href":"https:\/\/cepronda.com\/blog\/wp-json\/wp\/v2\/media?parent=9346"}],"wp:term":[{"taxonomy":"category","embeddable":true,"href":"https:\/\/cepronda.com\/blog\/wp-json\/wp\/v2\/categories?post=9346"},{"taxonomy":"post_tag","embeddable":true,"href":"https:\/\/cepronda.com\/blog\/wp-json\/wp\/v2\/tags?post=9346"}],"curies":[{"name":"wp","href":"https:\/\/api.w.org\/{rel}","templated":true}]}}