{"id":9338,"date":"2026-02-06T12:33:54","date_gmt":"2026-02-06T11:33:54","guid":{"rendered":"https:\/\/cepronda.com\/blog\/?p=9338"},"modified":"2026-02-09T12:17:22","modified_gmt":"2026-02-09T11:17:22","slug":"xxvi-jornadas-regionales-de-directores-as-de-instituto-nuevos-tiempos-nuevos-retos","status":"publish","type":"post","link":"https:\/\/cepronda.com\/blog\/xxvi-jornadas-regionales-de-directores-as-de-instituto-nuevos-tiempos-nuevos-retos\/","title":{"rendered":"XXVI JORNADAS REGIONALES DE DIRECTORES\/AS DE INSTITUTO"},"content":{"rendered":"<div class=\"\" data-block=\"true\" data-editor=\"8jj34\" data-offset-key=\"8g005-0-0\">\n<div class=\"_1mf _1mj\" data-offset-key=\"8g005-0-0\"><span data-offset-key=\"8g005-0-0\">Se encuentra abierto el plazo de inscripci\u00f3n a la actividad regional: XXVI JORNADAS REGIONALES DE DIRECTORES\/AS DE INSTITUTO \u00bbNUEVOS TIEMPOS, NUEVOS RETOS\u00bb, con c\u00f3digo: 264132GE020.<\/span><\/div>\n<\/div>\n<div class=\"\" data-block=\"true\" data-editor=\"8jj34\" data-offset-key=\"e3dic-0-0\">\n<div class=\"_1mf _1mj\" data-offset-key=\"e3dic-0-0\"><span data-offset-key=\"e3dic-0-0\">\u00a0<\/span><\/div>\n<\/div>\n<div class=\"\" data-block=\"true\" data-editor=\"8jj34\" data-offset-key=\"3t3v-0-0\">\n<div class=\"_1mf _1mj\" data-offset-key=\"3t3v-0-0\"><span data-offset-key=\"3t3v-0-0\">Dirigido a las direcciones de los IES.<\/span><\/div>\n<\/div>\n<div class=\"\" data-block=\"true\" data-editor=\"8jj34\" data-offset-key=\"9jmpv-0-0\">\n<div class=\"_1mf _1mj\" data-offset-key=\"9jmpv-0-0\"><span data-offset-key=\"9jmpv-0-0\">&#x1f4c5; Inscripci\u00f3n: del 03\/02\/2026 hasta 02\/03\/2026.<\/span><\/div>\n<\/div>\n<div class=\"\" data-block=\"true\" data-editor=\"8jj34\" data-offset-key=\"a32ku-0-0\">\n<div class=\"_1mf _1mj\" data-offset-key=\"a32ku-0-0\"><span data-offset-key=\"a32ku-0-0\">Fecha de la actividad: 12 y 13 de marzo de 2026.<\/span><\/div>\n<\/div>\n<div class=\"\" data-block=\"true\" data-editor=\"8jj34\" data-offset-key=\"bu8ir-0-0\">\n<div class=\"_1mf _1mj\" data-offset-key=\"bu8ir-0-0\"><span data-offset-key=\"bu8ir-0-0\">&#x23f1; Duraci\u00f3n: 14 h presenciales<\/span><\/div>\n<\/div>\n<div class=\"\" data-block=\"true\" data-editor=\"8jj34\" data-offset-key=\"41upu-0-0\">\n<div class=\"_1mf _1mj\" data-offset-key=\"41upu-0-0\"><span data-offset-key=\"41upu-0-0\">&#x1f55f; Horario: Consultar la ficha para conocer el programa de la actividad.<\/span><\/div>\n<\/div>\n<div class=\"\" data-block=\"true\" data-editor=\"8jj34\" data-offset-key=\"fpjjn-0-0\">\n<div class=\"_1mf _1mj\" data-offset-key=\"fpjjn-0-0\"><span data-offset-key=\"fpjjn-0-0\">&#x1f517; M\u00e1s informaci\u00f3n e inscripciones: <a href=\"https:\/\/secretariavirtual.juntadeandalucia.es\/secretariavirtual\/consultaCEP\/actividad\/264132GE020\/\">https:\/\/secretariavirtual.juntadeandalucia.es\/secretariavirtual\/consultaCEP\/actividad\/264132GE020\/<\/a><\/span><\/div>\n<\/div>\n<div data-offset-key=\"fpjjn-0-0\"><a href=\"https:\/\/secretariavirtual.juntadeandalucia.es\/secretariavirtual\/consultaCEP\/actividad\/264132GE020\/\"><img data-recalc-dims=\"1\" loading=\"lazy\" decoding=\"async\" class=\"aligncenter wp-image-9339\" src=\"https:\/\/i0.wp.com\/cepronda.com\/blog\/wp-content\/uploads\/2026\/02\/asisian.jpg?resize=500%2C281&#038;ssl=1\" alt=\"\" width=\"500\" height=\"281\" srcset=\"https:\/\/i0.wp.com\/cepronda.com\/blog\/wp-content\/uploads\/2026\/02\/asisian.jpg?resize=1024%2C576&amp;ssl=1 1024w, https:\/\/i0.wp.com\/cepronda.com\/blog\/wp-content\/uploads\/2026\/02\/asisian.jpg?resize=300%2C169&amp;ssl=1 300w, https:\/\/i0.wp.com\/cepronda.com\/blog\/wp-content\/uploads\/2026\/02\/asisian.jpg?resize=768%2C432&amp;ssl=1 768w, https:\/\/i0.wp.com\/cepronda.com\/blog\/wp-content\/uploads\/2026\/02\/asisian.jpg?resize=1536%2C864&amp;ssl=1 1536w, https:\/\/i0.wp.com\/cepronda.com\/blog\/wp-content\/uploads\/2026\/02\/asisian.jpg?w=1820&amp;ssl=1 1820w\" sizes=\"auto, (max-width: 500px) 100vw, 500px\" \/><\/a><\/div>\n<div data-offset-key=\"fpjjn-0-0\"><\/div>\n","protected":false},"excerpt":{"rendered":"<p>Se encuentra abierto el plazo de inscripci\u00f3n a la actividad regional: XXVI JORNADAS REGIONALES DE DIRECTORES\/AS DE INSTITUTO \u00bbNUEVOS TIEMPOS, NUEVOS RETOS\u00bb, con c\u00f3digo: 264132GE020. \u00a0 Dirigido a las direcciones de los IES. &#x1f4c5; Inscripci\u00f3n: del 03\/02\/2026 hasta 02\/03\/2026. Fecha de la actividad: 12 y 13 de marzo de 2026. &#x23f1; Duraci\u00f3n: 14 h presenciales [&hellip;]<\/p>\n","protected":false},"author":9,"featured_media":9339,"comment_status":"closed","ping_status":"open","sticky":false,"template":"","format":"standard","meta":{"_crdt_document":"","advanced_seo_description":"","jetpack_seo_html_title":"","jetpack_seo_noindex":false,"jetpack_post_was_ever_published":false,"_jetpack_newsletter_access":"","_jetpack_dont_email_post_to_subs":false,"_jetpack_newsletter_tier_id":0,"_jetpack_memberships_contains_paywalled_content":false,"_jetpack_memberships_contains_paid_content":false,"footnotes":"","jetpack_publicize_message":"","jetpack_publicize_feature_enabled":true,"jetpack_social_post_already_shared":true,"jetpack_social_options":{"image_generator_settings":{"template":"highway","default_image_id":0,"font":"","enabled":false},"version":2}},"categories":[3],"tags":[464,145],"class_list":{"0":"post-9338","1":"post","2":"type-post","3":"status-publish","4":"format-standard","5":"has-post-thumbnail","7":"category-formaciones","8":"tag-adian","9":"tag-direccion","10":"czr-hentry"},"jetpack_publicize_connections":[],"jetpack_featured_media_url":"https:\/\/i0.wp.com\/cepronda.com\/blog\/wp-content\/uploads\/2026\/02\/asisian.jpg?fit=1820%2C1024&ssl=1","jetpack_shortlink":"https:\/\/wp.me\/p8M4X7-2qC","jetpack-related-posts":[{"id":9356,"url":"https:\/\/cepronda.com\/blog\/9356-2\/","url_meta":{"origin":9338,"position":0},"title":"XXVI Jornadas Regionales de Directores\/as de Instituto. \u201cNuevos tiempos, nuevos retos\u201d","author":"Encarni Jim\u00e9nez Rosado","date":"10 febrero, 2026","format":false,"excerpt":"Abierto plazo para las XXVI Jornadas Regionales de Directores\/as de Instituto. \u201cNuevos tiempos, nuevos retos\u201d Hotel V\u00e9rtice Bormujos 12 y 13 de marzo de 2026 14 horas presenciales Dirigidas a Direcciones de IES Plazo de inscripci\u00f3n: Hasta el 2 de marzo de 2026 a las 10:00 h Inscripci\u00f3n y detalles\u2026","rel":"","context":"En \u00abFormaciones\u00bb","block_context":{"text":"Formaciones","link":"https:\/\/cepronda.com\/blog\/category\/formaciones\/"},"img":{"alt_text":"","src":"","width":0,"height":0},"classes":[]},{"id":5818,"url":"https:\/\/cepronda.com\/blog\/xxiii-jornadas-regionales-de-directores-y-directoras-de-instituto-por-una-direccion-competente-para-la-escuela-del-futuro\/","url_meta":{"origin":9338,"position":1},"title":"XXIII JORNADAS REGIONALES DE DIRECTORES Y DIRECTORAS DE INSTITUTO: POR UNA DIRECCI\u00d3N COMPETENTE PARA LA ESCUELA DEL FUTURO","author":"Inmaculada Garc\u00eda","date":"8 marzo, 2023","format":false,"excerpt":"Se convoca la actividad formativa Regional\u00a0 \u201cXXIII JORNADAS REGIONALES DE DIRECTORES Y DIRECTORAS DE INSTITUTO: POR UNA DIRECCI\u00d3N COMPETENTE PARA LA ESCUELA DEL FUTURO\u201d con c\u00f3digo 239904DI012, dirigida a directores y directoras de Institutos de Ense\u00f1anza Secundaria p\u00fablicos de la Comunidad Andaluza. Formaci\u00f3n presencial de 10 horas de duraci\u00f3n. Plazo\u2026","rel":"","context":"En \u00abNoticias\u00bb","block_context":{"text":"Noticias","link":"https:\/\/cepronda.com\/blog\/category\/noticias\/"},"img":{"alt_text":"","src":"","width":0,"height":0},"classes":[]},{"id":7488,"url":"https:\/\/cepronda.com\/blog\/7488-2\/","url_meta":{"origin":9338,"position":2},"title":"XXIV JORNADAS REGIONALES DE DIRECTORAS Y DIRECTORES DE INSTITUTO: COMPETENCIAS DE LA DIRECCI\u00d3N VS LIDERAZGO","author":"Mamen Moreno","date":"23 febrero, 2024","format":false,"excerpt":"Se encuentra abierto el plazo de inscripci\u00f3n para la actividad formativa regional: XXIV JORNADAS REGIONALES DE DIRECTORAS Y DIRECTORES DE INSTITUTO: COMPETENCIAS DE LA DIRECCI\u00d3N VS LIDERAZGO. C\u00f3digo: 24401GE070 \u00c1mbito: Regional. Organiza: CEP de Almer\u00eda. N\u00ba Horas: 12 horas. Dirigida a: Directoras y directores de centros educativos p\u00fablicos de Educaci\u00f3n\u2026","rel":"","context":"En \u00abFormaciones\u00bb","block_context":{"text":"Formaciones","link":"https:\/\/cepronda.com\/blog\/category\/formaciones\/"},"img":{"alt_text":"","src":"https:\/\/i0.wp.com\/cepronda.com\/blog\/wp-content\/uploads\/2024\/02\/Jornada-ADIAN-2024.jpeg?fit=899%2C1200&ssl=1&resize=350%2C200","width":350,"height":200,"srcset":"https:\/\/i0.wp.com\/cepronda.com\/blog\/wp-content\/uploads\/2024\/02\/Jornada-ADIAN-2024.jpeg?fit=899%2C1200&ssl=1&resize=350%2C200 1x, https:\/\/i0.wp.com\/cepronda.com\/blog\/wp-content\/uploads\/2024\/02\/Jornada-ADIAN-2024.jpeg?fit=899%2C1200&ssl=1&resize=525%2C300 1.5x, https:\/\/i0.wp.com\/cepronda.com\/blog\/wp-content\/uploads\/2024\/02\/Jornada-ADIAN-2024.jpeg?fit=899%2C1200&ssl=1&resize=700%2C400 2x"},"classes":[]},{"id":5954,"url":"https:\/\/cepronda.com\/blog\/jornadas-provinciales-nuevos-retos-y-enfoques-para-una-direccion-de-exito\/","url_meta":{"origin":9338,"position":3},"title":"JORNADAS PROVINCIALES \u00abNUEVOS RETOS Y ENFOQUES PARA UNA DIRECCI\u00d3N DE \u00c9XITO\u00bb","author":"Mamen Moreno","date":"21 abril, 2023","format":false,"excerpt":"Se encuentra abierto el plazo de inscripci\u00f3n para las Jornadas Provinciales de Directores y Directoras \"NUEVOS RETOS Y ENFOQUES PARA UNA DIRECCI\u00d3N DE \u00c9XITO\" Inscripci\u00f3n: desde 20 de abril a 19 de mayo Fecha: 1 de junio Lugar: Facultad de Ciencias de la Educaci\u00f3n (UMA) Duraci\u00f3n: 8 horas M\u00e1s informaci\u00f3n\u2026","rel":"","context":"En \u00abNoticias\u00bb","block_context":{"text":"Noticias","link":"https:\/\/cepronda.com\/blog\/category\/noticias\/"},"img":{"alt_text":"","src":"https:\/\/i0.wp.com\/cepronda.com\/blog\/wp-content\/uploads\/2023\/04\/WhatsApp-Image-2023-04-20-at-17.21.58.jpeg?fit=1080%2C1080&ssl=1&resize=350%2C200","width":350,"height":200,"srcset":"https:\/\/i0.wp.com\/cepronda.com\/blog\/wp-content\/uploads\/2023\/04\/WhatsApp-Image-2023-04-20-at-17.21.58.jpeg?fit=1080%2C1080&ssl=1&resize=350%2C200 1x, https:\/\/i0.wp.com\/cepronda.com\/blog\/wp-content\/uploads\/2023\/04\/WhatsApp-Image-2023-04-20-at-17.21.58.jpeg?fit=1080%2C1080&ssl=1&resize=525%2C300 1.5x, https:\/\/i0.wp.com\/cepronda.com\/blog\/wp-content\/uploads\/2023\/04\/WhatsApp-Image-2023-04-20-at-17.21.58.jpeg?fit=1080%2C1080&ssl=1&resize=700%2C400 2x, https:\/\/i0.wp.com\/cepronda.com\/blog\/wp-content\/uploads\/2023\/04\/WhatsApp-Image-2023-04-20-at-17.21.58.jpeg?fit=1080%2C1080&ssl=1&resize=1050%2C600 3x"},"classes":[]},{"id":9524,"url":"https:\/\/cepronda.com\/blog\/9524-2\/","url_meta":{"origin":9338,"position":4},"title":"JORNADAS PROVINCIALES DE DIRECTORES Y DIRECTORAS DE M\u00c1LAGA","author":"Encarni Jim\u00e9nez Rosado","date":"27 abril, 2026","format":false,"excerpt":"Inscripciones abiertas para las JORNADAS PROVINCIALES DE DIRECTORES Y DIRECTORAS DE M\u00c1LAGA. La Escuela que viene: Liderazgo valiente en tiempos de IA (262926GE705) Plazo: hasta el viernes 8 de mayo, 10:00 h Fecha y lugar: 18 de mayo en el Sal\u00f3n del Exilio de V\u00e9lez-M\u00e1laga (Centro del Profesorado de V\u00e9lez-M\u00e1laga,\u2026","rel":"","context":"En \u00abFormaciones\u00bb","block_context":{"text":"Formaciones","link":"https:\/\/cepronda.com\/blog\/category\/formaciones\/"},"img":{"alt_text":"","src":"https:\/\/i0.wp.com\/cepronda.com\/blog\/wp-content\/uploads\/2026\/04\/681219828_18144459232498221_244676935071962519_n.jpg?fit=526%2C701&ssl=1&resize=350%2C200","width":350,"height":200,"srcset":"https:\/\/i0.wp.com\/cepronda.com\/blog\/wp-content\/uploads\/2026\/04\/681219828_18144459232498221_244676935071962519_n.jpg?fit=526%2C701&ssl=1&resize=350%2C200 1x, https:\/\/i0.wp.com\/cepronda.com\/blog\/wp-content\/uploads\/2026\/04\/681219828_18144459232498221_244676935071962519_n.jpg?fit=526%2C701&ssl=1&resize=525%2C300 1.5x"},"classes":[]},{"id":8169,"url":"https:\/\/cepronda.com\/blog\/jornadas-provinciales-nuevos-retos-para-las-direcciones-de-secundaria-bachillerato-formacion-profesional-y-ensenanzas-de-regimen-especial-con-codigo-252923ge804\/","url_meta":{"origin":9338,"position":5},"title":"NUEVOS RETOS PARA LAS DIRECCIONES DE SECUNDARIA, BACHILLERATO, FORMACI\u00d3N PROFESIONAL Y ENSE\u00d1ANZAS DE R\u00c9GIMEN ESPECIAL","author":"Inmaculada Garc\u00eda","date":"19 febrero, 2025","format":false,"excerpt":"Abierto plazo solicitudes de las Jornadas Provinciales: \"NUEVOS RETOS PARA LAS DIRECCIONES DE SECUNDARIA, BACHILLERATO, FORMACI\u00d3N PROFESIONAL Y ENSE\u00d1ANZAS DE R\u00c9GIMEN ESPECIAL\", con c\u00f3digo 252923GE804, que organizamos en colaboraci\u00f3n con ADIAN. Dirigidas a directores y directoras de Secundaria, Bachillerato, F.P, ERE de la provincia de M\u00e1laga. Inscripciones: 18\/02\/2025 - 13\/03\/2025\u2026","rel":"","context":"En \u00abNoticias\u00bb","block_context":{"text":"Noticias","link":"https:\/\/cepronda.com\/blog\/category\/noticias\/"},"img":{"alt_text":"","src":"https:\/\/i0.wp.com\/cepronda.com\/blog\/wp-content\/uploads\/2025\/02\/cartel-direcciones-secundaria.jpeg?fit=1080%2C1080&ssl=1&resize=350%2C200","width":350,"height":200,"srcset":"https:\/\/i0.wp.com\/cepronda.com\/blog\/wp-content\/uploads\/2025\/02\/cartel-direcciones-secundaria.jpeg?fit=1080%2C1080&ssl=1&resize=350%2C200 1x, https:\/\/i0.wp.com\/cepronda.com\/blog\/wp-content\/uploads\/2025\/02\/cartel-direcciones-secundaria.jpeg?fit=1080%2C1080&ssl=1&resize=525%2C300 1.5x, https:\/\/i0.wp.com\/cepronda.com\/blog\/wp-content\/uploads\/2025\/02\/cartel-direcciones-secundaria.jpeg?fit=1080%2C1080&ssl=1&resize=700%2C400 2x, https:\/\/i0.wp.com\/cepronda.com\/blog\/wp-content\/uploads\/2025\/02\/cartel-direcciones-secundaria.jpeg?fit=1080%2C1080&ssl=1&resize=1050%2C600 3x"},"classes":[]}],"jetpack_sharing_enabled":true,"_links":{"self":[{"href":"https:\/\/cepronda.com\/blog\/wp-json\/wp\/v2\/posts\/9338","targetHints":{"allow":["GET"]}}],"collection":[{"href":"https:\/\/cepronda.com\/blog\/wp-json\/wp\/v2\/posts"}],"about":[{"href":"https:\/\/cepronda.com\/blog\/wp-json\/wp\/v2\/types\/post"}],"author":[{"embeddable":true,"href":"https:\/\/cepronda.com\/blog\/wp-json\/wp\/v2\/users\/9"}],"replies":[{"embeddable":true,"href":"https:\/\/cepronda.com\/blog\/wp-json\/wp\/v2\/comments?post=9338"}],"version-history":[{"count":2,"href":"https:\/\/cepronda.com\/blog\/wp-json\/wp\/v2\/posts\/9338\/revisions"}],"predecessor-version":[{"id":9351,"href":"https:\/\/cepronda.com\/blog\/wp-json\/wp\/v2\/posts\/9338\/revisions\/9351"}],"wp:featuredmedia":[{"embeddable":true,"href":"https:\/\/cepronda.com\/blog\/wp-json\/wp\/v2\/media\/9339"}],"wp:attachment":[{"href":"https:\/\/cepronda.com\/blog\/wp-json\/wp\/v2\/media?parent=9338"}],"wp:term":[{"taxonomy":"category","embeddable":true,"href":"https:\/\/cepronda.com\/blog\/wp-json\/wp\/v2\/categories?post=9338"},{"taxonomy":"post_tag","embeddable":true,"href":"https:\/\/cepronda.com\/blog\/wp-json\/wp\/v2\/tags?post=9338"}],"curies":[{"name":"wp","href":"https:\/\/api.w.org\/{rel}","templated":true}]}}