{"id":9326,"date":"2026-02-04T12:00:22","date_gmt":"2026-02-04T11:00:22","guid":{"rendered":"https:\/\/cepronda.com\/blog\/?p=9326"},"modified":"2026-02-06T13:03:13","modified_gmt":"2026-02-06T12:03:13","slug":"9326-2","status":"publish","type":"post","link":"https:\/\/cepronda.com\/blog\/9326-2\/","title":{"rendered":"METODOLOG\u00cdA Y EVALUACI\u00d3N DE LA DOCENCIA EN EL PROGRAMA BACHIBAC"},"content":{"rendered":"<p data-start=\"206\" data-end=\"437\">El CEP Castilleja organiza el curso<strong data-start=\"242\" data-end=\"313\">\u201d<\/strong> <em data-start=\"314\" data-end=\"338\">(c\u00f3digo 264128LINO009)<\/em>, que se desarrollar\u00e1 en modalidad de videoconferencia y tendr\u00e1 una duraci\u00f3n total de <strong data-start=\"424\" data-end=\"436\">10 horas<\/strong>.<\/p>\n<p data-start=\"467\" data-end=\"541\">El plazo de inscripci\u00f3n estar\u00e1 abierto <strong data-start=\"506\" data-end=\"540\">del 2 al 10 de febrero de 2026<\/strong>.<\/p>\n<p data-start=\"543\" data-end=\"638\">Las solicitudes deber\u00e1n realizarse a trav\u00e9s del siguiente enlace:<br data-start=\"608\" data-end=\"611\" \/>&#x1f449;<a href=\"https:\/\/lajunta.es\/68t4v\"> https:\/\/lajunta.es\/68t4v<\/a><\/p>\n<h4 data-start=\"640\" data-end=\"660\">Destinatarios<\/h4>\n<p data-start=\"661\" data-end=\"688\">Este curso est\u00e1 dirigido a:<\/p>\n<ul data-start=\"689\" data-end=\"915\">\n<li data-start=\"689\" data-end=\"873\">\n<p data-start=\"691\" data-end=\"873\">Docentes de <strong data-start=\"703\" data-end=\"714\">Franc\u00e9s<\/strong> y de <strong data-start=\"720\" data-end=\"763\">Geograf\u00eda e Historia \u2013 Biling\u00fce Franc\u00e9s<\/strong> de Institutos de Educaci\u00f3n Secundaria sostenidos con fondos p\u00fablicos de la Comunidad Aut\u00f3noma de Andaluc\u00eda.<\/p>\n<\/li>\n<li data-start=\"874\" data-end=\"915\">\n<p data-start=\"876\" data-end=\"915\">Inspectores e inspectoras de educaci\u00f3n.<\/p>\n<\/li>\n<\/ul>\n<p data-start=\"946\" data-end=\"987\">Las sesiones se llevar\u00e1n a cabo los d\u00edas:<\/p>\n<ul data-start=\"988\" data-end=\"1051\">\n<li data-start=\"988\" data-end=\"1022\">\n<p data-start=\"990\" data-end=\"1022\"><strong data-start=\"990\" data-end=\"1020\">17 y 19 de febrero de 2026<\/strong><\/p>\n<\/li>\n<li data-start=\"1023\" data-end=\"1051\">\n<p data-start=\"1025\" data-end=\"1051\"><strong data-start=\"1025\" data-end=\"1051\">3 y 4 de marzo de 2026<\/strong><\/p>\n<\/li>\n<\/ul>\n<h4 data-start=\"1053\" data-end=\"1065\">Lugar: <span style=\"font-weight: inherit;\">Aula Virtual de Formaci\u00f3n del Profesorado (<\/span><strong data-start=\"1109\" data-end=\"1117\">AVFP<\/strong><span style=\"font-weight: inherit;\">).<\/span><\/h4>\n<p>&nbsp;<\/p>\n<p><a href=\"https:\/\/secretariavirtual.juntadeandalucia.es\/secretariavirtual\/consultaCEP\/actividad\/264128LIN009\/?\"><img data-recalc-dims=\"1\" loading=\"lazy\" decoding=\"async\" class=\"aligncenter wp-image-9344\" src=\"https:\/\/i0.wp.com\/cepronda.com\/blog\/wp-content\/uploads\/2026\/02\/bachibac-1.jpg?resize=500%2C500&#038;ssl=1\" alt=\"\" width=\"500\" height=\"500\" srcset=\"https:\/\/i0.wp.com\/cepronda.com\/blog\/wp-content\/uploads\/2026\/02\/bachibac-1.jpg?resize=1024%2C1024&amp;ssl=1 1024w, https:\/\/i0.wp.com\/cepronda.com\/blog\/wp-content\/uploads\/2026\/02\/bachibac-1.jpg?resize=300%2C300&amp;ssl=1 300w, https:\/\/i0.wp.com\/cepronda.com\/blog\/wp-content\/uploads\/2026\/02\/bachibac-1.jpg?resize=150%2C150&amp;ssl=1 150w, https:\/\/i0.wp.com\/cepronda.com\/blog\/wp-content\/uploads\/2026\/02\/bachibac-1.jpg?resize=768%2C768&amp;ssl=1 768w, https:\/\/i0.wp.com\/cepronda.com\/blog\/wp-content\/uploads\/2026\/02\/bachibac-1.jpg?w=1080&amp;ssl=1 1080w\" sizes=\"auto, (max-width: 500px) 100vw, 500px\" \/><\/a><\/p>\n<p>&nbsp;<\/p>\n<p>&nbsp;<\/p>\n<p>&nbsp;<\/p>\n","protected":false},"excerpt":{"rendered":"<p>El CEP Castilleja organiza el curso\u201d (c\u00f3digo 264128LINO009), que se desarrollar\u00e1 en modalidad de videoconferencia y tendr\u00e1 una duraci\u00f3n total de 10 horas. El plazo de inscripci\u00f3n estar\u00e1 abierto del 2 al 10 de febrero de 2026. Las solicitudes deber\u00e1n realizarse a trav\u00e9s del siguiente enlace:&#x1f449; https:\/\/lajunta.es\/68t4v Destinatarios Este curso est\u00e1 dirigido a: Docentes de [&hellip;]<\/p>\n","protected":false},"author":16,"featured_media":9341,"comment_status":"closed","ping_status":"open","sticky":false,"template":"","format":"standard","meta":{"_crdt_document":"","advanced_seo_description":"","jetpack_seo_html_title":"","jetpack_seo_noindex":false,"jetpack_post_was_ever_published":false,"_jetpack_newsletter_access":"","_jetpack_dont_email_post_to_subs":false,"_jetpack_newsletter_tier_id":0,"_jetpack_memberships_contains_paywalled_content":false,"_jetpack_memberships_contains_paid_content":false,"footnotes":"","jetpack_publicize_message":"","jetpack_publicize_feature_enabled":true,"jetpack_social_post_already_shared":true,"jetpack_social_options":{"image_generator_settings":{"template":"highway","default_image_id":0,"font":"","enabled":false},"version":2}},"categories":[3],"tags":[465],"class_list":{"0":"post-9326","1":"post","2":"type-post","3":"status-publish","4":"format-standard","5":"has-post-thumbnail","7":"category-formaciones","8":"tag-bachibac","9":"czr-hentry"},"jetpack_publicize_connections":[],"jetpack_featured_media_url":"https:\/\/i0.wp.com\/cepronda.com\/blog\/wp-content\/uploads\/2026\/02\/bachibac.jpg?fit=526%2C526&ssl=1","jetpack_shortlink":"https:\/\/wp.me\/p8M4X7-2qq","jetpack-related-posts":[{"id":8742,"url":"https:\/\/cepronda.com\/blog\/curso-escolar-2025-2026\/","url_meta":{"origin":9326,"position":0},"title":"CURSO ESCOLAR 2025\/2026","author":"Mamen Moreno","date":"2 septiembre, 2025","format":false,"excerpt":"\u00a1Comienza la aventura! Bienvenidos al curso 2025\/2026. Comenzamos un nuevo curso con ilusi\u00f3n, compromiso y ganas de seguir aprendiendo juntos.","rel":"","context":"En \u00abNoticias\u00bb","block_context":{"text":"Noticias","link":"https:\/\/cepronda.com\/blog\/category\/noticias\/"},"img":{"alt_text":"","src":"https:\/\/i0.wp.com\/cepronda.com\/blog\/wp-content\/uploads\/2025\/09\/post-de-instagram-bienvenido-septiembre-amarillo-3.png?fit=960%2C1200&ssl=1&resize=350%2C200","width":350,"height":200,"srcset":"https:\/\/i0.wp.com\/cepronda.com\/blog\/wp-content\/uploads\/2025\/09\/post-de-instagram-bienvenido-septiembre-amarillo-3.png?fit=960%2C1200&ssl=1&resize=350%2C200 1x, https:\/\/i0.wp.com\/cepronda.com\/blog\/wp-content\/uploads\/2025\/09\/post-de-instagram-bienvenido-septiembre-amarillo-3.png?fit=960%2C1200&ssl=1&resize=525%2C300 1.5x, https:\/\/i0.wp.com\/cepronda.com\/blog\/wp-content\/uploads\/2025\/09\/post-de-instagram-bienvenido-septiembre-amarillo-3.png?fit=960%2C1200&ssl=1&resize=700%2C400 2x"},"classes":[]},{"id":9203,"url":"https:\/\/cepronda.com\/blog\/curso-regional-a-distancia-curso-para-profesorado-de-area-no-linguistica-en-ingles\/","url_meta":{"origin":9326,"position":1},"title":"CURSO REGIONAL A DISTANCIA: CURSO PARA PROFESORADO DE \u00c1REA NO LING\u00dc\u00cdSTICA EN INGL\u00c9S","author":"Encarni Jim\u00e9nez Rosado","date":"13 enero, 2026","format":false,"excerpt":"Abierto plazo de inscripci\u00f3n para curso \u201cREGIONAL A DISTANCIA: CURSO PARA PROFESORADO DE \u00c1REA NO LING\u00dc\u00cdSTICA EN INGL\u00c9S\u201d. C\u00f3digo: 26K9926AV156. Dirigido al profesorado de \u00e1reas no ling\u00fc\u00edsticas de centro biling\u00fces de Andaluc\u00eda. Inscripci\u00f3n: 07\/01\/2026 al 21\/01\/2026. Fecha de realizaci\u00f3n de la actividad 27\/01\/2026 hasta 26\/03\/2026. M\u00e1s informaci\u00f3n e inscripci\u00f3n: https:\/\/secretariavirtual.juntadeandalucia.es\/secretariavirtual\/consultaCEP\/actividad\/26K9926AV156\/","rel":"","context":"En \u00abFormaciones\u00bb","block_context":{"text":"Formaciones","link":"https:\/\/cepronda.com\/blog\/category\/formaciones\/"},"img":{"alt_text":"","src":"","width":0,"height":0},"classes":[]},{"id":9182,"url":"https:\/\/cepronda.com\/blog\/curso-formacion-en-debate-academico-jurados-curso-25-26\/","url_meta":{"origin":9326,"position":2},"title":"CURSO FORMACI\u00d3N EN DEBATE ACAD\u00c9MICO: JURADOS. CURSO 25-26","author":"Encarni Jim\u00e9nez Rosado","date":"13 enero, 2026","format":false,"excerpt":"Abierto el plazo de inscripci\u00f3n para el curso \"FORMACI\u00d3N EN DEBATE ACAD\u00c9MICO: JURADOS. CURSO 25-26\" Dirigido a: Profesorado de Educaci\u00f3n Secundaria Obligatoria, Bachillerato, FP de Grado Medio. Inscripci\u00f3n: desde 13\/01\/2026 a 23\/01\/2026 Actividad: 27\/01\/2026 a 27\/02\/2026 Duraci\u00f3n: 12 horas (9 presenciales + 3 no presenciales) Lugar: Webex (de 16:00 a\u2026","rel":"","context":"En \u00abNoticias\u00bb","block_context":{"text":"Noticias","link":"https:\/\/cepronda.com\/blog\/category\/noticias\/"},"img":{"alt_text":"","src":"","width":0,"height":0},"classes":[]},{"id":7935,"url":"https:\/\/cepronda.com\/blog\/curso-edicion-davinci-resolve-para-ensenanzas-are\/","url_meta":{"origin":9326,"position":3},"title":"CURSO EDICI\u00d3N DAVINCI RESOLVE PARA ENSE\u00d1ANZAS ARE","author":"Mamen Moreno","date":"13 diciembre, 2024","format":false,"excerpt":"Abierta la inscripci\u00f3n del curso presencial provincial organizado por el CEP de M\u00e1laga CURSO EDICI\u00d3N DAVINCI RESOLVE PARA ENSE\u00d1ANZAS ARE C\u00f3digo: 252922GE091 Inscripciones:\u00a0desde el 12\/12\/2024 hasta 20\/01\/2025 Fecha de inicio y fin del curso:\u00a003\/02\/2025 -\u00a007\/02\/2025 Lugar de realizaci\u00f3n:\u00a0Escuela Superior de Arte Dram\u00e1tico de M\u00e1laga Detalle e inscripci\u00f3n:\u00a0https:\/\/www.juntadeandalucia.es\/educacion\/secretariavirtual\/consultaCEP\/actividad\/252922GE091\/","rel":"","context":"En \u00abFormaciones\u00bb","block_context":{"text":"Formaciones","link":"https:\/\/cepronda.com\/blog\/category\/formaciones\/"},"img":{"alt_text":"","src":"https:\/\/i0.wp.com\/cepronda.com\/blog\/wp-content\/uploads\/2024\/12\/Cartel-DAVINCI.jpeg?fit=1080%2C1080&ssl=1&resize=350%2C200","width":350,"height":200,"srcset":"https:\/\/i0.wp.com\/cepronda.com\/blog\/wp-content\/uploads\/2024\/12\/Cartel-DAVINCI.jpeg?fit=1080%2C1080&ssl=1&resize=350%2C200 1x, https:\/\/i0.wp.com\/cepronda.com\/blog\/wp-content\/uploads\/2024\/12\/Cartel-DAVINCI.jpeg?fit=1080%2C1080&ssl=1&resize=525%2C300 1.5x, https:\/\/i0.wp.com\/cepronda.com\/blog\/wp-content\/uploads\/2024\/12\/Cartel-DAVINCI.jpeg?fit=1080%2C1080&ssl=1&resize=700%2C400 2x, https:\/\/i0.wp.com\/cepronda.com\/blog\/wp-content\/uploads\/2024\/12\/Cartel-DAVINCI.jpeg?fit=1080%2C1080&ssl=1&resize=1050%2C600 3x"},"classes":[]},{"id":5410,"url":"https:\/\/cepronda.com\/blog\/curso-el-museo-unicaja-joaquin-peinado-en-su-xx-aniversario-undecimo-curso-de-formacion\/","url_meta":{"origin":9326,"position":4},"title":"CURSO: EL MUSEO UNICAJA JOAQU\u00cdN PEINADO EN SU XX ANIVERSARIO. UND\u00c9CIMO CURSO DE FORMACI\u00d3N","author":"Antonio Montes","date":"8 septiembre, 2022","format":false,"excerpt":"Os informamos que se ha abierto el plazo de inscripci\u00f3n en el curso: EL MUSEO UNICAJA JOAQU\u00cdN PEINADO EN SU XX ANIVERSARIO. UND\u00c9CIMO CURSO DE FORMACI\u00d3N (C\u00f3digo: 232924GE004) Fechas de realizaci\u00f3n: del 20 de septiembre al 6 de octubre del 2022, en horario de 18:30 h a 20:00 h. Todas\u2026","rel":"","context":"En \u00abFormaciones\u00bb","block_context":{"text":"Formaciones","link":"https:\/\/cepronda.com\/blog\/category\/formaciones\/"},"img":{"alt_text":"","src":"https:\/\/i0.wp.com\/cepronda.com\/blog\/wp-content\/uploads\/2022\/09\/232924GE004-MUSEO-JOAQUIN-PEINADO.png?fit=848%2C1200&ssl=1&resize=350%2C200","width":350,"height":200,"srcset":"https:\/\/i0.wp.com\/cepronda.com\/blog\/wp-content\/uploads\/2022\/09\/232924GE004-MUSEO-JOAQUIN-PEINADO.png?fit=848%2C1200&ssl=1&resize=350%2C200 1x, https:\/\/i0.wp.com\/cepronda.com\/blog\/wp-content\/uploads\/2022\/09\/232924GE004-MUSEO-JOAQUIN-PEINADO.png?fit=848%2C1200&ssl=1&resize=525%2C300 1.5x, https:\/\/i0.wp.com\/cepronda.com\/blog\/wp-content\/uploads\/2022\/09\/232924GE004-MUSEO-JOAQUIN-PEINADO.png?fit=848%2C1200&ssl=1&resize=700%2C400 2x"},"classes":[]},{"id":2200,"url":"https:\/\/cepronda.com\/blog\/instrucciones-sobre-programas-educativos-para-el-proximo-curso-escolar\/","url_meta":{"origin":9326,"position":5},"title":"Instrucciones sobre Programas educativos para el pr\u00f3ximo curso escolar","author":"V\u00edctor Caballero","date":"26 junio, 2018","format":false,"excerpt":"\u00a1Hola familia! Pensando ya en el pr\u00f3ximo curso escolar os informamos que han salido publicadas las instrucciones por las que se efect\u00faa la convocatoria de programas educativos para el pr\u00f3ximo curso escolar. Para acceder a las mismas s\u00f3lo ten\u00e9is que seguir este enlace. Un saludo. \u00a0","rel":"","context":"En \u00abFormaciones\u00bb","block_context":{"text":"Formaciones","link":"https:\/\/cepronda.com\/blog\/category\/formaciones\/"},"img":{"alt_text":"","src":"https:\/\/i0.wp.com\/cepronda.com\/blog\/wp-content\/uploads\/2017\/05\/logo_ja_ce_mejor.jpg?fit=732%2C600&ssl=1&resize=350%2C200","width":350,"height":200,"srcset":"https:\/\/i0.wp.com\/cepronda.com\/blog\/wp-content\/uploads\/2017\/05\/logo_ja_ce_mejor.jpg?fit=732%2C600&ssl=1&resize=350%2C200 1x, https:\/\/i0.wp.com\/cepronda.com\/blog\/wp-content\/uploads\/2017\/05\/logo_ja_ce_mejor.jpg?fit=732%2C600&ssl=1&resize=525%2C300 1.5x, https:\/\/i0.wp.com\/cepronda.com\/blog\/wp-content\/uploads\/2017\/05\/logo_ja_ce_mejor.jpg?fit=732%2C600&ssl=1&resize=700%2C400 2x"},"classes":[]}],"jetpack_sharing_enabled":true,"_links":{"self":[{"href":"https:\/\/cepronda.com\/blog\/wp-json\/wp\/v2\/posts\/9326","targetHints":{"allow":["GET"]}}],"collection":[{"href":"https:\/\/cepronda.com\/blog\/wp-json\/wp\/v2\/posts"}],"about":[{"href":"https:\/\/cepronda.com\/blog\/wp-json\/wp\/v2\/types\/post"}],"author":[{"embeddable":true,"href":"https:\/\/cepronda.com\/blog\/wp-json\/wp\/v2\/users\/16"}],"replies":[{"embeddable":true,"href":"https:\/\/cepronda.com\/blog\/wp-json\/wp\/v2\/comments?post=9326"}],"version-history":[{"count":5,"href":"https:\/\/cepronda.com\/blog\/wp-json\/wp\/v2\/posts\/9326\/revisions"}],"predecessor-version":[{"id":9345,"href":"https:\/\/cepronda.com\/blog\/wp-json\/wp\/v2\/posts\/9326\/revisions\/9345"}],"wp:featuredmedia":[{"embeddable":true,"href":"https:\/\/cepronda.com\/blog\/wp-json\/wp\/v2\/media\/9341"}],"wp:attachment":[{"href":"https:\/\/cepronda.com\/blog\/wp-json\/wp\/v2\/media?parent=9326"}],"wp:term":[{"taxonomy":"category","embeddable":true,"href":"https:\/\/cepronda.com\/blog\/wp-json\/wp\/v2\/categories?post=9326"},{"taxonomy":"post_tag","embeddable":true,"href":"https:\/\/cepronda.com\/blog\/wp-json\/wp\/v2\/tags?post=9326"}],"curies":[{"name":"wp","href":"https:\/\/api.w.org\/{rel}","templated":true}]}}