{"id":9322,"date":"2026-01-29T17:22:40","date_gmt":"2026-01-29T16:22:40","guid":{"rendered":"https:\/\/cepronda.com\/blog\/?p=9322"},"modified":"2026-02-06T13:04:39","modified_gmt":"2026-02-06T12:04:39","slug":"concurso-cartel-anunciador-its-ronda-2025-26","status":"publish","type":"post","link":"https:\/\/cepronda.com\/blog\/concurso-cartel-anunciador-its-ronda-2025-26\/","title":{"rendered":"CONCURSO CARTEL ANUNCIADOR.  IT\u2019s Ronda 2025\/26"},"content":{"rendered":"<div>\n<div>\n<p>\u00bfVives en la Serran\u00eda de Ronda y te apasiona crear?<\/p>\n<\/div>\n<div>\n<p>Entonces, el Concurso de Cartel Anunciador para la V Feria de Inventos y Talentos, IT&#8217;s Ronda 2026, es tu oportunidad para brillar.<\/p>\n<\/div>\n<div>\n<p>\u00bfQui\u00e9n puede participar?<\/p>\n<\/div>\n<div>\n<p>Este concurso est\u00e1 abierto para estudiantes de educaci\u00f3n infantil, primaria, secundaria, bachillerato y FP de la Serran\u00eda de Ronda. Cada participante puede enviar un \u00fanico cartel.<\/p>\n<\/div>\n<div>\n<p>Condiciones del dise\u00f1o<\/p>\n<\/div>\n<div>\n<p>Queremos ver tu visi\u00f3n de la ciencia y el arte. Tienes libertad total de estilo (dibujo, foto o digital), solo aseg\u00farate de cumplir con esto:<\/p>\n<\/div>\n<ul>\n<li>Formato: Vertical, tama\u00f1o A4 y a todo color.<\/li>\n<li>Texto obligatorio en la cabecera: V Show de Inventos y Talentos. IT\u2019s Ronda.\n<ul>\n<li>22 y 23 de abril de 2026.<\/li>\n<li>Palacio de Congreso y exposiciones de Ronda<\/li>\n<\/ul>\n<\/li>\n<li>Originalidad: Nada de im\u00e1genes con copyright; \u00a1queremos algo 100% tuyo!<\/li>\n<\/ul>\n<div>\n<p>C\u00f3mo participar<\/p>\n<\/div>\n<div>\n<p>Manda tu propuesta en formato JPG a: inmaculadagarcia@cepronda.com<\/p>\n<\/div>\n<ul>\n<li>Asunto: Concurso Cartel IT\u2019S Ronda.<\/li>\n<li>En el mensaje: Indica tu nombre, colegio\/instituto, curso y el t\u00edtulo de tu obra.<\/li>\n<\/ul>\n<div>\n<p>Fecha l\u00edmite<\/p>\n<\/div>\n<div>\n<p>\u00a1No te quedes fuera! Tienes hasta el 28 de febrero de 2026 a las 23:59 horas para enviar tu propuesta.<\/p>\n<\/div>\n<div>\n<p>Premios<\/p>\n<\/div>\n<div>\n<p>Existen dos categor\u00edas de premios:<\/p>\n<\/div>\n<ul>\n<li>Categor\u00eda 1 para estudiantes de infantil y primaria.<\/li>\n<li>Categor\u00eda 2 para estudiantes de secundaria, FP y bachillerato.<\/li>\n<\/ul>\n<div>\n<p>El cartel oficial ser\u00e1 elegido entre los ganadores de cada categor\u00eda.<\/p>\n<\/div>\n<div>\n<p>Aspectos a tener en cuenta<\/p>\n<\/div>\n<div>\n<p>El jurado valorar\u00e1 la originalidad, creatividad, impacto visual, est\u00e9tica, mensaje, gram\u00e1tica y ortograf\u00eda del dise\u00f1o.<\/p>\n<\/div>\n<div>\n<p>Al participar, aceptas las bases del concurso y el tratamiento de datos conforme a la ley.<\/p>\n<\/div>\n<div>\n<p>Para m\u00e1s informaci\u00f3n, visita el blog del CEP de Ronda y sus redes sociales.<\/p>\n<\/div>\n<div>\n<p>\u00a1An\u00edmate a participar y deja que tu creatividad destaque en IT\u2019s Ronda 2026!<\/p>\n<\/div>\n<p><img data-recalc-dims=\"1\" loading=\"lazy\" decoding=\"async\" class=\"aligncenter wp-image-9324\" src=\"https:\/\/i0.wp.com\/cepronda.com\/blog\/wp-content\/uploads\/2026\/01\/de.jpg?resize=500%2C500&#038;ssl=1\" alt=\"\" width=\"500\" height=\"500\" srcset=\"https:\/\/i0.wp.com\/cepronda.com\/blog\/wp-content\/uploads\/2026\/01\/de.jpg?resize=1024%2C1024&amp;ssl=1 1024w, https:\/\/i0.wp.com\/cepronda.com\/blog\/wp-content\/uploads\/2026\/01\/de.jpg?resize=300%2C300&amp;ssl=1 300w, https:\/\/i0.wp.com\/cepronda.com\/blog\/wp-content\/uploads\/2026\/01\/de.jpg?resize=150%2C150&amp;ssl=1 150w, https:\/\/i0.wp.com\/cepronda.com\/blog\/wp-content\/uploads\/2026\/01\/de.jpg?resize=768%2C768&amp;ssl=1 768w, https:\/\/i0.wp.com\/cepronda.com\/blog\/wp-content\/uploads\/2026\/01\/de.jpg?w=1080&amp;ssl=1 1080w\" sizes=\"auto, (max-width: 500px) 100vw, 500px\" \/><\/p>\n<\/div>\n","protected":false},"excerpt":{"rendered":"<p>\u00bfVives en la Serran\u00eda de Ronda y te apasiona crear? Entonces, el Concurso de Cartel Anunciador para la V Feria de Inventos y Talentos, IT&#8217;s Ronda 2026, es tu oportunidad para brillar. \u00bfQui\u00e9n puede participar? Este concurso est\u00e1 abierto para estudiantes de educaci\u00f3n infantil, primaria, secundaria, bachillerato y FP de la Serran\u00eda de Ronda. Cada [&hellip;]<\/p>\n","protected":false},"author":9,"featured_media":9324,"comment_status":"closed","ping_status":"open","sticky":false,"template":"","format":"standard","meta":{"_crdt_document":"","advanced_seo_description":"","jetpack_seo_html_title":"","jetpack_seo_noindex":false,"jetpack_post_was_ever_published":false,"_jetpack_newsletter_access":"","_jetpack_dont_email_post_to_subs":false,"_jetpack_newsletter_tier_id":0,"_jetpack_memberships_contains_paywalled_content":false,"_jetpack_memberships_contains_paid_content":false,"footnotes":"","jetpack_publicize_message":"","jetpack_publicize_feature_enabled":true,"jetpack_social_post_already_shared":true,"jetpack_social_options":{"image_generator_settings":{"template":"highway","default_image_id":0,"font":"","enabled":false},"version":2}},"categories":[5],"tags":[466],"class_list":{"0":"post-9322","1":"post","2":"type-post","3":"status-publish","4":"format-standard","5":"has-post-thumbnail","7":"category-noticias","8":"tag-its-ronda-v-edicion-its-ronda","9":"czr-hentry"},"jetpack_publicize_connections":[],"jetpack_featured_media_url":"https:\/\/i0.wp.com\/cepronda.com\/blog\/wp-content\/uploads\/2026\/01\/de.jpg?fit=1080%2C1080&ssl=1","jetpack_shortlink":"https:\/\/wp.me\/p8M4X7-2qm","jetpack-related-posts":[{"id":7921,"url":"https:\/\/cepronda.com\/blog\/concurso-cartel-anunciador-its-ronda-2024-25\/","url_meta":{"origin":9322,"position":0},"title":"CONCURSO CARTEL ANUNCIADOR   IT\u2019s Ronda 2024\/25","author":"Inmaculada Garc\u00eda","date":"5 diciembre, 2024","format":false,"excerpt":"CONCURSO CARTEL ANUNCIADOR. \u00a0 Se convoca concurso para elegir el cartel que representar\u00e1 a la IV Feria de Inventos y Talentos, IT's Ronda 2025. \u00a0 \u00bfEres un joven talento de la Serran\u00eda de Ronda con pasi\u00f3n por el arte y la ciencia? Entonces, el Concurso de Cartel Anunciador para la\u2026","rel":"","context":"En \u00abNoticias\u00bb","block_context":{"text":"Noticias","link":"https:\/\/cepronda.com\/blog\/category\/noticias\/"},"img":{"alt_text":"","src":"https:\/\/i0.wp.com\/cepronda.com\/blog\/wp-content\/uploads\/2024\/12\/de-2.jpg?fit=1080%2C1080&ssl=1&resize=350%2C200","width":350,"height":200,"srcset":"https:\/\/i0.wp.com\/cepronda.com\/blog\/wp-content\/uploads\/2024\/12\/de-2.jpg?fit=1080%2C1080&ssl=1&resize=350%2C200 1x, https:\/\/i0.wp.com\/cepronda.com\/blog\/wp-content\/uploads\/2024\/12\/de-2.jpg?fit=1080%2C1080&ssl=1&resize=525%2C300 1.5x, https:\/\/i0.wp.com\/cepronda.com\/blog\/wp-content\/uploads\/2024\/12\/de-2.jpg?fit=1080%2C1080&ssl=1&resize=700%2C400 2x, https:\/\/i0.wp.com\/cepronda.com\/blog\/wp-content\/uploads\/2024\/12\/de-2.jpg?fit=1080%2C1080&ssl=1&resize=1050%2C600 3x"},"classes":[]},{"id":5726,"url":"https:\/\/cepronda.com\/blog\/convocatoria-de-concurso-de-carteles-its-ronda-2023\/","url_meta":{"origin":9322,"position":1},"title":"CONVOCATORIA DE CONCURSO DE CARTELES. IT\u2019S Ronda 2023","author":"Inmaculada Garc\u00eda","date":"10 diciembre, 2022","format":false,"excerpt":"Estamos calentando motores para la segunda edici\u00f3n de la FERIA DE INVENTOS Y TALENTOS. It\u00b4s Ronda 2023, y necesitamos el cartel para dicho evento, por lo que hemos convocado un concurso para el dise\u00f1o de la carteler\u00eda. FECHA L\u00cdMITE DE PRESENTACI\u00d3N: 30 de enero de 2023 a las 23:59 horas.\u2026","rel":"","context":"En \u00abNoticias\u00bb","block_context":{"text":"Noticias","link":"https:\/\/cepronda.com\/blog\/category\/noticias\/"},"img":{"alt_text":"","src":"https:\/\/i0.wp.com\/cepronda.com\/blog\/wp-content\/uploads\/2022\/03\/It%C2%B4s-Ronda.png?fit=848%2C1200&ssl=1&resize=350%2C200","width":350,"height":200,"srcset":"https:\/\/i0.wp.com\/cepronda.com\/blog\/wp-content\/uploads\/2022\/03\/It%C2%B4s-Ronda.png?fit=848%2C1200&ssl=1&resize=350%2C200 1x, https:\/\/i0.wp.com\/cepronda.com\/blog\/wp-content\/uploads\/2022\/03\/It%C2%B4s-Ronda.png?fit=848%2C1200&ssl=1&resize=525%2C300 1.5x, https:\/\/i0.wp.com\/cepronda.com\/blog\/wp-content\/uploads\/2022\/03\/It%C2%B4s-Ronda.png?fit=848%2C1200&ssl=1&resize=700%2C400 2x"},"classes":[]},{"id":9214,"url":"https:\/\/cepronda.com\/blog\/9214-2\/","url_meta":{"origin":9322,"position":2},"title":"PARTICIPA EN LA V EDICI\u00d3N DE LA FERIA DE INVENTOS Y TALENTOS. IT\u00b4s RONDA 2026.","author":"Encarni Jim\u00e9nez Rosado","date":"16 enero, 2026","format":false,"excerpt":"Queremos contar contigo en la V edici\u00f3n de la\u00a0Feria de Inventos y Talentos de Ronda, reci\u00e9n galardonada con el 3\u00ba Premio Joaqu\u00edn Guichot a la Innovaci\u00f3n Educativa. Se celebrar\u00e1 los d\u00edas 22 (mi\u00e9rcoles) y 23 (jueves) de abril de 2026. Buscamos mentes inquietas, inventores e inventoras del futuro y talentos\u2026","rel":"","context":"En \u00abNoticias\u00bb","block_context":{"text":"Noticias","link":"https:\/\/cepronda.com\/blog\/category\/noticias\/"},"img":{"alt_text":"","src":"https:\/\/i0.wp.com\/cepronda.com\/blog\/wp-content\/uploads\/2026\/01\/feria-2.jpg?fit=960%2C1200&ssl=1&resize=350%2C200","width":350,"height":200,"srcset":"https:\/\/i0.wp.com\/cepronda.com\/blog\/wp-content\/uploads\/2026\/01\/feria-2.jpg?fit=960%2C1200&ssl=1&resize=350%2C200 1x, https:\/\/i0.wp.com\/cepronda.com\/blog\/wp-content\/uploads\/2026\/01\/feria-2.jpg?fit=960%2C1200&ssl=1&resize=525%2C300 1.5x, https:\/\/i0.wp.com\/cepronda.com\/blog\/wp-content\/uploads\/2026\/01\/feria-2.jpg?fit=960%2C1200&ssl=1&resize=700%2C400 2x"},"classes":[]},{"id":7389,"url":"https:\/\/cepronda.com\/blog\/iii-feria-de-inventos-y-talentos-its-ronda-2024\/","url_meta":{"origin":9322,"position":3},"title":"III FERIA DE INVENTOS Y TALENTOS. It\u00b4s Ronda 2024","author":"Inmaculada Garc\u00eda","date":"18 enero, 2024","format":false,"excerpt":"\u00bfQuieres mostrar a la comunidad educativa de Ronda y la comarca el Proyecto que hac\u00e9is en vuestro centro? \u00bfHac\u00e9is actividades innovadoras, creativas o art\u00edsticas en vuestras aulas? \u00bfTe gustar\u00eda que tu alumnado tuviera un espacio donde mostrar su talento?... Desde el Centro del Profesorado de Ronda, en colaboraci\u00f3n con el\u2026","rel":"","context":"En \u00abNoticias\u00bb","block_context":{"text":"Noticias","link":"https:\/\/cepronda.com\/blog\/category\/noticias\/"},"img":{"alt_text":"","src":"https:\/\/i0.wp.com\/cepronda.com\/blog\/wp-content\/uploads\/2024\/01\/WhatsApp-Image-2023-03-21-at-11.39.26.jpg?fit=500%2C500&ssl=1&resize=350%2C200","width":350,"height":200},"classes":[]},{"id":7552,"url":"https:\/\/cepronda.com\/blog\/iii-feria-de-inventos-y-talentos-its-ronda-2024-2\/","url_meta":{"origin":9322,"position":4},"title":"III Feria de Inventos y Talentos. IT\u00b4S RONDA 2024.","author":"Mamen Moreno","date":"8 abril, 2024","format":false,"excerpt":"Desde el CEP de Ronda, nos complace invitaros a visitar la III Feria de Inventos y Talentos. IT\u00b4s RONDA 2024. Se desarrollar\u00e1 los d\u00edas jueves 25 de abril (centros de ESO y Bachillerato) y el viernes 26 de abril (centros de Educaci\u00f3n Infantil y Primaria). Os recordamos que ten\u00e9is hasta\u2026","rel":"","context":"En \u00abNoticias\u00bb","block_context":{"text":"Noticias","link":"https:\/\/cepronda.com\/blog\/category\/noticias\/"},"img":{"alt_text":"","src":"https:\/\/i0.wp.com\/cepronda.com\/blog\/wp-content\/uploads\/2024\/04\/IMAGEN-VIDEO.png?fit=1200%2C707&ssl=1&resize=350%2C200","width":350,"height":200,"srcset":"https:\/\/i0.wp.com\/cepronda.com\/blog\/wp-content\/uploads\/2024\/04\/IMAGEN-VIDEO.png?fit=1200%2C707&ssl=1&resize=350%2C200 1x, https:\/\/i0.wp.com\/cepronda.com\/blog\/wp-content\/uploads\/2024\/04\/IMAGEN-VIDEO.png?fit=1200%2C707&ssl=1&resize=525%2C300 1.5x, https:\/\/i0.wp.com\/cepronda.com\/blog\/wp-content\/uploads\/2024\/04\/IMAGEN-VIDEO.png?fit=1200%2C707&ssl=1&resize=700%2C400 2x, https:\/\/i0.wp.com\/cepronda.com\/blog\/wp-content\/uploads\/2024\/04\/IMAGEN-VIDEO.png?fit=1200%2C707&ssl=1&resize=1050%2C600 3x"},"classes":[]},{"id":5729,"url":"https:\/\/cepronda.com\/blog\/ii-feria-de-inventos-y-talentos-its-ronda-2023\/","url_meta":{"origin":9322,"position":5},"title":"II FERIA DE INVENTOS Y TALENTOS. It\u00b4s Ronda 2023","author":"Inmaculada Garc\u00eda","date":"23 enero, 2023","format":false,"excerpt":"\u00bfQuieres mostrar a la comunidad educativa de Ronda y la comarca el Proyecto que hac\u00e9is en vuestro centro? \u00bfHac\u00e9is actividades innovadoras, creativas o art\u00edsticas en vuestras aulas? \u00bfTe gustar\u00eda que tu alumnado tuviera un espacio donde mostrar su talento?...\u00a0 Desde el Centro del Profesorado de Ronda, en colaboraci\u00f3n con el\u2026","rel":"","context":"En \u00abNoticias\u00bb","block_context":{"text":"Noticias","link":"https:\/\/cepronda.com\/blog\/category\/noticias\/"},"img":{"alt_text":"","src":"https:\/\/i0.wp.com\/cepronda.com\/blog\/wp-content\/uploads\/2022\/03\/It%C2%B4s-Ronda.png?fit=848%2C1200&ssl=1&resize=350%2C200","width":350,"height":200,"srcset":"https:\/\/i0.wp.com\/cepronda.com\/blog\/wp-content\/uploads\/2022\/03\/It%C2%B4s-Ronda.png?fit=848%2C1200&ssl=1&resize=350%2C200 1x, https:\/\/i0.wp.com\/cepronda.com\/blog\/wp-content\/uploads\/2022\/03\/It%C2%B4s-Ronda.png?fit=848%2C1200&ssl=1&resize=525%2C300 1.5x, https:\/\/i0.wp.com\/cepronda.com\/blog\/wp-content\/uploads\/2022\/03\/It%C2%B4s-Ronda.png?fit=848%2C1200&ssl=1&resize=700%2C400 2x"},"classes":[]}],"jetpack_sharing_enabled":true,"_links":{"self":[{"href":"https:\/\/cepronda.com\/blog\/wp-json\/wp\/v2\/posts\/9322","targetHints":{"allow":["GET"]}}],"collection":[{"href":"https:\/\/cepronda.com\/blog\/wp-json\/wp\/v2\/posts"}],"about":[{"href":"https:\/\/cepronda.com\/blog\/wp-json\/wp\/v2\/types\/post"}],"author":[{"embeddable":true,"href":"https:\/\/cepronda.com\/blog\/wp-json\/wp\/v2\/users\/9"}],"replies":[{"embeddable":true,"href":"https:\/\/cepronda.com\/blog\/wp-json\/wp\/v2\/comments?post=9322"}],"version-history":[{"count":1,"href":"https:\/\/cepronda.com\/blog\/wp-json\/wp\/v2\/posts\/9322\/revisions"}],"predecessor-version":[{"id":9325,"href":"https:\/\/cepronda.com\/blog\/wp-json\/wp\/v2\/posts\/9322\/revisions\/9325"}],"wp:featuredmedia":[{"embeddable":true,"href":"https:\/\/cepronda.com\/blog\/wp-json\/wp\/v2\/media\/9324"}],"wp:attachment":[{"href":"https:\/\/cepronda.com\/blog\/wp-json\/wp\/v2\/media?parent=9322"}],"wp:term":[{"taxonomy":"category","embeddable":true,"href":"https:\/\/cepronda.com\/blog\/wp-json\/wp\/v2\/categories?post=9322"},{"taxonomy":"post_tag","embeddable":true,"href":"https:\/\/cepronda.com\/blog\/wp-json\/wp\/v2\/tags?post=9322"}],"curies":[{"name":"wp","href":"https:\/\/api.w.org\/{rel}","templated":true}]}}