{"id":9268,"date":"2026-01-28T11:59:05","date_gmt":"2026-01-28T10:59:05","guid":{"rendered":"https:\/\/cepronda.com\/blog\/?p=9268"},"modified":"2026-01-28T12:49:20","modified_gmt":"2026-01-28T11:49:20","slug":"9268-2","status":"publish","type":"post","link":"https:\/\/cepronda.com\/blog\/9268-2\/","title":{"rendered":"AGRADECIMIENTO AL CEIP SIERRA  DE LAS NIEVES"},"content":{"rendered":"<h3 data-start=\"116\" data-end=\"179\"><span style=\"font-family: 'Open Sans'; font-size: 16px;\">Desde el <\/span><strong style=\"font-family: 'Open Sans'; font-size: 16px;\" data-start=\"190\" data-end=\"225\">Centro del Profesorado de Ronda<\/strong><span style=\"font-family: 'Open Sans'; font-size: 16px;\"> queremos agradecer y reconocer el excelente trabajo que est\u00e1 realizando el <\/span><strong style=\"font-family: 'Open Sans'; font-size: 16px;\" data-start=\"301\" data-end=\"338\">CEIP Sierra de las Nieves<\/strong><span style=\"font-family: 'Open Sans'; font-size: 16px;\"> a trav\u00e9s de su proyecto de apadrinamiento escolar.<\/span><\/h3>\n<p data-start=\"391\" data-end=\"655\">Su labor educativa, basada en la solidaridad, el compromiso y el acompa\u00f1amiento, nos recuerda que la educaci\u00f3n es una herramienta transformadora que va m\u00e1s all\u00e1 del aula.<\/p>\n<p data-start=\"657\" data-end=\"845\">Nos sentimos orgullosos del compromiso del equipo docente y de toda la comunidad educativa.<\/p>\n<p data-start=\"847\" data-end=\"929\">Gracias por vuestra dedicaci\u00f3n y por demostrar que, juntos, educar es transformar.<\/p>\n<p data-start=\"847\" data-end=\"929\">En el siguiente <a href=\"https:\/\/www.instagram.com\/reel\/DUDT56CjMqi\/?igsh=MW9yeWUxdDlyczB4eA==\">ENLACE<\/a>\u00a0 ten\u00e9is un un v\u00eddeo de esta bonita experiencia.<\/p>\n<p data-start=\"847\" data-end=\"929\"><a href=\"https:\/\/www.facebook.com\/share\/r\/1C43rmkaZc\/\">Enlace al Facebook del CEIP Sierra de las Nieves<\/a><\/p>\n<p data-start=\"847\" data-end=\"929\">\n<p data-start=\"847\" data-end=\"929\"><img data-recalc-dims=\"1\" loading=\"lazy\" decoding=\"async\" class=\"aligncenter wp-image-9277\" src=\"https:\/\/i0.wp.com\/cepronda.com\/blog\/wp-content\/uploads\/2026\/01\/Copia-de-Copia-de-CEP-MOTOR-INTERNACIONALIZACION-PRIMEROS-PASOS.pptx.jpg?resize=500%2C625&#038;ssl=1\" alt=\"\" width=\"500\" height=\"625\" srcset=\"https:\/\/i0.wp.com\/cepronda.com\/blog\/wp-content\/uploads\/2026\/01\/Copia-de-Copia-de-CEP-MOTOR-INTERNACIONALIZACION-PRIMEROS-PASOS.pptx.jpg?resize=819%2C1024&amp;ssl=1 819w, https:\/\/i0.wp.com\/cepronda.com\/blog\/wp-content\/uploads\/2026\/01\/Copia-de-Copia-de-CEP-MOTOR-INTERNACIONALIZACION-PRIMEROS-PASOS.pptx.jpg?resize=240%2C300&amp;ssl=1 240w, https:\/\/i0.wp.com\/cepronda.com\/blog\/wp-content\/uploads\/2026\/01\/Copia-de-Copia-de-CEP-MOTOR-INTERNACIONALIZACION-PRIMEROS-PASOS.pptx.jpg?resize=768%2C960&amp;ssl=1 768w, https:\/\/i0.wp.com\/cepronda.com\/blog\/wp-content\/uploads\/2026\/01\/Copia-de-Copia-de-CEP-MOTOR-INTERNACIONALIZACION-PRIMEROS-PASOS.pptx.jpg?w=1080&amp;ssl=1 1080w\" sizes=\"auto, (max-width: 500px) 100vw, 500px\" \/><\/p>\n","protected":false},"excerpt":{"rendered":"<p>Desde el Centro del Profesorado de Ronda queremos agradecer y reconocer el excelente trabajo que est\u00e1 realizando el CEIP Sierra de las Nieves a trav\u00e9s de su proyecto de apadrinamiento escolar. Su labor educativa, basada en la solidaridad, el compromiso y el acompa\u00f1amiento, nos recuerda que la educaci\u00f3n es una herramienta transformadora que va m\u00e1s [&hellip;]<\/p>\n","protected":false},"author":16,"featured_media":9277,"comment_status":"closed","ping_status":"open","sticky":false,"template":"","format":"standard","meta":{"_crdt_document":"","advanced_seo_description":"","jetpack_seo_html_title":"","jetpack_seo_noindex":false,"jetpack_post_was_ever_published":false,"_jetpack_newsletter_access":"","_jetpack_dont_email_post_to_subs":false,"_jetpack_newsletter_tier_id":0,"_jetpack_memberships_contains_paywalled_content":false,"_jetpack_memberships_contains_paid_content":false,"footnotes":"","jetpack_publicize_message":"","jetpack_publicize_feature_enabled":true,"jetpack_social_post_already_shared":true,"jetpack_social_options":{"image_generator_settings":{"template":"highway","default_image_id":0,"font":"","enabled":false},"version":2}},"categories":[5],"tags":[],"class_list":{"0":"post-9268","1":"post","2":"type-post","3":"status-publish","4":"format-standard","5":"has-post-thumbnail","7":"category-noticias","8":"czr-hentry"},"jetpack_publicize_connections":[],"jetpack_featured_media_url":"https:\/\/i0.wp.com\/cepronda.com\/blog\/wp-content\/uploads\/2026\/01\/Copia-de-Copia-de-CEP-MOTOR-INTERNACIONALIZACION-PRIMEROS-PASOS.pptx.jpg?fit=1080%2C1350&ssl=1","jetpack_shortlink":"https:\/\/wp.me\/p8M4X7-2pu","jetpack-related-posts":[{"id":5743,"url":"https:\/\/cepronda.com\/blog\/proyecto-de-innovacion-educativa-del-ceip-san-agustin-el-burgo-vivir-y-sentir-el-burgo\/","url_meta":{"origin":9268,"position":0},"title":"PROYECTO DE INNOVACI\u00d3N EDUCATIVA DEL CEIP SAN AGUST\u00cdN (EL BURGO): \u00abVIVIR Y SENTIR EL BURGO\u00bb","author":"V\u00edctor Caballero","date":"27 enero, 2023","format":false,"excerpt":"Buenos d\u00edas. Quer\u00edamos dar difusi\u00f3n a un interesante proyecto de innovaci\u00f3n educativa de uno de nuestros centros de la zona del CEP de Ronda, el CEIP San Agust\u00edn (El Burgo) Con el proyecto se pretende, que el alumnado explore nuevas opciones y oportunidades que el olivar les pueda brindar en\u2026","rel":"","context":"En \u00abNoticias\u00bb","block_context":{"text":"Noticias","link":"https:\/\/cepronda.com\/blog\/category\/noticias\/"},"img":{"alt_text":"","src":"https:\/\/i0.wp.com\/cepronda.com\/blog\/wp-content\/uploads\/2023\/01\/Captura-de-pantalla-2023-01-27-a-las-14.21.03.png?fit=815%2C373&ssl=1&resize=350%2C200","width":350,"height":200,"srcset":"https:\/\/i0.wp.com\/cepronda.com\/blog\/wp-content\/uploads\/2023\/01\/Captura-de-pantalla-2023-01-27-a-las-14.21.03.png?fit=815%2C373&ssl=1&resize=350%2C200 1x, https:\/\/i0.wp.com\/cepronda.com\/blog\/wp-content\/uploads\/2023\/01\/Captura-de-pantalla-2023-01-27-a-las-14.21.03.png?fit=815%2C373&ssl=1&resize=525%2C300 1.5x, https:\/\/i0.wp.com\/cepronda.com\/blog\/wp-content\/uploads\/2023\/01\/Captura-de-pantalla-2023-01-27-a-las-14.21.03.png?fit=815%2C373&ssl=1&resize=700%2C400 2x"},"classes":[]},{"id":7609,"url":"https:\/\/cepronda.com\/blog\/celebrando-una-jornada-erasmus-de-colaboracion-educativa-en-el-ceip-virgen-de-la-concepcion-de-montejaque-con-una-experta-invitada-europea\/","url_meta":{"origin":9268,"position":1},"title":"\u00a1Celebrando una jornada Erasmus de colaboraci\u00f3n educativa en el CEIP Virgen de la Concepci\u00f3n de Montejaque, con una experta invitada europea!","author":"Inmaculada Garc\u00eda","date":"8 mayo, 2024","format":false,"excerpt":"El CEP de Ronda est\u00e1 de enhorabuena por haber coordinado y fomentado la jornada de trabajo con diversos centros de la zona, en colaboraci\u00f3n con la experta invitada europea del consorcio Erasmus MEP Rural, Vittoria Volterrani. El ambiente en el CEIP Virgen de la Concepci\u00f3n fue inspirador, con una acogida\u2026","rel":"","context":"En \u00abFormaciones\u00bb","block_context":{"text":"Formaciones","link":"https:\/\/cepronda.com\/blog\/category\/formaciones\/"},"img":{"alt_text":"","src":"https:\/\/i0.wp.com\/cepronda.com\/blog\/wp-content\/uploads\/2024\/05\/WhatsApp-Image-2024-05-08-at-12.20.15.jpeg?fit=1200%2C900&ssl=1&resize=350%2C200","width":350,"height":200,"srcset":"https:\/\/i0.wp.com\/cepronda.com\/blog\/wp-content\/uploads\/2024\/05\/WhatsApp-Image-2024-05-08-at-12.20.15.jpeg?fit=1200%2C900&ssl=1&resize=350%2C200 1x, https:\/\/i0.wp.com\/cepronda.com\/blog\/wp-content\/uploads\/2024\/05\/WhatsApp-Image-2024-05-08-at-12.20.15.jpeg?fit=1200%2C900&ssl=1&resize=525%2C300 1.5x, https:\/\/i0.wp.com\/cepronda.com\/blog\/wp-content\/uploads\/2024\/05\/WhatsApp-Image-2024-05-08-at-12.20.15.jpeg?fit=1200%2C900&ssl=1&resize=700%2C400 2x, https:\/\/i0.wp.com\/cepronda.com\/blog\/wp-content\/uploads\/2024\/05\/WhatsApp-Image-2024-05-08-at-12.20.15.jpeg?fit=1200%2C900&ssl=1&resize=1050%2C600 3x"},"classes":[]},{"id":3500,"url":"https:\/\/cepronda.com\/blog\/ideas-de-nuestros-centros-en-esta-primera-semana-de-confinamiento\/","url_meta":{"origin":9268,"position":2},"title":"Ideas de nuestros centros en esta primera semana de confinamiento","author":"V\u00edctor Caballero","date":"21 marzo, 2020","format":false,"excerpt":"Muy buenas, compartimos con todos y todas vosotras distintas iniciativas de distintos centros que nos est\u00e1n llegando, y que creemos que son muy interesantes y pueden ayudarnos en estos momentos tan complicados. V\u00eddeo de \u00e1nimo del CEIP Virgen de la Cabeza https:\/\/www.youtube.com\/watch?v=i_6gnaHD-5o&feature=youtu.be Reto de m\u00fasica del CEIP Virgen de la\u2026","rel":"","context":"En \u00abNoticias\u00bb","block_context":{"text":"Noticias","link":"https:\/\/cepronda.com\/blog\/category\/noticias\/"},"img":{"alt_text":"","src":"https:\/\/i0.wp.com\/cepronda.com\/blog\/wp-content\/uploads\/2020\/02\/Logo_twitter_cep_ronda-INSTITUCIONAL-Transparente.png?fit=546%2C563&ssl=1&resize=350%2C200","width":350,"height":200,"srcset":"https:\/\/i0.wp.com\/cepronda.com\/blog\/wp-content\/uploads\/2020\/02\/Logo_twitter_cep_ronda-INSTITUCIONAL-Transparente.png?fit=546%2C563&ssl=1&resize=350%2C200 1x, https:\/\/i0.wp.com\/cepronda.com\/blog\/wp-content\/uploads\/2020\/02\/Logo_twitter_cep_ronda-INSTITUCIONAL-Transparente.png?fit=546%2C563&ssl=1&resize=525%2C300 1.5x"},"classes":[]},{"id":9247,"url":"https:\/\/cepronda.com\/blog\/abriendo-puertas-a-europa-recibimos-a-nuestros-socios-portugueses-de-alijo-para-un-job-shadowing\/","url_meta":{"origin":9268,"position":3},"title":"Abriendo puertas a Europa. Recibimos a nuestros socios portugueses de Alij\u00f3 para un Job Shadowing.","author":"Maribel Mu\u00f1oz","date":"27 enero, 2026","format":false,"excerpt":"Esta semana, el Centro del Profesorado de Ronda se convierte en punto de encuentro internacional. Tenemos el placer de dar la bienvenida a cuatro docentes procedentes del Agrupamento de Escolas D. Sancho II, de la localidad de Alij\u00f3 (Portugal). Esta visita se enmarca dentro de la modalidad de Job Shadowing\u2026","rel":"","context":"En \u00abFormaciones\u00bb","block_context":{"text":"Formaciones","link":"https:\/\/cepronda.com\/blog\/category\/formaciones\/"},"img":{"alt_text":"","src":"https:\/\/i0.wp.com\/cepronda.com\/blog\/wp-content\/uploads\/2026\/01\/WhatsApp-Image-2026-01-26-at-17.35.33.jpeg?fit=900%2C1200&ssl=1&resize=350%2C200","width":350,"height":200,"srcset":"https:\/\/i0.wp.com\/cepronda.com\/blog\/wp-content\/uploads\/2026\/01\/WhatsApp-Image-2026-01-26-at-17.35.33.jpeg?fit=900%2C1200&ssl=1&resize=350%2C200 1x, https:\/\/i0.wp.com\/cepronda.com\/blog\/wp-content\/uploads\/2026\/01\/WhatsApp-Image-2026-01-26-at-17.35.33.jpeg?fit=900%2C1200&ssl=1&resize=525%2C300 1.5x, https:\/\/i0.wp.com\/cepronda.com\/blog\/wp-content\/uploads\/2026\/01\/WhatsApp-Image-2026-01-26-at-17.35.33.jpeg?fit=900%2C1200&ssl=1&resize=700%2C400 2x"},"classes":[]},{"id":2540,"url":"https:\/\/cepronda.com\/blog\/algunos-proyectos-del-ceip-virgen-de-la-cabeza\/","url_meta":{"origin":9268,"position":4},"title":"Algunos proyectos del CEIP Virgen de la Cabeza","author":"V\u00edctor Caballero","date":"14 diciembre, 2018","format":false,"excerpt":"Muy buenas familia, Una de las mayores recompensas que podemos tener de nuestras iniciativas formativas, es ver como va llegando a los centros y a su comunidad educativa lo trabajado en estas formaciones. El CEIP Virgen de la Cabeza se ha estado formando en este primer trimestre en el Aprendizaje\u2026","rel":"","context":"En \u00abNoticias\u00bb","block_context":{"text":"Noticias","link":"https:\/\/cepronda.com\/blog\/category\/noticias\/"},"img":{"alt_text":"","src":"https:\/\/i0.wp.com\/cepronda.com\/blog\/wp-content\/uploads\/2018\/09\/puzzle-210785_640.jpg?fit=640%2C480&ssl=1&resize=350%2C200","width":350,"height":200,"srcset":"https:\/\/i0.wp.com\/cepronda.com\/blog\/wp-content\/uploads\/2018\/09\/puzzle-210785_640.jpg?fit=640%2C480&ssl=1&resize=350%2C200 1x, https:\/\/i0.wp.com\/cepronda.com\/blog\/wp-content\/uploads\/2018\/09\/puzzle-210785_640.jpg?fit=640%2C480&ssl=1&resize=525%2C300 1.5x"},"classes":[]},{"id":1785,"url":"https:\/\/cepronda.com\/blog\/video-final-de-las-actividades-del-dia-del-libro-en-el-ceip-virgen-de-la-cabeza\/","url_meta":{"origin":9268,"position":5},"title":"V\u00eddeo final de las actividades del D\u00eda del Libro en el CEIP Virgen de la Cabeza","author":"V\u00edctor Caballero","date":"7 mayo, 2018","format":false,"excerpt":"Muy buenas,\u00a0 Como os cont\u00e1bamos hace un par de semanas en el CEIP Virgen de la Cabeza\u00a0 estaban realizando un trabajo magn\u00edfico entre el profesorado y el alumnado, tomando como eje el libro de \"La vuelta al mundo en 80 d\u00edas\". Me acaban de pasar el enlace al v\u00eddeo que\u2026","rel":"","context":"En \u00abNoticias\u00bb","block_context":{"text":"Noticias","link":"https:\/\/cepronda.com\/blog\/category\/noticias\/"},"img":{"alt_text":"","src":"https:\/\/i0.wp.com\/cepronda.com\/blog\/wp-content\/uploads\/2018\/04\/002Lisa-mascota-biblio7.jpg?fit=247%2C270&ssl=1&resize=350%2C200","width":350,"height":200},"classes":[]}],"jetpack_sharing_enabled":true,"_links":{"self":[{"href":"https:\/\/cepronda.com\/blog\/wp-json\/wp\/v2\/posts\/9268","targetHints":{"allow":["GET"]}}],"collection":[{"href":"https:\/\/cepronda.com\/blog\/wp-json\/wp\/v2\/posts"}],"about":[{"href":"https:\/\/cepronda.com\/blog\/wp-json\/wp\/v2\/types\/post"}],"author":[{"embeddable":true,"href":"https:\/\/cepronda.com\/blog\/wp-json\/wp\/v2\/users\/16"}],"replies":[{"embeddable":true,"href":"https:\/\/cepronda.com\/blog\/wp-json\/wp\/v2\/comments?post=9268"}],"version-history":[{"count":6,"href":"https:\/\/cepronda.com\/blog\/wp-json\/wp\/v2\/posts\/9268\/revisions"}],"predecessor-version":[{"id":9278,"href":"https:\/\/cepronda.com\/blog\/wp-json\/wp\/v2\/posts\/9268\/revisions\/9278"}],"wp:featuredmedia":[{"embeddable":true,"href":"https:\/\/cepronda.com\/blog\/wp-json\/wp\/v2\/media\/9277"}],"wp:attachment":[{"href":"https:\/\/cepronda.com\/blog\/wp-json\/wp\/v2\/media?parent=9268"}],"wp:term":[{"taxonomy":"category","embeddable":true,"href":"https:\/\/cepronda.com\/blog\/wp-json\/wp\/v2\/categories?post=9268"},{"taxonomy":"post_tag","embeddable":true,"href":"https:\/\/cepronda.com\/blog\/wp-json\/wp\/v2\/tags?post=9268"}],"curies":[{"name":"wp","href":"https:\/\/api.w.org\/{rel}","templated":true}]}}