{"id":9263,"date":"2026-01-28T11:09:20","date_gmt":"2026-01-28T10:09:20","guid":{"rendered":"https:\/\/cepronda.com\/blog\/?p=9263"},"modified":"2026-01-28T13:14:54","modified_gmt":"2026-01-28T12:14:54","slug":"9263-2","status":"publish","type":"post","link":"https:\/\/cepronda.com\/blog\/9263-2\/","title":{"rendered":"RESPUESTA EDUCATIVA AL ALUMNADO CON ALTAS CAPACIDADES: PROGRAMAS DE PROFUNDIZACI\u00d3N"},"content":{"rendered":"<p>Se abre plazo de inscripci\u00f3n para el curso \u201c<strong>RESPUESTA EDUCATIVA AL ALUMNADO CON ALTAS CAPACIDADES: PROGRAMAS DE PROFUNDIZACI\u00d3N\u201d, <\/strong>con c\u00f3digo: <a href=\"https:\/\/secretariavirtual.juntadeandalucia.es\/secretariavirtual\/consultaCEP\/actividad\/262923GE801\/\">262923GE801<\/a>.<\/p>\n<p><strong>Duraci\u00f3n:<\/strong><\/p>\n<ul>\n<li>3 sesiones por videoconferencia.<\/p>\n<\/li>\n<li>\n<p>6 horas de tareas tutorizadas en el AVFP<\/p>\n<\/li>\n<\/ul>\n<p><strong>Inscripci\u00f3n:<\/strong>\u00a0<span dir=\"ltr\">27 enero &#8211; 17 febrero<\/span><br \/>\n<strong>Sesiones: <\/strong>11, 18, <span dir=\"ltr\">25 marzo &#8211; 17:00<\/span> <span dir=\"ltr\">a 19:00<\/span><\/p>\n<p>Informaci\u00f3n e inscripci\u00f3n: <a href=\"https:\/\/secretariavirtual.juntadeandalucia.es\/secretariavirtual\/consultaCEP\/actividad\/262923GE801\/\">https:\/\/secretariavirtual.juntadeandalucia.es\/secretariavirtual\/consultaCEP\/actividad\/262923GE801\/<\/a><\/p>\n<p>&nbsp;<\/p>\n<p><a href=\"https:\/\/secretariavirtual.juntadeandalucia.es\/secretariavirtual\/consultaCEP\/actividad\/262923GE801\/\"><img data-recalc-dims=\"1\" loading=\"lazy\" decoding=\"async\" class=\"aligncenter wp-image-9281\" src=\"https:\/\/i0.wp.com\/cepronda.com\/blog\/wp-content\/uploads\/2026\/01\/aci.png?resize=500%2C498&#038;ssl=1\" alt=\"\" width=\"500\" height=\"498\" srcset=\"https:\/\/i0.wp.com\/cepronda.com\/blog\/wp-content\/uploads\/2026\/01\/aci.png?w=822&amp;ssl=1 822w, https:\/\/i0.wp.com\/cepronda.com\/blog\/wp-content\/uploads\/2026\/01\/aci.png?resize=300%2C300&amp;ssl=1 300w, https:\/\/i0.wp.com\/cepronda.com\/blog\/wp-content\/uploads\/2026\/01\/aci.png?resize=150%2C150&amp;ssl=1 150w, https:\/\/i0.wp.com\/cepronda.com\/blog\/wp-content\/uploads\/2026\/01\/aci.png?resize=768%2C764&amp;ssl=1 768w\" sizes=\"auto, (max-width: 500px) 100vw, 500px\" \/><\/a><\/p>\n","protected":false},"excerpt":{"rendered":"<p>Se abre plazo de inscripci\u00f3n para el curso \u201cRESPUESTA EDUCATIVA AL ALUMNADO CON ALTAS CAPACIDADES: PROGRAMAS DE PROFUNDIZACI\u00d3N\u201d, con c\u00f3digo: 262923GE801. Duraci\u00f3n: 3 sesiones por videoconferencia. 6 horas de tareas tutorizadas en el AVFP Inscripci\u00f3n:\u00a027 enero &#8211; 17 febrero Sesiones: 11, 18, 25 marzo &#8211; 17:00 a 19:00 Informaci\u00f3n e inscripci\u00f3n: https:\/\/secretariavirtual.juntadeandalucia.es\/secretariavirtual\/consultaCEP\/actividad\/262923GE801\/ &nbsp;<\/p>\n","protected":false},"author":16,"featured_media":9281,"comment_status":"closed","ping_status":"open","sticky":false,"template":"","format":"standard","meta":{"_crdt_document":"","advanced_seo_description":"","jetpack_seo_html_title":"","jetpack_seo_noindex":false,"jetpack_post_was_ever_published":false,"_jetpack_newsletter_access":"","_jetpack_dont_email_post_to_subs":false,"_jetpack_newsletter_tier_id":0,"_jetpack_memberships_contains_paywalled_content":false,"_jetpack_memberships_contains_paid_content":false,"footnotes":"","jetpack_publicize_message":"","jetpack_publicize_feature_enabled":true,"jetpack_social_post_already_shared":true,"jetpack_social_options":{"image_generator_settings":{"template":"highway","default_image_id":0,"font":"","enabled":false},"version":2}},"categories":[3],"tags":[7,461],"class_list":{"0":"post-9263","1":"post","2":"type-post","3":"status-publish","4":"format-standard","5":"has-post-thumbnail","7":"category-formaciones","8":"tag-altas-capacidades","9":"tag-atencion-a-las-necesidades-educativas","10":"czr-hentry"},"jetpack_publicize_connections":[],"jetpack_featured_media_url":"https:\/\/i0.wp.com\/cepronda.com\/blog\/wp-content\/uploads\/2026\/01\/aci.png?fit=822%2C818&ssl=1","jetpack_shortlink":"https:\/\/wp.me\/p8M4X7-2pp","jetpack-related-posts":[{"id":4378,"url":"https:\/\/cepronda.com\/blog\/atencion-educativa-al-alumnado-de-altas-capacidades\/","url_meta":{"origin":9263,"position":0},"title":"Atenci\u00f3n Educativa al Alumnado de Altas Capacidades","author":"Inmaculada Garc\u00eda","date":"7 abril, 2021","format":false,"excerpt":"La pr\u00f3xima semana dar\u00e1 comienzo la formaci\u00f3n \"Atenci\u00f3n Educativa al Alumnado de Altas Capacidades\". En esta ocasi\u00f3n contamos con la Asociaci\u00f3n ASA- M\u00e1laga para impartirla. Entre nuestros ponentes vamos a tener a: Laura D\u00edaz (responsable de formaci\u00f3n de ASA- M\u00e1laga) Laura Caparr\u00f3s\u00a0 (especialista en atenci\u00f3n educativa a alumnado de AACC)\u2026","rel":"","context":"En \u00abFormaciones\u00bb","block_context":{"text":"Formaciones","link":"https:\/\/cepronda.com\/blog\/category\/formaciones\/"},"img":{"alt_text":"","src":"https:\/\/i0.wp.com\/cepronda.com\/blog\/wp-content\/uploads\/2021\/04\/212924GE025-CARTEL-ALTAS-CAPACIDADES.jpg?fit=848%2C1200&ssl=1&resize=350%2C200","width":350,"height":200,"srcset":"https:\/\/i0.wp.com\/cepronda.com\/blog\/wp-content\/uploads\/2021\/04\/212924GE025-CARTEL-ALTAS-CAPACIDADES.jpg?fit=848%2C1200&ssl=1&resize=350%2C200 1x, https:\/\/i0.wp.com\/cepronda.com\/blog\/wp-content\/uploads\/2021\/04\/212924GE025-CARTEL-ALTAS-CAPACIDADES.jpg?fit=848%2C1200&ssl=1&resize=525%2C300 1.5x, https:\/\/i0.wp.com\/cepronda.com\/blog\/wp-content\/uploads\/2021\/04\/212924GE025-CARTEL-ALTAS-CAPACIDADES.jpg?fit=848%2C1200&ssl=1&resize=700%2C400 2x"},"classes":[]},{"id":4415,"url":"https:\/\/cepronda.com\/blog\/atencion-al-alumnado-con-altas-capacidades-intelectuales-aaccii\/","url_meta":{"origin":9263,"position":1},"title":"ATENCI\u00d3N AL ALUMNADO CON ALTAS CAPACIDADES INTELECTUALES (AACCII)","author":"Inmaculada Garc\u00eda","date":"15 abril, 2021","format":false,"excerpt":"Os informamos que est\u00e1 abierto el plazo de inscripci\u00f3n (hasta el 26 de abril) de la formaci\u00f3n \u201cATENCI\u00d3N AL ALUMNADO CON ALTAS CAPACIDADES INTELECTUALES (AACCII)(219908KOE278)\u201d. Es un curso a distancia que se desarrollar\u00e1 en el Aula Virtual de Formaci\u00f3n del Profesorado, de car\u00e1cter regional y gestionada por el CEP de\u2026","rel":"","context":"En \u00abFormaciones\u00bb","block_context":{"text":"Formaciones","link":"https:\/\/cepronda.com\/blog\/category\/formaciones\/"},"img":{"alt_text":"","src":"https:\/\/i0.wp.com\/cepronda.com\/blog\/wp-content\/uploads\/2021\/04\/article.jpg?resize=350%2C200","width":350,"height":200},"classes":[]},{"id":2714,"url":"https:\/\/cepronda.com\/blog\/inteligencia-emocional-y-altas-capacidades-areas-esenciales-en-la-actividad-docente\/","url_meta":{"origin":9263,"position":2},"title":"INTELIGENCIA EMOCIONAL Y ALTAS CAPACIDADES. \u00c1REAS ESENCIALES EN LA ACTIVIDAD DOCENTE.","author":"V\u00edctor Caballero","date":"5 abril, 2019","format":false,"excerpt":"Hola de nuevo, Abrimos tambi\u00e9n el plazo de inscripci\u00f3n para esta actividad formativa est\u00e1 especialmente dirigida al profesorado de ense\u00f1anzas de R\u00e9gimen Especial(M\u00fasica), aunque queda abierta a todos los docentes interesados en la tem\u00e1tica a tratar. Busca realizar un acercamiento a la Inteligencia Emocional como elemento fundamental para la motivaci\u00f3n\u2026","rel":"","context":"En \u00abFormaciones\u00bb","block_context":{"text":"Formaciones","link":"https:\/\/cepronda.com\/blog\/category\/formaciones\/"},"img":{"alt_text":"","src":"https:\/\/i0.wp.com\/cepronda.com\/blog\/wp-content\/uploads\/2019\/04\/IE_y_AACC.png?fit=911%2C813&ssl=1&resize=350%2C200","width":350,"height":200,"srcset":"https:\/\/i0.wp.com\/cepronda.com\/blog\/wp-content\/uploads\/2019\/04\/IE_y_AACC.png?fit=911%2C813&ssl=1&resize=350%2C200 1x, https:\/\/i0.wp.com\/cepronda.com\/blog\/wp-content\/uploads\/2019\/04\/IE_y_AACC.png?fit=911%2C813&ssl=1&resize=525%2C300 1.5x, https:\/\/i0.wp.com\/cepronda.com\/blog\/wp-content\/uploads\/2019\/04\/IE_y_AACC.png?fit=911%2C813&ssl=1&resize=700%2C400 2x"},"classes":[]},{"id":485,"url":"https:\/\/cepronda.com\/blog\/curso-trabajar-en-el-aula-con-alumnado-de-altas-capacidades\/","url_meta":{"origin":9263,"position":3},"title":"Curso \u00abTrabajar en el aula con alumnado de altas capacidades\u00bb","author":"V\u00edctor Caballero","date":"13 diciembre, 2016","format":false,"excerpt":"\u00a1Y seguimos en marcha! \u00a1No nos paran! Ahora continuamos con otro curso dirigido a aquellos docentes que est\u00e9n interesados en la atenci\u00f3n al alumnado con altas capacidades intelectuales, con el objetivo principal de adquirir los mecanismos y medios adecuados para dar una \u00f3ptima respuesta a las necesidades educativas de este\u2026","rel":"","context":"En \u00abFormaciones\u00bb","block_context":{"text":"Formaciones","link":"https:\/\/cepronda.com\/blog\/category\/formaciones\/"},"img":{"alt_text":"sunset-485016_640","src":"https:\/\/i0.wp.com\/cepronda.com\/blog\/wp-content\/uploads\/2016\/12\/sunset-485016_640.png?resize=350%2C200","width":350,"height":200,"srcset":"https:\/\/i0.wp.com\/cepronda.com\/blog\/wp-content\/uploads\/2016\/12\/sunset-485016_640.png?resize=350%2C200 1x, https:\/\/i0.wp.com\/cepronda.com\/blog\/wp-content\/uploads\/2016\/12\/sunset-485016_640.png?resize=525%2C300 1.5x"},"classes":[]},{"id":5639,"url":"https:\/\/cepronda.com\/blog\/curso-provincial-respuesta-educativa-para-el-alumnado-con-dislexia-en-el-aula-ordinaria\/","url_meta":{"origin":9263,"position":4},"title":"CURSO PROVINCIAL \u201cRESPUESTA\u00a0EDUCATIVA\u00a0PARA\u00a0EL\u00a0ALUMNADO\u00a0CON\u00a0DISLEXIA\u00a0EN\u00a0EL\u00a0AULA\u00a0ORDINARIA\u201d\u00a0","author":"Inmaculada Garc\u00eda","date":"5 diciembre, 2022","format":false,"excerpt":"Os informamos que est\u00e1 abierto el plazo de inscripci\u00f3n para el curso de \u00e1mbito provincial: \u201cRESPUESTA EDUCATIVA PARA EL ALUMNADO CON DISLEXIA EN EL AULA ORDINARIA\u201d\u00a0 con c\u00f3digo 232925GE604, que tendr\u00e1 lugar mediante videoconferencia, con Gracia Jim\u00e9nez como ponente. Fechas de realizaci\u00f3n: 12, 18, 24 de enero y 1 de\u2026","rel":"","context":"En \u00abFormaciones\u00bb","block_context":{"text":"Formaciones","link":"https:\/\/cepronda.com\/blog\/category\/formaciones\/"},"img":{"alt_text":"","src":"https:\/\/i0.wp.com\/cepronda.com\/blog\/wp-content\/uploads\/2022\/12\/WhatsApp-Image-2022-12-05-at-13.07.20.jpeg?fit=848%2C1200&ssl=1&resize=350%2C200","width":350,"height":200,"srcset":"https:\/\/i0.wp.com\/cepronda.com\/blog\/wp-content\/uploads\/2022\/12\/WhatsApp-Image-2022-12-05-at-13.07.20.jpeg?fit=848%2C1200&ssl=1&resize=350%2C200 1x, https:\/\/i0.wp.com\/cepronda.com\/blog\/wp-content\/uploads\/2022\/12\/WhatsApp-Image-2022-12-05-at-13.07.20.jpeg?fit=848%2C1200&ssl=1&resize=525%2C300 1.5x, https:\/\/i0.wp.com\/cepronda.com\/blog\/wp-content\/uploads\/2022\/12\/WhatsApp-Image-2022-12-05-at-13.07.20.jpeg?fit=848%2C1200&ssl=1&resize=700%2C400 2x"},"classes":[]},{"id":5119,"url":"https:\/\/cepronda.com\/blog\/atencion-educativa-domiciliaria-del-alumnado-en-situacion-de-enfermedad\/","url_meta":{"origin":9263,"position":5},"title":"ATENCI\u00d3N EDUCATIVA DOMICILIARIA DEL ALUMNADO EN SITUACI\u00d3N DE ENFERMEDAD","author":"Maribel Mu\u00f1oz","date":"16 febrero, 2022","format":false,"excerpt":"Buenas tardes compa\u00f1eras y compa\u00f1eros Os informamos que ma\u00f1ana se abre el plazo de\u00a0 inscripci\u00f3n del\u00a0 CURSO REGIONAL A DISTANCIA : ATENCI\u00d3N EDUCATIVA DOMICILIARIA DEL ALUMNADO EN SITUACI\u00d3N DE ENFERMEDAD C\u00f3digo: 229922PF375 Inscripciones: 17\/02\/2022 hasta 03\/03\/2022 Duraci\u00f3n del curso: 16\/03\/2022 hasta 10\/05\/2022 Lugar de realizaci\u00f3n: AVFP (Aula virtual de formaci\u00f3n\u2026","rel":"","context":"En \u00abFormaciones\u00bb","block_context":{"text":"Formaciones","link":"https:\/\/cepronda.com\/blog\/category\/formaciones\/"},"img":{"alt_text":"","src":"https:\/\/i0.wp.com\/cepronda.com\/blog\/wp-content\/uploads\/2022\/02\/Cartel-Nuevo.jpg?fit=530%2C747&ssl=1&resize=350%2C200","width":350,"height":200,"srcset":"https:\/\/i0.wp.com\/cepronda.com\/blog\/wp-content\/uploads\/2022\/02\/Cartel-Nuevo.jpg?fit=530%2C747&ssl=1&resize=350%2C200 1x, https:\/\/i0.wp.com\/cepronda.com\/blog\/wp-content\/uploads\/2022\/02\/Cartel-Nuevo.jpg?fit=530%2C747&ssl=1&resize=525%2C300 1.5x"},"classes":[]}],"jetpack_sharing_enabled":true,"_links":{"self":[{"href":"https:\/\/cepronda.com\/blog\/wp-json\/wp\/v2\/posts\/9263","targetHints":{"allow":["GET"]}}],"collection":[{"href":"https:\/\/cepronda.com\/blog\/wp-json\/wp\/v2\/posts"}],"about":[{"href":"https:\/\/cepronda.com\/blog\/wp-json\/wp\/v2\/types\/post"}],"author":[{"embeddable":true,"href":"https:\/\/cepronda.com\/blog\/wp-json\/wp\/v2\/users\/16"}],"replies":[{"embeddable":true,"href":"https:\/\/cepronda.com\/blog\/wp-json\/wp\/v2\/comments?post=9263"}],"version-history":[{"count":5,"href":"https:\/\/cepronda.com\/blog\/wp-json\/wp\/v2\/posts\/9263\/revisions"}],"predecessor-version":[{"id":9283,"href":"https:\/\/cepronda.com\/blog\/wp-json\/wp\/v2\/posts\/9263\/revisions\/9283"}],"wp:featuredmedia":[{"embeddable":true,"href":"https:\/\/cepronda.com\/blog\/wp-json\/wp\/v2\/media\/9281"}],"wp:attachment":[{"href":"https:\/\/cepronda.com\/blog\/wp-json\/wp\/v2\/media?parent=9263"}],"wp:term":[{"taxonomy":"category","embeddable":true,"href":"https:\/\/cepronda.com\/blog\/wp-json\/wp\/v2\/categories?post=9263"},{"taxonomy":"post_tag","embeddable":true,"href":"https:\/\/cepronda.com\/blog\/wp-json\/wp\/v2\/tags?post=9263"}],"curies":[{"name":"wp","href":"https:\/\/api.w.org\/{rel}","templated":true}]}}