{"id":9247,"date":"2026-01-27T10:54:41","date_gmt":"2026-01-27T09:54:41","guid":{"rendered":"https:\/\/cepronda.com\/blog\/?p=9247"},"modified":"2026-01-27T10:57:03","modified_gmt":"2026-01-27T09:57:03","slug":"abriendo-puertas-a-europa-recibimos-a-nuestros-socios-portugueses-de-alijo-para-un-job-shadowing","status":"publish","type":"post","link":"https:\/\/cepronda.com\/blog\/abriendo-puertas-a-europa-recibimos-a-nuestros-socios-portugueses-de-alijo-para-un-job-shadowing\/","title":{"rendered":"Abriendo puertas a Europa. Recibimos a nuestros socios portugueses de Alij\u00f3 para un Job Shadowing."},"content":{"rendered":"<p><span style=\"font-weight: 400;\">Esta semana, el Centro del Profesorado de Ronda se convierte en punto de encuentro internacional. Tenemos el placer de dar la bienvenida a cuatro docentes procedentes del Agrupamento de Escolas D. Sancho II, de la localidad de Alij\u00f3 (Portugal).<\/span><\/p>\n<p><span style=\"font-weight: 400;\">Esta visita se enmarca dentro de la modalidad de Job Shadowing y forma parte de las acciones estrat\u00e9gicas de nuestro Consorcio del CEP de Ronda, del cual nuestros colegas portugueses son socios activos.<\/span><\/p>\n<p><span style=\"font-weight: 400;\">El objetivo principal de esta estancia es el intercambio de buenas pr\u00e1cticas docentes y la observaci\u00f3n directa de metodolog\u00edas en nuestras aulas. Adem\u00e1s de conocer el funcionamiento y las instalaciones del propio CEP, nuestros socios portugueses est\u00e1n realizando un recorrido por diversos centros educativos de nuestra zona de actuaci\u00f3n.<\/span><\/p>\n<p><span style=\"font-weight: 400;\">Queremos expresar nuestro agradecimiento a los equipos directivos y claustros de los siguientes centros por abrir sus puertas y compartir su saber hacer:<\/span><\/p>\n<ul>\n<li style=\"font-weight: 400;\" aria-level=\"1\"><span style=\"font-weight: 400;\">CEIP Sierra de las Nieves<\/span><\/li>\n<li style=\"font-weight: 400;\" aria-level=\"1\"><span style=\"font-weight: 400;\">IES Alfaguara<\/span><\/li>\n<li style=\"font-weight: 400;\" aria-level=\"1\"><span style=\"font-weight: 400;\">CEIP Juan Mart\u00edn Pinz\u00f3n<\/span><\/li>\n<li style=\"font-weight: 400;\" aria-level=\"1\"><span style=\"font-weight: 400;\">IES Mart\u00edn Rivero<\/span><\/li>\n<li style=\"font-weight: 400;\" aria-level=\"1\"><span style=\"font-weight: 400;\">CEIP Virgen de la Cabeza<\/span><\/li>\n<\/ul>\n<p><span style=\"font-weight: 400;\">M\u00e1s all\u00e1 de la visita en s\u00ed, esta actividad tiene un valor estrat\u00e9gico fundamental. Recibir a docentes de otros pa\u00edses nos permite visibilizar la gran labor que se realiza en nuestros centros educativos, poniendo en valor el talento y la innovaci\u00f3n que existen en la Serran\u00eda de Ronda.<\/span><\/p>\n<p><span style=\"font-weight: 400;\">Estas acciones son vitales para aumentar nuestras redes internacionales y estrechar lazos de colaboraci\u00f3n. Al compartir nuestras experiencias y desaf\u00edos con compa\u00f1eros de Portugal, no solo mejoramos nuestra propia pr\u00e1ctica docente, sino que construimos una comunidad educativa m\u00e1s amplia, diversa y europea.<\/span><\/p>\n<p><span style=\"font-weight: 400;\">Desde el CEP de Ronda, esperamos que esta semana sea fruct\u00edfera, llena de aprendizajes compartidos y que sirva para consolidar una amistad profesional duradera con nuestros vecinos de Alij\u00f3.<\/span><\/p>\n<p><span style=\"font-weight: 400;\">\u00a1Bienvenidos! \/ <\/span><i><span style=\"font-weight: 400;\">Bem-vindos!<\/span><\/i><\/p>\n<p>&nbsp;<\/p>\n<p><img data-recalc-dims=\"1\" loading=\"lazy\" decoding=\"async\" class=\"alignnone size-medium wp-image-9248\" src=\"https:\/\/i0.wp.com\/cepronda.com\/blog\/wp-content\/uploads\/2026\/01\/WhatsApp-Image-2026-01-26-at-17.35.33.jpeg?resize=225%2C300&#038;ssl=1\" alt=\"\" width=\"225\" height=\"300\" srcset=\"https:\/\/i0.wp.com\/cepronda.com\/blog\/wp-content\/uploads\/2026\/01\/WhatsApp-Image-2026-01-26-at-17.35.33.jpeg?resize=225%2C300&amp;ssl=1 225w, https:\/\/i0.wp.com\/cepronda.com\/blog\/wp-content\/uploads\/2026\/01\/WhatsApp-Image-2026-01-26-at-17.35.33.jpeg?resize=768%2C1024&amp;ssl=1 768w, https:\/\/i0.wp.com\/cepronda.com\/blog\/wp-content\/uploads\/2026\/01\/WhatsApp-Image-2026-01-26-at-17.35.33.jpeg?resize=1152%2C1536&amp;ssl=1 1152w, https:\/\/i0.wp.com\/cepronda.com\/blog\/wp-content\/uploads\/2026\/01\/WhatsApp-Image-2026-01-26-at-17.35.33.jpeg?w=1200&amp;ssl=1 1200w\" sizes=\"auto, (max-width: 225px) 100vw, 225px\" \/> <img data-recalc-dims=\"1\" loading=\"lazy\" decoding=\"async\" class=\"alignnone size-medium wp-image-9249\" src=\"https:\/\/i0.wp.com\/cepronda.com\/blog\/wp-content\/uploads\/2026\/01\/WhatsApp-Image-2026-01-26-at-17.35.55.jpeg?resize=300%2C225&#038;ssl=1\" alt=\"\" width=\"300\" height=\"225\" srcset=\"https:\/\/i0.wp.com\/cepronda.com\/blog\/wp-content\/uploads\/2026\/01\/WhatsApp-Image-2026-01-26-at-17.35.55.jpeg?resize=300%2C225&amp;ssl=1 300w, https:\/\/i0.wp.com\/cepronda.com\/blog\/wp-content\/uploads\/2026\/01\/WhatsApp-Image-2026-01-26-at-17.35.55.jpeg?resize=1024%2C768&amp;ssl=1 1024w, https:\/\/i0.wp.com\/cepronda.com\/blog\/wp-content\/uploads\/2026\/01\/WhatsApp-Image-2026-01-26-at-17.35.55.jpeg?resize=768%2C576&amp;ssl=1 768w, https:\/\/i0.wp.com\/cepronda.com\/blog\/wp-content\/uploads\/2026\/01\/WhatsApp-Image-2026-01-26-at-17.35.55.jpeg?resize=1536%2C1152&amp;ssl=1 1536w, https:\/\/i0.wp.com\/cepronda.com\/blog\/wp-content\/uploads\/2026\/01\/WhatsApp-Image-2026-01-26-at-17.35.55.jpeg?w=1600&amp;ssl=1 1600w\" sizes=\"auto, (max-width: 300px) 100vw, 300px\" \/> <img data-recalc-dims=\"1\" loading=\"lazy\" decoding=\"async\" class=\"alignnone size-medium wp-image-9250\" src=\"https:\/\/i0.wp.com\/cepronda.com\/blog\/wp-content\/uploads\/2026\/01\/WhatsApp-Image-2026-01-26-at-14.05.37.jpeg?resize=225%2C300&#038;ssl=1\" alt=\"\" width=\"225\" height=\"300\" srcset=\"https:\/\/i0.wp.com\/cepronda.com\/blog\/wp-content\/uploads\/2026\/01\/WhatsApp-Image-2026-01-26-at-14.05.37.jpeg?resize=225%2C300&amp;ssl=1 225w, https:\/\/i0.wp.com\/cepronda.com\/blog\/wp-content\/uploads\/2026\/01\/WhatsApp-Image-2026-01-26-at-14.05.37.jpeg?resize=768%2C1024&amp;ssl=1 768w, https:\/\/i0.wp.com\/cepronda.com\/blog\/wp-content\/uploads\/2026\/01\/WhatsApp-Image-2026-01-26-at-14.05.37.jpeg?resize=1152%2C1536&amp;ssl=1 1152w, https:\/\/i0.wp.com\/cepronda.com\/blog\/wp-content\/uploads\/2026\/01\/WhatsApp-Image-2026-01-26-at-14.05.37.jpeg?w=1200&amp;ssl=1 1200w\" sizes=\"auto, (max-width: 225px) 100vw, 225px\" \/><\/p>\n","protected":false},"excerpt":{"rendered":"<p>Esta semana, el Centro del Profesorado de Ronda se convierte en punto de encuentro internacional. Tenemos el placer de dar la bienvenida a cuatro docentes procedentes del Agrupamento de Escolas D. Sancho II, de la localidad de Alij\u00f3 (Portugal). Esta visita se enmarca dentro de la modalidad de Job Shadowing y forma parte de las [&hellip;]<\/p>\n","protected":false},"author":10,"featured_media":9248,"comment_status":"closed","ping_status":"open","sticky":false,"template":"","format":"standard","meta":{"_crdt_document":"","advanced_seo_description":"","jetpack_seo_html_title":"","jetpack_seo_noindex":false,"jetpack_post_was_ever_published":false,"_jetpack_newsletter_access":"","_jetpack_dont_email_post_to_subs":false,"_jetpack_newsletter_tier_id":0,"_jetpack_memberships_contains_paywalled_content":false,"_jetpack_memberships_contains_paid_content":false,"footnotes":"","jetpack_publicize_message":"","jetpack_publicize_feature_enabled":true,"jetpack_social_post_already_shared":true,"jetpack_social_options":{"image_generator_settings":{"template":"highway","default_image_id":0,"font":"","enabled":false},"version":2}},"categories":[3,5],"tags":[214,96,282],"class_list":{"0":"post-9247","1":"post","2":"type-post","3":"status-publish","4":"format-standard","5":"has-post-thumbnail","7":"category-formaciones","8":"category-noticias","9":"tag-consorcio","10":"tag-erasmus","11":"tag-meprural","12":"czr-hentry"},"jetpack_publicize_connections":[],"jetpack_featured_media_url":"https:\/\/i0.wp.com\/cepronda.com\/blog\/wp-content\/uploads\/2026\/01\/WhatsApp-Image-2026-01-26-at-17.35.33.jpeg?fit=1200%2C1600&ssl=1","jetpack_shortlink":"https:\/\/wp.me\/p8M4X7-2p9","jetpack-related-posts":[{"id":7527,"url":"https:\/\/cepronda.com\/blog\/consorcio-erasmus-mep-rural\/","url_meta":{"origin":9247,"position":0},"title":"Consorcio Erasmus MEP Rural","author":"Inmaculada Garc\u00eda","date":"20 marzo, 2024","format":false,"excerpt":"Emocionante noticia desde el Consorcio Erasmus MEP Rural! \u2728 Tres de nuestros valiosos docentes est\u00e1n viviendo una experiencia enriquecedora en Portugal, gracias al Job Shadowing organizado desde el CEP de Ronda. Del 18 al 22 de marzo, est\u00e1n inmersos en el Agrupamento de Escolas do Cerco, compartiendo y aprendiendo en\u2026","rel":"","context":"En \u00abFormaciones\u00bb","block_context":{"text":"Formaciones","link":"https:\/\/cepronda.com\/blog\/category\/formaciones\/"},"img":{"alt_text":"","src":"https:\/\/i0.wp.com\/cepronda.com\/blog\/wp-content\/uploads\/2024\/03\/WhatsApp-Image-2024-03-20-at-11.09.55-1.jpeg?fit=1200%2C900&ssl=1&resize=350%2C200","width":350,"height":200,"srcset":"https:\/\/i0.wp.com\/cepronda.com\/blog\/wp-content\/uploads\/2024\/03\/WhatsApp-Image-2024-03-20-at-11.09.55-1.jpeg?fit=1200%2C900&ssl=1&resize=350%2C200 1x, https:\/\/i0.wp.com\/cepronda.com\/blog\/wp-content\/uploads\/2024\/03\/WhatsApp-Image-2024-03-20-at-11.09.55-1.jpeg?fit=1200%2C900&ssl=1&resize=525%2C300 1.5x, https:\/\/i0.wp.com\/cepronda.com\/blog\/wp-content\/uploads\/2024\/03\/WhatsApp-Image-2024-03-20-at-11.09.55-1.jpeg?fit=1200%2C900&ssl=1&resize=700%2C400 2x, https:\/\/i0.wp.com\/cepronda.com\/blog\/wp-content\/uploads\/2024\/03\/WhatsApp-Image-2024-03-20-at-11.09.55-1.jpeg?fit=1200%2C900&ssl=1&resize=1050%2C600 3x"},"classes":[]},{"id":7288,"url":"https:\/\/cepronda.com\/blog\/inteligencia-artificial-para-docentes\/","url_meta":{"origin":9247,"position":1},"title":"INTELIGENCIA ARTIFICIAL PARA DOCENTES","author":"V\u00edctor Caballero","date":"22 diciembre, 2023","format":false,"excerpt":"Se encuentra abierto el plazo de inscripci\u00f3n para la formaci\u00f3n \u201cINTELIGENCIA ARTIFICIAL PARA DOCENTES.\" C\u00d3DIGO 242924GE013. Ponente:\u00a0 Vanesa Moreno Duraci\u00f3n de la actividad 10 horas presenciales + 2 horas de tareas. Fecha actividad: J11\/01\/2024 (16:30h a 19:00h) CEP de Ronda J18\/01\/2024 (16:30h a 19:00h) CEP de Ronda J25\/01\/2024 (16:30h a\u2026","rel":"","context":"En \u00abFormaciones\u00bb","block_context":{"text":"Formaciones","link":"https:\/\/cepronda.com\/blog\/category\/formaciones\/"},"img":{"alt_text":"","src":"https:\/\/i0.wp.com\/cepronda.com\/blog\/wp-content\/uploads\/2023\/12\/242924GE013-Cartel-Inteligencia-artificial.png?fit=1080%2C1080&ssl=1&resize=350%2C200","width":350,"height":200,"srcset":"https:\/\/i0.wp.com\/cepronda.com\/blog\/wp-content\/uploads\/2023\/12\/242924GE013-Cartel-Inteligencia-artificial.png?fit=1080%2C1080&ssl=1&resize=350%2C200 1x, https:\/\/i0.wp.com\/cepronda.com\/blog\/wp-content\/uploads\/2023\/12\/242924GE013-Cartel-Inteligencia-artificial.png?fit=1080%2C1080&ssl=1&resize=525%2C300 1.5x, https:\/\/i0.wp.com\/cepronda.com\/blog\/wp-content\/uploads\/2023\/12\/242924GE013-Cartel-Inteligencia-artificial.png?fit=1080%2C1080&ssl=1&resize=700%2C400 2x, https:\/\/i0.wp.com\/cepronda.com\/blog\/wp-content\/uploads\/2023\/12\/242924GE013-Cartel-Inteligencia-artificial.png?fit=1080%2C1080&ssl=1&resize=1050%2C600 3x"},"classes":[]},{"id":5074,"url":"https:\/\/cepronda.com\/blog\/movilidades-eramus-entrevista-en-canal-charry-meprural\/","url_meta":{"origin":9247,"position":2},"title":"MOVILIDADES ERAMUS+. ENTREVISTA EN CANAL CHARRY. MEPRural.","author":"Maribel Mu\u00f1oz","date":"3 febrero, 2022","format":false,"excerpt":"Buenas tardes compa\u00f1eras y compa\u00f1eros Os compartimos el v\u00eddeo de la entrevista realizada por Canal Charry a las compa\u00f1eras y a los compa\u00f1eros que han participado en las dos movilidades desarrolladas hasta el momento, dentro del Consorcio Erasmus+ MEPRural del CEP de Ronda. En estas movilidades hemos tenido como entidades\u2026","rel":"","context":"En \u00abFormaciones\u00bb","block_context":{"text":"Formaciones","link":"https:\/\/cepronda.com\/blog\/category\/formaciones\/"},"img":{"alt_text":"","src":"https:\/\/i0.wp.com\/cepronda.com\/blog\/wp-content\/uploads\/2022\/02\/Publicacion-Erasmus.jpg?fit=1200%2C611&ssl=1&resize=350%2C200","width":350,"height":200,"srcset":"https:\/\/i0.wp.com\/cepronda.com\/blog\/wp-content\/uploads\/2022\/02\/Publicacion-Erasmus.jpg?fit=1200%2C611&ssl=1&resize=350%2C200 1x, https:\/\/i0.wp.com\/cepronda.com\/blog\/wp-content\/uploads\/2022\/02\/Publicacion-Erasmus.jpg?fit=1200%2C611&ssl=1&resize=525%2C300 1.5x, https:\/\/i0.wp.com\/cepronda.com\/blog\/wp-content\/uploads\/2022\/02\/Publicacion-Erasmus.jpg?fit=1200%2C611&ssl=1&resize=700%2C400 2x, https:\/\/i0.wp.com\/cepronda.com\/blog\/wp-content\/uploads\/2022\/02\/Publicacion-Erasmus.jpg?fit=1200%2C611&ssl=1&resize=1050%2C600 3x"},"classes":[]},{"id":5081,"url":"https:\/\/cepronda.com\/blog\/acreditacion-eramus-concesion-entrevista-en-canal-charry-meprural\/","url_meta":{"origin":9247,"position":3},"title":"ACREDITACI\u00d3N ERAMUS+. CONCESI\u00d3N. ENTREVISTA EN CANAL CHARRY. MEPRural.","author":"Maribel Mu\u00f1oz","date":"3 febrero, 2022","format":false,"excerpt":"Buenas tardes compa\u00f1eras y compa\u00f1eros Os compartimos el v\u00eddeo de la entrevista realizada por Canal Charry con motivo de la concesi\u00f3n de una Acreditaci\u00f3n Erasmus+ al Consorcio coordinado desde el CEP de Ronda, durante todo el periodo 21\/27.\u00a0 Con esta concesi\u00f3n de Acreditaci\u00f3n Erasmus+, el CEP de Ronda va a\u2026","rel":"","context":"En \u00abFormaciones\u00bb","block_context":{"text":"Formaciones","link":"https:\/\/cepronda.com\/blog\/category\/formaciones\/"},"img":{"alt_text":"","src":"https:\/\/i0.wp.com\/cepronda.com\/blog\/wp-content\/uploads\/2022\/02\/Publicacion-Erasmus.jpg?fit=1200%2C611&ssl=1&resize=350%2C200","width":350,"height":200,"srcset":"https:\/\/i0.wp.com\/cepronda.com\/blog\/wp-content\/uploads\/2022\/02\/Publicacion-Erasmus.jpg?fit=1200%2C611&ssl=1&resize=350%2C200 1x, https:\/\/i0.wp.com\/cepronda.com\/blog\/wp-content\/uploads\/2022\/02\/Publicacion-Erasmus.jpg?fit=1200%2C611&ssl=1&resize=525%2C300 1.5x, https:\/\/i0.wp.com\/cepronda.com\/blog\/wp-content\/uploads\/2022\/02\/Publicacion-Erasmus.jpg?fit=1200%2C611&ssl=1&resize=700%2C400 2x, https:\/\/i0.wp.com\/cepronda.com\/blog\/wp-content\/uploads\/2022\/02\/Publicacion-Erasmus.jpg?fit=1200%2C611&ssl=1&resize=1050%2C600 3x"},"classes":[]},{"id":7811,"url":"https:\/\/cepronda.com\/blog\/celebracion-del-erasmus-day-un-agradecimiento-a-todos-los-centros-participantes\/","url_meta":{"origin":9247,"position":4},"title":"CELEBRACI\u00d3N DEL ERASMUS DAY. UN AGRADECIMIENTO A TODOS LOS CENTROS PARTICIPANTES.","author":"Maribel Mu\u00f1oz","date":"24 octubre, 2024","format":false,"excerpt":"En el marco del Erasmus Day, queremos dedicar este espacio para agradecer a todos los centros que han participado activamente en las movilidades docentes durante el curso 2023\/2024 dentro del Consorcio MEPRural del CEP de Ronda. El programa Erasmus+ sigue siendo una oportunidad \u00fanica para el intercambio de experiencias, conocimientos\u2026","rel":"","context":"En \u00abFormaciones\u00bb","block_context":{"text":"Formaciones","link":"https:\/\/cepronda.com\/blog\/category\/formaciones\/"},"img":{"alt_text":"","src":"https:\/\/i0.wp.com\/cepronda.com\/blog\/wp-content\/uploads\/2024\/10\/Erasmus-day-video-portada.jpg?fit=446%2C787&ssl=1&resize=350%2C200","width":350,"height":200},"classes":[]},{"id":4740,"url":"https:\/\/cepronda.com\/blog\/cartel-informativo-con-enlaces-de-interes-del-cep-de-ronda-21-22\/","url_meta":{"origin":9247,"position":5},"title":"CARTEL INFORMATIVO CON ENLACES DE INTER\u00c9S DEL CEP DE RONDA 21\/22","author":"V\u00edctor Caballero","date":"11 octubre, 2021","format":false,"excerpt":"Buenas tardes compa\u00f1eras y compa\u00f1eros, Con el presente cartel informativo que hemos repartido en todos los centros de nuestra zona CEP de Ronda, para colocar en las salas del profesorado, pod\u00e9is escanear los c\u00f3digos QR a los distintos enlaces de inter\u00e9s para los docentes. \u00a0 Tambi\u00e9n ten\u00e9is la opci\u00f3n de\u00a0descargarlo\u2026","rel":"","context":"En \u00abFormaciones\u00bb","block_context":{"text":"Formaciones","link":"https:\/\/cepronda.com\/blog\/category\/formaciones\/"},"img":{"alt_text":"","src":"https:\/\/i0.wp.com\/cepronda.com\/blog\/wp-content\/uploads\/2021\/10\/Cartel-bueno.png?resize=350%2C200","width":350,"height":200,"srcset":"https:\/\/i0.wp.com\/cepronda.com\/blog\/wp-content\/uploads\/2021\/10\/Cartel-bueno.png?resize=350%2C200 1x, https:\/\/i0.wp.com\/cepronda.com\/blog\/wp-content\/uploads\/2021\/10\/Cartel-bueno.png?resize=525%2C300 1.5x"},"classes":[]}],"jetpack_sharing_enabled":true,"_links":{"self":[{"href":"https:\/\/cepronda.com\/blog\/wp-json\/wp\/v2\/posts\/9247","targetHints":{"allow":["GET"]}}],"collection":[{"href":"https:\/\/cepronda.com\/blog\/wp-json\/wp\/v2\/posts"}],"about":[{"href":"https:\/\/cepronda.com\/blog\/wp-json\/wp\/v2\/types\/post"}],"author":[{"embeddable":true,"href":"https:\/\/cepronda.com\/blog\/wp-json\/wp\/v2\/users\/10"}],"replies":[{"embeddable":true,"href":"https:\/\/cepronda.com\/blog\/wp-json\/wp\/v2\/comments?post=9247"}],"version-history":[{"count":2,"href":"https:\/\/cepronda.com\/blog\/wp-json\/wp\/v2\/posts\/9247\/revisions"}],"predecessor-version":[{"id":9252,"href":"https:\/\/cepronda.com\/blog\/wp-json\/wp\/v2\/posts\/9247\/revisions\/9252"}],"wp:featuredmedia":[{"embeddable":true,"href":"https:\/\/cepronda.com\/blog\/wp-json\/wp\/v2\/media\/9248"}],"wp:attachment":[{"href":"https:\/\/cepronda.com\/blog\/wp-json\/wp\/v2\/media?parent=9247"}],"wp:term":[{"taxonomy":"category","embeddable":true,"href":"https:\/\/cepronda.com\/blog\/wp-json\/wp\/v2\/categories?post=9247"},{"taxonomy":"post_tag","embeddable":true,"href":"https:\/\/cepronda.com\/blog\/wp-json\/wp\/v2\/tags?post=9247"}],"curies":[{"name":"wp","href":"https:\/\/api.w.org\/{rel}","templated":true}]}}