{"id":9243,"date":"2026-01-21T17:09:36","date_gmt":"2026-01-21T16:09:36","guid":{"rendered":"https:\/\/cepronda.com\/blog\/?p=9243"},"modified":"2026-01-28T13:18:24","modified_gmt":"2026-01-28T12:18:24","slug":"9243-2","status":"publish","type":"post","link":"https:\/\/cepronda.com\/blog\/9243-2\/","title":{"rendered":"INNOVATIVE TEACHING PRACTICES SUPPORTED BY THE FOCUSED USE OF ICT TOOLS IN THE LANGUAGE CLASSROOM"},"content":{"rendered":"<p dir=\"ltr\">Convocatoria actividad formativa regional: <strong>\u00ab<\/strong><strong>INNOVATIVE TEACHING PRACTICES SUPPORTED BY THE FOCUSED USE OF ICT TOOLS IN THE LANGUAGE CLASSROOM\u00bb,<\/strong> con c\u00f3digo 26K9906AV128.<\/p>\n<p dir=\"ltr\">\u00a0Dirigida a: Profesorado de Ingl\u00e9s de centros p\u00fablicos de cualquier nivel educativo.<\/p>\n<p dir=\"ltr\">\u00a0El plazo de inscripci\u00f3n est\u00e1 abierto <span dir=\"ltr\">hasta el 4 de febrero a las 23:59 h<\/span>.<\/p>\n<p dir=\"ltr\">Lugar de realizaci\u00f3n: Aula Virtual Formaci\u00f3n Profesorado<\/p>\n<p dir=\"ltr\">\u00a0Informaci\u00f3n e inscripci\u00f3n en el siguiente enlace:<\/p>\n<p><span id=\"gmail-docs-internal-guid-3db536d4-7fff-e888-8630-751de461200d\"><a class=\"moz-txt-link-freetext\" href=\"https:\/\/juntadeandalucia.es\/educacion\/secretariavirtual\/consultaCEP\/actividad\/26K9906AV128\/\">https:\/\/juntadeandalucia.es\/educacion\/secretariavirtual\/consultaCEP\/actividad\/26K9906AV128\/<\/a><\/span><\/p>\n<p>&nbsp;<\/p>\n<p><a href=\"https:\/\/secretariavirtual.juntadeandalucia.es\/secretariavirtual\/consultaCEP\/actividad\/26K9906AV128\/?\"><img data-recalc-dims=\"1\" loading=\"lazy\" decoding=\"async\" class=\"aligncenter wp-image-9289\" src=\"https:\/\/i0.wp.com\/cepronda.com\/blog\/wp-content\/uploads\/2026\/01\/practices-supported.jpg?resize=500%2C500&#038;ssl=1\" alt=\"\" width=\"500\" height=\"500\" srcset=\"https:\/\/i0.wp.com\/cepronda.com\/blog\/wp-content\/uploads\/2026\/01\/practices-supported.jpg?resize=1024%2C1024&amp;ssl=1 1024w, https:\/\/i0.wp.com\/cepronda.com\/blog\/wp-content\/uploads\/2026\/01\/practices-supported.jpg?resize=300%2C300&amp;ssl=1 300w, https:\/\/i0.wp.com\/cepronda.com\/blog\/wp-content\/uploads\/2026\/01\/practices-supported.jpg?resize=150%2C150&amp;ssl=1 150w, https:\/\/i0.wp.com\/cepronda.com\/blog\/wp-content\/uploads\/2026\/01\/practices-supported.jpg?resize=768%2C768&amp;ssl=1 768w, https:\/\/i0.wp.com\/cepronda.com\/blog\/wp-content\/uploads\/2026\/01\/practices-supported.jpg?w=1414&amp;ssl=1 1414w\" sizes=\"auto, (max-width: 500px) 100vw, 500px\" \/><\/a><\/p>\n","protected":false},"excerpt":{"rendered":"<p>Convocatoria actividad formativa regional: \u00abINNOVATIVE TEACHING PRACTICES SUPPORTED BY THE FOCUSED USE OF ICT TOOLS IN THE LANGUAGE CLASSROOM\u00bb, con c\u00f3digo 26K9906AV128. \u00a0Dirigida a: Profesorado de Ingl\u00e9s de centros p\u00fablicos de cualquier nivel educativo. \u00a0El plazo de inscripci\u00f3n est\u00e1 abierto hasta el 4 de febrero a las 23:59 h. Lugar de realizaci\u00f3n: Aula Virtual Formaci\u00f3n [&hellip;]<\/p>\n","protected":false},"author":16,"featured_media":9289,"comment_status":"closed","ping_status":"open","sticky":false,"template":"","format":"standard","meta":{"_crdt_document":"","advanced_seo_description":"","jetpack_seo_html_title":"","jetpack_seo_noindex":false,"jetpack_post_was_ever_published":false,"_jetpack_newsletter_access":"","_jetpack_dont_email_post_to_subs":false,"_jetpack_newsletter_tier_id":0,"_jetpack_memberships_contains_paywalled_content":false,"_jetpack_memberships_contains_paid_content":false,"footnotes":"","jetpack_publicize_message":"","jetpack_publicize_feature_enabled":true,"jetpack_social_post_already_shared":true,"jetpack_social_options":{"image_generator_settings":{"template":"highway","default_image_id":0,"font":"","enabled":false},"version":2}},"categories":[3],"tags":[],"class_list":{"0":"post-9243","1":"post","2":"type-post","3":"status-publish","4":"format-standard","5":"has-post-thumbnail","7":"category-formaciones","8":"czr-hentry"},"jetpack_publicize_connections":[],"jetpack_featured_media_url":"https:\/\/i0.wp.com\/cepronda.com\/blog\/wp-content\/uploads\/2026\/01\/practices-supported.jpg?fit=1414%2C1414&ssl=1","jetpack_shortlink":"https:\/\/wp.me\/p8M4X7-2p5","jetpack-related-posts":[{"id":7308,"url":"https:\/\/cepronda.com\/blog\/innovative-teaching-practices-supported-by-the-focused-use-of-ict-tools-in-the-language-classroom-2\/","url_meta":{"origin":9243,"position":0},"title":"\u00abINNOVATIVE TEACHING PRACTICES SUPPORTED BY THE FOCUSED USE OF ICT TOOLS IN THE LANGUAGE CLASSROOM\u00bb","author":"Mamen Moreno","date":"10 enero, 2024","format":false,"excerpt":"\u00a0Actividad formativa REGIONAL: \"INNOVATIVE TEACHING PRACTICES SUPPORTED BY THE FOCUSED USE OF ICT TOOLS IN THE LANGUAGE CLASSROOM\" \u00a0Dirigida a profesorado de Ingl\u00e9s de todos los niveles educativos \u00a0Necesario tener conocimiento de competencia digital \u00a0Plazo de inscripci\u00f3n abierto hasta el 12 de febrero de 2024 \u00a0Curso a distancia (as\u00edncrono) en\u2026","rel":"","context":"En \u00abFormaciones\u00bb","block_context":{"text":"Formaciones","link":"https:\/\/cepronda.com\/blog\/category\/formaciones\/"},"img":{"alt_text":"","src":"https:\/\/i0.wp.com\/cepronda.com\/blog\/wp-content\/uploads\/2024\/01\/5e07b0af.png?fit=1200%2C741&ssl=1&resize=350%2C200","width":350,"height":200,"srcset":"https:\/\/i0.wp.com\/cepronda.com\/blog\/wp-content\/uploads\/2024\/01\/5e07b0af.png?fit=1200%2C741&ssl=1&resize=350%2C200 1x, https:\/\/i0.wp.com\/cepronda.com\/blog\/wp-content\/uploads\/2024\/01\/5e07b0af.png?fit=1200%2C741&ssl=1&resize=525%2C300 1.5x, https:\/\/i0.wp.com\/cepronda.com\/blog\/wp-content\/uploads\/2024\/01\/5e07b0af.png?fit=1200%2C741&ssl=1&resize=700%2C400 2x, https:\/\/i0.wp.com\/cepronda.com\/blog\/wp-content\/uploads\/2024\/01\/5e07b0af.png?fit=1200%2C741&ssl=1&resize=1050%2C600 3x"},"classes":[]},{"id":5793,"url":"https:\/\/cepronda.com\/blog\/innovative-teaching-practices-supported-by-the-focused-use-of-ict-tools-in-the-language-classroom\/","url_meta":{"origin":9243,"position":1},"title":"\u00abINNOVATIVE TEACHING PRACTICES SUPPORTED BY THE FOCUSED USE OF ICT TOOLS IN THE LANGUAGE CLASSROOM\u00bb","author":"Mamen Moreno","date":"22 febrero, 2023","format":false,"excerpt":"Estimado\/a compa\u00f1ero\/a:\u00a0 Se convoca actividad formativa regional:\u00a0\"INNOVATIVE TEACHING PRACTICES SUPPORTED BY THE FOCUSED USE OF ICT TOOLS IN THE LANGUAGE CLASSROOM\" con c\u00f3digo 23K9906AV128 Dirigida a profesorado de Ingl\u00e9s de cualquier nivel educativo \u00a0Formaci\u00f3n as\u00edncrona en el AVFP Plazo de inscripci\u00f3n: hasta el 9 de abril 2023 a las 23:59h\u2026","rel":"","context":"En \u00abFormaciones\u00bb","block_context":{"text":"Formaciones","link":"https:\/\/cepronda.com\/blog\/category\/formaciones\/"},"img":{"alt_text":"","src":"","width":0,"height":0},"classes":[]},{"id":8072,"url":"https:\/\/cepronda.com\/blog\/jornadas-soft-skills-in-the-english-language-classroom-codigo259925kpi371\/","url_meta":{"origin":9243,"position":2},"title":"JORNADAS: SOFT SKILLS IN THE ENGLISH LANGUAGE CLASSROOM, c\u00f3digo:259925KPI371.","author":"Inmaculada Garc\u00eda","date":"22 enero, 2025","format":false,"excerpt":"Se abre plazo para la inscripci\u00f3n en la jornada Dirigido a Profesorado de Ingl\u00e9s Lengua Extranjera y de ANL en ingl\u00e9s de centros docentes sostenidos con fondos p\u00fablicos. Duraci\u00f3n: 10 horas no presenciales. Inscripciones: 22\/01\/2025 hasta 03\/02\/2025 Fecha actividad: 11\/02\/2025 hasta 11\/03\/2025 Lugar: Aula Virtual de Formaci\u00f3n del profesorado. Para\u2026","rel":"","context":"En \u00abFormaciones\u00bb","block_context":{"text":"Formaciones","link":"https:\/\/cepronda.com\/blog\/category\/formaciones\/"},"img":{"alt_text":"","src":"https:\/\/i0.wp.com\/cepronda.com\/blog\/wp-content\/uploads\/2025\/01\/11-de-Febrero.jpg?fit=1080%2C1080&ssl=1&resize=350%2C200","width":350,"height":200,"srcset":"https:\/\/i0.wp.com\/cepronda.com\/blog\/wp-content\/uploads\/2025\/01\/11-de-Febrero.jpg?fit=1080%2C1080&ssl=1&resize=350%2C200 1x, https:\/\/i0.wp.com\/cepronda.com\/blog\/wp-content\/uploads\/2025\/01\/11-de-Febrero.jpg?fit=1080%2C1080&ssl=1&resize=525%2C300 1.5x, https:\/\/i0.wp.com\/cepronda.com\/blog\/wp-content\/uploads\/2025\/01\/11-de-Febrero.jpg?fit=1080%2C1080&ssl=1&resize=700%2C400 2x, https:\/\/i0.wp.com\/cepronda.com\/blog\/wp-content\/uploads\/2025\/01\/11-de-Febrero.jpg?fit=1080%2C1080&ssl=1&resize=1050%2C600 3x"},"classes":[]},{"id":5802,"url":"https:\/\/cepronda.com\/blog\/kit-de-herramientas-digitales-para-el-profesorado-i\/","url_meta":{"origin":9243,"position":3},"title":"KIT DE HERRAMIENTAS DIGITALES PARA EL PROFESORADO I","author":"Inmaculada Garc\u00eda","date":"24 febrero, 2023","format":false,"excerpt":"Abierto el plazo de inscripci\u00f3n del CURSO A DISTANCIA: KIT DE HERRAMIENTAS DIGITALES PARA EL PROFESORADO I (232924GE022) M\u00e1s informaci\u00f3n e inscripci\u00f3n: https:\/\/www.juntadeandalucia.es\/educacion\/secretariavirtual\/consultaCEP\/actividad\/232924GE022\/ Fechas de inscripci\u00f3n: 21\/02\/2023 hasta 06\/03\/2023 Fecha actividad: 13\/03\/2023 hasta 21\/04\/2023 \u00a0","rel":"","context":"En \u00abFormaciones\u00bb","block_context":{"text":"Formaciones","link":"https:\/\/cepronda.com\/blog\/category\/formaciones\/"},"img":{"alt_text":"","src":"https:\/\/i0.wp.com\/cepronda.com\/blog\/wp-content\/uploads\/2023\/02\/Colorful-Illustration-Technology-Assists-in-Learning-Poster.png?fit=848%2C1200&ssl=1&resize=350%2C200","width":350,"height":200,"srcset":"https:\/\/i0.wp.com\/cepronda.com\/blog\/wp-content\/uploads\/2023\/02\/Colorful-Illustration-Technology-Assists-in-Learning-Poster.png?fit=848%2C1200&ssl=1&resize=350%2C200 1x, https:\/\/i0.wp.com\/cepronda.com\/blog\/wp-content\/uploads\/2023\/02\/Colorful-Illustration-Technology-Assists-in-Learning-Poster.png?fit=848%2C1200&ssl=1&resize=525%2C300 1.5x, https:\/\/i0.wp.com\/cepronda.com\/blog\/wp-content\/uploads\/2023\/02\/Colorful-Illustration-Technology-Assists-in-Learning-Poster.png?fit=848%2C1200&ssl=1&resize=700%2C400 2x"},"classes":[]},{"id":7367,"url":"https:\/\/cepronda.com\/blog\/jornada-de-formacion-trinity-soft-skill-in-the-english-language-classroom\/","url_meta":{"origin":9243,"position":4},"title":"SOFT SKILL IN THE ENGLISH LANGUAGE CLASSROOM","author":"Mamen Moreno","date":"16 enero, 2024","format":false,"excerpt":"Se abre plazo para la inscripci\u00f3n en el curso provincial \u00a0\"JORNADA DE FORMACI\u00d3N TRINITY: SOFT SKILL IN THE ENGLISH LANGUAGE CLASSROOM\"\u00a0c\u00f3digo\u00a0\u00a0249900KPI371 Curso a distancia de 10 horas no presenciales 90 plazas por provincia (CURSO \u00daNICO)\u00a0\u00a0AVFP: PI371 Tutora-Ponente y responsable de la actividad formativa:\u00a0Sally Bolton Dirigido a Profesorado de Ingl\u00e9s Lengua\u2026","rel":"","context":"En \u00abNoticias\u00bb","block_context":{"text":"Noticias","link":"https:\/\/cepronda.com\/blog\/category\/noticias\/"},"img":{"alt_text":"","src":"https:\/\/i0.wp.com\/cepronda.com\/blog\/wp-content\/uploads\/2024\/01\/CURSO-EN-AULA-VIRTUAL.png?fit=1080%2C1080&ssl=1&resize=350%2C200","width":350,"height":200,"srcset":"https:\/\/i0.wp.com\/cepronda.com\/blog\/wp-content\/uploads\/2024\/01\/CURSO-EN-AULA-VIRTUAL.png?fit=1080%2C1080&ssl=1&resize=350%2C200 1x, https:\/\/i0.wp.com\/cepronda.com\/blog\/wp-content\/uploads\/2024\/01\/CURSO-EN-AULA-VIRTUAL.png?fit=1080%2C1080&ssl=1&resize=525%2C300 1.5x, https:\/\/i0.wp.com\/cepronda.com\/blog\/wp-content\/uploads\/2024\/01\/CURSO-EN-AULA-VIRTUAL.png?fit=1080%2C1080&ssl=1&resize=700%2C400 2x, https:\/\/i0.wp.com\/cepronda.com\/blog\/wp-content\/uploads\/2024\/01\/CURSO-EN-AULA-VIRTUAL.png?fit=1080%2C1080&ssl=1&resize=1050%2C600 3x"},"classes":[]},{"id":4816,"url":"https:\/\/cepronda.com\/blog\/aplicacion-didactica-de-classroom-y-herramientas-de-google-inicial\/","url_meta":{"origin":9243,"position":5},"title":"APLICACI\u00d3N DID\u00c1CTICA DE CLASSROOM Y HERRAMIENTAS DE GOOGLE. INICIAL","author":"Inmaculada Garc\u00eda","date":"25 octubre, 2021","format":false,"excerpt":"Buenas d\u00edas, compa\u00f1eras y compa\u00f1eros. Os informamos que est\u00e1 abierto el plazo de inscripci\u00f3n en la actividad\u00a0 \u00abAPLICACI\u00d3N DID\u00c1CTICA DE CLASSROOM Y HERRAMIENTAS DE GOOGLE. INICIAL\u00bb con c\u00f3digo 222924GE038. Es una actividad del \u00e1mbito CEP de Ronda.\u00a0 Se desarrollar\u00e1 en el Aula Virtual de Formaci\u00f3n del Profesorado. Las fechas de\u2026","rel":"","context":"En \u00abFormaciones\u00bb","block_context":{"text":"Formaciones","link":"https:\/\/cepronda.com\/blog\/category\/formaciones\/"},"img":{"alt_text":"","src":"https:\/\/i0.wp.com\/cepronda.com\/blog\/wp-content\/uploads\/2021\/10\/222924GE038-APLICACION-DIDACTICA-DE-CLASSROOM-Y-HERRAMIENTAS-DE-GOOGLE-INICIAL-212x300.png?resize=350%2C200","width":350,"height":200},"classes":[]}],"jetpack_sharing_enabled":true,"_links":{"self":[{"href":"https:\/\/cepronda.com\/blog\/wp-json\/wp\/v2\/posts\/9243","targetHints":{"allow":["GET"]}}],"collection":[{"href":"https:\/\/cepronda.com\/blog\/wp-json\/wp\/v2\/posts"}],"about":[{"href":"https:\/\/cepronda.com\/blog\/wp-json\/wp\/v2\/types\/post"}],"author":[{"embeddable":true,"href":"https:\/\/cepronda.com\/blog\/wp-json\/wp\/v2\/users\/16"}],"replies":[{"embeddable":true,"href":"https:\/\/cepronda.com\/blog\/wp-json\/wp\/v2\/comments?post=9243"}],"version-history":[{"count":4,"href":"https:\/\/cepronda.com\/blog\/wp-json\/wp\/v2\/posts\/9243\/revisions"}],"predecessor-version":[{"id":9290,"href":"https:\/\/cepronda.com\/blog\/wp-json\/wp\/v2\/posts\/9243\/revisions\/9290"}],"wp:featuredmedia":[{"embeddable":true,"href":"https:\/\/cepronda.com\/blog\/wp-json\/wp\/v2\/media\/9289"}],"wp:attachment":[{"href":"https:\/\/cepronda.com\/blog\/wp-json\/wp\/v2\/media?parent=9243"}],"wp:term":[{"taxonomy":"category","embeddable":true,"href":"https:\/\/cepronda.com\/blog\/wp-json\/wp\/v2\/categories?post=9243"},{"taxonomy":"post_tag","embeddable":true,"href":"https:\/\/cepronda.com\/blog\/wp-json\/wp\/v2\/tags?post=9243"}],"curies":[{"name":"wp","href":"https:\/\/api.w.org\/{rel}","templated":true}]}}