{"id":9237,"date":"2026-01-20T15:09:08","date_gmt":"2026-01-20T14:09:08","guid":{"rendered":"https:\/\/cepronda.com\/blog\/?p=9237"},"modified":"2026-01-28T13:22:46","modified_gmt":"2026-01-28T12:22:46","slug":"jornadas-trastornos-de-espectro-autista-una-mirada-desde-la-inclusion-provinciales","status":"publish","type":"post","link":"https:\/\/cepronda.com\/blog\/jornadas-trastornos-de-espectro-autista-una-mirada-desde-la-inclusion-provinciales\/","title":{"rendered":"JORNADAS TRASTORNOS DE ESPECTRO AUTISTA: UNA MIRADA DESDE LA INCLUSI\u00d3N (PROVINCIALES)"},"content":{"rendered":"<p>Se abre plazo de inscripci\u00f3n para las II JORNADAS TRASTORNOS DE ESPECTRO AUTISTA: UNA MIRADA DESDE LA INCLUSI\u00d3N (PROVINCIALES), con c\u00f3digo: 269922OE001.<\/p>\n<p>Fecha actividad: 16\/02\/2026 de 9:00 a 14:00.<\/p>\n<p>Lugar: Facultad de Ciencias de la Educaci\u00f3n.<\/p>\n<p>Semipresencial: 5h presenciales y 3h de tareas en el AVFP.<\/p>\n<p>Fecha inscripci\u00f3n: 20\/01\/2026 hasta 03\/02\/2026.<\/p>\n<p>Dirigido especialmente a: Profesorado de centros p\u00fablicos y concertados de aula ordinaria, etapa de Infantil, Primaria y Secundaria.<\/p>\n<p>M\u00e1s info: <a href=\"https:\/\/secretariavirtual.juntadeandalucia.es\/secretariavirtual\/consultaCEP\/actividad\/269922OE001\/\">https:\/\/secretariavirtual.juntadeandalucia.es\/secretariavirtual\/consultaCEP\/actividad\/269922OE001\/<\/a><\/p>\n<p>&nbsp;<\/p>\n<p><a href=\"https:\/\/secretariavirtual.juntadeandalucia.es\/secretariavirtual\/consultaCEP\/actividad\/26K9906AV128\/?\"><img data-recalc-dims=\"1\" loading=\"lazy\" decoding=\"async\" class=\"aligncenter wp-image-9293\" src=\"https:\/\/i0.wp.com\/cepronda.com\/blog\/wp-content\/uploads\/2026\/01\/autista.jpg?resize=500%2C500&#038;ssl=1\" alt=\"\" width=\"500\" height=\"500\" srcset=\"https:\/\/i0.wp.com\/cepronda.com\/blog\/wp-content\/uploads\/2026\/01\/autista.jpg?resize=1024%2C1024&amp;ssl=1 1024w, https:\/\/i0.wp.com\/cepronda.com\/blog\/wp-content\/uploads\/2026\/01\/autista.jpg?resize=300%2C300&amp;ssl=1 300w, https:\/\/i0.wp.com\/cepronda.com\/blog\/wp-content\/uploads\/2026\/01\/autista.jpg?resize=150%2C150&amp;ssl=1 150w, https:\/\/i0.wp.com\/cepronda.com\/blog\/wp-content\/uploads\/2026\/01\/autista.jpg?resize=768%2C768&amp;ssl=1 768w, https:\/\/i0.wp.com\/cepronda.com\/blog\/wp-content\/uploads\/2026\/01\/autista.jpg?w=1440&amp;ssl=1 1440w\" sizes=\"auto, (max-width: 500px) 100vw, 500px\" \/><\/a><\/p>\n","protected":false},"excerpt":{"rendered":"<p>Se abre plazo de inscripci\u00f3n para las II JORNADAS TRASTORNOS DE ESPECTRO AUTISTA: UNA MIRADA DESDE LA INCLUSI\u00d3N (PROVINCIALES), con c\u00f3digo: 269922OE001. Fecha actividad: 16\/02\/2026 de 9:00 a 14:00. Lugar: Facultad de Ciencias de la Educaci\u00f3n. Semipresencial: 5h presenciales y 3h de tareas en el AVFP. Fecha inscripci\u00f3n: 20\/01\/2026 hasta 03\/02\/2026. Dirigido especialmente a: Profesorado [&hellip;]<\/p>\n","protected":false},"author":16,"featured_media":9293,"comment_status":"closed","ping_status":"open","sticky":false,"template":"","format":"standard","meta":{"_crdt_document":"","advanced_seo_description":"","jetpack_seo_html_title":"","jetpack_seo_noindex":false,"jetpack_post_was_ever_published":false,"_jetpack_newsletter_access":"","_jetpack_dont_email_post_to_subs":false,"_jetpack_newsletter_tier_id":0,"_jetpack_memberships_contains_paywalled_content":false,"_jetpack_memberships_contains_paid_content":false,"footnotes":"","jetpack_publicize_message":"","jetpack_publicize_feature_enabled":true,"jetpack_social_post_already_shared":true,"jetpack_social_options":{"image_generator_settings":{"template":"highway","default_image_id":0,"font":"","enabled":false},"version":2}},"categories":[3],"tags":[424],"class_list":{"0":"post-9237","1":"post","2":"type-post","3":"status-publish","4":"format-standard","5":"has-post-thumbnail","7":"category-formaciones","8":"tag-tea","9":"czr-hentry"},"jetpack_publicize_connections":[],"jetpack_featured_media_url":"https:\/\/i0.wp.com\/cepronda.com\/blog\/wp-content\/uploads\/2026\/01\/autista.jpg?fit=1440%2C1440&ssl=1","jetpack_shortlink":"https:\/\/wp.me\/p8M4X7-2oZ","jetpack-related-posts":[{"id":8456,"url":"https:\/\/cepronda.com\/blog\/jornadas-trastornos-de-espectro-autista-una-mirada-desde-la-inclusion\/","url_meta":{"origin":9237,"position":0},"title":"JORNADAS TRASTORNOS DE ESPECTRO AUTISTA: UNA MIRADA DESDE LA INCLUSI\u00d3N","author":"Inmaculada Garc\u00eda","date":"27 marzo, 2025","format":false,"excerpt":"Abierto el plazo de inscripci\u00f3n para las \"JORNADAS TRASTORNOS DE ESPECTRO AUTISTA: UNA MIRADA DESDE LA INCLUSI\u00d3N\",\u00a0con\u00a0c\u00f3digo de ficha original 259927E011. FECHAS PREVISTAS: SOLICITUDES E INSCRIPCI\u00d3N:\u00a0desde el mi\u00e9rcoles 26 de marzo hasta el viernes 11 de abril de 2025 (ambos inclusive) LISTADOS PROVISIONALES DE ADMITIDOS:\u00a0lunes 21 de abril de 2025\u2026","rel":"","context":"En \u00abFormaciones\u00bb","block_context":{"text":"Formaciones","link":"https:\/\/cepronda.com\/blog\/category\/formaciones\/"},"img":{"alt_text":"","src":"https:\/\/i0.wp.com\/cepronda.com\/blog\/wp-content\/uploads\/2025\/04\/tea.jpg?resize=350%2C200&ssl=1","width":350,"height":200},"classes":[]},{"id":9223,"url":"https:\/\/cepronda.com\/blog\/9223-2\/","url_meta":{"origin":9237,"position":1},"title":"JORNADAS PROVINCIALES DE EDUCACI\u00d3N MUSICAL","author":"Encarni Jim\u00e9nez Rosado","date":"19 enero, 2026","format":false,"excerpt":"Se abre plazo de inscripci\u00f3n para las\u00a0JORNADAS PROVINCIALES DE EDUCACI\u00d3N MUSICAL, una actividad presencial dirigida \u00a0a docentes y amantes de la educaci\u00f3n musical. - \u00a0C\u00f3digo: 262926MU705- Inscripciones: del 19\/01\/2026 al 03\/02\/2026- \u00a0Lugar: Sal\u00f3n del Mar, Torre del Mar- Fecha y horario: 17\/02\/2026, de 9:00 a 19:00 - \u00a0Inscripci\u00f3n y detalles:https:\/\/secretariavirtual.juntadeandalucia.es\/secretariavirtual\/consultaCEP\/actividad\/262926MU705\/\u2026","rel":"","context":"En \u00abFormaciones\u00bb","block_context":{"text":"Formaciones","link":"https:\/\/cepronda.com\/blog\/category\/formaciones\/"},"img":{"alt_text":"","src":"https:\/\/i0.wp.com\/cepronda.com\/blog\/wp-content\/uploads\/2026\/01\/musica.jpg?fit=1080%2C1080&ssl=1&resize=350%2C200","width":350,"height":200,"srcset":"https:\/\/i0.wp.com\/cepronda.com\/blog\/wp-content\/uploads\/2026\/01\/musica.jpg?fit=1080%2C1080&ssl=1&resize=350%2C200 1x, https:\/\/i0.wp.com\/cepronda.com\/blog\/wp-content\/uploads\/2026\/01\/musica.jpg?fit=1080%2C1080&ssl=1&resize=525%2C300 1.5x, https:\/\/i0.wp.com\/cepronda.com\/blog\/wp-content\/uploads\/2026\/01\/musica.jpg?fit=1080%2C1080&ssl=1&resize=700%2C400 2x, https:\/\/i0.wp.com\/cepronda.com\/blog\/wp-content\/uploads\/2026\/01\/musica.jpg?fit=1080%2C1080&ssl=1&resize=1050%2C600 3x"},"classes":[]},{"id":7591,"url":"https:\/\/cepronda.com\/blog\/i-jornadas-provinciales-profesorado-de-educacion-plastica-visual-y-audiovisual\/","url_meta":{"origin":9237,"position":2},"title":"I JORNADAS PROVINCIALES PROFESORADO DE EDUCACI\u00d3N PL\u00c1STICA, VISUAL Y AUDIOVISUAL.","author":"Mamen Moreno","date":"22 abril, 2024","format":false,"excerpt":"Abierto el plazo de solicitudes de las I JORNADAS PROVINCIALES PROFESORADO DE EDUCACI\u00d3N PL\u00c1STICA, VISUAL Y AUDIOVISUAL. 8 horas presenciales (Lugar: Colecci\u00f3n del Museo Ruso de M\u00e1laga). Fecha inscripci\u00f3n: 22\/04\/2024 hasta 06\/05\/2024. Fecha actividad: 16\/05\/2024. M\u00e1s informaci\u00f3n e inscripci\u00f3n: https:\/\/www.juntadeandalucia.es\/educacion\/secretariavirtual\/consultaCEP\/actividad\/242922GE257\/","rel":"","context":"En \u00abNoticias\u00bb","block_context":{"text":"Noticias","link":"https:\/\/cepronda.com\/blog\/category\/noticias\/"},"img":{"alt_text":"","src":"https:\/\/i0.wp.com\/cepronda.com\/blog\/wp-content\/uploads\/2024\/04\/WhatsApp-Image-2024-04-20-at-11.09.52.jpeg?fit=942%2C787&ssl=1&resize=350%2C200","width":350,"height":200,"srcset":"https:\/\/i0.wp.com\/cepronda.com\/blog\/wp-content\/uploads\/2024\/04\/WhatsApp-Image-2024-04-20-at-11.09.52.jpeg?fit=942%2C787&ssl=1&resize=350%2C200 1x, https:\/\/i0.wp.com\/cepronda.com\/blog\/wp-content\/uploads\/2024\/04\/WhatsApp-Image-2024-04-20-at-11.09.52.jpeg?fit=942%2C787&ssl=1&resize=525%2C300 1.5x, https:\/\/i0.wp.com\/cepronda.com\/blog\/wp-content\/uploads\/2024\/04\/WhatsApp-Image-2024-04-20-at-11.09.52.jpeg?fit=942%2C787&ssl=1&resize=700%2C400 2x"},"classes":[]},{"id":9259,"url":"https:\/\/cepronda.com\/blog\/jornadas-provinciales-asadipre-genesis-de-la-direccion-escolar\/","url_meta":{"origin":9237,"position":3},"title":"JORNADAS PROVINCIALES ASADIPRE: G\u00c9NESIS DE LA DIRECCI\u00d3N ESCOLAR","author":"Inmaculada Garc\u00eda","date":"27 enero, 2026","format":false,"excerpt":"En breve se abre el plazo de inscripci\u00f3n a las jornadas provinciales: JORNADAS PROVINCIALES ASADIPRE: G\u00c9NESIS DE LA DIRECCI\u00d3N ESCOLAR, c\u00f3digo: 262924GE003. Actividad presencial con una dedicaci\u00f3n de 8h, dirigida a Equipos Directivos. Las jornadas tendr\u00e1n lugar en el Palacio de Ferias y Congresos Convento de Santo Domingo en Ronda,\u2026","rel":"","context":"En \u00abFormaciones\u00bb","block_context":{"text":"Formaciones","link":"https:\/\/cepronda.com\/blog\/category\/formaciones\/"},"img":{"alt_text":"","src":"https:\/\/i0.wp.com\/cepronda.com\/blog\/wp-content\/uploads\/2026\/01\/jornadas-provinciales-de-asadipre-malaga.jpg?fit=960%2C1200&ssl=1&resize=350%2C200","width":350,"height":200,"srcset":"https:\/\/i0.wp.com\/cepronda.com\/blog\/wp-content\/uploads\/2026\/01\/jornadas-provinciales-de-asadipre-malaga.jpg?fit=960%2C1200&ssl=1&resize=350%2C200 1x, https:\/\/i0.wp.com\/cepronda.com\/blog\/wp-content\/uploads\/2026\/01\/jornadas-provinciales-de-asadipre-malaga.jpg?fit=960%2C1200&ssl=1&resize=525%2C300 1.5x, https:\/\/i0.wp.com\/cepronda.com\/blog\/wp-content\/uploads\/2026\/01\/jornadas-provinciales-de-asadipre-malaga.jpg?fit=960%2C1200&ssl=1&resize=700%2C400 2x"},"classes":[]},{"id":2337,"url":"https:\/\/cepronda.com\/blog\/jornadas-provinciales-objetivo-visibilizar-el-autismo\/","url_meta":{"origin":9237,"position":4},"title":"Jornadas Provinciales OBJETIVO: VISIBILIZAR EL AUTISMO","author":"V\u00edctor Caballero","date":"25 septiembre, 2018","format":false,"excerpt":"El pr\u00f3ximo 17 de octubre tendr\u00e1n lugar en la Facultad de Ciencias de la Educaci\u00f3n de M\u00e1laga, en horario de 9 a 14 horas, unas Jornadas Provinciales que tienen como objetivo principal\u00a0 visibilizar el autismo as\u00ed como\u00a0 informar, concienciar y sensibilizar al profesorado sobre el trastornos del espectro autista. Las\u2026","rel":"","context":"En \u00abNoticias\u00bb","block_context":{"text":"Noticias","link":"https:\/\/cepronda.com\/blog\/category\/noticias\/"},"img":{"alt_text":"","src":"https:\/\/i0.wp.com\/cepronda.com\/blog\/wp-content\/uploads\/2018\/09\/445739172_317870.jpg?resize=350%2C200&ssl=1","width":350,"height":200,"srcset":"https:\/\/i0.wp.com\/cepronda.com\/blog\/wp-content\/uploads\/2018\/09\/445739172_317870.jpg?resize=350%2C200&ssl=1 1x, https:\/\/i0.wp.com\/cepronda.com\/blog\/wp-content\/uploads\/2018\/09\/445739172_317870.jpg?resize=525%2C300&ssl=1 1.5x, https:\/\/i0.wp.com\/cepronda.com\/blog\/wp-content\/uploads\/2018\/09\/445739172_317870.jpg?resize=700%2C400&ssl=1 2x"},"classes":[]},{"id":5954,"url":"https:\/\/cepronda.com\/blog\/jornadas-provinciales-nuevos-retos-y-enfoques-para-una-direccion-de-exito\/","url_meta":{"origin":9237,"position":5},"title":"JORNADAS PROVINCIALES \u00abNUEVOS RETOS Y ENFOQUES PARA UNA DIRECCI\u00d3N DE \u00c9XITO\u00bb","author":"Mamen Moreno","date":"21 abril, 2023","format":false,"excerpt":"Se encuentra abierto el plazo de inscripci\u00f3n para las Jornadas Provinciales de Directores y Directoras \"NUEVOS RETOS Y ENFOQUES PARA UNA DIRECCI\u00d3N DE \u00c9XITO\" Inscripci\u00f3n: desde 20 de abril a 19 de mayo Fecha: 1 de junio Lugar: Facultad de Ciencias de la Educaci\u00f3n (UMA) Duraci\u00f3n: 8 horas M\u00e1s informaci\u00f3n\u2026","rel":"","context":"En \u00abNoticias\u00bb","block_context":{"text":"Noticias","link":"https:\/\/cepronda.com\/blog\/category\/noticias\/"},"img":{"alt_text":"","src":"https:\/\/i0.wp.com\/cepronda.com\/blog\/wp-content\/uploads\/2023\/04\/WhatsApp-Image-2023-04-20-at-17.21.58.jpeg?fit=1080%2C1080&ssl=1&resize=350%2C200","width":350,"height":200,"srcset":"https:\/\/i0.wp.com\/cepronda.com\/blog\/wp-content\/uploads\/2023\/04\/WhatsApp-Image-2023-04-20-at-17.21.58.jpeg?fit=1080%2C1080&ssl=1&resize=350%2C200 1x, https:\/\/i0.wp.com\/cepronda.com\/blog\/wp-content\/uploads\/2023\/04\/WhatsApp-Image-2023-04-20-at-17.21.58.jpeg?fit=1080%2C1080&ssl=1&resize=525%2C300 1.5x, https:\/\/i0.wp.com\/cepronda.com\/blog\/wp-content\/uploads\/2023\/04\/WhatsApp-Image-2023-04-20-at-17.21.58.jpeg?fit=1080%2C1080&ssl=1&resize=700%2C400 2x, https:\/\/i0.wp.com\/cepronda.com\/blog\/wp-content\/uploads\/2023\/04\/WhatsApp-Image-2023-04-20-at-17.21.58.jpeg?fit=1080%2C1080&ssl=1&resize=1050%2C600 3x"},"classes":[]}],"jetpack_sharing_enabled":true,"_links":{"self":[{"href":"https:\/\/cepronda.com\/blog\/wp-json\/wp\/v2\/posts\/9237","targetHints":{"allow":["GET"]}}],"collection":[{"href":"https:\/\/cepronda.com\/blog\/wp-json\/wp\/v2\/posts"}],"about":[{"href":"https:\/\/cepronda.com\/blog\/wp-json\/wp\/v2\/types\/post"}],"author":[{"embeddable":true,"href":"https:\/\/cepronda.com\/blog\/wp-json\/wp\/v2\/users\/16"}],"replies":[{"embeddable":true,"href":"https:\/\/cepronda.com\/blog\/wp-json\/wp\/v2\/comments?post=9237"}],"version-history":[{"count":5,"href":"https:\/\/cepronda.com\/blog\/wp-json\/wp\/v2\/posts\/9237\/revisions"}],"predecessor-version":[{"id":9295,"href":"https:\/\/cepronda.com\/blog\/wp-json\/wp\/v2\/posts\/9237\/revisions\/9295"}],"wp:featuredmedia":[{"embeddable":true,"href":"https:\/\/cepronda.com\/blog\/wp-json\/wp\/v2\/media\/9293"}],"wp:attachment":[{"href":"https:\/\/cepronda.com\/blog\/wp-json\/wp\/v2\/media?parent=9237"}],"wp:term":[{"taxonomy":"category","embeddable":true,"href":"https:\/\/cepronda.com\/blog\/wp-json\/wp\/v2\/categories?post=9237"},{"taxonomy":"post_tag","embeddable":true,"href":"https:\/\/cepronda.com\/blog\/wp-json\/wp\/v2\/tags?post=9237"}],"curies":[{"name":"wp","href":"https:\/\/api.w.org\/{rel}","templated":true}]}}