{"id":9233,"date":"2026-01-19T13:11:33","date_gmt":"2026-01-19T12:11:33","guid":{"rendered":"https:\/\/cepronda.com\/blog\/?p=9233"},"modified":"2026-01-28T13:26:12","modified_gmt":"2026-01-28T12:26:12","slug":"9233-2","status":"publish","type":"post","link":"https:\/\/cepronda.com\/blog\/9233-2\/","title":{"rendered":"PROGRAMA ALDEA: RECAPACICLA, EDUCACI\u00d3N PARA LA CIRCULARIDAD"},"content":{"rendered":"<p dir=\"ltr\">Abierto el plazo de inscripci\u00f3n de la actividad,<strong> \u00abPROGRAMA ALDEA: RECAPACICLA, EDUCACI\u00d3N PARA LA CIRCULARIDAD\u00bb,<\/strong> con c\u00f3digo: 269920KPF114.<\/p>\n<p dir=\"ltr\">Curso de 30 horas no presenciales, de car\u00e1cter voluntario dirigido prioritariamente al profesorado coordinador del Programa ALDEA en el Curso 2025-26.<\/p>\n<p dir=\"ltr\">Especialmente aquellos que tienen la l\u00ednea de trabajo de Recapacicla, impulsado por la Consejer\u00eda de Desarrollo Educativo y Formaci\u00f3n Profesional en colaboraci\u00f3n con la Consejer\u00eda de Sostenibilidad y Medio Ambiente dentro del Programa ALDEA.<\/p>\n<p dir=\"ltr\">En la naturaleza, se generan diferentes residuos que entran a formar parte de los distintos ciclos naturales en donde se produce su integraci\u00f3n y su reutilizaci\u00f3n. En cambio, la gran cantidad y diversidad de residuos generados por la actividad humana en la sociedad actual no pueden ser asumidos por la naturaleza por lo que su vertido puede dar lugar a importantes problemas ambientales.<\/p>\n<p dir=\"ltr\">Conscientes de ello, a trav\u00e9s de esta actividad formativa se pretende dotar al profesorado del conocimiento, las habilidades y las competencias para conocer la problem\u00e1tica espec\u00edfica de los residuos en la sociedad actual, as\u00ed como las principales herramientas que disponemos para mejorar el modelo de gesti\u00f3n y la toma de decisiones para el impulso de la educaci\u00f3n circular en la cultura organizativa del centro, desde modelos de investigaci\u00f3n acci\u00f3n participativa.<\/p>\n<p style=\"text-align: left;\"><span style=\"color: #ff0000;\">\u00a0<\/span><\/p>\n<p dir=\"ltr\">\u00a0FECHA DE INSCRIPCI\u00d3N: <span dir=\"ltr\">Hasta el 25 de enero<\/span>.<\/p>\n<p dir=\"ltr\">\u00a0FECHA DEL CURSO: <span dir=\"ltr\">Desde el 2 de febrero al 20 de marzo<\/span><\/p>\n<p dir=\"ltr\">\u00a0LUGAR DE REALIZACI\u00d3N: AVFP<\/p>\n<p dir=\"ltr\">&#8211; LISTADO PROVISIONAL ADMITIDOS: <span dir=\"ltr\">26\/01\/2026<\/span><\/p>\n<p dir=\"ltr\">&#8211; LISTADO DEFINITIVO ADMITIDOS: <span dir=\"ltr\">28\/01\/2026<\/span><\/p>\n<p dir=\"ltr\">Para ampliar informaci\u00f3n y acceder a la ficha de inscripci\u00f3n, consultar en el siguiente enlace:<\/p>\n<p dir=\"ltr\"><a href=\"https:\/\/secretariavirtual.juntadeandalucia.es\/secretariavirtual\/consultaCEP\/actividad\/269920KPF114\/\" target=\"_blank\" rel=\"noopener\">https:\/\/secretariavirtual.juntadeandalucia.es\/secretariavirtual\/consultaCEP\/actividad\/269920KPF114\/<\/a>?<\/p>\n<p dir=\"ltr\">\n<p dir=\"ltr\">\n<p dir=\"ltr\"><a href=\"https:\/\/secretariavirtual.juntadeandalucia.es\/secretariavirtual\/consultaCEP\/actividad\/269920KPF114\/?\"><img data-recalc-dims=\"1\" loading=\"lazy\" decoding=\"async\" class=\"aligncenter wp-image-9297\" src=\"https:\/\/i0.wp.com\/cepronda.com\/blog\/wp-content\/uploads\/2026\/01\/aldea.jpg?resize=500%2C500&#038;ssl=1\" alt=\"\" width=\"500\" height=\"500\" srcset=\"https:\/\/i0.wp.com\/cepronda.com\/blog\/wp-content\/uploads\/2026\/01\/aldea.jpg?w=450&amp;ssl=1 450w, https:\/\/i0.wp.com\/cepronda.com\/blog\/wp-content\/uploads\/2026\/01\/aldea.jpg?resize=300%2C300&amp;ssl=1 300w, https:\/\/i0.wp.com\/cepronda.com\/blog\/wp-content\/uploads\/2026\/01\/aldea.jpg?resize=150%2C150&amp;ssl=1 150w\" sizes=\"auto, (max-width: 500px) 100vw, 500px\" \/><\/a><\/p>\n<p dir=\"ltr\">\n<p dir=\"ltr\">\n","protected":false},"excerpt":{"rendered":"<p>Abierto el plazo de inscripci\u00f3n de la actividad, \u00abPROGRAMA ALDEA: RECAPACICLA, EDUCACI\u00d3N PARA LA CIRCULARIDAD\u00bb, con c\u00f3digo: 269920KPF114. Curso de 30 horas no presenciales, de car\u00e1cter voluntario dirigido prioritariamente al profesorado coordinador del Programa ALDEA en el Curso 2025-26. Especialmente aquellos que tienen la l\u00ednea de trabajo de Recapacicla, impulsado por la Consejer\u00eda de Desarrollo [&hellip;]<\/p>\n","protected":false},"author":16,"featured_media":9297,"comment_status":"closed","ping_status":"open","sticky":false,"template":"","format":"standard","meta":{"_crdt_document":"","advanced_seo_description":"","jetpack_seo_html_title":"","jetpack_seo_noindex":false,"jetpack_post_was_ever_published":false,"_jetpack_newsletter_access":"","_jetpack_dont_email_post_to_subs":false,"_jetpack_newsletter_tier_id":0,"_jetpack_memberships_contains_paywalled_content":false,"_jetpack_memberships_contains_paid_content":false,"footnotes":"","jetpack_publicize_message":"","jetpack_publicize_feature_enabled":true,"jetpack_social_post_already_shared":true,"jetpack_social_options":{"image_generator_settings":{"template":"highway","default_image_id":0,"font":"","enabled":false},"version":2}},"categories":[3],"tags":[438],"class_list":{"0":"post-9233","1":"post","2":"type-post","3":"status-publish","4":"format-standard","5":"has-post-thumbnail","7":"category-formaciones","8":"tag-aldea","9":"czr-hentry"},"jetpack_publicize_connections":[],"jetpack_featured_media_url":"https:\/\/i0.wp.com\/cepronda.com\/blog\/wp-content\/uploads\/2026\/01\/aldea.jpg?fit=450%2C450&ssl=1","jetpack_shortlink":"https:\/\/wp.me\/p8M4X7-2oV","jetpack-related-posts":[{"id":9488,"url":"https:\/\/cepronda.com\/blog\/9488-2\/","url_meta":{"origin":9233,"position":0},"title":"PROGRAMA ALDEA: RECAPACICLA, EDUCACI\u00d3N PARA LA CIRCULARIDAD (Segunda edici\u00f3n)","author":"Encarni Jim\u00e9nez Rosado","date":"6 abril, 2026","format":false,"excerpt":"Ya est\u00e1 abierto el plazo de inscripci\u00f3n de la actividad: PROGRAMA ALDEA: RECAPACICLA, EDUCACI\u00d3N PARA LA CIRCULARIDAD (Segunda edici\u00f3n), C\u00f3digo:269920QPF114 Curso de 30 horas no presenciales, de car\u00e1cter voluntario dirigido prioritariamente al profesorado coordinador del Programa ALDEA en el Curso 2025-26, especialmente aquellos que tienen la l\u00ednea de trabajo de\u2026","rel":"","context":"En \u00abFormaciones\u00bb","block_context":{"text":"Formaciones","link":"https:\/\/cepronda.com\/blog\/category\/formaciones\/"},"img":{"alt_text":"","src":"https:\/\/i0.wp.com\/cepronda.com\/blog\/wp-content\/uploads\/2026\/04\/Sin-titulo.png?fit=598%2C595&ssl=1&resize=350%2C200","width":350,"height":200,"srcset":"https:\/\/i0.wp.com\/cepronda.com\/blog\/wp-content\/uploads\/2026\/04\/Sin-titulo.png?fit=598%2C595&ssl=1&resize=350%2C200 1x, https:\/\/i0.wp.com\/cepronda.com\/blog\/wp-content\/uploads\/2026\/04\/Sin-titulo.png?fit=598%2C595&ssl=1&resize=525%2C300 1.5x"},"classes":[]},{"id":8361,"url":"https:\/\/cepronda.com\/blog\/recapacicla-educacion-para-la-circularidad\/","url_meta":{"origin":9233,"position":1},"title":"RECAPACICLA, EDUCACI\u00d3N PARA LA CIRCULARIDAD","author":"Inmaculada Garc\u00eda","date":"13 marzo, 2025","format":false,"excerpt":"Abierto el plazo de inscripci\u00f3n para la actividad formativa: RECAPACICLA, EDUCACI\u00d3N PARA LA CIRCULARIDAD, con c\u00f3digo 259920KEA114. Actividad dirigida al Profesorado de centros educativos sostenidos con fondos p\u00fablicos que hayan seleccionado la L\u00ednea de Actuaci\u00f3n \u201cEducaci\u00f3n para la Circularidad, (Recapacicla)\u201d del Programa CIMA 2024\/2025 Duraci\u00f3n: 30 horas no presenciales. Solicitudes\u2026","rel":"","context":"En \u00abFormaciones\u00bb","block_context":{"text":"Formaciones","link":"https:\/\/cepronda.com\/blog\/category\/formaciones\/"},"img":{"alt_text":"","src":"https:\/\/i0.wp.com\/cepronda.com\/blog\/wp-content\/uploads\/2025\/03\/259920KEA114_RECAPACICLA-1.jpg?fit=1200%2C1200&ssl=1&resize=350%2C200","width":350,"height":200,"srcset":"https:\/\/i0.wp.com\/cepronda.com\/blog\/wp-content\/uploads\/2025\/03\/259920KEA114_RECAPACICLA-1.jpg?fit=1200%2C1200&ssl=1&resize=350%2C200 1x, https:\/\/i0.wp.com\/cepronda.com\/blog\/wp-content\/uploads\/2025\/03\/259920KEA114_RECAPACICLA-1.jpg?fit=1200%2C1200&ssl=1&resize=525%2C300 1.5x, https:\/\/i0.wp.com\/cepronda.com\/blog\/wp-content\/uploads\/2025\/03\/259920KEA114_RECAPACICLA-1.jpg?fit=1200%2C1200&ssl=1&resize=700%2C400 2x, https:\/\/i0.wp.com\/cepronda.com\/blog\/wp-content\/uploads\/2025\/03\/259920KEA114_RECAPACICLA-1.jpg?fit=1200%2C1200&ssl=1&resize=1050%2C600 3x"},"classes":[]},{"id":7561,"url":"https:\/\/cepronda.com\/blog\/actividades-programa-cima\/","url_meta":{"origin":9233,"position":2},"title":"ACTIVIDADES PROGRAMA CIMA","author":"Mamen Moreno","date":"11 abril, 2024","format":false,"excerpt":"Abierto plazo de solicitudes de tres actividades formativas REGIONALES para docentes participantes en el programa CIMA: \"RECAPACICLA, EDUCACI\u00d3N PARA LA CIRCULARIDAD\": https:\/\/www.juntadeandalucia.es\/educacion\/secretariavirtual\/consultaCEP\/actividad\/249920EA114\/ \"LA AVENTURA DE NUESTRO ECOHUERTO\": https:\/\/www.juntadeandalucia.es\/educacion\/secretariavirtual\/consultaCEP\/actividad\/249907EA144\/ \u00a1T\u00da PUEDES SER OL\u00cdMPIC@! UNA PROPUESTA EDUCATIVA E INTEGRADORA A TRAV\u00c9S DEL OLIMPISMO: https:\/\/www.juntadeandalucia.es\/educacion\/secretariavirtual\/consultaCEP\/actividad\/249932HVS258\/ Solicitudes de inscripci\u00f3n: del 11 al 17 de\u2026","rel":"","context":"En \u00abFormaciones\u00bb","block_context":{"text":"Formaciones","link":"https:\/\/cepronda.com\/blog\/category\/formaciones\/"},"img":{"alt_text":"","src":"https:\/\/i0.wp.com\/cepronda.com\/blog\/wp-content\/uploads\/2024\/04\/Copia-de-TEATRO-SEMIOTICA-1-1.png?fit=1080%2C1080&ssl=1&resize=350%2C200","width":350,"height":200,"srcset":"https:\/\/i0.wp.com\/cepronda.com\/blog\/wp-content\/uploads\/2024\/04\/Copia-de-TEATRO-SEMIOTICA-1-1.png?fit=1080%2C1080&ssl=1&resize=350%2C200 1x, https:\/\/i0.wp.com\/cepronda.com\/blog\/wp-content\/uploads\/2024\/04\/Copia-de-TEATRO-SEMIOTICA-1-1.png?fit=1080%2C1080&ssl=1&resize=525%2C300 1.5x, https:\/\/i0.wp.com\/cepronda.com\/blog\/wp-content\/uploads\/2024\/04\/Copia-de-TEATRO-SEMIOTICA-1-1.png?fit=1080%2C1080&ssl=1&resize=700%2C400 2x, https:\/\/i0.wp.com\/cepronda.com\/blog\/wp-content\/uploads\/2024\/04\/Copia-de-TEATRO-SEMIOTICA-1-1.png?fit=1080%2C1080&ssl=1&resize=1050%2C600 3x"},"classes":[]},{"id":9015,"url":"https:\/\/cepronda.com\/blog\/programa-aldea-la-aventura-de-nuestro-ecohuerto\/","url_meta":{"origin":9233,"position":3},"title":"PROGRAMA ALDEA: \u201cLA AVENTURA DE NUESTRO ECOHUERTO\u201d","author":"Mamen Moreno","date":"5 noviembre, 2025","format":false,"excerpt":"Abierto el plazo de inscripci\u00f3n para la actividad regional\u00a0PROGRAMA ALDEA: \u201cLa Aventura de nuestro Ecohuerto\u201d con c\u00f3digo 269907EA144 Fecha actividad: 17\/11\/2025 hasta 19\/12\/2025 Fecha inscripci\u00f3n: 05\/11\/2025 hasta 11\/05\/2025 Horas totales: 40 Lugar de realizaci\u00f3n: Aula Virtual DIRIGIDO A: Profesorado de centros que hayan seleccionado la L\u00ednea de Actuaci\u00f3n \"Huertos Escolares\"\u2026","rel":"","context":"En \u00abFormaciones\u00bb","block_context":{"text":"Formaciones","link":"https:\/\/cepronda.com\/blog\/category\/formaciones\/"},"img":{"alt_text":"","src":"https:\/\/i0.wp.com\/cepronda.com\/blog\/wp-content\/uploads\/2025\/11\/5977ca6e.png?fit=771%2C626&ssl=1&resize=350%2C200","width":350,"height":200,"srcset":"https:\/\/i0.wp.com\/cepronda.com\/blog\/wp-content\/uploads\/2025\/11\/5977ca6e.png?fit=771%2C626&ssl=1&resize=350%2C200 1x, https:\/\/i0.wp.com\/cepronda.com\/blog\/wp-content\/uploads\/2025\/11\/5977ca6e.png?fit=771%2C626&ssl=1&resize=525%2C300 1.5x, https:\/\/i0.wp.com\/cepronda.com\/blog\/wp-content\/uploads\/2025\/11\/5977ca6e.png?fit=771%2C626&ssl=1&resize=700%2C400 2x"},"classes":[]},{"id":2857,"url":"https:\/\/cepronda.com\/blog\/programa-aldea-en-el-cpr-valle-del-guadiaro\/","url_meta":{"origin":9233,"position":4},"title":"Programa ALDEA en el CPR Valle del Guadiaro","author":"V\u00edctor Caballero","date":"30 mayo, 2019","format":false,"excerpt":"Muy buenas queremos compartir con todas y todos vosotros este v\u00eddeo realizado por el CPR Valle del Guadiaro dentro del programa ALDEA. Seguro que os gusta. Enlace al v\u00eddeo","rel":"","context":"En \u00abNoticias\u00bb","block_context":{"text":"Noticias","link":"https:\/\/cepronda.com\/blog\/category\/noticias\/"},"img":{"alt_text":"","src":"https:\/\/i0.wp.com\/cepronda.com\/blog\/wp-content\/uploads\/2019\/05\/valle-del-guadiaro.png?fit=220%2C220&ssl=1&resize=350%2C200","width":350,"height":200},"classes":[]},{"id":2676,"url":"https:\/\/cepronda.com\/blog\/video-latucada-reivindicativa-en-el-ceip-san-agustin-de-el-burgo\/","url_meta":{"origin":9233,"position":5},"title":"V\u00cdDEO LATUCADA REIVINDICATIVA en el CEIP San Agust\u00edn de El Burgo","author":"V\u00edctor Caballero","date":"18 marzo, 2019","format":false,"excerpt":"A continuaci\u00f3n os dejamos el enlace de la Latucada Reivindicativa que recorri\u00f3 las calles de nuestra localidad. Se ha utilizado para participar en el concurso escolar que promueve\u00a0la Consejer\u00eda competente en materia de Educaci\u00f3n y la Consejer\u00eda competente en materia de Fomento, el II Concurso escolar \u201cPonte en Marcha\u201d, que\u2026","rel":"","context":"En \u00abNoticias\u00bb","block_context":{"text":"Noticias","link":"https:\/\/cepronda.com\/blog\/category\/noticias\/"},"img":{"alt_text":"","src":"https:\/\/i0.wp.com\/img.youtube.com\/vi\/l9GLnaKkPhg\/0.jpg?resize=350%2C200","width":350,"height":200},"classes":[]}],"jetpack_sharing_enabled":true,"_links":{"self":[{"href":"https:\/\/cepronda.com\/blog\/wp-json\/wp\/v2\/posts\/9233","targetHints":{"allow":["GET"]}}],"collection":[{"href":"https:\/\/cepronda.com\/blog\/wp-json\/wp\/v2\/posts"}],"about":[{"href":"https:\/\/cepronda.com\/blog\/wp-json\/wp\/v2\/types\/post"}],"author":[{"embeddable":true,"href":"https:\/\/cepronda.com\/blog\/wp-json\/wp\/v2\/users\/16"}],"replies":[{"embeddable":true,"href":"https:\/\/cepronda.com\/blog\/wp-json\/wp\/v2\/comments?post=9233"}],"version-history":[{"count":5,"href":"https:\/\/cepronda.com\/blog\/wp-json\/wp\/v2\/posts\/9233\/revisions"}],"predecessor-version":[{"id":9298,"href":"https:\/\/cepronda.com\/blog\/wp-json\/wp\/v2\/posts\/9233\/revisions\/9298"}],"wp:featuredmedia":[{"embeddable":true,"href":"https:\/\/cepronda.com\/blog\/wp-json\/wp\/v2\/media\/9297"}],"wp:attachment":[{"href":"https:\/\/cepronda.com\/blog\/wp-json\/wp\/v2\/media?parent=9233"}],"wp:term":[{"taxonomy":"category","embeddable":true,"href":"https:\/\/cepronda.com\/blog\/wp-json\/wp\/v2\/categories?post=9233"},{"taxonomy":"post_tag","embeddable":true,"href":"https:\/\/cepronda.com\/blog\/wp-json\/wp\/v2\/tags?post=9233"}],"curies":[{"name":"wp","href":"https:\/\/api.w.org\/{rel}","templated":true}]}}