{"id":9230,"date":"2026-01-19T12:37:17","date_gmt":"2026-01-19T11:37:17","guid":{"rendered":"https:\/\/cepronda.com\/blog\/?p=9230"},"modified":"2026-01-28T13:39:11","modified_gmt":"2026-01-28T12:39:11","slug":"9230-2","status":"publish","type":"post","link":"https:\/\/cepronda.com\/blog\/9230-2\/","title":{"rendered":"DISCIPLINA POSITIVA, NEUROEDUCACI\u00d3N Y BIENESTAR EMOCIONAL\u201d:  CLAVES PARA LA CONVIVENCIA Y LA GESTI\u00d3N DEL ESTR\u00c9S EN RESIDENCIAS ESCOLARES."},"content":{"rendered":"<p>Abierto plazo de inscripci\u00f3n para el<\/p>\n<p>curso \u00a0\u201cDISCIPLINA POSITIVA, NEUROEDUCACI\u00d3N Y BIENESTAR EMOCIONAL\u201d: \u00a0CLAVES PARA LA CONVIVENCIA Y LA GESTI\u00d3N DEL ESTR\u00c9S EN RESIDENCIAS ESCOLARES.<\/p>\n<p>C\u00f3digo 262922GE107.<\/p>\n<p>Curso dirigido exclusivamente a profesorado\/educadores de RESIDENCIAS ESCOLARES.<\/p>\n<p>Duraci\u00f3n: 12 horas presenciales de 10:00 a 13:00.<\/p>\n<p>Inscripci\u00f3n: 16\/01\/2026 hasta 23\/01\/2026.<\/p>\n<p>Realizaci\u00f3n: 06\/02\/2026 hasta 20\/03\/2026 (4 sesiones).<\/p>\n<p>Lugar de realizaci\u00f3n: R.E. LA ROSALEDA.<\/p>\n<p>Enlace: <a href=\"https:\/\/secretariavirtual.juntadeandalucia.es\/secretariavirtual\/consultaCEP\/actividad\/262922GE107\/\">https:\/\/secretariavirtual.juntadeandalucia.es\/secretariavirtual\/consultaCEP\/actividad\/262922GE107\/<\/a><\/p>\n","protected":false},"excerpt":{"rendered":"<p>Abierto plazo de inscripci\u00f3n para el curso \u00a0\u201cDISCIPLINA POSITIVA, NEUROEDUCACI\u00d3N Y BIENESTAR EMOCIONAL\u201d: \u00a0CLAVES PARA LA CONVIVENCIA Y LA GESTI\u00d3N DEL ESTR\u00c9S EN RESIDENCIAS ESCOLARES. C\u00f3digo 262922GE107. Curso dirigido exclusivamente a profesorado\/educadores de RESIDENCIAS ESCOLARES. Duraci\u00f3n: 12 horas presenciales de 10:00 a 13:00. Inscripci\u00f3n: 16\/01\/2026 hasta 23\/01\/2026. Realizaci\u00f3n: 06\/02\/2026 hasta 20\/03\/2026 (4 sesiones). Lugar de [&hellip;]<\/p>\n","protected":false},"author":16,"featured_media":0,"comment_status":"closed","ping_status":"open","sticky":false,"template":"","format":"standard","meta":{"_crdt_document":"","advanced_seo_description":"","jetpack_seo_html_title":"","jetpack_seo_noindex":false,"jetpack_post_was_ever_published":false,"_jetpack_newsletter_access":"","_jetpack_dont_email_post_to_subs":false,"_jetpack_newsletter_tier_id":0,"_jetpack_memberships_contains_paywalled_content":false,"_jetpack_memberships_contains_paid_content":false,"footnotes":"","jetpack_publicize_message":"","jetpack_publicize_feature_enabled":true,"jetpack_social_post_already_shared":true,"jetpack_social_options":{"image_generator_settings":{"template":"highway","default_image_id":0,"font":"","enabled":false},"version":2}},"categories":[3],"tags":[],"class_list":{"0":"post-9230","1":"post","2":"type-post","3":"status-publish","4":"format-standard","6":"category-formaciones","7":"czr-hentry"},"jetpack_publicize_connections":[],"jetpack_featured_media_url":"","jetpack_shortlink":"https:\/\/wp.me\/p8M4X7-2oS","jetpack-related-posts":[{"id":7924,"url":"https:\/\/cepronda.com\/blog\/competencias-docentes-para-la-deteccion-el-tratamiento-y-el-manejo-de-conductas-de-riesgo-en-residencias-escolares-codigo-252923ge859\/","url_meta":{"origin":9230,"position":0},"title":"COMPETENCIAS DOCENTES PARA LA DETECCI\u00d3N, EL TRATAMIENTO Y EL MANEJO DE CONDUCTAS DE RIESGO EN RESIDENCIAS ESCOLARES. C\u00f3digo: 252923GE859","author":"Inmaculada Garc\u00eda","date":"10 diciembre, 2024","format":false,"excerpt":"Abierto el plazo de inscripci\u00f3n para la actividad provincial: COMPETENCIAS DOCENTES PARA LA DETECCI\u00d3N, EL TRATAMIENTO Y EL MANEJO DE CONDUCTAS DE RIESGO EN RESIDENCIAS ESCOLARES. C\u00f3digo: 252923GE859 \u270f\ufe0fFecha inscripci\u00f3n: 05\/12\/2024 hasta 07\/01\/2025 Fecha actividad: 17\/01\/2025 hasta 04\/04\/2025 Lugar de realizaci\u00f3n: RESIDENCIA ESCOLAR VIRGEN DE LA FUENSANTA - CO\u00cdN M\u00e1s\u2026","rel":"","context":"En \u00abFormaciones\u00bb","block_context":{"text":"Formaciones","link":"https:\/\/cepronda.com\/blog\/category\/formaciones\/"},"img":{"alt_text":"COMPETENCIAS DOCENTES PARA LA DETECCI\u00d3N, EL TRATAMIENTO Y EL MANEJO DE CONDUCTAS DE RIESGO EN RESIDENCIAS ESCOLARES","src":"https:\/\/i0.wp.com\/cepronda.com\/blog\/wp-content\/uploads\/2024\/12\/WhatsApp-Image-2024-12-10-at-12.42.27.jpeg?fit=1080%2C1080&ssl=1&resize=350%2C200","width":350,"height":200,"srcset":"https:\/\/i0.wp.com\/cepronda.com\/blog\/wp-content\/uploads\/2024\/12\/WhatsApp-Image-2024-12-10-at-12.42.27.jpeg?fit=1080%2C1080&ssl=1&resize=350%2C200 1x, https:\/\/i0.wp.com\/cepronda.com\/blog\/wp-content\/uploads\/2024\/12\/WhatsApp-Image-2024-12-10-at-12.42.27.jpeg?fit=1080%2C1080&ssl=1&resize=525%2C300 1.5x, https:\/\/i0.wp.com\/cepronda.com\/blog\/wp-content\/uploads\/2024\/12\/WhatsApp-Image-2024-12-10-at-12.42.27.jpeg?fit=1080%2C1080&ssl=1&resize=700%2C400 2x, https:\/\/i0.wp.com\/cepronda.com\/blog\/wp-content\/uploads\/2024\/12\/WhatsApp-Image-2024-12-10-at-12.42.27.jpeg?fit=1080%2C1080&ssl=1&resize=1050%2C600 3x"},"classes":[]},{"id":8172,"url":"https:\/\/cepronda.com\/blog\/curso-provincial-bienestar-emocional-y-autocuidado-del-personal-docente-codigo-259925ci478\/","url_meta":{"origin":9230,"position":1},"title":"BIENESTAR EMOCIONAL Y AUTOCUIDADO DEL PERSONAL DOCENTE.","author":"Inmaculada Garc\u00eda","date":"19 febrero, 2025","format":false,"excerpt":"Se encuentra abierto el plazo de inscripci\u00f3n del curso provincial:\u00a0 \"BIENESTAR EMOCIONAL Y AUTOCUIDADO DEL PERSONAL DOCENTE.\"\u00a0\u00a0C\u00f3digo:\u00a0259925CI478 Curso\u00a0a distancia, de 30 horas de duraci\u00f3n, en el Aula Virtual de Formaci\u00f3n del Profesorado. Internivelar. Plazo de inscripci\u00f3n:\u00a0del 18 de febrero al 3 de marzo de 2025. Fechas\u00a0de\u00a0realizaci\u00f3n:\u00a0del 11 de marzo al\u2026","rel":"","context":"En \u00abFormaciones\u00bb","block_context":{"text":"Formaciones","link":"https:\/\/cepronda.com\/blog\/category\/formaciones\/"},"img":{"alt_text":"","src":"https:\/\/i0.wp.com\/cepronda.com\/blog\/wp-content\/uploads\/2025\/02\/BINESTAR-EMOCIONAL-Y-AUTOCUIDADO-DEL-PERSONAL-DOCENTE.jpg?fit=864%2C1080&ssl=1&resize=350%2C200","width":350,"height":200,"srcset":"https:\/\/i0.wp.com\/cepronda.com\/blog\/wp-content\/uploads\/2025\/02\/BINESTAR-EMOCIONAL-Y-AUTOCUIDADO-DEL-PERSONAL-DOCENTE.jpg?fit=864%2C1080&ssl=1&resize=350%2C200 1x, https:\/\/i0.wp.com\/cepronda.com\/blog\/wp-content\/uploads\/2025\/02\/BINESTAR-EMOCIONAL-Y-AUTOCUIDADO-DEL-PERSONAL-DOCENTE.jpg?fit=864%2C1080&ssl=1&resize=525%2C300 1.5x, https:\/\/i0.wp.com\/cepronda.com\/blog\/wp-content\/uploads\/2025\/02\/BINESTAR-EMOCIONAL-Y-AUTOCUIDADO-DEL-PERSONAL-DOCENTE.jpg?fit=864%2C1080&ssl=1&resize=700%2C400 2x"},"classes":[]},{"id":9185,"url":"https:\/\/cepronda.com\/blog\/9185-2\/","url_meta":{"origin":9230,"position":2},"title":"CURSO EL APRENDIZAJE COOPERATIVO COMO ESTRATEGIA DE GESTI\u00d3N DE AULA","author":"Encarni Jim\u00e9nez Rosado","date":"13 enero, 2026","format":false,"excerpt":"Abierto plazo de inscripci\u00f3n para el curso \u201cEL APRENDIZAJE COOPERATIVO COMO ESTRATEGIA DE GESTI\u00d3N DE AULA\u201d C\u00f3digo: 262925GE401 Inscripciones: desde el 09\/01\/2026 hasta 27\/01\/2026 Fecha de inicio y fin del curso: 02\/02\/2026 hasta 08\/04\/2026 Lugar de realizaci\u00f3n: Aula Virtual de Formaci\u00f3n del Profesorado (https:\/\/educacionadistancia.juntadeandalucia.es\/profesorado\/) Detalle e inscripci\u00f3n: https:\/\/secretariavirtual.juntadeandalucia.es\/secretariavirtual\/consultaCEP\/actividad\/262925GE401\/","rel":"","context":"En \u00abFormaciones\u00bb","block_context":{"text":"Formaciones","link":"https:\/\/cepronda.com\/blog\/category\/formaciones\/"},"img":{"alt_text":"","src":"https:\/\/i0.wp.com\/cepronda.com\/blog\/wp-content\/uploads\/2026\/01\/WhatsApp-Image-2026-01-13-at-12.20.28-e1768303479670.jpeg?fit=500%2C835&ssl=1&resize=350%2C200","width":350,"height":200},"classes":[]},{"id":7970,"url":"https:\/\/cepronda.com\/blog\/i-encuentro-de-radios-escolares-de-malaga\/","url_meta":{"origin":9230,"position":3},"title":"I ENCUENTRO DE RADIOS ESCOLARES DE M\u00c1LAGA","author":"Mamen Moreno","date":"20 diciembre, 2024","format":false,"excerpt":"Se encuentra abierto el plazo de inscripci\u00f3n de l a ACTIVIDAD PROVINCIAL: I ENCUENTRO DE RADIOS ESCOLARES DE M\u00c1LAGA. C\u00f3digo 252922GE067 Duraci\u00f3n: 8 horas. \u00c1mbito: PROVINCIAL Fecha de realizaci\u00f3n:\u00a012\/02\/2025\u00a0hasta\u00a013\/02\/2025 Fecha de inscripci\u00f3n:\u00a017\/12\/2024\u00a0hasta\u00a030\/01\/2025 Lugar de realizaci\u00f3n: La T\u00e9rmica (M\u00e1laga). M\u00e1s informaci\u00f3n e inscripciones en:\u00a0 https:\/\/www.juntadeandalucia.es\/educacion\/secretariavirtual\/consultaCEP\/actividad\/252922GE067\/","rel":"","context":"En \u00abFormaciones\u00bb","block_context":{"text":"Formaciones","link":"https:\/\/cepronda.com\/blog\/category\/formaciones\/"},"img":{"alt_text":"","src":"https:\/\/i0.wp.com\/cepronda.com\/blog\/wp-content\/uploads\/2024\/12\/Cartel_cuadrado_encuentro_radios_escolares-1.jpeg?fit=1080%2C1080&ssl=1&resize=350%2C200","width":350,"height":200,"srcset":"https:\/\/i0.wp.com\/cepronda.com\/blog\/wp-content\/uploads\/2024\/12\/Cartel_cuadrado_encuentro_radios_escolares-1.jpeg?fit=1080%2C1080&ssl=1&resize=350%2C200 1x, https:\/\/i0.wp.com\/cepronda.com\/blog\/wp-content\/uploads\/2024\/12\/Cartel_cuadrado_encuentro_radios_escolares-1.jpeg?fit=1080%2C1080&ssl=1&resize=525%2C300 1.5x, https:\/\/i0.wp.com\/cepronda.com\/blog\/wp-content\/uploads\/2024\/12\/Cartel_cuadrado_encuentro_radios_escolares-1.jpeg?fit=1080%2C1080&ssl=1&resize=700%2C400 2x, https:\/\/i0.wp.com\/cepronda.com\/blog\/wp-content\/uploads\/2024\/12\/Cartel_cuadrado_encuentro_radios_escolares-1.jpeg?fit=1080%2C1080&ssl=1&resize=1050%2C600 3x"},"classes":[]},{"id":5891,"url":"https:\/\/cepronda.com\/blog\/una-direccion-para-ilusionarte\/","url_meta":{"origin":9230,"position":4},"title":"UNA DIRECCI\u00d3N PARA ILUSIONARTE","author":"Mamen Moreno","date":"31 marzo, 2023","format":false,"excerpt":"Abierto el plazo de inscripciones de la Jornada a nivel Regional \"Una direcci\u00f3n para ilusionarte\". Del 30 de marzo al 18 de abril de 2023. \u00a0 Actividad organizada junto con ASADIPRE \u00b7 Asociaci\u00f3n Andaluza de Directores y Directoras de Centros de Infantil, Primaria y Residencias Escolares. \u00a0 Las Jornadas tienen\u2026","rel":"","context":"En \u00abFormaciones\u00bb","block_context":{"text":"Formaciones","link":"https:\/\/cepronda.com\/blog\/category\/formaciones\/"},"img":{"alt_text":"","src":"https:\/\/i0.wp.com\/cepronda.com\/blog\/wp-content\/uploads\/2023\/03\/DIFUSION-TWITER-4-300x169.png?resize=350%2C200&ssl=1","width":350,"height":200},"classes":[]},{"id":9203,"url":"https:\/\/cepronda.com\/blog\/curso-regional-a-distancia-curso-para-profesorado-de-area-no-linguistica-en-ingles\/","url_meta":{"origin":9230,"position":5},"title":"CURSO REGIONAL A DISTANCIA: CURSO PARA PROFESORADO DE \u00c1REA NO LING\u00dc\u00cdSTICA EN INGL\u00c9S","author":"Encarni Jim\u00e9nez Rosado","date":"13 enero, 2026","format":false,"excerpt":"Abierto plazo de inscripci\u00f3n para curso \u201cREGIONAL A DISTANCIA: CURSO PARA PROFESORADO DE \u00c1REA NO LING\u00dc\u00cdSTICA EN INGL\u00c9S\u201d. C\u00f3digo: 26K9926AV156. Dirigido al profesorado de \u00e1reas no ling\u00fc\u00edsticas de centro biling\u00fces de Andaluc\u00eda. Inscripci\u00f3n: 07\/01\/2026 al 21\/01\/2026. Fecha de realizaci\u00f3n de la actividad 27\/01\/2026 hasta 26\/03\/2026. M\u00e1s informaci\u00f3n e inscripci\u00f3n: https:\/\/secretariavirtual.juntadeandalucia.es\/secretariavirtual\/consultaCEP\/actividad\/26K9926AV156\/","rel":"","context":"En \u00abFormaciones\u00bb","block_context":{"text":"Formaciones","link":"https:\/\/cepronda.com\/blog\/category\/formaciones\/"},"img":{"alt_text":"","src":"","width":0,"height":0},"classes":[]}],"jetpack_sharing_enabled":true,"_links":{"self":[{"href":"https:\/\/cepronda.com\/blog\/wp-json\/wp\/v2\/posts\/9230","targetHints":{"allow":["GET"]}}],"collection":[{"href":"https:\/\/cepronda.com\/blog\/wp-json\/wp\/v2\/posts"}],"about":[{"href":"https:\/\/cepronda.com\/blog\/wp-json\/wp\/v2\/types\/post"}],"author":[{"embeddable":true,"href":"https:\/\/cepronda.com\/blog\/wp-json\/wp\/v2\/users\/16"}],"replies":[{"embeddable":true,"href":"https:\/\/cepronda.com\/blog\/wp-json\/wp\/v2\/comments?post=9230"}],"version-history":[{"count":3,"href":"https:\/\/cepronda.com\/blog\/wp-json\/wp\/v2\/posts\/9230\/revisions"}],"predecessor-version":[{"id":9299,"href":"https:\/\/cepronda.com\/blog\/wp-json\/wp\/v2\/posts\/9230\/revisions\/9299"}],"wp:attachment":[{"href":"https:\/\/cepronda.com\/blog\/wp-json\/wp\/v2\/media?parent=9230"}],"wp:term":[{"taxonomy":"category","embeddable":true,"href":"https:\/\/cepronda.com\/blog\/wp-json\/wp\/v2\/categories?post=9230"},{"taxonomy":"post_tag","embeddable":true,"href":"https:\/\/cepronda.com\/blog\/wp-json\/wp\/v2\/tags?post=9230"}],"curies":[{"name":"wp","href":"https:\/\/api.w.org\/{rel}","templated":true}]}}