{"id":9223,"date":"2026-01-19T12:25:27","date_gmt":"2026-01-19T11:25:27","guid":{"rendered":"https:\/\/cepronda.com\/blog\/?p=9223"},"modified":"2026-01-28T13:37:36","modified_gmt":"2026-01-28T12:37:36","slug":"9223-2","status":"publish","type":"post","link":"https:\/\/cepronda.com\/blog\/9223-2\/","title":{"rendered":"JORNADAS PROVINCIALES DE EDUCACI\u00d3N MUSICAL"},"content":{"rendered":"<p data-start=\"81\" data-end=\"126\"><span data-start=\"84\" data-end=\"121\">Se abre plazo de inscripci\u00f3n para las<\/span>\u00a0<strong data-start=\"157\" data-end=\"203\">JORNADAS PROVINCIALES DE EDUCACI\u00d3N MUSICAL<\/strong>, una actividad<b> presencial dirigida <\/b>\u00a0a docentes y amantes de la educaci\u00f3n musical.<\/p>\n<p data-start=\"290\" data-end=\"487\">&#8211; \u00a0<strong data-start=\"293\" data-end=\"304\">C\u00f3digo:<\/strong> 262926MU705<br data-start=\"316\" data-end=\"319\" \/><span data-start=\"322\" data-end=\"340\">&#8211; <\/span><strong data-start=\"322\" data-end=\"340\">Inscripciones:<\/strong> del <strong data-start=\"345\" data-end=\"359\">19\/01\/2026<\/strong> al <strong data-start=\"363\" data-end=\"377\">03\/02\/2026<\/strong><br data-start=\"377\" data-end=\"380\" \/>&#8211; \u00a0<strong data-start=\"383\" data-end=\"393\">Lugar:<\/strong> Sal\u00f3n del Mar, <strong data-start=\"409\" data-end=\"426\">Torre del Mar<\/strong><br data-start=\"426\" data-end=\"429\" \/><span data-start=\"431\" data-end=\"451\" data-is-only-node=\"\">&#8211; <\/span><strong data-start=\"431\" data-end=\"451\" data-is-only-node=\"\">Fecha y horario:<\/strong> <strong data-start=\"452\" data-end=\"466\">17\/02\/2026<\/strong>, de <strong data-start=\"471\" data-end=\"487\">9:00 a 19:00<\/strong><\/p>\n<p data-start=\"489\" data-end=\"620\">&#8211; \u00a0<strong data-start=\"492\" data-end=\"519\">Inscripci\u00f3n y detalles:<\/strong><br data-start=\"519\" data-end=\"522\" \/><a class=\"decorated-link\" href=\"https:\/\/secretariavirtual.juntadeandalucia.es\/secretariavirtual\/consultaCEP\/actividad\/262926MU705\/\" target=\"_new\" rel=\"noopener\" data-start=\"522\" data-end=\"620\">https:\/\/secretariavirtual.juntadeandalucia.es\/secretariavirtual\/consultaCEP\/actividad\/262926MU705\/<\/a><\/p>\n<p data-start=\"622\" data-end=\"736\"><strong data-start=\"625\" data-end=\"649\">Web de las jornadas:<\/strong><br data-start=\"649\" data-end=\"652\" \/><a class=\"decorated-link\" href=\"https:\/\/sites.google.com\/g.educaand.es\/jornadas-provinciales-musica\/sobre-la-jornada\" target=\"_new\" rel=\"noopener\" data-start=\"652\" data-end=\"736\">https:\/\/sites.google.com\/g.educaand.es\/jornadas-provinciales-musica\/sobre-la-jornada<\/a><\/p>\n<p data-start=\"622\" data-end=\"736\"><a href=\"https:\/\/secretariavirtual.juntadeandalucia.es\/secretariavirtual\/consultaCEP\/actividad\/262922GE107\/\"><img data-recalc-dims=\"1\" loading=\"lazy\" decoding=\"async\" class=\"aligncenter wp-image-9301\" src=\"https:\/\/i0.wp.com\/cepronda.com\/blog\/wp-content\/uploads\/2026\/01\/musica.jpg?resize=500%2C500&#038;ssl=1\" alt=\"\" width=\"500\" height=\"500\" srcset=\"https:\/\/i0.wp.com\/cepronda.com\/blog\/wp-content\/uploads\/2026\/01\/musica.jpg?resize=1024%2C1024&amp;ssl=1 1024w, https:\/\/i0.wp.com\/cepronda.com\/blog\/wp-content\/uploads\/2026\/01\/musica.jpg?resize=300%2C300&amp;ssl=1 300w, https:\/\/i0.wp.com\/cepronda.com\/blog\/wp-content\/uploads\/2026\/01\/musica.jpg?resize=150%2C150&amp;ssl=1 150w, https:\/\/i0.wp.com\/cepronda.com\/blog\/wp-content\/uploads\/2026\/01\/musica.jpg?resize=768%2C768&amp;ssl=1 768w, https:\/\/i0.wp.com\/cepronda.com\/blog\/wp-content\/uploads\/2026\/01\/musica.jpg?w=1080&amp;ssl=1 1080w\" sizes=\"auto, (max-width: 500px) 100vw, 500px\" \/><\/a><\/p>\n<p data-start=\"622\" data-end=\"736\">\n<p data-start=\"738\" data-end=\"814\">\n","protected":false},"excerpt":{"rendered":"<p>Se abre plazo de inscripci\u00f3n para las\u00a0JORNADAS PROVINCIALES DE EDUCACI\u00d3N MUSICAL, una actividad presencial dirigida \u00a0a docentes y amantes de la educaci\u00f3n musical. &#8211; \u00a0C\u00f3digo: 262926MU705&#8211; Inscripciones: del 19\/01\/2026 al 03\/02\/2026&#8211; \u00a0Lugar: Sal\u00f3n del Mar, Torre del Mar&#8211; Fecha y horario: 17\/02\/2026, de 9:00 a 19:00 &#8211; \u00a0Inscripci\u00f3n y detalles:https:\/\/secretariavirtual.juntadeandalucia.es\/secretariavirtual\/consultaCEP\/actividad\/262926MU705\/ Web de las jornadas:https:\/\/sites.google.com\/g.educaand.es\/jornadas-provinciales-musica\/sobre-la-jornada<\/p>\n","protected":false},"author":16,"featured_media":9301,"comment_status":"closed","ping_status":"open","sticky":false,"template":"","format":"standard","meta":{"_crdt_document":"","advanced_seo_description":"","jetpack_seo_html_title":"","jetpack_seo_noindex":false,"jetpack_post_was_ever_published":false,"_jetpack_newsletter_access":"","_jetpack_dont_email_post_to_subs":false,"_jetpack_newsletter_tier_id":0,"_jetpack_memberships_contains_paywalled_content":false,"_jetpack_memberships_contains_paid_content":false,"footnotes":"","jetpack_publicize_message":"","jetpack_publicize_feature_enabled":true,"jetpack_social_post_already_shared":true,"jetpack_social_options":{"image_generator_settings":{"template":"highway","default_image_id":0,"font":"","enabled":false},"version":2}},"categories":[3],"tags":[462],"class_list":{"0":"post-9223","1":"post","2":"type-post","3":"status-publish","4":"format-standard","5":"has-post-thumbnail","7":"category-formaciones","8":"tag-educacion-musical","9":"czr-hentry"},"jetpack_publicize_connections":[],"jetpack_featured_media_url":"https:\/\/i0.wp.com\/cepronda.com\/blog\/wp-content\/uploads\/2026\/01\/musica.jpg?fit=1080%2C1080&ssl=1","jetpack_shortlink":"https:\/\/wp.me\/p8M4X7-2oL","jetpack-related-posts":[{"id":5814,"url":"https:\/\/cepronda.com\/blog\/vi-jornadas-provinciales-de-educacion-fisica-provincia-de-malaga-inscripciones\/","url_meta":{"origin":9223,"position":0},"title":"VI JORNADAS PROVINCIALES DE EDUCACI\u00d3N F\u00cdSICA (Provincia de M\u00e1laga) \u00a1Inscripciones!","author":"V\u00edctor Caballero","date":"7 marzo, 2023","format":false,"excerpt":"Abierta inscripci\u00f3n VI JORNADAS PROVINCIALES DE EDUCACI\u00d3N F\u00cdSICA: LOMLOE Y COMPETENCIA DIGITAL DOCENTE. C\u00f3digo: 232926EF512 Inscripciones: desde el 07\/03\/2023 hasta 20\/03\/2023 Comienzo de las Jornadas: 10\/05\/2023 Lugar de realizaci\u00f3n: Torre del Mar (V\u00e9lez-M\u00e1laga) Detalle e inscripci\u00f3n: https:\/\/www.juntadeandalucia.es\/educacion\/secretariavirtual\/consultaCEP\/actividad\/232926EF512\/ Rogamos la lectura de las OBSERVACIONES en la ficha de S\u00c9NECA antes de\u2026","rel":"","context":"En \u00abNoticias\u00bb","block_context":{"text":"Noticias","link":"https:\/\/cepronda.com\/blog\/category\/noticias\/"},"img":{"alt_text":"","src":"https:\/\/i0.wp.com\/cepronda.com\/blog\/wp-content\/uploads\/2023\/03\/Cartel-EF.jpeg?fit=848%2C1200&ssl=1&resize=350%2C200","width":350,"height":200,"srcset":"https:\/\/i0.wp.com\/cepronda.com\/blog\/wp-content\/uploads\/2023\/03\/Cartel-EF.jpeg?fit=848%2C1200&ssl=1&resize=350%2C200 1x, https:\/\/i0.wp.com\/cepronda.com\/blog\/wp-content\/uploads\/2023\/03\/Cartel-EF.jpeg?fit=848%2C1200&ssl=1&resize=525%2C300 1.5x, https:\/\/i0.wp.com\/cepronda.com\/blog\/wp-content\/uploads\/2023\/03\/Cartel-EF.jpeg?fit=848%2C1200&ssl=1&resize=700%2C400 2x"},"classes":[]},{"id":7591,"url":"https:\/\/cepronda.com\/blog\/i-jornadas-provinciales-profesorado-de-educacion-plastica-visual-y-audiovisual\/","url_meta":{"origin":9223,"position":1},"title":"I JORNADAS PROVINCIALES PROFESORADO DE EDUCACI\u00d3N PL\u00c1STICA, VISUAL Y AUDIOVISUAL.","author":"Mamen Moreno","date":"22 abril, 2024","format":false,"excerpt":"Abierto el plazo de solicitudes de las I JORNADAS PROVINCIALES PROFESORADO DE EDUCACI\u00d3N PL\u00c1STICA, VISUAL Y AUDIOVISUAL. 8 horas presenciales (Lugar: Colecci\u00f3n del Museo Ruso de M\u00e1laga). Fecha inscripci\u00f3n: 22\/04\/2024 hasta 06\/05\/2024. Fecha actividad: 16\/05\/2024. M\u00e1s informaci\u00f3n e inscripci\u00f3n: https:\/\/www.juntadeandalucia.es\/educacion\/secretariavirtual\/consultaCEP\/actividad\/242922GE257\/","rel":"","context":"En \u00abNoticias\u00bb","block_context":{"text":"Noticias","link":"https:\/\/cepronda.com\/blog\/category\/noticias\/"},"img":{"alt_text":"","src":"https:\/\/i0.wp.com\/cepronda.com\/blog\/wp-content\/uploads\/2024\/04\/WhatsApp-Image-2024-04-20-at-11.09.52.jpeg?fit=942%2C787&ssl=1&resize=350%2C200","width":350,"height":200,"srcset":"https:\/\/i0.wp.com\/cepronda.com\/blog\/wp-content\/uploads\/2024\/04\/WhatsApp-Image-2024-04-20-at-11.09.52.jpeg?fit=942%2C787&ssl=1&resize=350%2C200 1x, https:\/\/i0.wp.com\/cepronda.com\/blog\/wp-content\/uploads\/2024\/04\/WhatsApp-Image-2024-04-20-at-11.09.52.jpeg?fit=942%2C787&ssl=1&resize=525%2C300 1.5x, https:\/\/i0.wp.com\/cepronda.com\/blog\/wp-content\/uploads\/2024\/04\/WhatsApp-Image-2024-04-20-at-11.09.52.jpeg?fit=942%2C787&ssl=1&resize=700%2C400 2x"},"classes":[]},{"id":5789,"url":"https:\/\/cepronda.com\/blog\/vi-jornadas-provinciales-de-educacion-fisica-provincia-de-malaga\/","url_meta":{"origin":9223,"position":2},"title":"VI JORNADAS PROVINCIALES DE EDUCACI\u00d3N F\u00cdSICA (Provincia de M\u00e1laga)","author":"V\u00edctor Caballero","date":"17 febrero, 2023","format":false,"excerpt":"Buenos d\u00edas. \u00a1Este curso s\u00ed que s\u00ed! El equipo provincial de Educaci\u00f3n F\u00edsica de la red asesora de la provincia de M\u00e1laga ya est\u00e1 trabajando de pleno en las VI Jornadas provinciales de E.F. Muy atentos a las redes sociales y a la mensajer\u00eda de S\u00e9neca ya que las plazas\u2026","rel":"","context":"En \u00abNoticias\u00bb","block_context":{"text":"Noticias","link":"https:\/\/cepronda.com\/blog\/category\/noticias\/"},"img":{"alt_text":"","src":"https:\/\/i0.wp.com\/cepronda.com\/blog\/wp-content\/uploads\/2023\/02\/EF.jpeg?fit=1080%2C1080&ssl=1&resize=350%2C200","width":350,"height":200,"srcset":"https:\/\/i0.wp.com\/cepronda.com\/blog\/wp-content\/uploads\/2023\/02\/EF.jpeg?fit=1080%2C1080&ssl=1&resize=350%2C200 1x, https:\/\/i0.wp.com\/cepronda.com\/blog\/wp-content\/uploads\/2023\/02\/EF.jpeg?fit=1080%2C1080&ssl=1&resize=525%2C300 1.5x, https:\/\/i0.wp.com\/cepronda.com\/blog\/wp-content\/uploads\/2023\/02\/EF.jpeg?fit=1080%2C1080&ssl=1&resize=700%2C400 2x, https:\/\/i0.wp.com\/cepronda.com\/blog\/wp-content\/uploads\/2023\/02\/EF.jpeg?fit=1080%2C1080&ssl=1&resize=1050%2C600 3x"},"classes":[]},{"id":7629,"url":"https:\/\/cepronda.com\/blog\/i-jornadas-provinciales-para-el-profesorado-de-educacion-plastica-visual-y-audiovisual-de-malaga\/","url_meta":{"origin":9223,"position":3},"title":"I JORNADAS PROVINCIALES PARA EL PROFESORADO DE EDUCACI\u00d3N PL\u00c1STICA, VISUAL Y AUDIOVISUAL DE M\u00c1LAGA","author":"Inmaculada Garc\u00eda","date":"16 mayo, 2024","format":false,"excerpt":"Nuestra Coordinadora provincial de formaci\u00f3n, Mar\u00eda Jos\u00e9 Bueno, inaugura las I Jornadas provinciales para el profesorado de Educaci\u00f3n Plastica, Visual y audiovisual que se celebran en el Museo Ruso de M\u00e1laga. Un encuentro donde los profesionales podr\u00e1n compartir y conocer \"Experiencias educativas de \u00e9xito de Educaci\u00f3n Pl\u00e1stica, Visual y Audiovisual\",\u2026","rel":"","context":"En \u00abFormaciones\u00bb","block_context":{"text":"Formaciones","link":"https:\/\/cepronda.com\/blog\/category\/formaciones\/"},"img":{"alt_text":"","src":"https:\/\/i0.wp.com\/cepronda.com\/blog\/wp-content\/uploads\/2024\/04\/WhatsApp-Image-2024-04-20-at-11.09.52.jpeg?fit=942%2C787&ssl=1&resize=350%2C200","width":350,"height":200,"srcset":"https:\/\/i0.wp.com\/cepronda.com\/blog\/wp-content\/uploads\/2024\/04\/WhatsApp-Image-2024-04-20-at-11.09.52.jpeg?fit=942%2C787&ssl=1&resize=350%2C200 1x, https:\/\/i0.wp.com\/cepronda.com\/blog\/wp-content\/uploads\/2024\/04\/WhatsApp-Image-2024-04-20-at-11.09.52.jpeg?fit=942%2C787&ssl=1&resize=525%2C300 1.5x, https:\/\/i0.wp.com\/cepronda.com\/blog\/wp-content\/uploads\/2024\/04\/WhatsApp-Image-2024-04-20-at-11.09.52.jpeg?fit=942%2C787&ssl=1&resize=700%2C400 2x"},"classes":[]},{"id":1160,"url":"https:\/\/cepronda.com\/blog\/video-resumen-de-las-v-jornadas-provinciales-de-ef\/","url_meta":{"origin":9223,"position":4},"title":"V\u00eddeo resumen de las V Jornadas Provinciales de EF","author":"V\u00edctor Caballero","date":"12 junio, 2017","format":false,"excerpt":"Muy buenas familia, Empezamos la semana con pilas recargadas...y m\u00e1s despu\u00e9s de visionar este v\u00eddeo realizado por Sergio Carrasco como colof\u00f3n final a las V Jornadas de Educaci\u00f3n F\u00edsica que tuvieron lugar el jueves y viernes pasado. Os recomiendo ver el v\u00eddeo... https:\/\/vimeo.com\/221180461","rel":"","context":"En \u00abNoticias\u00bb","block_context":{"text":"Noticias","link":"https:\/\/cepronda.com\/blog\/category\/noticias\/"},"img":{"alt_text":"","src":"https:\/\/cepronda.com\/blog\/wp-content\/uploads\/2017\/06\/Cartel-Jornadas-EF-junio.bmp","width":350,"height":200,"srcset":"https:\/\/cepronda.com\/blog\/wp-content\/uploads\/2017\/06\/Cartel-Jornadas-EF-junio.bmp 1x, https:\/\/cepronda.com\/blog\/wp-content\/uploads\/2017\/06\/Cartel-Jornadas-EF-junio.bmp 1.5x, https:\/\/cepronda.com\/blog\/wp-content\/uploads\/2017\/06\/Cartel-Jornadas-EF-junio.bmp 2x, https:\/\/cepronda.com\/blog\/wp-content\/uploads\/2017\/06\/Cartel-Jornadas-EF-junio.bmp 3x"},"classes":[]},{"id":5954,"url":"https:\/\/cepronda.com\/blog\/jornadas-provinciales-nuevos-retos-y-enfoques-para-una-direccion-de-exito\/","url_meta":{"origin":9223,"position":5},"title":"JORNADAS PROVINCIALES \u00abNUEVOS RETOS Y ENFOQUES PARA UNA DIRECCI\u00d3N DE \u00c9XITO\u00bb","author":"Mamen Moreno","date":"21 abril, 2023","format":false,"excerpt":"Se encuentra abierto el plazo de inscripci\u00f3n para las Jornadas Provinciales de Directores y Directoras \"NUEVOS RETOS Y ENFOQUES PARA UNA DIRECCI\u00d3N DE \u00c9XITO\" Inscripci\u00f3n: desde 20 de abril a 19 de mayo Fecha: 1 de junio Lugar: Facultad de Ciencias de la Educaci\u00f3n (UMA) Duraci\u00f3n: 8 horas M\u00e1s informaci\u00f3n\u2026","rel":"","context":"En \u00abNoticias\u00bb","block_context":{"text":"Noticias","link":"https:\/\/cepronda.com\/blog\/category\/noticias\/"},"img":{"alt_text":"","src":"https:\/\/i0.wp.com\/cepronda.com\/blog\/wp-content\/uploads\/2023\/04\/WhatsApp-Image-2023-04-20-at-17.21.58.jpeg?fit=1080%2C1080&ssl=1&resize=350%2C200","width":350,"height":200,"srcset":"https:\/\/i0.wp.com\/cepronda.com\/blog\/wp-content\/uploads\/2023\/04\/WhatsApp-Image-2023-04-20-at-17.21.58.jpeg?fit=1080%2C1080&ssl=1&resize=350%2C200 1x, https:\/\/i0.wp.com\/cepronda.com\/blog\/wp-content\/uploads\/2023\/04\/WhatsApp-Image-2023-04-20-at-17.21.58.jpeg?fit=1080%2C1080&ssl=1&resize=525%2C300 1.5x, https:\/\/i0.wp.com\/cepronda.com\/blog\/wp-content\/uploads\/2023\/04\/WhatsApp-Image-2023-04-20-at-17.21.58.jpeg?fit=1080%2C1080&ssl=1&resize=700%2C400 2x, https:\/\/i0.wp.com\/cepronda.com\/blog\/wp-content\/uploads\/2023\/04\/WhatsApp-Image-2023-04-20-at-17.21.58.jpeg?fit=1080%2C1080&ssl=1&resize=1050%2C600 3x"},"classes":[]}],"jetpack_sharing_enabled":true,"_links":{"self":[{"href":"https:\/\/cepronda.com\/blog\/wp-json\/wp\/v2\/posts\/9223","targetHints":{"allow":["GET"]}}],"collection":[{"href":"https:\/\/cepronda.com\/blog\/wp-json\/wp\/v2\/posts"}],"about":[{"href":"https:\/\/cepronda.com\/blog\/wp-json\/wp\/v2\/types\/post"}],"author":[{"embeddable":true,"href":"https:\/\/cepronda.com\/blog\/wp-json\/wp\/v2\/users\/16"}],"replies":[{"embeddable":true,"href":"https:\/\/cepronda.com\/blog\/wp-json\/wp\/v2\/comments?post=9223"}],"version-history":[{"count":5,"href":"https:\/\/cepronda.com\/blog\/wp-json\/wp\/v2\/posts\/9223\/revisions"}],"predecessor-version":[{"id":9306,"href":"https:\/\/cepronda.com\/blog\/wp-json\/wp\/v2\/posts\/9223\/revisions\/9306"}],"wp:featuredmedia":[{"embeddable":true,"href":"https:\/\/cepronda.com\/blog\/wp-json\/wp\/v2\/media\/9301"}],"wp:attachment":[{"href":"https:\/\/cepronda.com\/blog\/wp-json\/wp\/v2\/media?parent=9223"}],"wp:term":[{"taxonomy":"category","embeddable":true,"href":"https:\/\/cepronda.com\/blog\/wp-json\/wp\/v2\/categories?post=9223"},{"taxonomy":"post_tag","embeddable":true,"href":"https:\/\/cepronda.com\/blog\/wp-json\/wp\/v2\/tags?post=9223"}],"curies":[{"name":"wp","href":"https:\/\/api.w.org\/{rel}","templated":true}]}}