{"id":9217,"date":"2026-01-16T14:58:57","date_gmt":"2026-01-16T13:58:57","guid":{"rendered":"https:\/\/cepronda.com\/blog\/?p=9217"},"modified":"2026-01-28T13:38:46","modified_gmt":"2026-01-28T12:38:46","slug":"9217-2","status":"publish","type":"post","link":"https:\/\/cepronda.com\/blog\/9217-2\/","title":{"rendered":"CURSO  PRATIQUES D&#8217;ENSEIGNEMENT INNOVANTES SOUTENUES PAR L&#8217;UTILISATION DES TICE DANS LA CLASSE DE LANGUE"},"content":{"rendered":"<div><span class=\"gmail_default\"><strong>Abierto plazo de inscripci\u00f3n para el curso \u201c<\/strong><\/span>PRATIQUES D&#8217;ENSEIGNEMENT INNOVANTES SOUTENUES PAR L&#8217;UTILISATION DES TICE DANS LA CLASSE DE LANGUE\u201d<\/div>\n<div><\/div>\n<div><strong>C\u00d3DIGO:<\/strong>\u00a0\u00a026K9911AV158<\/div>\n<div><\/div>\n<div><span class=\"gmail_default\"><strong>MODALIDAD:\u00a0<\/strong>Curso a distancia<\/span><\/div>\n<div><\/div>\n<div><span class=\"gmail_default\"><strong>\u00c1MBITO:<\/strong>\u00a0Regional<\/span><\/div>\n<div><\/div>\n<div><span class=\"gmail_default\"><strong>LUGAR DE REALIZACI\u00d3N:<\/strong>\u00a0<\/span>Aula Virtual de Formaci\u00f3n\u00a0del Profesorado (AVFP)\u00a0<span class=\"gmail_default\">\u00a0<\/span><\/div>\n<div><span class=\"gmail_default\">\u00a0<\/span><\/div>\n<div><span class=\"gmail_default\"><strong>INSCRIPCIONES:<\/strong>\u00a0<span dir=\"ltr\">del 21 de enero al 4 de febrero 2026<\/span><br \/>\n<strong>LISTA PROVISIONAL ADMITIDOS:\u00a0<\/strong><span dir=\"ltr\">5 de febrero de 2026<\/span><br \/>\n<strong>LISTAS DEFINITIVAS ADMITIDOS:<\/strong>\u00a0<span dir=\"ltr\">9 de febrero de 2026<\/span><br \/>\n<strong>INICIO DEL CURSO:<\/strong>\u00a0<span dir=\"ltr\">11 de febrero de 2026<\/span><br \/>\n<strong>FIN DEL CURSO:<\/strong>\u00a0<span dir=\"ltr\">13 de abril de 2026<\/span><\/span><\/div>\n<div><\/div>\n<div>Para m\u00e1s informaci\u00f3n e inscripci\u00f3n consultar el siguiente enlace: <a href=\"https:\/\/www.juntadeandalucia.es\/educacion\/secretariavirtual\/consultaCEP\/actividad\/26K9911AV158\/\" target=\"_blank\" rel=\"noopener\"><strong>ENLACE CURSO FRANC\u00c9S<\/strong><\/a>.<\/div>\n<div><\/div>\n<div><img data-recalc-dims=\"1\" loading=\"lazy\" decoding=\"async\" class=\"aligncenter size-large wp-image-9304\" src=\"https:\/\/i0.wp.com\/cepronda.com\/blog\/wp-content\/uploads\/2026\/01\/frances.jpg?resize=818%2C1024&#038;ssl=1\" alt=\"\" width=\"818\" height=\"1024\" srcset=\"https:\/\/i0.wp.com\/cepronda.com\/blog\/wp-content\/uploads\/2026\/01\/frances.jpg?resize=818%2C1024&amp;ssl=1 818w, https:\/\/i0.wp.com\/cepronda.com\/blog\/wp-content\/uploads\/2026\/01\/frances.jpg?resize=240%2C300&amp;ssl=1 240w, https:\/\/i0.wp.com\/cepronda.com\/blog\/wp-content\/uploads\/2026\/01\/frances.jpg?resize=768%2C961&amp;ssl=1 768w, https:\/\/i0.wp.com\/cepronda.com\/blog\/wp-content\/uploads\/2026\/01\/frances.jpg?resize=1227%2C1536&amp;ssl=1 1227w, https:\/\/i0.wp.com\/cepronda.com\/blog\/wp-content\/uploads\/2026\/01\/frances.jpg?w=1440&amp;ssl=1 1440w\" sizes=\"auto, (max-width: 818px) 100vw, 818px\" \/><\/div>\n","protected":false},"excerpt":{"rendered":"<p>Abierto plazo de inscripci\u00f3n para el curso \u201cPRATIQUES D&#8217;ENSEIGNEMENT INNOVANTES SOUTENUES PAR L&#8217;UTILISATION DES TICE DANS LA CLASSE DE LANGUE\u201d C\u00d3DIGO:\u00a0\u00a026K9911AV158 MODALIDAD:\u00a0Curso a distancia \u00c1MBITO:\u00a0Regional LUGAR DE REALIZACI\u00d3N:\u00a0Aula Virtual de Formaci\u00f3n\u00a0del Profesorado (AVFP)\u00a0\u00a0 \u00a0 INSCRIPCIONES:\u00a0del 21 de enero al 4 de febrero 2026 LISTA PROVISIONAL ADMITIDOS:\u00a05 de febrero de 2026 LISTAS DEFINITIVAS ADMITIDOS:\u00a09 de febrero [&hellip;]<\/p>\n","protected":false},"author":16,"featured_media":9304,"comment_status":"closed","ping_status":"open","sticky":false,"template":"","format":"standard","meta":{"_crdt_document":"","advanced_seo_description":"","jetpack_seo_html_title":"","jetpack_seo_noindex":false,"jetpack_post_was_ever_published":false,"_jetpack_newsletter_access":"","_jetpack_dont_email_post_to_subs":false,"_jetpack_newsletter_tier_id":0,"_jetpack_memberships_contains_paywalled_content":false,"_jetpack_memberships_contains_paid_content":false,"footnotes":"","jetpack_publicize_message":"","jetpack_publicize_feature_enabled":true,"jetpack_social_post_already_shared":true,"jetpack_social_options":{"image_generator_settings":{"template":"highway","default_image_id":0,"font":"","enabled":false},"version":2}},"categories":[3],"tags":[],"class_list":{"0":"post-9217","1":"post","2":"type-post","3":"status-publish","4":"format-standard","5":"has-post-thumbnail","7":"category-formaciones","8":"czr-hentry"},"jetpack_publicize_connections":[],"jetpack_featured_media_url":"https:\/\/i0.wp.com\/cepronda.com\/blog\/wp-content\/uploads\/2026\/01\/frances.jpg?fit=1440%2C1802&ssl=1","jetpack_shortlink":"https:\/\/wp.me\/p8M4X7-2oF","jetpack-related-posts":[{"id":5820,"url":"https:\/\/cepronda.com\/blog\/pratiques-denseignement-innovantes-soutenues-par-lutilisation-des-tice-dans-la-classe-de-langue\/","url_meta":{"origin":9217,"position":0},"title":"PRATIQUES D&#8217;ENSEIGNEMENT INNOVANTES SOUTENUES PAR L&#8217;UTILISATION DES TICE DANS LA CLASSE DE LANGUE","author":"Inmaculada Garc\u00eda","date":"10 marzo, 2023","format":false,"excerpt":"CURSO REGIONAL A DISTANCIA EN EL AVFP dirigido a profesorado de franc\u00e9s de cualquier nivel (la\u00a0lengua vehicular\u00a0ser\u00e1 el\u00a0franc\u00e9s): PRATIQUES D'ENSEIGNEMENT INNOVANTES SOUTENUES PAR L'UTILISATION DES TICE DANS LA CLASSE DE LANGUE, con c\u00f3digo\u00a023K9911AV158. \u00a0- PLAZO DE INSCRIPCI\u00d3N:\u00a0del 17 al 31 de marzo 2023 - LISTA PROVISIONAL ADMITIDOS:\u00a010 de abril de\u2026","rel":"","context":"En \u00abFormaciones\u00bb","block_context":{"text":"Formaciones","link":"https:\/\/cepronda.com\/blog\/category\/formaciones\/"},"img":{"alt_text":"","src":"","width":0,"height":0},"classes":[]},{"id":9106,"url":"https:\/\/cepronda.com\/blog\/mediacion-escolar-un-recurso-en-el-entorno-educativo\/","url_meta":{"origin":9217,"position":1},"title":"MEDIACI\u00d3N ESCOLAR. UN RECURSO EN EL ENTORNO EDUCATIVO","author":"Maribel Mu\u00f1oz","date":"5 diciembre, 2025","format":false,"excerpt":"Se encuentra abierto el plazo de inscripci\u00f3n en el curso provincial, \"MEDIACI\u00d3N ESCOLAR. UN RECURSO EN EL ENTORNO EDUCATIVO\", con c\u00f3digo: 262924GE174. Inscripciones: del 5 de diciembre al 8 de enero. Inicio del curso: 13 de enero de 2026. Fin del curso de formaci\u00f3n: 12 de febrero de 2026. Lugar:\u2026","rel":"","context":"En \u00abFormaciones\u00bb","block_context":{"text":"Formaciones","link":"https:\/\/cepronda.com\/blog\/category\/formaciones\/"},"img":{"alt_text":"","src":"https:\/\/i0.wp.com\/cepronda.com\/blog\/wp-content\/uploads\/2025\/12\/MEDIACION-262924GE174-1.png?fit=1080%2C1080&ssl=1&resize=350%2C200","width":350,"height":200,"srcset":"https:\/\/i0.wp.com\/cepronda.com\/blog\/wp-content\/uploads\/2025\/12\/MEDIACION-262924GE174-1.png?fit=1080%2C1080&ssl=1&resize=350%2C200 1x, https:\/\/i0.wp.com\/cepronda.com\/blog\/wp-content\/uploads\/2025\/12\/MEDIACION-262924GE174-1.png?fit=1080%2C1080&ssl=1&resize=525%2C300 1.5x, https:\/\/i0.wp.com\/cepronda.com\/blog\/wp-content\/uploads\/2025\/12\/MEDIACION-262924GE174-1.png?fit=1080%2C1080&ssl=1&resize=700%2C400 2x, https:\/\/i0.wp.com\/cepronda.com\/blog\/wp-content\/uploads\/2025\/12\/MEDIACION-262924GE174-1.png?fit=1080%2C1080&ssl=1&resize=1050%2C600 3x"},"classes":[]},{"id":9233,"url":"https:\/\/cepronda.com\/blog\/9233-2\/","url_meta":{"origin":9217,"position":2},"title":"PROGRAMA ALDEA: RECAPACICLA, EDUCACI\u00d3N PARA LA CIRCULARIDAD","author":"Encarni Jim\u00e9nez Rosado","date":"19 enero, 2026","format":false,"excerpt":"Abierto el plazo de inscripci\u00f3n de la actividad, \"PROGRAMA ALDEA: RECAPACICLA, EDUCACI\u00d3N PARA LA CIRCULARIDAD\", con c\u00f3digo: 269920KPF114. Curso de 30 horas no presenciales, de car\u00e1cter voluntario dirigido prioritariamente al profesorado coordinador del Programa ALDEA en el Curso 2025-26. Especialmente aquellos que tienen la l\u00ednea de trabajo de Recapacicla, impulsado\u2026","rel":"","context":"En \u00abFormaciones\u00bb","block_context":{"text":"Formaciones","link":"https:\/\/cepronda.com\/blog\/category\/formaciones\/"},"img":{"alt_text":"","src":"https:\/\/i0.wp.com\/cepronda.com\/blog\/wp-content\/uploads\/2026\/01\/aldea.jpg?fit=450%2C450&ssl=1&resize=350%2C200","width":350,"height":200},"classes":[]},{"id":9326,"url":"https:\/\/cepronda.com\/blog\/9326-2\/","url_meta":{"origin":9217,"position":3},"title":"METODOLOG\u00cdA Y EVALUACI\u00d3N DE LA DOCENCIA EN EL PROGRAMA BACHIBAC","author":"Encarni Jim\u00e9nez Rosado","date":"4 febrero, 2026","format":false,"excerpt":"El CEP Castilleja organiza el curso\u201d (c\u00f3digo 264128LINO009), que se desarrollar\u00e1 en modalidad de videoconferencia y tendr\u00e1 una duraci\u00f3n total de 10 horas. El plazo de inscripci\u00f3n estar\u00e1 abierto del 2 al 10 de febrero de 2026. Las solicitudes deber\u00e1n realizarse a trav\u00e9s del siguiente enlace:\ud83d\udc49 https:\/\/lajunta.es\/68t4v Destinatarios Este curso\u2026","rel":"","context":"En \u00abFormaciones\u00bb","block_context":{"text":"Formaciones","link":"https:\/\/cepronda.com\/blog\/category\/formaciones\/"},"img":{"alt_text":"","src":"https:\/\/i0.wp.com\/cepronda.com\/blog\/wp-content\/uploads\/2026\/02\/bachibac.jpg?fit=526%2C526&ssl=1&resize=350%2C200","width":350,"height":200,"srcset":"https:\/\/i0.wp.com\/cepronda.com\/blog\/wp-content\/uploads\/2026\/02\/bachibac.jpg?fit=526%2C526&ssl=1&resize=350%2C200 1x, https:\/\/i0.wp.com\/cepronda.com\/blog\/wp-content\/uploads\/2026\/02\/bachibac.jpg?fit=526%2C526&ssl=1&resize=525%2C300 1.5x"},"classes":[]},{"id":9411,"url":"https:\/\/cepronda.com\/blog\/academia-gemini-para-educadores-2\/","url_meta":{"origin":9217,"position":4},"title":"ACADEMIA GEMINI PARA EDUCADORES\/AS","author":"V\u00edctor Caballero","date":"19 febrero, 2026","format":false,"excerpt":"Se encuentra abierto el plazo de inscripci\u00f3n en el curso provincial, \"ACADEMIA GEMINI PARA EDUCADORES\/AS\", con los siguientes c\u00f3digos: E. INFANTIL: 269926QPF584 E. PRIMARIA Y CEPER: 269925QPF585 ESO, BACHILLERATO, FP Y ERE: 269924QPF586 E. DIRECTIVOS: 269922QPF587 Inscripciones: del 19 de febrero al 3 de marzo de 2026. Publicaci\u00f3n del listado\u2026","rel":"","context":"En \u00abFormaciones\u00bb","block_context":{"text":"Formaciones","link":"https:\/\/cepronda.com\/blog\/category\/formaciones\/"},"img":{"alt_text":"","src":"https:\/\/i0.wp.com\/cepronda.com\/blog\/wp-content\/uploads\/2026\/02\/269924QPF586-Cartel-provincial-Gemini.jpeg?fit=960%2C1200&ssl=1&resize=350%2C200","width":350,"height":200,"srcset":"https:\/\/i0.wp.com\/cepronda.com\/blog\/wp-content\/uploads\/2026\/02\/269924QPF586-Cartel-provincial-Gemini.jpeg?fit=960%2C1200&ssl=1&resize=350%2C200 1x, https:\/\/i0.wp.com\/cepronda.com\/blog\/wp-content\/uploads\/2026\/02\/269924QPF586-Cartel-provincial-Gemini.jpeg?fit=960%2C1200&ssl=1&resize=525%2C300 1.5x, https:\/\/i0.wp.com\/cepronda.com\/blog\/wp-content\/uploads\/2026\/02\/269924QPF586-Cartel-provincial-Gemini.jpeg?fit=960%2C1200&ssl=1&resize=700%2C400 2x"},"classes":[]},{"id":3350,"url":"https:\/\/cepronda.com\/blog\/cambio-de-fechas-en-curso-de-diversidad-afectivo-sexual\/","url_meta":{"origin":9217,"position":5},"title":"Cambio de fechas en curso de Diversidad afectivo-sexual","author":"V\u00edctor Caballero","date":"20 enero, 2020","format":false,"excerpt":"Muy buenas familia, Comunicamos a todas las personas inscritas que ha habido un cambio de fechas en el curso de diversidad afectivo sexual que comenzaba este mi\u00e9rcoles, y que comenzar\u00e1 el pr\u00f3ximo 19 de febrero. La fecha cambia al 11 de marzo quedando entonces las fechas en las siguientes: 19\u2026","rel":"","context":"En \u00abFormaciones\u00bb","block_context":{"text":"Formaciones","link":"https:\/\/cepronda.com\/blog\/category\/formaciones\/"},"img":{"alt_text":"","src":"https:\/\/i0.wp.com\/cepronda.com\/blog\/wp-content\/uploads\/2020\/01\/EDUCACI%C3%93N-AFECTIVO-SEXUAL-EN-NUESTROS-CENTROS_-WE-LOVE-EDUCACI%C3%93N-SEXUAL-Y-COEDUCACI%C3%93N-1.jpg?fit=848%2C1200&ssl=1&resize=350%2C200","width":350,"height":200,"srcset":"https:\/\/i0.wp.com\/cepronda.com\/blog\/wp-content\/uploads\/2020\/01\/EDUCACI%C3%93N-AFECTIVO-SEXUAL-EN-NUESTROS-CENTROS_-WE-LOVE-EDUCACI%C3%93N-SEXUAL-Y-COEDUCACI%C3%93N-1.jpg?fit=848%2C1200&ssl=1&resize=350%2C200 1x, https:\/\/i0.wp.com\/cepronda.com\/blog\/wp-content\/uploads\/2020\/01\/EDUCACI%C3%93N-AFECTIVO-SEXUAL-EN-NUESTROS-CENTROS_-WE-LOVE-EDUCACI%C3%93N-SEXUAL-Y-COEDUCACI%C3%93N-1.jpg?fit=848%2C1200&ssl=1&resize=525%2C300 1.5x, https:\/\/i0.wp.com\/cepronda.com\/blog\/wp-content\/uploads\/2020\/01\/EDUCACI%C3%93N-AFECTIVO-SEXUAL-EN-NUESTROS-CENTROS_-WE-LOVE-EDUCACI%C3%93N-SEXUAL-Y-COEDUCACI%C3%93N-1.jpg?fit=848%2C1200&ssl=1&resize=700%2C400 2x"},"classes":[]}],"jetpack_sharing_enabled":true,"_links":{"self":[{"href":"https:\/\/cepronda.com\/blog\/wp-json\/wp\/v2\/posts\/9217","targetHints":{"allow":["GET"]}}],"collection":[{"href":"https:\/\/cepronda.com\/blog\/wp-json\/wp\/v2\/posts"}],"about":[{"href":"https:\/\/cepronda.com\/blog\/wp-json\/wp\/v2\/types\/post"}],"author":[{"embeddable":true,"href":"https:\/\/cepronda.com\/blog\/wp-json\/wp\/v2\/users\/16"}],"replies":[{"embeddable":true,"href":"https:\/\/cepronda.com\/blog\/wp-json\/wp\/v2\/comments?post=9217"}],"version-history":[{"count":4,"href":"https:\/\/cepronda.com\/blog\/wp-json\/wp\/v2\/posts\/9217\/revisions"}],"predecessor-version":[{"id":9307,"href":"https:\/\/cepronda.com\/blog\/wp-json\/wp\/v2\/posts\/9217\/revisions\/9307"}],"wp:featuredmedia":[{"embeddable":true,"href":"https:\/\/cepronda.com\/blog\/wp-json\/wp\/v2\/media\/9304"}],"wp:attachment":[{"href":"https:\/\/cepronda.com\/blog\/wp-json\/wp\/v2\/media?parent=9217"}],"wp:term":[{"taxonomy":"category","embeddable":true,"href":"https:\/\/cepronda.com\/blog\/wp-json\/wp\/v2\/categories?post=9217"},{"taxonomy":"post_tag","embeddable":true,"href":"https:\/\/cepronda.com\/blog\/wp-json\/wp\/v2\/tags?post=9217"}],"curies":[{"name":"wp","href":"https:\/\/api.w.org\/{rel}","templated":true}]}}