{"id":9210,"date":"2026-01-15T14:29:43","date_gmt":"2026-01-15T13:29:43","guid":{"rendered":"https:\/\/cepronda.com\/blog\/?p=9210"},"modified":"2026-01-28T14:24:57","modified_gmt":"2026-01-28T13:24:57","slug":"9210-2","status":"publish","type":"post","link":"https:\/\/cepronda.com\/blog\/9210-2\/","title":{"rendered":"NOS CONCEDEN EL 3\u00ba PREMIO \u00abJOAQU\u00cdN GUICHOT\u00bb A LA INNOVACI\u00d3N EDUCATIVA."},"content":{"rendered":"<p>\u00a1ESTAMOS DE ENHORABUENA!<\/p>\n<p>Nos llena de orgullo anunciar que el <strong>Show de Inventos y Talentos de Ronda. IT\u00b4s RONDA <\/strong>ha sido galardonado con el 3\u00ba Premio en la modalidad \u00abJoaqu\u00edn Guichot\u00bb.<\/p>\n<p>Este reconocimiento llega en el marco de la XXXIV edici\u00f3n del concurso para el fomento de la investigaci\u00f3n e innovaci\u00f3n educativa (cursos 2023-2025). Es un premio al esfuerzo, a la creatividad y, sobre todo, a la pasi\u00f3n por ense\u00f1ar y aprender de una forma diferente.<\/p>\n<p>Gracias a todo el alumnado, docentes y colaboradores que hac\u00e9is posible que Ronda sea un referente en innovaci\u00f3n educativa. \u00a1Este premio es vuestro!<\/p>\n<p>&nbsp;<\/p>\n<p><img data-recalc-dims=\"1\" loading=\"lazy\" decoding=\"async\" class=\"aligncenter wp-image-9303\" src=\"https:\/\/i0.wp.com\/cepronda.com\/blog\/wp-content\/uploads\/2026\/01\/premio.jpg?resize=500%2C625&#038;ssl=1\" alt=\"\" width=\"500\" height=\"625\" srcset=\"https:\/\/i0.wp.com\/cepronda.com\/blog\/wp-content\/uploads\/2026\/01\/premio.jpg?resize=819%2C1024&amp;ssl=1 819w, https:\/\/i0.wp.com\/cepronda.com\/blog\/wp-content\/uploads\/2026\/01\/premio.jpg?resize=240%2C300&amp;ssl=1 240w, https:\/\/i0.wp.com\/cepronda.com\/blog\/wp-content\/uploads\/2026\/01\/premio.jpg?resize=768%2C960&amp;ssl=1 768w, https:\/\/i0.wp.com\/cepronda.com\/blog\/wp-content\/uploads\/2026\/01\/premio.jpg?resize=1228%2C1536&amp;ssl=1 1228w, https:\/\/i0.wp.com\/cepronda.com\/blog\/wp-content\/uploads\/2026\/01\/premio.jpg?w=1350&amp;ssl=1 1350w\" sizes=\"auto, (max-width: 500px) 100vw, 500px\" \/><\/p>\n<p>&nbsp;<\/p>\n","protected":false},"excerpt":{"rendered":"<p>\u00a1ESTAMOS DE ENHORABUENA! Nos llena de orgullo anunciar que el Show de Inventos y Talentos de Ronda. IT\u00b4s RONDA ha sido galardonado con el 3\u00ba Premio en la modalidad \u00abJoaqu\u00edn Guichot\u00bb. Este reconocimiento llega en el marco de la XXXIV edici\u00f3n del concurso para el fomento de la investigaci\u00f3n e innovaci\u00f3n educativa (cursos 2023-2025). Es [&hellip;]<\/p>\n","protected":false},"author":16,"featured_media":9303,"comment_status":"closed","ping_status":"open","sticky":false,"template":"","format":"standard","meta":{"_crdt_document":"","advanced_seo_description":"","jetpack_seo_html_title":"","jetpack_seo_noindex":false,"jetpack_post_was_ever_published":false,"_jetpack_newsletter_access":"","_jetpack_dont_email_post_to_subs":false,"_jetpack_newsletter_tier_id":0,"_jetpack_memberships_contains_paywalled_content":false,"_jetpack_memberships_contains_paid_content":false,"footnotes":"","jetpack_publicize_message":"","jetpack_publicize_feature_enabled":true,"jetpack_social_post_already_shared":true,"jetpack_social_options":{"image_generator_settings":{"template":"highway","default_image_id":0,"font":"","enabled":false},"version":2}},"categories":[5],"tags":[463],"class_list":{"0":"post-9210","1":"post","2":"type-post","3":"status-publish","4":"format-standard","5":"has-post-thumbnail","7":"category-noticias","8":"tag-its-ronda","9":"czr-hentry"},"jetpack_publicize_connections":[],"jetpack_featured_media_url":"https:\/\/i0.wp.com\/cepronda.com\/blog\/wp-content\/uploads\/2026\/01\/premio.jpg?fit=1350%2C1688&ssl=1","jetpack_shortlink":"https:\/\/wp.me\/p8M4X7-2oy","jetpack-related-posts":[{"id":1744,"url":"https:\/\/cepronda.com\/blog\/xxx-edicion-del-concurso-para-el-fomento-de-la-investigacion-e-innovacion-educativa-en-sus-dos-modalidades-premio-joaquin-guichot-y-premio-antonio-dominguez-ortiz\/","url_meta":{"origin":9210,"position":0},"title":"XXX edici\u00f3n del concurso para el fomento de la investigaci\u00f3n e innovaci\u00f3n educativa en sus dos modalidades, premio \u00abJoaqu\u00edn Guichot\u00bb y premio \u00abAntonio Dom\u00ednguez Ortiz\u00bb","author":"V\u00edctor Caballero","date":"25 abril, 2018","format":false,"excerpt":"Muy buenas,\u00a0 Ponemos en conocimiento de todo el profesorado que se ha lanzado la convocatoria de la XXX edici\u00f3n del concurso para el fomento de la investigaci\u00f3n e innovaci\u00f3n educativa en sus dos modalidades \"Joaqu\u00edn Guichot\" y premio \"Antonio Dom\u00ednguez Ort\u00edz\".\u00a0 Para acceder a la informaci\u00f3n, s\u00f3lo ten\u00e9is seguir este\u2026","rel":"","context":"En \u00abNoticias\u00bb","block_context":{"text":"Noticias","link":"https:\/\/cepronda.com\/blog\/category\/noticias\/"},"img":{"alt_text":"","src":"https:\/\/i0.wp.com\/cepronda.com\/blog\/wp-content\/uploads\/2017\/05\/logo_ja_ce_mejor.jpg?fit=732%2C600&ssl=1&resize=350%2C200","width":350,"height":200,"srcset":"https:\/\/i0.wp.com\/cepronda.com\/blog\/wp-content\/uploads\/2017\/05\/logo_ja_ce_mejor.jpg?fit=732%2C600&ssl=1&resize=350%2C200 1x, https:\/\/i0.wp.com\/cepronda.com\/blog\/wp-content\/uploads\/2017\/05\/logo_ja_ce_mejor.jpg?fit=732%2C600&ssl=1&resize=525%2C300 1.5x, https:\/\/i0.wp.com\/cepronda.com\/blog\/wp-content\/uploads\/2017\/05\/logo_ja_ce_mejor.jpg?fit=732%2C600&ssl=1&resize=700%2C400 2x"},"classes":[]},{"id":5272,"url":"https:\/\/cepronda.com\/blog\/xxxii-edicion-del-concurso-para-el-fomento-de-la-investigacion-e-innovacion-educativa-joaquin-guichot-y-antonio-dominguez-ortiz\/","url_meta":{"origin":9210,"position":1},"title":"XXXII edici\u00f3n del concurso para el fomento de la investigaci\u00f3n e innovaci\u00f3n educativa \u00abJoaqu\u00edn Guichot\u00bb Y \u00abAntonio Dom\u00ednguez Ortiz\u00bb","author":"Inmaculada Garc\u00eda","date":"5 mayo, 2022","format":false,"excerpt":"Convocados los premios \u00abJoaqu\u00edn Guichot\u00bb y \u00abAntonio Dom\u00ednguez Ortiz\u00bb. Resoluci\u00f3n de 1 de abril de 2022, de la Direcci\u00f3n General de Formaci\u00f3n del Profesorado e Innovaci\u00f3n Educativa, por la que se convoca la XXXII edici\u00f3n del concurso para el fomento de la investigaci\u00f3n e innovaci\u00f3n educativa en sus dos modalidades,\u2026","rel":"","context":"En \u00abNoticias\u00bb","block_context":{"text":"Noticias","link":"https:\/\/cepronda.com\/blog\/category\/noticias\/"},"img":{"alt_text":"","src":"https:\/\/i0.wp.com\/cepronda.com\/blog\/wp-content\/uploads\/2022\/05\/ESTANCIAS-FORMATIVAS-EN-EMPRESAS-PARA-EL-PROFESORADO-DE-FORMACION-PROFESIONAL.png?fit=1080%2C1080&ssl=1&resize=350%2C200","width":350,"height":200,"srcset":"https:\/\/i0.wp.com\/cepronda.com\/blog\/wp-content\/uploads\/2022\/05\/ESTANCIAS-FORMATIVAS-EN-EMPRESAS-PARA-EL-PROFESORADO-DE-FORMACION-PROFESIONAL.png?fit=1080%2C1080&ssl=1&resize=350%2C200 1x, https:\/\/i0.wp.com\/cepronda.com\/blog\/wp-content\/uploads\/2022\/05\/ESTANCIAS-FORMATIVAS-EN-EMPRESAS-PARA-EL-PROFESORADO-DE-FORMACION-PROFESIONAL.png?fit=1080%2C1080&ssl=1&resize=525%2C300 1.5x, https:\/\/i0.wp.com\/cepronda.com\/blog\/wp-content\/uploads\/2022\/05\/ESTANCIAS-FORMATIVAS-EN-EMPRESAS-PARA-EL-PROFESORADO-DE-FORMACION-PROFESIONAL.png?fit=1080%2C1080&ssl=1&resize=700%2C400 2x, https:\/\/i0.wp.com\/cepronda.com\/blog\/wp-content\/uploads\/2022\/05\/ESTANCIAS-FORMATIVAS-EN-EMPRESAS-PARA-EL-PROFESORADO-DE-FORMACION-PROFESIONAL.png?fit=1080%2C1080&ssl=1&resize=1050%2C600 3x"},"classes":[]},{"id":9214,"url":"https:\/\/cepronda.com\/blog\/9214-2\/","url_meta":{"origin":9210,"position":2},"title":"PARTICIPA EN LA V EDICI\u00d3N DE LA FERIA DE INVENTOS Y TALENTOS. IT\u00b4s RONDA 2026.","author":"Encarni Jim\u00e9nez Rosado","date":"16 enero, 2026","format":false,"excerpt":"Queremos contar contigo en la V edici\u00f3n de la\u00a0Feria de Inventos y Talentos de Ronda, reci\u00e9n galardonada con el 3\u00ba Premio Joaqu\u00edn Guichot a la Innovaci\u00f3n Educativa. Se celebrar\u00e1 los d\u00edas 22 (mi\u00e9rcoles) y 23 (jueves) de abril de 2026. Buscamos mentes inquietas, inventores e inventoras del futuro y talentos\u2026","rel":"","context":"En \u00abNoticias\u00bb","block_context":{"text":"Noticias","link":"https:\/\/cepronda.com\/blog\/category\/noticias\/"},"img":{"alt_text":"","src":"https:\/\/i0.wp.com\/cepronda.com\/blog\/wp-content\/uploads\/2026\/01\/feria-2.jpg?fit=960%2C1200&ssl=1&resize=350%2C200","width":350,"height":200,"srcset":"https:\/\/i0.wp.com\/cepronda.com\/blog\/wp-content\/uploads\/2026\/01\/feria-2.jpg?fit=960%2C1200&ssl=1&resize=350%2C200 1x, https:\/\/i0.wp.com\/cepronda.com\/blog\/wp-content\/uploads\/2026\/01\/feria-2.jpg?fit=960%2C1200&ssl=1&resize=525%2C300 1.5x, https:\/\/i0.wp.com\/cepronda.com\/blog\/wp-content\/uploads\/2026\/01\/feria-2.jpg?fit=960%2C1200&ssl=1&resize=700%2C400 2x"},"classes":[]},{"id":780,"url":"https:\/\/cepronda.com\/blog\/convocatoria-de-la-xxix-edicion-del-concurso-de-los-premios-joaquin-guichot-y-antonio-dominguez-ortiz\/","url_meta":{"origin":9210,"position":3},"title":"Convocatoria de la XXIX edici\u00f3n del concurso de los Premios Joaqu\u00edn Guichot y Antonio Dom\u00ednguez Ortiz.","author":"V\u00edctor Caballero","date":"18 abril, 2017","format":false,"excerpt":"Muy buenas, Compartimos con todas y todos vosotros esta informaci\u00f3n relativa al concurso de los premios Joaqu\u00edn Guichot y Antonio Dom\u00ednguez Ort\u00edz. Se convoca la XXIX edici\u00f3n del concurso para el fomento de la investigaci\u00f3n e innovaci\u00f3n educativa en sus dos modalidades, Premio \u00abJoaqu\u00edn Guichot\u00bb y Premio \u00abAntonio Dom\u00ednguez Ortiz\u00bb\u2026","rel":"","context":"En \u00abNoticias\u00bb","block_context":{"text":"Noticias","link":"https:\/\/cepronda.com\/blog\/category\/noticias\/"},"img":{"alt_text":"","src":"https:\/\/i0.wp.com\/cepronda.com\/blog\/wp-content\/uploads\/2017\/05\/logo_ja_ce_mejor.jpg?fit=732%2C600&ssl=1&resize=350%2C200","width":350,"height":200,"srcset":"https:\/\/i0.wp.com\/cepronda.com\/blog\/wp-content\/uploads\/2017\/05\/logo_ja_ce_mejor.jpg?fit=732%2C600&ssl=1&resize=350%2C200 1x, https:\/\/i0.wp.com\/cepronda.com\/blog\/wp-content\/uploads\/2017\/05\/logo_ja_ce_mejor.jpg?fit=732%2C600&ssl=1&resize=525%2C300 1.5x, https:\/\/i0.wp.com\/cepronda.com\/blog\/wp-content\/uploads\/2017\/05\/logo_ja_ce_mejor.jpg?fit=732%2C600&ssl=1&resize=700%2C400 2x"},"classes":[]},{"id":2876,"url":"https:\/\/cepronda.com\/blog\/convocatoria-xxxi-edicion-de-los-premios-joaquin-guichot-y-antonio-dominguez-ortiz\/","url_meta":{"origin":9210,"position":4},"title":"Convocatoria XXXI Edici\u00f3n de los Premios Joaqu\u00edn Guichot y Antonio Dom\u00ednguez Ortiz","author":"V\u00edctor Caballero","date":"12 junio, 2019","format":false,"excerpt":"Convocada la XXXI edici\u00f3n del concurso para el fomento de la investigaci\u00f3n e innovaci\u00f3n educativa en sus dos modalidades, Premio \u00abJoaqu\u00edn Guichot\u00bb y Premio \u00abAntonio Dom\u00ednguez Ortiz\u00bb en centros p\u00fablicos correspondiente al curso 2018\/2019 por la RESOLUCI\u00d3N de 23 de mayo de 2019, de la Direcci\u00f3n General de Formaci\u00f3n del\u2026","rel":"","context":"En \u00abFormaciones\u00bb","block_context":{"text":"Formaciones","link":"https:\/\/cepronda.com\/blog\/category\/formaciones\/"},"img":{"alt_text":"","src":"https:\/\/i0.wp.com\/cepronda.com\/blog\/wp-content\/uploads\/2019\/05\/logo-nuevo.jpg?fit=531%2C342&ssl=1&resize=350%2C200","width":350,"height":200,"srcset":"https:\/\/i0.wp.com\/cepronda.com\/blog\/wp-content\/uploads\/2019\/05\/logo-nuevo.jpg?fit=531%2C342&ssl=1&resize=350%2C200 1x, https:\/\/i0.wp.com\/cepronda.com\/blog\/wp-content\/uploads\/2019\/05\/logo-nuevo.jpg?fit=531%2C342&ssl=1&resize=525%2C300 1.5x"},"classes":[]},{"id":3037,"url":"https:\/\/cepronda.com\/blog\/aplazadas-al-jueves-26-de-septiembre-las-jornadas-informativas-sobre-la-convocatoria-de-grupos-de-trabajo-formacion-en-centros-y-programas-de-innovacion-educativa\/","url_meta":{"origin":9210,"position":5},"title":"APLAZADAS AL JUEVES 26 DE SEPTIEMBRE LAS \u00abJORNADAS INFORMATIVAS SOBRE LA CONVOCATORIA DE GRUPOS DE TRABAJO, FORMACI\u00d3N EN CENTROS Y PROGRAMAS DE INNOVACI\u00d3N EDUCATIVA\u00bb","author":"V\u00edctor Caballero","date":"24 septiembre, 2019","format":false,"excerpt":"Buenas tardes, Debido al retraso en la salida de las Instrucciones que regulan las convocatorias para los Grupos de Trabajo, Formaci\u00f3n en Centros y Programas de innovaci\u00f3n Educativa, nos hemos visto obligados a retrasar las jornadas informativas a este jueves 26 de septiembre en horario de 16:30 a 19:30h en\u2026","rel":"","context":"En \u00abNoticias\u00bb","block_context":{"text":"Noticias","link":"https:\/\/cepronda.com\/blog\/category\/noticias\/"},"img":{"alt_text":"","src":"https:\/\/i0.wp.com\/cepronda.com\/blog\/wp-content\/uploads\/2019\/09\/gt.jpeg?fit=849%2C1200&ssl=1&resize=350%2C200","width":350,"height":200,"srcset":"https:\/\/i0.wp.com\/cepronda.com\/blog\/wp-content\/uploads\/2019\/09\/gt.jpeg?fit=849%2C1200&ssl=1&resize=350%2C200 1x, https:\/\/i0.wp.com\/cepronda.com\/blog\/wp-content\/uploads\/2019\/09\/gt.jpeg?fit=849%2C1200&ssl=1&resize=525%2C300 1.5x, https:\/\/i0.wp.com\/cepronda.com\/blog\/wp-content\/uploads\/2019\/09\/gt.jpeg?fit=849%2C1200&ssl=1&resize=700%2C400 2x"},"classes":[]}],"jetpack_sharing_enabled":true,"_links":{"self":[{"href":"https:\/\/cepronda.com\/blog\/wp-json\/wp\/v2\/posts\/9210","targetHints":{"allow":["GET"]}}],"collection":[{"href":"https:\/\/cepronda.com\/blog\/wp-json\/wp\/v2\/posts"}],"about":[{"href":"https:\/\/cepronda.com\/blog\/wp-json\/wp\/v2\/types\/post"}],"author":[{"embeddable":true,"href":"https:\/\/cepronda.com\/blog\/wp-json\/wp\/v2\/users\/16"}],"replies":[{"embeddable":true,"href":"https:\/\/cepronda.com\/blog\/wp-json\/wp\/v2\/comments?post=9210"}],"version-history":[{"count":5,"href":"https:\/\/cepronda.com\/blog\/wp-json\/wp\/v2\/posts\/9210\/revisions"}],"predecessor-version":[{"id":9313,"href":"https:\/\/cepronda.com\/blog\/wp-json\/wp\/v2\/posts\/9210\/revisions\/9313"}],"wp:featuredmedia":[{"embeddable":true,"href":"https:\/\/cepronda.com\/blog\/wp-json\/wp\/v2\/media\/9303"}],"wp:attachment":[{"href":"https:\/\/cepronda.com\/blog\/wp-json\/wp\/v2\/media?parent=9210"}],"wp:term":[{"taxonomy":"category","embeddable":true,"href":"https:\/\/cepronda.com\/blog\/wp-json\/wp\/v2\/categories?post=9210"},{"taxonomy":"post_tag","embeddable":true,"href":"https:\/\/cepronda.com\/blog\/wp-json\/wp\/v2\/tags?post=9210"}],"curies":[{"name":"wp","href":"https:\/\/api.w.org\/{rel}","templated":true}]}}