{"id":9207,"date":"2026-01-13T22:44:20","date_gmt":"2026-01-13T21:44:20","guid":{"rendered":"https:\/\/cepronda.com\/blog\/?p=9207"},"modified":"2026-01-28T14:48:50","modified_gmt":"2026-01-28T13:48:50","slug":"9207-2","status":"publish","type":"post","link":"https:\/\/cepronda.com\/blog\/9207-2\/","title":{"rendered":"CONGRESO NACIONAL PARA LA CONVIVENCIA EN LA ERA DIGITAL. ANDALUC\u00cdA FRENTE AL ACOSO"},"content":{"rendered":"<p>Abierto plazo de inscripci\u00f3n para el <strong>\u201cCONGRESO <\/strong><strong>NACIONAL PARA LA CONVIVENCIA EN LA ERA DIGITAL. ANDALUC\u00cdA FRENTE AL ACOSO, <\/strong>con c\u00f3digo 269908CI006.<br \/>\nActividad regional presencial, que se desarrollar\u00e1 los d\u00edas <span dir=\"ltr\">29 y 30 de enero de 2026, en el Centro de Exposiciones, Ferias y Convenciones de C\u00f3rdoba.<\/span><\/p>\n<p>Las inscripciones estar\u00e1n abiertas del <span style=\"font-weight: inherit;\">12 al 18 de enero del 2026.<\/span><\/p>\n<p>PINCHA EN EL ENLACE PARA INSCRIPCI\u00d3N Y M\u00c1S DETALLE: (<a title=\"Inscripci\u00f3n y detalle en S\u00e9neca\" href=\"https:\/\/secretariavirtual.juntadeandalucia.es\/secretariavirtual\/consultaCEP\/actividad\/269908CI006\/\" target=\"_blank\" rel=\"noopener\">Inscripci\u00f3n y detalle en S\u00e9neca<\/a>)<\/p>\n<p>&nbsp;<\/p>\n<p><a href=\"https:\/\/secretariavirtual.juntadeandalucia.es\/secretariavirtual\/consultaCEP\/actividad\/269908CI006\/\"><img data-recalc-dims=\"1\" loading=\"lazy\" decoding=\"async\" class=\"aligncenter wp-image-9315\" src=\"https:\/\/i0.wp.com\/cepronda.com\/blog\/wp-content\/uploads\/2026\/01\/acoso.jpg?resize=500%2C401&#038;ssl=1\" alt=\"\" width=\"500\" height=\"401\" srcset=\"https:\/\/i0.wp.com\/cepronda.com\/blog\/wp-content\/uploads\/2026\/01\/acoso.jpg?resize=1024%2C821&amp;ssl=1 1024w, https:\/\/i0.wp.com\/cepronda.com\/blog\/wp-content\/uploads\/2026\/01\/acoso.jpg?resize=300%2C240&amp;ssl=1 300w, https:\/\/i0.wp.com\/cepronda.com\/blog\/wp-content\/uploads\/2026\/01\/acoso.jpg?resize=768%2C615&amp;ssl=1 768w, https:\/\/i0.wp.com\/cepronda.com\/blog\/wp-content\/uploads\/2026\/01\/acoso.jpg?w=1440&amp;ssl=1 1440w\" sizes=\"auto, (max-width: 500px) 100vw, 500px\" \/><\/a><\/p>\n","protected":false},"excerpt":{"rendered":"<p>Abierto plazo de inscripci\u00f3n para el \u201cCONGRESO NACIONAL PARA LA CONVIVENCIA EN LA ERA DIGITAL. ANDALUC\u00cdA FRENTE AL ACOSO, con c\u00f3digo 269908CI006. Actividad regional presencial, que se desarrollar\u00e1 los d\u00edas 29 y 30 de enero de 2026, en el Centro de Exposiciones, Ferias y Convenciones de C\u00f3rdoba. Las inscripciones estar\u00e1n abiertas del 12 al 18 [&hellip;]<\/p>\n","protected":false},"author":16,"featured_media":9315,"comment_status":"closed","ping_status":"open","sticky":false,"template":"","format":"standard","meta":{"_crdt_document":"","advanced_seo_description":"","jetpack_seo_html_title":"","jetpack_seo_noindex":false,"jetpack_post_was_ever_published":false,"_jetpack_newsletter_access":"","_jetpack_dont_email_post_to_subs":false,"_jetpack_newsletter_tier_id":0,"_jetpack_memberships_contains_paywalled_content":false,"_jetpack_memberships_contains_paid_content":false,"footnotes":"","jetpack_publicize_message":"","jetpack_publicize_feature_enabled":true,"jetpack_social_post_already_shared":true,"jetpack_social_options":{"image_generator_settings":{"template":"highway","default_image_id":0,"font":"","enabled":false},"version":2}},"categories":[3],"tags":[146],"class_list":{"0":"post-9207","1":"post","2":"type-post","3":"status-publish","4":"format-standard","5":"has-post-thumbnail","7":"category-formaciones","8":"tag-convivencia","9":"czr-hentry"},"jetpack_publicize_connections":[],"jetpack_featured_media_url":"https:\/\/i0.wp.com\/cepronda.com\/blog\/wp-content\/uploads\/2026\/01\/acoso.jpg?fit=1440%2C1154&ssl=1","jetpack_shortlink":"https:\/\/wp.me\/p8M4X7-2ov","jetpack-related-posts":[{"id":7436,"url":"https:\/\/cepronda.com\/blog\/mejorar-la-convivencia-un-reto-para-las-aulas\/","url_meta":{"origin":9207,"position":0},"title":"MEJORAR LA CONVIVENCIA, UN RETO PARA LAS AULAS","author":"Mamen Moreno","date":"6 febrero, 2024","format":false,"excerpt":"Os informamos que se encuentra abierta la inscripci\u00f3n en el curso \"MEJORAR LA CONVIVENCIA, UN RETO PARA LAS AULAS\" con c\u00f3digo 242924GE039. Fecha inscripci\u00f3n:\u00a006\/02\/2024 hasta 05\/03\/2024 Fechas actividad:\u00a0 7 de marzo con Gloria Ramos Dom\u00ednguez y Joaqu\u00edn Morales Jim\u00e9nez.\u00a0\u00a0\u00a0 \u00a0 \u00a0 \u00a0 \u00a0 \u00a0 \u00a0 \u00a0 \u00a0 \u00a0 \u00a0 \u00a0\u2026","rel":"","context":"En \u00abFormaciones\u00bb","block_context":{"text":"Formaciones","link":"https:\/\/cepronda.com\/blog\/category\/formaciones\/"},"img":{"alt_text":"","src":"https:\/\/i0.wp.com\/cepronda.com\/blog\/wp-content\/uploads\/2024\/02\/MEJORA-DE-LA-CONVIVENCIA-3.png?fit=1200%2C848&ssl=1&resize=350%2C200","width":350,"height":200,"srcset":"https:\/\/i0.wp.com\/cepronda.com\/blog\/wp-content\/uploads\/2024\/02\/MEJORA-DE-LA-CONVIVENCIA-3.png?fit=1200%2C848&ssl=1&resize=350%2C200 1x, https:\/\/i0.wp.com\/cepronda.com\/blog\/wp-content\/uploads\/2024\/02\/MEJORA-DE-LA-CONVIVENCIA-3.png?fit=1200%2C848&ssl=1&resize=525%2C300 1.5x, https:\/\/i0.wp.com\/cepronda.com\/blog\/wp-content\/uploads\/2024\/02\/MEJORA-DE-LA-CONVIVENCIA-3.png?fit=1200%2C848&ssl=1&resize=700%2C400 2x, https:\/\/i0.wp.com\/cepronda.com\/blog\/wp-content\/uploads\/2024\/02\/MEJORA-DE-LA-CONVIVENCIA-3.png?fit=1200%2C848&ssl=1&resize=1050%2C600 3x"},"classes":[]},{"id":4840,"url":"https:\/\/cepronda.com\/blog\/i-congreso-internacional-de-innovacion-educativa-en-andalucia\/","url_meta":{"origin":9207,"position":1},"title":"I CONGRESO INTERNACIONAL DE INNOVACI\u00d3N EDUCATIVA EN ANDALUC\u00cdA","author":"Maribel Mu\u00f1oz","date":"30 octubre, 2021","format":false,"excerpt":"Buenos d\u00edas compa\u00f1eras y compa\u00f1eros, Os informamos que est\u00e1 abierto el plazo de inscripci\u00f3n en el I CONGRESO INTERNACIONAL DE INNOVACI\u00d3N EDUCATIVA EN ANDALUC\u00cdA \u00a0con c\u00f3digo 229922PF002. Es una actividad de \u00e1mbito REGIONAL.\u00a0 Se desarrollar\u00e1 en el FYCMA. Palacio de Ferias y Congresos de M\u00e1laga. Hay un total de 400\u2026","rel":"","context":"En \u00abFormaciones\u00bb","block_context":{"text":"Formaciones","link":"https:\/\/cepronda.com\/blog\/category\/formaciones\/"},"img":{"alt_text":"","src":"https:\/\/i0.wp.com\/cepronda.com\/blog\/wp-content\/uploads\/2021\/10\/Congreso-300x196.jpg?resize=350%2C200","width":350,"height":200},"classes":[]},{"id":5063,"url":"https:\/\/cepronda.com\/blog\/estrategias-de-intervencion-en-igualdad-acoso-y-ciberacoso\/","url_meta":{"origin":9207,"position":2},"title":"ESTRATEGIAS DE INTERVENCI\u00d3N EN IGUALDAD, ACOSO Y CIBERACOSO","author":"Inmaculada Garc\u00eda","date":"2 febrero, 2022","format":false,"excerpt":"Estimados compa\u00f1eros y compa\u00f1eras. Os informamos de que hasta el d\u00eda 18 de febrero pod\u00e9is realizar vuestra inscripci\u00f3n en la actividad formativa \"ESTRATEGIAS DE INTERVENCI\u00d3N EN IGUALDAD, ACOSO Y CIBERACOSO\", con c\u00f3digo 222924GE033. Actividad en la que analizaremos situaciones que encontramos en nuestros centros y entre nuestro alumnado buscando estrategias\u2026","rel":"","context":"En \u00abNoticias\u00bb","block_context":{"text":"Noticias","link":"https:\/\/cepronda.com\/blog\/category\/noticias\/"},"img":{"alt_text":"","src":"https:\/\/i0.wp.com\/cepronda.com\/blog\/wp-content\/uploads\/2022\/02\/love-igualdad.jpeg?fit=848%2C1200&ssl=1&resize=350%2C200","width":350,"height":200,"srcset":"https:\/\/i0.wp.com\/cepronda.com\/blog\/wp-content\/uploads\/2022\/02\/love-igualdad.jpeg?fit=848%2C1200&ssl=1&resize=350%2C200 1x, https:\/\/i0.wp.com\/cepronda.com\/blog\/wp-content\/uploads\/2022\/02\/love-igualdad.jpeg?fit=848%2C1200&ssl=1&resize=525%2C300 1.5x, https:\/\/i0.wp.com\/cepronda.com\/blog\/wp-content\/uploads\/2022\/02\/love-igualdad.jpeg?fit=848%2C1200&ssl=1&resize=700%2C400 2x"},"classes":[]},{"id":7932,"url":"https:\/\/cepronda.com\/blog\/actividad-regional-proceso-de-admision-ensenanzas-de-regimen-general-andalucia-oriental-y-occidental\/","url_meta":{"origin":9207,"position":3},"title":"ACTIVIDAD REGIONAL: PROCESO DE ADMISI\u00d3N ENSE\u00d1ANZAS DE R\u00c9GIMEN GENERAL (ANDALUC\u00cdA ORIENTAL y OCCIDENTAL)","author":"Mamen Moreno","date":"13 diciembre, 2024","format":false,"excerpt":"Abierto el plazo de solicitudes para la\u00a0 ACTIVIDAD REGIONAL:\u00a0 PROCESO DE ADMISI\u00d3N ENSE\u00d1ANZAS DE R\u00c9GIMEN GENERAL (ANDALUC\u00cdA ORIENTAL y OCCIDENTAL) DIRIGIDO A: Destinado a equipos directivos, as\u00ed como aquel personal docente encargado de la gesti\u00f3n del proceso de admisi\u00f3n desde el 2\u00ba ciclo de E. Infantil a Bachillerato y Educaci\u00f3n\u2026","rel":"","context":"En \u00abFormaciones\u00bb","block_context":{"text":"Formaciones","link":"https:\/\/cepronda.com\/blog\/category\/formaciones\/"},"img":{"alt_text":"","src":"https:\/\/i0.wp.com\/cepronda.com\/blog\/wp-content\/uploads\/2024\/12\/PROCESO-DE-ADMISION-ENSENANZAS-DE-REGIMEN-GENERAL-Andalucia-GENERAL-1.jpg?fit=1200%2C675&ssl=1&resize=350%2C200","width":350,"height":200,"srcset":"https:\/\/i0.wp.com\/cepronda.com\/blog\/wp-content\/uploads\/2024\/12\/PROCESO-DE-ADMISION-ENSENANZAS-DE-REGIMEN-GENERAL-Andalucia-GENERAL-1.jpg?fit=1200%2C675&ssl=1&resize=350%2C200 1x, https:\/\/i0.wp.com\/cepronda.com\/blog\/wp-content\/uploads\/2024\/12\/PROCESO-DE-ADMISION-ENSENANZAS-DE-REGIMEN-GENERAL-Andalucia-GENERAL-1.jpg?fit=1200%2C675&ssl=1&resize=525%2C300 1.5x, https:\/\/i0.wp.com\/cepronda.com\/blog\/wp-content\/uploads\/2024\/12\/PROCESO-DE-ADMISION-ENSENANZAS-DE-REGIMEN-GENERAL-Andalucia-GENERAL-1.jpg?fit=1200%2C675&ssl=1&resize=700%2C400 2x, https:\/\/i0.wp.com\/cepronda.com\/blog\/wp-content\/uploads\/2024\/12\/PROCESO-DE-ADMISION-ENSENANZAS-DE-REGIMEN-GENERAL-Andalucia-GENERAL-1.jpg?fit=1200%2C675&ssl=1&resize=1050%2C600 3x"},"classes":[]},{"id":9106,"url":"https:\/\/cepronda.com\/blog\/mediacion-escolar-un-recurso-en-el-entorno-educativo\/","url_meta":{"origin":9207,"position":4},"title":"MEDIACI\u00d3N ESCOLAR. UN RECURSO EN EL ENTORNO EDUCATIVO","author":"Maribel Mu\u00f1oz","date":"5 diciembre, 2025","format":false,"excerpt":"Se encuentra abierto el plazo de inscripci\u00f3n en el curso provincial, \"MEDIACI\u00d3N ESCOLAR. UN RECURSO EN EL ENTORNO EDUCATIVO\", con c\u00f3digo: 262924GE174. Inscripciones: del 5 de diciembre al 8 de enero. Inicio del curso: 13 de enero de 2026. Fin del curso de formaci\u00f3n: 12 de febrero de 2026. Lugar:\u2026","rel":"","context":"En \u00abFormaciones\u00bb","block_context":{"text":"Formaciones","link":"https:\/\/cepronda.com\/blog\/category\/formaciones\/"},"img":{"alt_text":"","src":"https:\/\/i0.wp.com\/cepronda.com\/blog\/wp-content\/uploads\/2025\/12\/MEDIACION-262924GE174-1.png?fit=1080%2C1080&ssl=1&resize=350%2C200","width":350,"height":200,"srcset":"https:\/\/i0.wp.com\/cepronda.com\/blog\/wp-content\/uploads\/2025\/12\/MEDIACION-262924GE174-1.png?fit=1080%2C1080&ssl=1&resize=350%2C200 1x, https:\/\/i0.wp.com\/cepronda.com\/blog\/wp-content\/uploads\/2025\/12\/MEDIACION-262924GE174-1.png?fit=1080%2C1080&ssl=1&resize=525%2C300 1.5x, https:\/\/i0.wp.com\/cepronda.com\/blog\/wp-content\/uploads\/2025\/12\/MEDIACION-262924GE174-1.png?fit=1080%2C1080&ssl=1&resize=700%2C400 2x, https:\/\/i0.wp.com\/cepronda.com\/blog\/wp-content\/uploads\/2025\/12\/MEDIACION-262924GE174-1.png?fit=1080%2C1080&ssl=1&resize=1050%2C600 3x"},"classes":[]},{"id":8803,"url":"https:\/\/cepronda.com\/blog\/v-congreso-internacional-conmemorativo-del-descubrimiento-de-america-codigo-262115ge002\/","url_meta":{"origin":9207,"position":5},"title":"V CONGRESO INTERNACIONAL CONMEMORATIVO DEL DESCUBRIMIENTO DE AM\u00c9RICA. C\u00f3digo: 262115GE002","author":"Inmaculada Garc\u00eda","date":"18 septiembre, 2025","format":false,"excerpt":"Abierta la inscripci\u00f3n del Congreso regional organizado por el CEP de Huelva- Isla Cristina: V CONGRESO INTERNACIONAL CONMEMORATIVO DEL DESCUBRIMIENTO DE AM\u00c9RICA. C\u00f3digo: 262115GE002 \u00a0 Fecha inscripci\u00f3n: 12\/09\/2025 hasta 06\/10\/2025. Fecha actividad: 10\/10\/2025 hasta 13\/10\/2025. \u00a0 Duraci\u00f3n: 18 horas \u00a0 \u00a0 Detalle e inscripci\u00f3n: https:\/\/www.juntadeandalucia.es\/educacion\/secretariavirtual\/consultaCEP\/actividad\/262115GE002\/","rel":"","context":"En \u00abFormaciones\u00bb","block_context":{"text":"Formaciones","link":"https:\/\/cepronda.com\/blog\/category\/formaciones\/"},"img":{"alt_text":"","src":"https:\/\/i0.wp.com\/cepronda.com\/blog\/wp-content\/uploads\/2025\/09\/cartelVDescubrimiento_programa_ok3.jpg?fit=848%2C1200&ssl=1&resize=350%2C200","width":350,"height":200,"srcset":"https:\/\/i0.wp.com\/cepronda.com\/blog\/wp-content\/uploads\/2025\/09\/cartelVDescubrimiento_programa_ok3.jpg?fit=848%2C1200&ssl=1&resize=350%2C200 1x, https:\/\/i0.wp.com\/cepronda.com\/blog\/wp-content\/uploads\/2025\/09\/cartelVDescubrimiento_programa_ok3.jpg?fit=848%2C1200&ssl=1&resize=525%2C300 1.5x, https:\/\/i0.wp.com\/cepronda.com\/blog\/wp-content\/uploads\/2025\/09\/cartelVDescubrimiento_programa_ok3.jpg?fit=848%2C1200&ssl=1&resize=700%2C400 2x"},"classes":[]}],"jetpack_sharing_enabled":true,"_links":{"self":[{"href":"https:\/\/cepronda.com\/blog\/wp-json\/wp\/v2\/posts\/9207","targetHints":{"allow":["GET"]}}],"collection":[{"href":"https:\/\/cepronda.com\/blog\/wp-json\/wp\/v2\/posts"}],"about":[{"href":"https:\/\/cepronda.com\/blog\/wp-json\/wp\/v2\/types\/post"}],"author":[{"embeddable":true,"href":"https:\/\/cepronda.com\/blog\/wp-json\/wp\/v2\/users\/16"}],"replies":[{"embeddable":true,"href":"https:\/\/cepronda.com\/blog\/wp-json\/wp\/v2\/comments?post=9207"}],"version-history":[{"count":4,"href":"https:\/\/cepronda.com\/blog\/wp-json\/wp\/v2\/posts\/9207\/revisions"}],"predecessor-version":[{"id":9316,"href":"https:\/\/cepronda.com\/blog\/wp-json\/wp\/v2\/posts\/9207\/revisions\/9316"}],"wp:featuredmedia":[{"embeddable":true,"href":"https:\/\/cepronda.com\/blog\/wp-json\/wp\/v2\/media\/9315"}],"wp:attachment":[{"href":"https:\/\/cepronda.com\/blog\/wp-json\/wp\/v2\/media?parent=9207"}],"wp:term":[{"taxonomy":"category","embeddable":true,"href":"https:\/\/cepronda.com\/blog\/wp-json\/wp\/v2\/categories?post=9207"},{"taxonomy":"post_tag","embeddable":true,"href":"https:\/\/cepronda.com\/blog\/wp-json\/wp\/v2\/tags?post=9207"}],"curies":[{"name":"wp","href":"https:\/\/api.w.org\/{rel}","templated":true}]}}