{"id":9176,"date":"2026-01-12T23:15:18","date_gmt":"2026-01-12T22:15:18","guid":{"rendered":"https:\/\/cepronda.com\/blog\/?p=9176"},"modified":"2026-01-13T12:06:06","modified_gmt":"2026-01-13T11:06:06","slug":"9176-2","status":"publish","type":"post","link":"https:\/\/cepronda.com\/blog\/9176-2\/","title":{"rendered":"CURSO ATENCI\u00d3N AL ALUMNADO CON NEE QUE PRESENTA TRASTORNOS GRAVES DE CONDUCTA (SECUNDARIA)"},"content":{"rendered":"<p>Abierta la inscripci\u00f3n del curso provincial, que se realizar\u00e1 por videoconferencias :<br \/>\nATENCI\u00d3N AL ALUMNADO CON NEE QUE PRESENTA TRASTORNOS GRAVES DE CONDUCTA (SECUNDARIA)<\/p>\n<p>C\u00f3digo: 262923GE453<br \/>\nInscripciones: desde <span dir=\"ltr\">el 12\/01\/2026<\/span> hasta <span dir=\"ltr\">16\/02\/2026<\/span><br \/>\nFecha de inicio y fin del curso: <span dir=\"ltr\">03\/03\/2026 &#8211; 17\/04\/2026<\/span><\/p>\n<p>Lugar de realizaci\u00f3n: plataforma Webex<br \/>\nDetalle e inscripci\u00f3n: <a href=\"https:\/\/secretariavirtual.juntadeandalucia.es\/secretariavirtual\/consultaCEP\/actividad\/262923GE453\/\"><span dir=\"ltr\">https:\/\/secretariavirtual.juntadeandalucia.es\/secretariavirtual\/consultaCEP\/actividad\/262923GE453\/<\/span><\/a><\/p>\n<p>&nbsp;<\/p>\n<p><a href=\"https:\/\/secretariavirtual.juntadeandalucia.es\/secretariavirtual\/consultaCEP\/actividad\/262923GE453\/\"><img data-recalc-dims=\"1\" loading=\"lazy\" decoding=\"async\" class=\"aligncenter wp-image-9194\" src=\"https:\/\/i0.wp.com\/cepronda.com\/blog\/wp-content\/uploads\/2026\/01\/WhatsApp-Image-2026-01-13-at-11.49.48.jpeg?resize=500%2C625&#038;ssl=1\" alt=\"\" width=\"500\" height=\"625\" srcset=\"https:\/\/i0.wp.com\/cepronda.com\/blog\/wp-content\/uploads\/2026\/01\/WhatsApp-Image-2026-01-13-at-11.49.48.jpeg?resize=819%2C1024&amp;ssl=1 819w, https:\/\/i0.wp.com\/cepronda.com\/blog\/wp-content\/uploads\/2026\/01\/WhatsApp-Image-2026-01-13-at-11.49.48.jpeg?resize=240%2C300&amp;ssl=1 240w, https:\/\/i0.wp.com\/cepronda.com\/blog\/wp-content\/uploads\/2026\/01\/WhatsApp-Image-2026-01-13-at-11.49.48.jpeg?resize=768%2C960&amp;ssl=1 768w, https:\/\/i0.wp.com\/cepronda.com\/blog\/wp-content\/uploads\/2026\/01\/WhatsApp-Image-2026-01-13-at-11.49.48.jpeg?w=1080&amp;ssl=1 1080w\" sizes=\"auto, (max-width: 500px) 100vw, 500px\" \/><\/a><\/p>\n","protected":false},"excerpt":{"rendered":"<p>Abierta la inscripci\u00f3n del curso provincial, que se realizar\u00e1 por videoconferencias : ATENCI\u00d3N AL ALUMNADO CON NEE QUE PRESENTA TRASTORNOS GRAVES DE CONDUCTA (SECUNDARIA) C\u00f3digo: 262923GE453 Inscripciones: desde el 12\/01\/2026 hasta 16\/02\/2026 Fecha de inicio y fin del curso: 03\/03\/2026 &#8211; 17\/04\/2026 Lugar de realizaci\u00f3n: plataforma Webex Detalle e inscripci\u00f3n: https:\/\/secretariavirtual.juntadeandalucia.es\/secretariavirtual\/consultaCEP\/actividad\/262923GE453\/ &nbsp;<\/p>\n","protected":false},"author":16,"featured_media":9194,"comment_status":"closed","ping_status":"open","sticky":false,"template":"","format":"standard","meta":{"_crdt_document":"","advanced_seo_description":"","jetpack_seo_html_title":"","jetpack_seo_noindex":false,"jetpack_post_was_ever_published":false,"_jetpack_newsletter_access":"","_jetpack_dont_email_post_to_subs":false,"_jetpack_newsletter_tier_id":0,"_jetpack_memberships_contains_paywalled_content":false,"_jetpack_memberships_contains_paid_content":false,"footnotes":"","jetpack_publicize_message":"","jetpack_publicize_feature_enabled":true,"jetpack_social_post_already_shared":true,"jetpack_social_options":{"image_generator_settings":{"template":"highway","default_image_id":0,"font":"","enabled":false},"version":2}},"categories":[3],"tags":[62,459],"class_list":{"0":"post-9176","1":"post","2":"type-post","3":"status-publish","4":"format-standard","5":"has-post-thumbnail","7":"category-formaciones","8":"tag-secundaria","9":"tag-trastornos-de-conducta","10":"czr-hentry"},"jetpack_publicize_connections":[],"jetpack_featured_media_url":"https:\/\/i0.wp.com\/cepronda.com\/blog\/wp-content\/uploads\/2026\/01\/WhatsApp-Image-2026-01-13-at-11.49.48.jpeg?fit=1080%2C1350&ssl=1","jetpack_shortlink":"https:\/\/wp.me\/p8M4X7-2o0","jetpack-related-posts":[{"id":9144,"url":"https:\/\/cepronda.com\/blog\/atencion-al-alumnado-con-nee-que-presenta-trastornos-graves-de-conducta\/","url_meta":{"origin":9176,"position":0},"title":"ATENCI\u00d3N AL ALUMNADO CON NEE QUE PRESENTA TRASTORNOS GRAVES DE CONDUCTA","author":"Inmaculada Garc\u00eda","date":"18 diciembre, 2025","format":false,"excerpt":"Se encuentra abierto el plazo de inscripci\u00f3n para el curso \"ATENCI\u00d3N AL ALUMNADO CON NEE QUE PRESENTA TRASTORNOS GRAVES DE CONDUCTA\", con c\u00f3digo 262926GE601. Formaci\u00f3n a desarrollar en el AVFP con una duraci\u00f3n de 30 horas. \ud83d\udcc5 Inscripci\u00f3n: 17\/12\/2025 al 09\/01\/2025 \ud83d\udcc5 Actividad: 20\/01\/2025 al 10\/03\/2025 \ud83d\udea9 M\u00e1s informaci\u00f3n: https:\/\/www.juntadeandalucia.es\/educacion\/secretariavirtual\/consultaCEP\/actividad\/262926GE601\/\u2026","rel":"","context":"En \u00abFormaciones\u00bb","block_context":{"text":"Formaciones","link":"https:\/\/cepronda.com\/blog\/category\/formaciones\/"},"img":{"alt_text":"","src":"https:\/\/i0.wp.com\/cepronda.com\/blog\/wp-content\/uploads\/2025\/12\/nee.jpg?fit=960%2C1200&ssl=1&resize=350%2C200","width":350,"height":200,"srcset":"https:\/\/i0.wp.com\/cepronda.com\/blog\/wp-content\/uploads\/2025\/12\/nee.jpg?fit=960%2C1200&ssl=1&resize=350%2C200 1x, https:\/\/i0.wp.com\/cepronda.com\/blog\/wp-content\/uploads\/2025\/12\/nee.jpg?fit=960%2C1200&ssl=1&resize=525%2C300 1.5x, https:\/\/i0.wp.com\/cepronda.com\/blog\/wp-content\/uploads\/2025\/12\/nee.jpg?fit=960%2C1200&ssl=1&resize=700%2C400 2x"},"classes":[]},{"id":8054,"url":"https:\/\/cepronda.com\/blog\/atencion-al-alumnado-con-nee-que-presenta-trastornos-graves-de-conducta-codigo-252926ic002\/","url_meta":{"origin":9176,"position":1},"title":"ATENCI\u00d3N AL ALUMNADO CON NEE QUE PRESENTA TRASTORNOS GRAVES DE CONDUCTA, c\u00f3digo 252926IC002","author":"Inmaculada Garc\u00eda","date":"20 enero, 2025","format":false,"excerpt":"Abierto el plazo de solicitudes para la actividad provincial: ATENCI\u00d3N AL ALUMNADO CON NEE QUE PRESENTA TRASTORNOS GRAVES DE CONDUCTA, c\u00f3digo 252926IC002 INSCRIPCIONES: del 20 al 31 de enero de 2025 INICIO DEL CURSO: 6 de febrero de 2025 FIN DEL CURSO: 24 de marzo de 2025 Para m\u00e1s informaci\u00f3n\u2026","rel":"","context":"En \u00abFormaciones\u00bb","block_context":{"text":"Formaciones","link":"https:\/\/cepronda.com\/blog\/category\/formaciones\/"},"img":{"alt_text":"","src":"https:\/\/i0.wp.com\/cepronda.com\/blog\/wp-content\/uploads\/2025\/01\/WhatsApp-Image-2025-01-20-at-11.58.40.jpeg?fit=1080%2C1080&ssl=1&resize=350%2C200","width":350,"height":200,"srcset":"https:\/\/i0.wp.com\/cepronda.com\/blog\/wp-content\/uploads\/2025\/01\/WhatsApp-Image-2025-01-20-at-11.58.40.jpeg?fit=1080%2C1080&ssl=1&resize=350%2C200 1x, https:\/\/i0.wp.com\/cepronda.com\/blog\/wp-content\/uploads\/2025\/01\/WhatsApp-Image-2025-01-20-at-11.58.40.jpeg?fit=1080%2C1080&ssl=1&resize=525%2C300 1.5x, https:\/\/i0.wp.com\/cepronda.com\/blog\/wp-content\/uploads\/2025\/01\/WhatsApp-Image-2025-01-20-at-11.58.40.jpeg?fit=1080%2C1080&ssl=1&resize=700%2C400 2x, https:\/\/i0.wp.com\/cepronda.com\/blog\/wp-content\/uploads\/2025\/01\/WhatsApp-Image-2025-01-20-at-11.58.40.jpeg?fit=1080%2C1080&ssl=1&resize=1050%2C600 3x"},"classes":[]},{"id":7259,"url":"https:\/\/cepronda.com\/blog\/formacion-intervencion-con-el-alumnado-que-presenta-trastornos-graves-de-conducta-242926ic406\/","url_meta":{"origin":9176,"position":2},"title":"FORMACI\u00d3N: INTERVENCI\u00d3N CON EL ALUMNADO QUE PRESENTA TRASTORNOS GRAVES DE CONDUCTA (242926IC406)","author":"Inmaculada Garc\u00eda","date":"12 diciembre, 2023","format":false,"excerpt":"Abierto el plazo de inscripci\u00f3n para el curso a distancia interceps ( Antequera, Ronda y V\u00e9lez-M\u00e1laga), dirigido al profesorado de primaria y secundaria: Intervenci\u00f3n con el alumnado que presenta trastornos graves de conducta (242926IC406) Duraci\u00f3n: 30 horas Plazo de inscripci\u00f3n: del 12\/12\/2023 hasta 15\/01\/2024 Fechas de realizaci\u00f3n: 29\/01\/2024 hasta 25\/03\/2024.\u2026","rel":"","context":"En \u00abFormaciones\u00bb","block_context":{"text":"Formaciones","link":"https:\/\/cepronda.com\/blog\/category\/formaciones\/"},"img":{"alt_text":"","src":"https:\/\/i0.wp.com\/cepronda.com\/blog\/wp-content\/uploads\/2023\/12\/WhatsApp-Image-2023-12-12-at-09.47.28.jpeg?fit=1080%2C1080&ssl=1&resize=350%2C200","width":350,"height":200,"srcset":"https:\/\/i0.wp.com\/cepronda.com\/blog\/wp-content\/uploads\/2023\/12\/WhatsApp-Image-2023-12-12-at-09.47.28.jpeg?fit=1080%2C1080&ssl=1&resize=350%2C200 1x, https:\/\/i0.wp.com\/cepronda.com\/blog\/wp-content\/uploads\/2023\/12\/WhatsApp-Image-2023-12-12-at-09.47.28.jpeg?fit=1080%2C1080&ssl=1&resize=525%2C300 1.5x, https:\/\/i0.wp.com\/cepronda.com\/blog\/wp-content\/uploads\/2023\/12\/WhatsApp-Image-2023-12-12-at-09.47.28.jpeg?fit=1080%2C1080&ssl=1&resize=700%2C400 2x, https:\/\/i0.wp.com\/cepronda.com\/blog\/wp-content\/uploads\/2023\/12\/WhatsApp-Image-2023-12-12-at-09.47.28.jpeg?fit=1080%2C1080&ssl=1&resize=1050%2C600 3x"},"classes":[]},{"id":5710,"url":"https:\/\/cepronda.com\/blog\/atencion-al-alumnado-que-presenta-trastornos-graves-de-conducta-en-el-aula-ordinaria-232926ge404\/","url_meta":{"origin":9176,"position":3},"title":"ATENCI\u00d3N AL ALUMNADO QUE PRESENTA TRASTORNOS GRAVES DE CONDUCTA EN EL AULA ORDINARIA. (232926GE404).","author":"Inmaculada Garc\u00eda","date":"18 enero, 2023","format":false,"excerpt":"Estimado\/a compa\u00f1ero\/a, Te informo que se encuentra abierta la inscripci\u00f3n al curso provincial, organizado por el CEP de V\u00e9lez-M\u00e1laga: ATENCI\u00d3N AL ALUMNADO QUE PRESENTA TRASTORNOS GRAVES DE CONDUCTA EN EL AULA ORDINARIA. C\u00f3digo: 232926GE404. Inscripciones: desde 18\/01\/2023 al 02\/02\/2023 Lugar de realizaci\u00f3n: AULA VIRTUAL DE FORMACI\u00d3N DEL PROFESORADO( Curso a\u2026","rel":"","context":"En \u00abFormaciones\u00bb","block_context":{"text":"Formaciones","link":"https:\/\/cepronda.com\/blog\/category\/formaciones\/"},"img":{"alt_text":"","src":"https:\/\/i0.wp.com\/cepronda.com\/blog\/wp-content\/uploads\/2023\/01\/WhatsApp-Image-2023-01-18-at-09.52.20.jpeg?fit=848%2C1200&ssl=1&resize=350%2C200","width":350,"height":200,"srcset":"https:\/\/i0.wp.com\/cepronda.com\/blog\/wp-content\/uploads\/2023\/01\/WhatsApp-Image-2023-01-18-at-09.52.20.jpeg?fit=848%2C1200&ssl=1&resize=350%2C200 1x, https:\/\/i0.wp.com\/cepronda.com\/blog\/wp-content\/uploads\/2023\/01\/WhatsApp-Image-2023-01-18-at-09.52.20.jpeg?fit=848%2C1200&ssl=1&resize=525%2C300 1.5x, https:\/\/i0.wp.com\/cepronda.com\/blog\/wp-content\/uploads\/2023\/01\/WhatsApp-Image-2023-01-18-at-09.52.20.jpeg?fit=848%2C1200&ssl=1&resize=700%2C400 2x"},"classes":[]},{"id":5810,"url":"https:\/\/cepronda.com\/blog\/atencion-al-alumnado-que-presenta-trastornos-graves-de-conducta-en-el-aula-ordinaria-2o-edicion\/","url_meta":{"origin":9176,"position":4},"title":"ATENCI\u00d3N AL ALUMNADO QUE PRESENTA TRASTORNOS GRAVES DE CONDUCTA EN EL AULA ORDINARIA ( 2\u00ba Edici\u00f3n)","author":"Mamen Moreno","date":"7 marzo, 2023","format":false,"excerpt":"Estimado\/a compa\u00f1ero\/a, Te informo que se encuentra abierta la inscripci\u00f3n del curso a distancia provincial organizado por el CEP de V\u00e9lez-M\u00e1laga: ATENCI\u00d3N AL ALUMNADO QUE PRESENTA TRASTORNOS GRAVES DE CONDUCTA EN EL AULA ORDINARIA ( 2\u00ba Edici\u00f3n) C\u00f3digo: 232926GE405 Inscripciones: desde el 07\/03\/2023 hasta 21\/03\/2023 Comienzo del curso: 28\/03\/2023 Lugar\u2026","rel":"","context":"En \u00abFormaciones\u00bb","block_context":{"text":"Formaciones","link":"https:\/\/cepronda.com\/blog\/category\/formaciones\/"},"img":{"alt_text":"","src":"https:\/\/i0.wp.com\/cepronda.com\/blog\/wp-content\/uploads\/2023\/03\/WhatsApp-Image-2023-03-07-at-09.41.40.jpeg?fit=848%2C1200&ssl=1&resize=350%2C200","width":350,"height":200,"srcset":"https:\/\/i0.wp.com\/cepronda.com\/blog\/wp-content\/uploads\/2023\/03\/WhatsApp-Image-2023-03-07-at-09.41.40.jpeg?fit=848%2C1200&ssl=1&resize=350%2C200 1x, https:\/\/i0.wp.com\/cepronda.com\/blog\/wp-content\/uploads\/2023\/03\/WhatsApp-Image-2023-03-07-at-09.41.40.jpeg?fit=848%2C1200&ssl=1&resize=525%2C300 1.5x, https:\/\/i0.wp.com\/cepronda.com\/blog\/wp-content\/uploads\/2023\/03\/WhatsApp-Image-2023-03-07-at-09.41.40.jpeg?fit=848%2C1200&ssl=1&resize=700%2C400 2x"},"classes":[]},{"id":4495,"url":"https:\/\/cepronda.com\/blog\/atencion-al-alumnado-que-presenta-trastornos-graves-de-conducta-en-el-aula-ordinaria\/","url_meta":{"origin":9176,"position":5},"title":"ATENCI\u00d3N AL ALUMNADO QUE PRESENTA TRASTORNOS GRAVES DE CONDUCTA EN EL AULA ORDINARIA","author":"Maribel Mu\u00f1oz","date":"26 abril, 2021","format":false,"excerpt":"Buenas tardes\u00a0 compa\u00f1eras y compa\u00f1eros, Os informamos que est\u00e1 abierto el plazo de inscripci\u00f3n de la formaci\u00f3n regional\u00a0 ATENCI\u00d3N AL ALUMNADO QUE PRESENTA TRASTORNOS GRAVES DE CONDUCTA EN EL AULA ORDINARIA.\u00a0 C\u00f3digo: 219918KOE279.\u00a0 Es una formaci\u00f3n\u00a0 gestionada por el CEP de Ja\u00e9n. Las fechas de la formaci\u00f3n son las siguientes:\u00a0\u2026","rel":"","context":"En \u00abFormaciones\u00bb","block_context":{"text":"Formaciones","link":"https:\/\/cepronda.com\/blog\/category\/formaciones\/"},"img":{"alt_text":"","src":"https:\/\/i0.wp.com\/cepronda.com\/blog\/wp-content\/uploads\/2020\/03\/S%C2%B0mbolo-gen%C3%87rico-RRSS-redondo-negativo.png?fit=1200%2C1200&ssl=1&resize=350%2C200","width":350,"height":200,"srcset":"https:\/\/i0.wp.com\/cepronda.com\/blog\/wp-content\/uploads\/2020\/03\/S%C2%B0mbolo-gen%C3%87rico-RRSS-redondo-negativo.png?fit=1200%2C1200&ssl=1&resize=350%2C200 1x, https:\/\/i0.wp.com\/cepronda.com\/blog\/wp-content\/uploads\/2020\/03\/S%C2%B0mbolo-gen%C3%87rico-RRSS-redondo-negativo.png?fit=1200%2C1200&ssl=1&resize=525%2C300 1.5x, https:\/\/i0.wp.com\/cepronda.com\/blog\/wp-content\/uploads\/2020\/03\/S%C2%B0mbolo-gen%C3%87rico-RRSS-redondo-negativo.png?fit=1200%2C1200&ssl=1&resize=700%2C400 2x, https:\/\/i0.wp.com\/cepronda.com\/blog\/wp-content\/uploads\/2020\/03\/S%C2%B0mbolo-gen%C3%87rico-RRSS-redondo-negativo.png?fit=1200%2C1200&ssl=1&resize=1050%2C600 3x"},"classes":[]}],"jetpack_sharing_enabled":true,"_links":{"self":[{"href":"https:\/\/cepronda.com\/blog\/wp-json\/wp\/v2\/posts\/9176","targetHints":{"allow":["GET"]}}],"collection":[{"href":"https:\/\/cepronda.com\/blog\/wp-json\/wp\/v2\/posts"}],"about":[{"href":"https:\/\/cepronda.com\/blog\/wp-json\/wp\/v2\/types\/post"}],"author":[{"embeddable":true,"href":"https:\/\/cepronda.com\/blog\/wp-json\/wp\/v2\/users\/16"}],"replies":[{"embeddable":true,"href":"https:\/\/cepronda.com\/blog\/wp-json\/wp\/v2\/comments?post=9176"}],"version-history":[{"count":6,"href":"https:\/\/cepronda.com\/blog\/wp-json\/wp\/v2\/posts\/9176\/revisions"}],"predecessor-version":[{"id":9196,"href":"https:\/\/cepronda.com\/blog\/wp-json\/wp\/v2\/posts\/9176\/revisions\/9196"}],"wp:featuredmedia":[{"embeddable":true,"href":"https:\/\/cepronda.com\/blog\/wp-json\/wp\/v2\/media\/9194"}],"wp:attachment":[{"href":"https:\/\/cepronda.com\/blog\/wp-json\/wp\/v2\/media?parent=9176"}],"wp:term":[{"taxonomy":"category","embeddable":true,"href":"https:\/\/cepronda.com\/blog\/wp-json\/wp\/v2\/categories?post=9176"},{"taxonomy":"post_tag","embeddable":true,"href":"https:\/\/cepronda.com\/blog\/wp-json\/wp\/v2\/tags?post=9176"}],"curies":[{"name":"wp","href":"https:\/\/api.w.org\/{rel}","templated":true}]}}