{"id":9161,"date":"2025-12-18T12:14:29","date_gmt":"2025-12-18T11:14:29","guid":{"rendered":"https:\/\/cepronda.com\/blog\/?p=9161"},"modified":"2025-12-19T12:25:41","modified_gmt":"2025-12-19T11:25:41","slug":"xix-jornadas-andaluzas-de-ensenanza-de-economia-en-secundaria","status":"publish","type":"post","link":"https:\/\/cepronda.com\/blog\/xix-jornadas-andaluzas-de-ensenanza-de-economia-en-secundaria\/","title":{"rendered":"XIX JORNADAS ANDALUZAS DE ENSE\u00d1ANZA DE ECONOM\u00cdA EN SECUNDARIA"},"content":{"rendered":"<p>Se encuentra abierto el plazo de inscripci\u00f3n para la actividad: XIX JORNADAS ANDALUZAS DE ENSE\u00d1ANZA DE ECONOM\u00cdA EN SECUNDARIA, con c\u00f3digo 262922GE055.<br \/>\nDirigido a PROFESORADO ECONOM\u00cdA.<br \/>\nInscripci\u00f3n: desde 18\/12\/2025 a 29\/01\/2026<br \/>\nActividad: viernes 6 de febrero y s\u00e1bado 7 de febrero 2026<br \/>\nDuraci\u00f3n: 12 horas<br \/>\nLugar: SAL\u00d3N ACTOS FACULTAD CIENCIAS ECON\u00d3MICAS<br \/>\nM\u00e1s informaci\u00f3n en: <a href=\"https:\/\/secretariavirtual.juntadeandalucia.es\/secretariavirtual\/consultaCEP\/actividad\/262922GE055\/\">https:\/\/secretariavirtual.juntadeandalucia.es\/secretariavirtual\/consultaCEP\/actividad\/262922GE055\/<\/a><\/p>\n<p>&nbsp;<\/p>\n<p><a href=\"https:\/\/secretariavirtual.juntadeandalucia.es\/secretariavirtual\/consultaCEP\/actividad\/262922GE055\/\"><img data-recalc-dims=\"1\" loading=\"lazy\" decoding=\"async\" class=\"aligncenter wp-image-9162\" src=\"https:\/\/i0.wp.com\/cepronda.com\/blog\/wp-content\/uploads\/2025\/12\/unnamed.png?resize=500%2C492&#038;ssl=1\" alt=\"\" width=\"500\" height=\"492\" srcset=\"https:\/\/i0.wp.com\/cepronda.com\/blog\/wp-content\/uploads\/2025\/12\/unnamed.png?w=597&amp;ssl=1 597w, https:\/\/i0.wp.com\/cepronda.com\/blog\/wp-content\/uploads\/2025\/12\/unnamed.png?resize=300%2C295&amp;ssl=1 300w\" sizes=\"auto, (max-width: 500px) 100vw, 500px\" \/><\/a><\/p>\n","protected":false},"excerpt":{"rendered":"<p>Se encuentra abierto el plazo de inscripci\u00f3n para la actividad: XIX JORNADAS ANDALUZAS DE ENSE\u00d1ANZA DE ECONOM\u00cdA EN SECUNDARIA, con c\u00f3digo 262922GE055. Dirigido a PROFESORADO ECONOM\u00cdA. Inscripci\u00f3n: desde 18\/12\/2025 a 29\/01\/2026 Actividad: viernes 6 de febrero y s\u00e1bado 7 de febrero 2026 Duraci\u00f3n: 12 horas Lugar: SAL\u00d3N ACTOS FACULTAD CIENCIAS ECON\u00d3MICAS M\u00e1s informaci\u00f3n en: https:\/\/secretariavirtual.juntadeandalucia.es\/secretariavirtual\/consultaCEP\/actividad\/262922GE055\/ [&hellip;]<\/p>\n","protected":false},"author":9,"featured_media":9162,"comment_status":"closed","ping_status":"open","sticky":false,"template":"","format":"standard","meta":{"_crdt_document":"","advanced_seo_description":"","jetpack_seo_html_title":"","jetpack_seo_noindex":false,"jetpack_post_was_ever_published":false,"_jetpack_newsletter_access":"","_jetpack_dont_email_post_to_subs":false,"_jetpack_newsletter_tier_id":0,"_jetpack_memberships_contains_paywalled_content":false,"_jetpack_memberships_contains_paid_content":false,"footnotes":"","jetpack_publicize_message":"","jetpack_publicize_feature_enabled":true,"jetpack_social_post_already_shared":true,"jetpack_social_options":{"image_generator_settings":{"template":"highway","default_image_id":0,"font":"","enabled":false},"version":2}},"categories":[3],"tags":[],"class_list":{"0":"post-9161","1":"post","2":"type-post","3":"status-publish","4":"format-standard","5":"has-post-thumbnail","7":"category-formaciones","8":"czr-hentry"},"jetpack_publicize_connections":[],"jetpack_featured_media_url":"https:\/\/i0.wp.com\/cepronda.com\/blog\/wp-content\/uploads\/2025\/12\/unnamed.png?fit=597%2C588&ssl=1","jetpack_shortlink":"https:\/\/wp.me\/p8M4X7-2nL","jetpack-related-posts":[{"id":5068,"url":"https:\/\/cepronda.com\/blog\/xv-jornadas-andaluzas-de-ensenanza-de-economia-en-secundaria\/","url_meta":{"origin":9161,"position":0},"title":"XV JORNADAS ANDALUZAS DE ENSE\u00d1ANZA DE ECONOM\u00cdA EN SECUNDARIA","author":"Maribel Mu\u00f1oz","date":"2 febrero, 2022","format":false,"excerpt":"Buenos d\u00edas compa\u00f1eras y compa\u00f1eros Os informamos que est\u00e1 abierto el plazo de solicitudes para las jornadas : XV JORNADAS ANDALUZAS DE ENSE\u00d1ANZA DE ECONOM\u00cdA EN SECUNDARIA Fecha actividad:\u00a011\/02\/2022 hasta 12\/02\/2022 Fecha inscripci\u00f3n: 11\/01\/2022 hasta 04\/02\/2022 M\u00e1s informaci\u00f3n e inscripciones en https:\/\/t.co\/xdcsHr6mX8 y https:\/\/t.co\/N43ow5oMCn Tr\u00edptico XV JEE 2022 Versi\u00f3n con\u2026","rel":"","context":"En \u00abFormaciones\u00bb","block_context":{"text":"Formaciones","link":"https:\/\/cepronda.com\/blog\/category\/formaciones\/"},"img":{"alt_text":"","src":"https:\/\/i0.wp.com\/cepronda.com\/blog\/wp-content\/uploads\/2020\/03\/S%C2%B0mbolo-gen%C3%87rico-RRSS-redondo-negativo.png?fit=1200%2C1200&ssl=1&resize=350%2C200","width":350,"height":200,"srcset":"https:\/\/i0.wp.com\/cepronda.com\/blog\/wp-content\/uploads\/2020\/03\/S%C2%B0mbolo-gen%C3%87rico-RRSS-redondo-negativo.png?fit=1200%2C1200&ssl=1&resize=350%2C200 1x, https:\/\/i0.wp.com\/cepronda.com\/blog\/wp-content\/uploads\/2020\/03\/S%C2%B0mbolo-gen%C3%87rico-RRSS-redondo-negativo.png?fit=1200%2C1200&ssl=1&resize=525%2C300 1.5x, https:\/\/i0.wp.com\/cepronda.com\/blog\/wp-content\/uploads\/2020\/03\/S%C2%B0mbolo-gen%C3%87rico-RRSS-redondo-negativo.png?fit=1200%2C1200&ssl=1&resize=700%2C400 2x, https:\/\/i0.wp.com\/cepronda.com\/blog\/wp-content\/uploads\/2020\/03\/S%C2%B0mbolo-gen%C3%87rico-RRSS-redondo-negativo.png?fit=1200%2C1200&ssl=1&resize=1050%2C600 3x"},"classes":[]},{"id":5818,"url":"https:\/\/cepronda.com\/blog\/xxiii-jornadas-regionales-de-directores-y-directoras-de-instituto-por-una-direccion-competente-para-la-escuela-del-futuro\/","url_meta":{"origin":9161,"position":1},"title":"XXIII JORNADAS REGIONALES DE DIRECTORES Y DIRECTORAS DE INSTITUTO: POR UNA DIRECCI\u00d3N COMPETENTE PARA LA ESCUELA DEL FUTURO","author":"Inmaculada Garc\u00eda","date":"8 marzo, 2023","format":false,"excerpt":"Se convoca la actividad formativa Regional\u00a0 \u201cXXIII JORNADAS REGIONALES DE DIRECTORES Y DIRECTORAS DE INSTITUTO: POR UNA DIRECCI\u00d3N COMPETENTE PARA LA ESCUELA DEL FUTURO\u201d con c\u00f3digo 239904DI012, dirigida a directores y directoras de Institutos de Ense\u00f1anza Secundaria p\u00fablicos de la Comunidad Andaluza. Formaci\u00f3n presencial de 10 horas de duraci\u00f3n. Plazo\u2026","rel":"","context":"En \u00abNoticias\u00bb","block_context":{"text":"Noticias","link":"https:\/\/cepronda.com\/blog\/category\/noticias\/"},"img":{"alt_text":"","src":"","width":0,"height":0},"classes":[]},{"id":9237,"url":"https:\/\/cepronda.com\/blog\/jornadas-trastornos-de-espectro-autista-una-mirada-desde-la-inclusion-provinciales\/","url_meta":{"origin":9161,"position":2},"title":"JORNADAS TRASTORNOS DE ESPECTRO AUTISTA: UNA MIRADA DESDE LA INCLUSI\u00d3N (PROVINCIALES)","author":"Encarni Jim\u00e9nez Rosado","date":"20 enero, 2026","format":false,"excerpt":"Se abre plazo de inscripci\u00f3n para las II JORNADAS TRASTORNOS DE ESPECTRO AUTISTA: UNA MIRADA DESDE LA INCLUSI\u00d3N (PROVINCIALES), con c\u00f3digo: 269922OE001. Fecha actividad: 16\/02\/2026 de 9:00 a 14:00. Lugar: Facultad de Ciencias de la Educaci\u00f3n. Semipresencial: 5h presenciales y 3h de tareas en el AVFP. Fecha inscripci\u00f3n: 20\/01\/2026 hasta\u2026","rel":"","context":"En \u00abFormaciones\u00bb","block_context":{"text":"Formaciones","link":"https:\/\/cepronda.com\/blog\/category\/formaciones\/"},"img":{"alt_text":"","src":"https:\/\/i0.wp.com\/cepronda.com\/blog\/wp-content\/uploads\/2026\/01\/autista.jpg?fit=1200%2C1200&ssl=1&resize=350%2C200","width":350,"height":200,"srcset":"https:\/\/i0.wp.com\/cepronda.com\/blog\/wp-content\/uploads\/2026\/01\/autista.jpg?fit=1200%2C1200&ssl=1&resize=350%2C200 1x, https:\/\/i0.wp.com\/cepronda.com\/blog\/wp-content\/uploads\/2026\/01\/autista.jpg?fit=1200%2C1200&ssl=1&resize=525%2C300 1.5x, https:\/\/i0.wp.com\/cepronda.com\/blog\/wp-content\/uploads\/2026\/01\/autista.jpg?fit=1200%2C1200&ssl=1&resize=700%2C400 2x, https:\/\/i0.wp.com\/cepronda.com\/blog\/wp-content\/uploads\/2026\/01\/autista.jpg?fit=1200%2C1200&ssl=1&resize=1050%2C600 3x"},"classes":[]},{"id":8866,"url":"https:\/\/cepronda.com\/blog\/metodologias-activas-para-la-ensenanza-del-latin-el-metodo-comunicativo-de-h-orberg-codigo-262923ge602\/","url_meta":{"origin":9161,"position":3},"title":"METODOLOG\u00cdAS ACTIVAS PARA LA ENSE\u00d1ANZA DEL LAT\u00cdN: EL M\u00c9TODO COMUNICATIVO DE H. \u00d8RBERG, c\u00f3digo: 262923GE602.","author":"Inmaculada Garc\u00eda","date":"29 septiembre, 2025","format":false,"excerpt":"Se encuentra abierto el plazo de inscripci\u00f3n para el curso provincial \"METODOLOG\u00cdAS ACTIVAS PARA LA ENSE\u00d1ANZA DEL LAT\u00cdN: EL M\u00c9TODO COMUNICATIVO DE H. \u00d8RBERG\", con c\u00f3digo: 262923GE602. Curso con 12 horas de aprovechamiento, dirigido a docentes de Secundaria y Bachillerato. Lugar de realizaci\u00f3n: IES Arroyo de la Miel + Plataforma\u2026","rel":"","context":"En \u00abFormaciones\u00bb","block_context":{"text":"Formaciones","link":"https:\/\/cepronda.com\/blog\/category\/formaciones\/"},"img":{"alt_text":"","src":"https:\/\/i0.wp.com\/cepronda.com\/blog\/wp-content\/uploads\/2025\/09\/latin.png?fit=663%2C656&ssl=1&resize=350%2C200","width":350,"height":200,"srcset":"https:\/\/i0.wp.com\/cepronda.com\/blog\/wp-content\/uploads\/2025\/09\/latin.png?fit=663%2C656&ssl=1&resize=350%2C200 1x, https:\/\/i0.wp.com\/cepronda.com\/blog\/wp-content\/uploads\/2025\/09\/latin.png?fit=663%2C656&ssl=1&resize=525%2C300 1.5x"},"classes":[]},{"id":9338,"url":"https:\/\/cepronda.com\/blog\/xxvi-jornadas-regionales-de-directores-as-de-instituto-nuevos-tiempos-nuevos-retos\/","url_meta":{"origin":9161,"position":4},"title":"XXVI JORNADAS REGIONALES DE DIRECTORES\/AS DE INSTITUTO","author":"Inmaculada Garc\u00eda","date":"6 febrero, 2026","format":false,"excerpt":"Se encuentra abierto el plazo de inscripci\u00f3n a la actividad regional: XXVI JORNADAS REGIONALES DE DIRECTORES\/AS DE INSTITUTO ''NUEVOS TIEMPOS, NUEVOS RETOS'', con c\u00f3digo: 264132GE020. \u00a0 Dirigido a las direcciones de los IES. \ud83d\udcc5 Inscripci\u00f3n: del 03\/02\/2026 hasta 02\/03\/2026. Fecha de la actividad: 12 y 13 de marzo de 2026.\u2026","rel":"","context":"En \u00abFormaciones\u00bb","block_context":{"text":"Formaciones","link":"https:\/\/cepronda.com\/blog\/category\/formaciones\/"},"img":{"alt_text":"","src":"https:\/\/i0.wp.com\/cepronda.com\/blog\/wp-content\/uploads\/2026\/02\/asisian.jpg?fit=1200%2C675&ssl=1&resize=350%2C200","width":350,"height":200,"srcset":"https:\/\/i0.wp.com\/cepronda.com\/blog\/wp-content\/uploads\/2026\/02\/asisian.jpg?fit=1200%2C675&ssl=1&resize=350%2C200 1x, https:\/\/i0.wp.com\/cepronda.com\/blog\/wp-content\/uploads\/2026\/02\/asisian.jpg?fit=1200%2C675&ssl=1&resize=525%2C300 1.5x, https:\/\/i0.wp.com\/cepronda.com\/blog\/wp-content\/uploads\/2026\/02\/asisian.jpg?fit=1200%2C675&ssl=1&resize=700%2C400 2x, https:\/\/i0.wp.com\/cepronda.com\/blog\/wp-content\/uploads\/2026\/02\/asisian.jpg?fit=1200%2C675&ssl=1&resize=1050%2C600 3x"},"classes":[]},{"id":7361,"url":"https:\/\/cepronda.com\/blog\/rea-en-secundaria-bachillerato-y-formacion-profesional\/","url_meta":{"origin":9161,"position":5},"title":"REA EN SECUNDARIA, BACHILLERATO Y FORMACI\u00d3N PROFESIONAL.","author":"Maribel Mu\u00f1oz","date":"15 enero, 2024","format":false,"excerpt":"Os informamos que se encuentra abierta la inscripci\u00f3n en el curso REA EN SECUNDARIA, BACHILLERATO Y FORMACI\u00d3N PROFESIONAL\u00a0con c\u00f3digo\u00a0242924GE020, organizado por el CEP de Ronda: Inscripciones:\u00a0\u00a015\/01\/2024 al 04\/02\/2024 Fecha actividad: 8 de febrero hasta el 22 de marzo de 2024. Fechas de las sesiones presenciales : \u00a08, 15 y 22\u2026","rel":"","context":"En \u00abFormaciones\u00bb","block_context":{"text":"Formaciones","link":"https:\/\/cepronda.com\/blog\/category\/formaciones\/"},"img":{"alt_text":"","src":"https:\/\/i0.wp.com\/cepronda.com\/blog\/wp-content\/uploads\/2024\/01\/REA-SECUNDARIA-BACH-Y-FP-codigo-242924GE020.png?fit=1080%2C1080&ssl=1&resize=350%2C200","width":350,"height":200,"srcset":"https:\/\/i0.wp.com\/cepronda.com\/blog\/wp-content\/uploads\/2024\/01\/REA-SECUNDARIA-BACH-Y-FP-codigo-242924GE020.png?fit=1080%2C1080&ssl=1&resize=350%2C200 1x, https:\/\/i0.wp.com\/cepronda.com\/blog\/wp-content\/uploads\/2024\/01\/REA-SECUNDARIA-BACH-Y-FP-codigo-242924GE020.png?fit=1080%2C1080&ssl=1&resize=525%2C300 1.5x, https:\/\/i0.wp.com\/cepronda.com\/blog\/wp-content\/uploads\/2024\/01\/REA-SECUNDARIA-BACH-Y-FP-codigo-242924GE020.png?fit=1080%2C1080&ssl=1&resize=700%2C400 2x, https:\/\/i0.wp.com\/cepronda.com\/blog\/wp-content\/uploads\/2024\/01\/REA-SECUNDARIA-BACH-Y-FP-codigo-242924GE020.png?fit=1080%2C1080&ssl=1&resize=1050%2C600 3x"},"classes":[]}],"jetpack_sharing_enabled":true,"_links":{"self":[{"href":"https:\/\/cepronda.com\/blog\/wp-json\/wp\/v2\/posts\/9161","targetHints":{"allow":["GET"]}}],"collection":[{"href":"https:\/\/cepronda.com\/blog\/wp-json\/wp\/v2\/posts"}],"about":[{"href":"https:\/\/cepronda.com\/blog\/wp-json\/wp\/v2\/types\/post"}],"author":[{"embeddable":true,"href":"https:\/\/cepronda.com\/blog\/wp-json\/wp\/v2\/users\/9"}],"replies":[{"embeddable":true,"href":"https:\/\/cepronda.com\/blog\/wp-json\/wp\/v2\/comments?post=9161"}],"version-history":[{"count":1,"href":"https:\/\/cepronda.com\/blog\/wp-json\/wp\/v2\/posts\/9161\/revisions"}],"predecessor-version":[{"id":9163,"href":"https:\/\/cepronda.com\/blog\/wp-json\/wp\/v2\/posts\/9161\/revisions\/9163"}],"wp:featuredmedia":[{"embeddable":true,"href":"https:\/\/cepronda.com\/blog\/wp-json\/wp\/v2\/media\/9162"}],"wp:attachment":[{"href":"https:\/\/cepronda.com\/blog\/wp-json\/wp\/v2\/media?parent=9161"}],"wp:term":[{"taxonomy":"category","embeddable":true,"href":"https:\/\/cepronda.com\/blog\/wp-json\/wp\/v2\/categories?post=9161"},{"taxonomy":"post_tag","embeddable":true,"href":"https:\/\/cepronda.com\/blog\/wp-json\/wp\/v2\/tags?post=9161"}],"curies":[{"name":"wp","href":"https:\/\/api.w.org\/{rel}","templated":true}]}}