{"id":9157,"date":"2025-12-18T12:01:41","date_gmt":"2025-12-18T11:01:41","guid":{"rendered":"https:\/\/cepronda.com\/blog\/?p=9157"},"modified":"2025-12-19T12:14:22","modified_gmt":"2025-12-19T11:14:22","slug":"creacion-artistica-compartida-desde-el-aula-a-los-espacios-publicos","status":"publish","type":"post","link":"https:\/\/cepronda.com\/blog\/creacion-artistica-compartida-desde-el-aula-a-los-espacios-publicos\/","title":{"rendered":"CREACI\u00d3N ART\u00cdSTICA COMPARTIDA: DESDE EL AULA A LOS ESPACIOS P\u00daBLICOS"},"content":{"rendered":"<div dir=\"auto\"><span class=\"html-span xexx8yu xyri2b x18d9i69 x1c1uobl x1hl2dhg x16tdsg8 x1vvkbs x3nfvp2 x1j61x8r x1fcty0u xdj266r xat24cr xm2jcoa x1mpyi22 xxymvpz xlup9mm x1kky2od\">Se encuentra abierto el plazo de inscripci\u00f3n <\/span>para el curso provincial: CREACI\u00d3N ART\u00cdSTICA COMPARTIDA: DESDE EL AULA A LOS ESPACIOS P\u00daBLICOS, con c\u00f3digo <span class=\"html-span xdj266r x14z9mp xat24cr x1lziwak xexx8yu xyri2b x18d9i69 x1c1uobl x1hl2dhg x16tdsg8 x1vvkbs\"><a class=\"x1i10hfl xjbqb8w x1ejq31n x18oe1m7 x1sy0etr xstzfhl x972fbf x10w94by x1qhh985 x14e42zd x9f619 x1ypdohk xt0psk2 x3ct3a4 xdj266r x14z9mp xat24cr x1lziwak xexx8yu xyri2b x18d9i69 x1c1uobl x16tdsg8 x1hl2dhg xggy1nq x1a2a7pz xkrqix3 x1sur9pj x1fey0fg x1s688f\" tabindex=\"0\" role=\"link\" href=\"https:\/\/www.juntadeandalucia.es\/educacion\/secretariavirtual\/consultaCEP\/actividad\/262926GE704\/?fbclid=IwZXh0bgNhZW0CMTAAYnJpZBEwOGllTEp3ZnpERDZtR29TQXNydGMGYXBwX2lkEDIyMjAzOTE3ODgyMDA4OTIAAR661fgrF4hlOegadxqfm8PirKEGIkItlhLkAkj9XiPZIXEwVtaGPTIirj0vNQ_aem_IYPVANJtZFGqEkE3yCqjAw\" target=\"_blank\" rel=\"nofollow noopener noreferrer\">262926GE704<\/a>.<\/span><\/div>\n<div dir=\"auto\"><\/div>\n<div dir=\"auto\">Dirigido al profesorado PES DIBUJO de centros p\u00fablicos.<\/div>\n<div dir=\"auto\">Inscripci\u00f3n: desde 18\/12\/2025 hasta 14\/01\/2026.<\/div>\n<div dir=\"auto\">\u00a0Sesiones: 20\/01, 27\/02, 3\/02, 10\/02 y 10\/03\/2026.<\/div>\n<div dir=\"auto\"><span class=\"html-span xexx8yu xyri2b x18d9i69 x1c1uobl x1hl2dhg x16tdsg8 x1vvkbs x3nfvp2 x1j61x8r x1fcty0u xdj266r xat24cr xm2jcoa x1mpyi22 xxymvpz xlup9mm x1kky2od\"><img loading=\"lazy\" decoding=\"async\" class=\"xz74otr x15mokao x1ga7v0g x16uus16 xbiv7yw\" src=\"https:\/\/static.xx.fbcdn.net\/images\/emoji.php\/v9\/t9e\/1\/16\/27a1.png\" alt=\"&#x27a1;&#xfe0f;\" width=\"16\" height=\"16\" \/><\/span> Duraci\u00f3n: 15 horas.<\/div>\n<div dir=\"auto\"><span class=\"html-span xexx8yu xyri2b x18d9i69 x1c1uobl x1hl2dhg x16tdsg8 x1vvkbs x3nfvp2 x1j61x8r x1fcty0u xdj266r xat24cr xm2jcoa x1mpyi22 xxymvpz xlup9mm x1kky2od\"><img loading=\"lazy\" decoding=\"async\" class=\"xz74otr x15mokao x1ga7v0g x16uus16 xbiv7yw\" src=\"https:\/\/static.xx.fbcdn.net\/images\/emoji.php\/v9\/tb0\/1\/16\/1f9ed.png\" alt=\"&#x1f9ed;\" width=\"16\" height=\"16\" \/><\/span>Lugar: Centro cultural Nuestra Se\u00f1ora Del Carmen (antigua Azucarera de Torre del Mar)<\/div>\n<div dir=\"auto\"><span class=\"html-span xexx8yu xyri2b x18d9i69 x1c1uobl x1hl2dhg x16tdsg8 x1vvkbs x3nfvp2 x1j61x8r x1fcty0u xdj266r xat24cr xm2jcoa x1mpyi22 xxymvpz xlup9mm x1kky2od\"><img loading=\"lazy\" decoding=\"async\" class=\"xz74otr x15mokao x1ga7v0g x16uus16 xbiv7yw\" src=\"https:\/\/static.xx.fbcdn.net\/images\/emoji.php\/v9\/tc6\/1\/16\/1f6a9.png\" alt=\"&#x1f6a9;\" width=\"16\" height=\"16\" \/><\/span>Inscripciones: <a href=\"https:\/\/secretariavirtual.juntadeandalucia.es\/secretariavirtual\/consultaCEP\/actividad\/262926GE704\/\">https:\/\/secretariavirtual.juntadeandalucia.es\/secretariavirtual\/consultaCEP\/actividad\/262926GE704\/<\/a><\/div>\n<div dir=\"auto\"><\/div>\n<div dir=\"auto\"><\/div>\n<div dir=\"auto\"><\/div>\n<div dir=\"auto\"><a href=\"https:\/\/secretariavirtual.juntadeandalucia.es\/secretariavirtual\/consultaCEP\/actividad\/262926GE704\/\"><img data-recalc-dims=\"1\" loading=\"lazy\" decoding=\"async\" class=\"aligncenter wp-image-9158\" src=\"https:\/\/i0.wp.com\/cepronda.com\/blog\/wp-content\/uploads\/2025\/12\/photo_2025-12-19_10-23-23.jpg?resize=500%2C500&#038;ssl=1\" alt=\"\" width=\"500\" height=\"500\" srcset=\"https:\/\/i0.wp.com\/cepronda.com\/blog\/wp-content\/uploads\/2025\/12\/photo_2025-12-19_10-23-23.jpg?resize=1024%2C1024&amp;ssl=1 1024w, https:\/\/i0.wp.com\/cepronda.com\/blog\/wp-content\/uploads\/2025\/12\/photo_2025-12-19_10-23-23.jpg?resize=300%2C300&amp;ssl=1 300w, https:\/\/i0.wp.com\/cepronda.com\/blog\/wp-content\/uploads\/2025\/12\/photo_2025-12-19_10-23-23.jpg?resize=150%2C150&amp;ssl=1 150w, https:\/\/i0.wp.com\/cepronda.com\/blog\/wp-content\/uploads\/2025\/12\/photo_2025-12-19_10-23-23.jpg?resize=768%2C768&amp;ssl=1 768w, https:\/\/i0.wp.com\/cepronda.com\/blog\/wp-content\/uploads\/2025\/12\/photo_2025-12-19_10-23-23.jpg?w=1080&amp;ssl=1 1080w\" sizes=\"auto, (max-width: 500px) 100vw, 500px\" \/><\/a><\/div>\n","protected":false},"excerpt":{"rendered":"<p>Se encuentra abierto el plazo de inscripci\u00f3n para el curso provincial: CREACI\u00d3N ART\u00cdSTICA COMPARTIDA: DESDE EL AULA A LOS ESPACIOS P\u00daBLICOS, con c\u00f3digo 262926GE704. Dirigido al profesorado PES DIBUJO de centros p\u00fablicos. Inscripci\u00f3n: desde 18\/12\/2025 hasta 14\/01\/2026. \u00a0Sesiones: 20\/01, 27\/02, 3\/02, 10\/02 y 10\/03\/2026. Duraci\u00f3n: 15 horas. Lugar: Centro cultural Nuestra Se\u00f1ora Del Carmen (antigua [&hellip;]<\/p>\n","protected":false},"author":9,"featured_media":0,"comment_status":"closed","ping_status":"open","sticky":false,"template":"","format":"standard","meta":{"_crdt_document":"","advanced_seo_description":"","jetpack_seo_html_title":"","jetpack_seo_noindex":false,"jetpack_post_was_ever_published":false,"_jetpack_newsletter_access":"","_jetpack_dont_email_post_to_subs":false,"_jetpack_newsletter_tier_id":0,"_jetpack_memberships_contains_paywalled_content":false,"_jetpack_memberships_contains_paid_content":false,"footnotes":"","jetpack_publicize_message":"","jetpack_publicize_feature_enabled":true,"jetpack_social_post_already_shared":true,"jetpack_social_options":{"image_generator_settings":{"template":"highway","default_image_id":0,"font":"","enabled":false},"version":2}},"categories":[5],"tags":[],"class_list":{"0":"post-9157","1":"post","2":"type-post","3":"status-publish","4":"format-standard","6":"category-noticias","7":"czr-hentry"},"jetpack_publicize_connections":[],"jetpack_featured_media_url":"","jetpack_shortlink":"https:\/\/wp.me\/p8M4X7-2nH","jetpack-related-posts":[{"id":4945,"url":"https:\/\/cepronda.com\/blog\/conversion-de-aula-en-espacios-de-tecnologia-aplicada-ateca\/","url_meta":{"origin":9157,"position":0},"title":"CONVERSI\u00d3N DE AULA EN ESPACIOS DE TECNOLOG\u00cdA APLICADA (ATECA)","author":"Maribel Mu\u00f1oz","date":"11 enero, 2022","format":false,"excerpt":"Buenos d\u00edas compa\u00f1eras y compa\u00f1eros, \u00a0 \u00a0 Os informamos que se ha publicado la\u00a0 RESOLUCI\u00d3N DE 22 DE DICIEMBRE DE 2021 DE LA DIRECCI\u00d3N GENERAL DE FORMACI\u00d3N PROFESIONAL, POR LA QUE SE CONVOCAN PROYECTOS DESTINADOS A LA CONVERSI\u00d3N DE AULA EN ESPACIOS DE TECNOLOG\u00cdA APLICADA (ATECA) PARA LA FORMACI\u00d3N PROFESIONAL\u2026","rel":"","context":"En \u00abFormaciones\u00bb","block_context":{"text":"Formaciones","link":"https:\/\/cepronda.com\/blog\/category\/formaciones\/"},"img":{"alt_text":"","src":"https:\/\/i0.wp.com\/cepronda.com\/blog\/wp-content\/uploads\/2020\/03\/S%C2%B0mbolo-gen%C3%87rico-RRSS-redondo-negativo.png?fit=1200%2C1200&ssl=1&resize=350%2C200","width":350,"height":200,"srcset":"https:\/\/i0.wp.com\/cepronda.com\/blog\/wp-content\/uploads\/2020\/03\/S%C2%B0mbolo-gen%C3%87rico-RRSS-redondo-negativo.png?fit=1200%2C1200&ssl=1&resize=350%2C200 1x, https:\/\/i0.wp.com\/cepronda.com\/blog\/wp-content\/uploads\/2020\/03\/S%C2%B0mbolo-gen%C3%87rico-RRSS-redondo-negativo.png?fit=1200%2C1200&ssl=1&resize=525%2C300 1.5x, https:\/\/i0.wp.com\/cepronda.com\/blog\/wp-content\/uploads\/2020\/03\/S%C2%B0mbolo-gen%C3%87rico-RRSS-redondo-negativo.png?fit=1200%2C1200&ssl=1&resize=700%2C400 2x, https:\/\/i0.wp.com\/cepronda.com\/blog\/wp-content\/uploads\/2020\/03\/S%C2%B0mbolo-gen%C3%87rico-RRSS-redondo-negativo.png?fit=1200%2C1200&ssl=1&resize=1050%2C600 3x"},"classes":[]},{"id":4150,"url":"https:\/\/cepronda.com\/blog\/investigacion-aeroespacial-aplicada-al-aula-2020-2021\/","url_meta":{"origin":9157,"position":1},"title":"INVESTIGACI\u00d3N AEROESPACIAL APLICADA AL AULA 2020-2021","author":"Inmaculada Garc\u00eda","date":"4 febrero, 2021","format":false,"excerpt":"Hola compa\u00f1eros y compa\u00f1eras, desde el CEP de Ronda hoy queremos hacer una menci\u00f3n especial a los centros de nuestra zona que han sido seleccionados para desarrollar el PROYECTO STEAM: INVESTIGACI\u00d3N AEROESPACIAL APLICADA AL AULA para este curso 2020-2021. I.E.S. Mart\u00edn Rivero, \u00a0I.E.S. Dr. Rodr\u00edguez Delgado, I.E.S. P\u00e9rez de Guzm\u00e1n,\u2026","rel":"","context":"En \u00abNoticias\u00bb","block_context":{"text":"Noticias","link":"https:\/\/cepronda.com\/blog\/category\/noticias\/"},"img":{"alt_text":"","src":"https:\/\/i0.wp.com\/cepronda.com\/blog\/wp-content\/uploads\/2021\/02\/Image.jpeg?fit=395%2C630&ssl=1&resize=350%2C200","width":350,"height":200},"classes":[]},{"id":7334,"url":"https:\/\/cepronda.com\/blog\/el-aprendizaje-cooperativo-como-estrategia-de-gestion-del-aula\/","url_meta":{"origin":9157,"position":2},"title":"\u00abEL APRENDIZAJE COOPERATIVO COMO ESTRATEGIA DE GESTI\u00d3N DEL AULA\u00bb","author":"Mamen Moreno","date":"12 enero, 2024","format":false,"excerpt":"Abierto el plazo para la inscripci\u00f3n de la actividad provincial, organizada por el CEP de Antequera: \"EL APRENDIZAJE COOPERATIVO COMO ESTRATEGIA DE GESTI\u00d3N DEL AULA\" , c\u00f3digo: 242925GE206, dirigido a docentes de centros p\u00fablicos. El curso, de modalidad a distancia, se desarrollar\u00e1 en el Aula Virtual de Formaci\u00f3n del Profesorado,\u2026","rel":"","context":"En \u00abFormaciones\u00bb","block_context":{"text":"Formaciones","link":"https:\/\/cepronda.com\/blog\/category\/formaciones\/"},"img":{"alt_text":"","src":"https:\/\/i0.wp.com\/cepronda.com\/blog\/wp-content\/uploads\/2024\/01\/WhatsApp-Image-2024-01-12-at-13.05.43.jpeg?fit=1080%2C1080&ssl=1&resize=350%2C200","width":350,"height":200,"srcset":"https:\/\/i0.wp.com\/cepronda.com\/blog\/wp-content\/uploads\/2024\/01\/WhatsApp-Image-2024-01-12-at-13.05.43.jpeg?fit=1080%2C1080&ssl=1&resize=350%2C200 1x, https:\/\/i0.wp.com\/cepronda.com\/blog\/wp-content\/uploads\/2024\/01\/WhatsApp-Image-2024-01-12-at-13.05.43.jpeg?fit=1080%2C1080&ssl=1&resize=525%2C300 1.5x, https:\/\/i0.wp.com\/cepronda.com\/blog\/wp-content\/uploads\/2024\/01\/WhatsApp-Image-2024-01-12-at-13.05.43.jpeg?fit=1080%2C1080&ssl=1&resize=700%2C400 2x, https:\/\/i0.wp.com\/cepronda.com\/blog\/wp-content\/uploads\/2024\/01\/WhatsApp-Image-2024-01-12-at-13.05.43.jpeg?fit=1080%2C1080&ssl=1&resize=1050%2C600 3x"},"classes":[]},{"id":2659,"url":"https:\/\/cepronda.com\/blog\/teatro-del-oprimido-y-las-oprimidas\/","url_meta":{"origin":9157,"position":3},"title":"TEATRO DEL OPRIMIDO Y LAS OPRIMIDAS","author":"V\u00edctor Caballero","date":"4 marzo, 2019","format":false,"excerpt":"A lo largo de esta formaci\u00f3n trabajaremos desde la confianza y contacto con el grupo, pasando por las t\u00e9cnicas b\u00e1sicas de teatro aplicadas a la consciencia de nuestro cuerpo, uso de la voz y el movimiento, hasta las conflictivas sociales de nuestro entorno, trabajando a trav\u00e9s del teatro del oprimido\u2026","rel":"","context":"En \u00abFormaciones\u00bb","block_context":{"text":"Formaciones","link":"https:\/\/cepronda.com\/blog\/category\/formaciones\/"},"img":{"alt_text":"","src":"https:\/\/i0.wp.com\/cepronda.com\/blog\/wp-content\/uploads\/2017\/11\/mask-1636121_960_720.jpg?fit=960%2C638&ssl=1&resize=350%2C200","width":350,"height":200,"srcset":"https:\/\/i0.wp.com\/cepronda.com\/blog\/wp-content\/uploads\/2017\/11\/mask-1636121_960_720.jpg?fit=960%2C638&ssl=1&resize=350%2C200 1x, https:\/\/i0.wp.com\/cepronda.com\/blog\/wp-content\/uploads\/2017\/11\/mask-1636121_960_720.jpg?fit=960%2C638&ssl=1&resize=525%2C300 1.5x, https:\/\/i0.wp.com\/cepronda.com\/blog\/wp-content\/uploads\/2017\/11\/mask-1636121_960_720.jpg?fit=960%2C638&ssl=1&resize=700%2C400 2x"},"classes":[]},{"id":7841,"url":"https:\/\/cepronda.com\/blog\/biologia-molecular-y-su-aplicacion-didactica-en-el-aula\/","url_meta":{"origin":9157,"position":4},"title":"BIOLOG\u00cdA MOLECULAR Y SU APLICACI\u00d3N DID\u00c1CTICA EN EL AULA","author":"Mamen Moreno","date":"6 noviembre, 2024","format":false,"excerpt":"Abierto el plazo de solicitudes del Curso Regional: BIOLOG\u00cdA MOLECULAR Y SU APLICACI\u00d3N DID\u00c1CTICA EN EL AULA dirigido a profesorado de Secundaria y Bachillerato (CENTROS P\u00daBLICOS Y CENTROS CONCERTADOS) de la especialidad de Biolog\u00eda y Geolog\u00eda o que imparta asignaturas de Biolog\u00eda y Geolog\u00eda o que tenga curiosidad e inter\u00e9s\u2026","rel":"","context":"En \u00abFormaciones\u00bb","block_context":{"text":"Formaciones","link":"https:\/\/cepronda.com\/blog\/category\/formaciones\/"},"img":{"alt_text":"","src":"https:\/\/i0.wp.com\/cepronda.com\/blog\/wp-content\/uploads\/2024\/11\/Captura-de-pantalla-de-2024-10-28-16-06-01.png?fit=1200%2C651&ssl=1&resize=350%2C200","width":350,"height":200,"srcset":"https:\/\/i0.wp.com\/cepronda.com\/blog\/wp-content\/uploads\/2024\/11\/Captura-de-pantalla-de-2024-10-28-16-06-01.png?fit=1200%2C651&ssl=1&resize=350%2C200 1x, https:\/\/i0.wp.com\/cepronda.com\/blog\/wp-content\/uploads\/2024\/11\/Captura-de-pantalla-de-2024-10-28-16-06-01.png?fit=1200%2C651&ssl=1&resize=525%2C300 1.5x, https:\/\/i0.wp.com\/cepronda.com\/blog\/wp-content\/uploads\/2024\/11\/Captura-de-pantalla-de-2024-10-28-16-06-01.png?fit=1200%2C651&ssl=1&resize=700%2C400 2x, https:\/\/i0.wp.com\/cepronda.com\/blog\/wp-content\/uploads\/2024\/11\/Captura-de-pantalla-de-2024-10-28-16-06-01.png?fit=1200%2C651&ssl=1&resize=1050%2C600 3x"},"classes":[]},{"id":2618,"url":"https:\/\/cepronda.com\/blog\/el-cine-en-el-aula-rodar-con-el-movil\/","url_meta":{"origin":9157,"position":5},"title":"El cine en el aula. Rodar con el m\u00f3vil","author":"V\u00edctor Caballero","date":"29 enero, 2019","format":false,"excerpt":"Hola, desde el CEP hemos organizado una formaci\u00f3n dirigida al profesorado interesado en el uso did\u00e1ctico del tel\u00e9fono m\u00f3vil como herramienta para la creaci\u00f3n de v\u00eddeos y pel\u00edculas. Tendr\u00e1 como objetivos los siguientes: Conocer el lenguaje y el vocabulario asociado al mundo cinematogr\u00e1fico. Aprender a usar el m\u00f3vil como herramienta\u2026","rel":"","context":"En \u00abFormaciones\u00bb","block_context":{"text":"Formaciones","link":"https:\/\/cepronda.com\/blog\/category\/formaciones\/"},"img":{"alt_text":"","src":"https:\/\/i0.wp.com\/cepronda.com\/blog\/wp-content\/uploads\/2019\/01\/Rodar-con-el-Mo%CC%81vil-BB1.jpg?fit=841%2C1200&ssl=1&resize=350%2C200","width":350,"height":200,"srcset":"https:\/\/i0.wp.com\/cepronda.com\/blog\/wp-content\/uploads\/2019\/01\/Rodar-con-el-Mo%CC%81vil-BB1.jpg?fit=841%2C1200&ssl=1&resize=350%2C200 1x, https:\/\/i0.wp.com\/cepronda.com\/blog\/wp-content\/uploads\/2019\/01\/Rodar-con-el-Mo%CC%81vil-BB1.jpg?fit=841%2C1200&ssl=1&resize=525%2C300 1.5x, https:\/\/i0.wp.com\/cepronda.com\/blog\/wp-content\/uploads\/2019\/01\/Rodar-con-el-Mo%CC%81vil-BB1.jpg?fit=841%2C1200&ssl=1&resize=700%2C400 2x"},"classes":[]}],"jetpack_sharing_enabled":true,"_links":{"self":[{"href":"https:\/\/cepronda.com\/blog\/wp-json\/wp\/v2\/posts\/9157","targetHints":{"allow":["GET"]}}],"collection":[{"href":"https:\/\/cepronda.com\/blog\/wp-json\/wp\/v2\/posts"}],"about":[{"href":"https:\/\/cepronda.com\/blog\/wp-json\/wp\/v2\/types\/post"}],"author":[{"embeddable":true,"href":"https:\/\/cepronda.com\/blog\/wp-json\/wp\/v2\/users\/9"}],"replies":[{"embeddable":true,"href":"https:\/\/cepronda.com\/blog\/wp-json\/wp\/v2\/comments?post=9157"}],"version-history":[{"count":2,"href":"https:\/\/cepronda.com\/blog\/wp-json\/wp\/v2\/posts\/9157\/revisions"}],"predecessor-version":[{"id":9160,"href":"https:\/\/cepronda.com\/blog\/wp-json\/wp\/v2\/posts\/9157\/revisions\/9160"}],"wp:attachment":[{"href":"https:\/\/cepronda.com\/blog\/wp-json\/wp\/v2\/media?parent=9157"}],"wp:term":[{"taxonomy":"category","embeddable":true,"href":"https:\/\/cepronda.com\/blog\/wp-json\/wp\/v2\/categories?post=9157"},{"taxonomy":"post_tag","embeddable":true,"href":"https:\/\/cepronda.com\/blog\/wp-json\/wp\/v2\/tags?post=9157"}],"curies":[{"name":"wp","href":"https:\/\/api.w.org\/{rel}","templated":true}]}}