{"id":9140,"date":"2025-12-15T11:17:48","date_gmt":"2025-12-15T10:17:48","guid":{"rendered":"https:\/\/cepronda.com\/blog\/?p=9140"},"modified":"2025-12-15T11:17:48","modified_gmt":"2025-12-15T10:17:48","slug":"aprendizaje-servicio-desde-el-curriculo-por-competencias-situaciones-de-aprendizaje-basadas-en-el-aps","status":"publish","type":"post","link":"https:\/\/cepronda.com\/blog\/aprendizaje-servicio-desde-el-curriculo-por-competencias-situaciones-de-aprendizaje-basadas-en-el-aps\/","title":{"rendered":"APRENDIZAJE-SERVICIO DESDE EL CURR\u00cdCULO POR COMPETENCIAS: SITUACIONES DE APRENDIZAJE BASADAS EN EL ApS"},"content":{"rendered":"<div class=\"\" data-block=\"true\" data-editor=\"dndcv\" data-offset-key=\"37lg6-0-0\">\n<div class=\"_1mf _1mj\" data-offset-key=\"37lg6-0-0\">\n<p><span data-offset-key=\"37lg6-0-0\"><span data-offset-key=\"37lg6-0-0\">Abierto el plazo de inscripci\u00f3n para el curso con seguimiento\u00a0 <strong>\u00abAPRENDIZAJE-SERVICIO DESDE EL CURR\u00cdCULO POR COMPETENCIAS: SITUACIONES DE APRENDIZAJE BASADAS EN EL ApS\u00bb <\/strong>c\u00f3digo<strong> 262924GE102<\/strong><\/span><\/span><\/p>\n<div class=\"\" data-block=\"true\" data-editor=\"dndcv\" data-offset-key=\"37lg6-0-0\">\n<div class=\"_1mf _1mj\" data-offset-key=\"37lg6-0-0\">Destinado a docentes <span style=\"font-weight: 400;\">de primaria y secundaria de centros p\u00fablicos que quieran iniciarse en el implantaci\u00f3n del Aprendizaje-Servicio con el alumnado mediante un proyecto real y viable.<\/span><\/div>\n<\/div>\n<div class=\"\" data-block=\"true\" data-editor=\"dndcv\" data-offset-key=\"8ul8i-0-0\">\n<div data-offset-key=\"8ul8i-0-0\"><\/div>\n<div class=\"_1mf _1mj\" data-offset-key=\"8ul8i-0-0\"><b>INSCRIPCIONES: <\/b>del 15\/12\/2025 al 8\/01\/2026<\/div>\n<\/div>\n<div class=\"\" data-block=\"true\" data-editor=\"dndcv\" data-offset-key=\"d26l7-0-0\">\n<div data-offset-key=\"d26l7-0-0\"><\/div>\n<div class=\"_1mf _1mj\" data-offset-key=\"d26l7-0-0\"><span data-offset-key=\"d26l7-0-0\"><strong>FECHA DE REALIZACI\u00d3N: <\/strong>del 14\/01\/2026 al 31\/03\/2026<\/span><\/div>\n<div data-offset-key=\"d26l7-0-0\">Con 4 sesiones presenciales (12 horas):<\/div>\n<div class=\"_1mf _1mj\" data-offset-key=\"d26l7-0-0\"><span data-offset-key=\"d26l7-0-0\">&#8211; Mi\u00e9rcoles 14\/01\/2026 (16:30 a 19:30h en el CEP de Ronda)<\/span><\/div>\n<div data-offset-key=\"d26l7-0-0\"><span data-offset-key=\"d26l7-0-0\">&#8211; Mi\u00e9rcoles 28\/01\/2026 (16:30 a 19:30h en el CEP de Ronda)<\/span><\/div>\n<div data-offset-key=\"d26l7-0-0\"><span data-offset-key=\"d26l7-0-0\">&#8211; Mi\u00e9rcoles 11\/02\/2026 (16:30 a 19:30h en el CEP de Ronda)<\/span><\/div>\n<div data-offset-key=\"d26l7-0-0\"><span data-offset-key=\"d26l7-0-0\">&#8211; Mi\u00e9rcoles 11\/03\/2026 (16:30 a 19:30h en el CEP de Ronda)<\/span><\/div>\n<\/div>\n<\/div>\n<\/div>\n<div data-offset-key=\"d26l7-0-0\"><\/div>\n<div data-offset-key=\"d26l7-0-0\">Y 18h de tareas en el AVFP.<\/div>\n<div data-offset-key=\"d26l7-0-0\">Total 30h de certificaci\u00f3n<\/div>\n<div data-offset-key=\"d26l7-0-0\"><\/div>\n<div class=\"\" data-block=\"true\" data-editor=\"dndcv\" data-offset-key=\"37lg6-0-0\">\n<div class=\"_1mf _1mj\" data-offset-key=\"37lg6-0-0\">\n<div class=\"\" data-block=\"true\" data-editor=\"dndcv\" data-offset-key=\"80he6-0-0\">\n<div class=\"_1mf _1mj\" data-offset-key=\"80he6-0-0\"><span data-offset-key=\"80he6-0-0\"><strong>LUGAR:<\/strong> CEP de Ronda y AVFP (Aula Virtual de Formaci\u00f3n del Profesorado)<\/span><\/div>\n<\/div>\n<div class=\"\" data-block=\"true\" data-editor=\"dndcv\" data-offset-key=\"esifd-0-0\">\n<div data-offset-key=\"esifd-0-0\"><\/div>\n<div class=\"_1mf _1mj\" data-offset-key=\"esifd-0-0\"><span data-offset-key=\"esifd-0-0\"><strong>INSCRIPCIONES Y DETALLES:<\/strong><a href=\"https:\/\/www.juntadeandalucia.es\/educacion\/secretariavirtual\/consultaCEP\/actividad\/262924GE102\/\">https:\/\/www.juntadeandalucia.es\/educacion\/secretariavirtual\/consultaCEP\/actividad\/262924GE102\/<\/a><\/span><\/div>\n<\/div>\n<div data-offset-key=\"esifd-0-0\"><\/div>\n<\/div>\n<div data-offset-key=\"esifd-0-0\"><img data-recalc-dims=\"1\" loading=\"lazy\" decoding=\"async\" class=\"aligncenter wp-image-9141\" src=\"https:\/\/i0.wp.com\/cepronda.com\/blog\/wp-content\/uploads\/2025\/12\/262924GE102_CArtel-Aprendizaje-Servicio.png?resize=500%2C707&#038;ssl=1\" alt=\"\" width=\"500\" height=\"707\" srcset=\"https:\/\/i0.wp.com\/cepronda.com\/blog\/wp-content\/uploads\/2025\/12\/262924GE102_CArtel-Aprendizaje-Servicio.png?w=1587&amp;ssl=1 1587w, https:\/\/i0.wp.com\/cepronda.com\/blog\/wp-content\/uploads\/2025\/12\/262924GE102_CArtel-Aprendizaje-Servicio.png?resize=212%2C300&amp;ssl=1 212w, https:\/\/i0.wp.com\/cepronda.com\/blog\/wp-content\/uploads\/2025\/12\/262924GE102_CArtel-Aprendizaje-Servicio.png?resize=724%2C1024&amp;ssl=1 724w, https:\/\/i0.wp.com\/cepronda.com\/blog\/wp-content\/uploads\/2025\/12\/262924GE102_CArtel-Aprendizaje-Servicio.png?resize=768%2C1086&amp;ssl=1 768w, https:\/\/i0.wp.com\/cepronda.com\/blog\/wp-content\/uploads\/2025\/12\/262924GE102_CArtel-Aprendizaje-Servicio.png?resize=1086%2C1536&amp;ssl=1 1086w, https:\/\/i0.wp.com\/cepronda.com\/blog\/wp-content\/uploads\/2025\/12\/262924GE102_CArtel-Aprendizaje-Servicio.png?resize=1448%2C2048&amp;ssl=1 1448w\" sizes=\"auto, (max-width: 500px) 100vw, 500px\" \/><\/div>\n<\/div>\n","protected":false},"excerpt":{"rendered":"<p>Abierto el plazo de inscripci\u00f3n para el curso con seguimiento\u00a0 \u00abAPRENDIZAJE-SERVICIO DESDE EL CURR\u00cdCULO POR COMPETENCIAS: SITUACIONES DE APRENDIZAJE BASADAS EN EL ApS\u00bb c\u00f3digo 262924GE102 Destinado a docentes de primaria y secundaria de centros p\u00fablicos que quieran iniciarse en el implantaci\u00f3n del Aprendizaje-Servicio con el alumnado mediante un proyecto real y viable. INSCRIPCIONES: del 15\/12\/2025 [&hellip;]<\/p>\n","protected":false},"author":3,"featured_media":9141,"comment_status":"closed","ping_status":"open","sticky":false,"template":"","format":"standard","meta":{"_crdt_document":"","advanced_seo_description":"","jetpack_seo_html_title":"","jetpack_seo_noindex":false,"jetpack_post_was_ever_published":false,"_jetpack_newsletter_access":"","_jetpack_dont_email_post_to_subs":false,"_jetpack_newsletter_tier_id":0,"_jetpack_memberships_contains_paywalled_content":false,"_jetpack_memberships_contains_paid_content":false,"footnotes":"","jetpack_publicize_message":"","jetpack_publicize_feature_enabled":true,"jetpack_social_post_already_shared":true,"jetpack_social_options":{"image_generator_settings":{"template":"highway","default_image_id":0,"font":"","enabled":false},"version":2}},"categories":[3],"tags":[171,222],"class_list":{"0":"post-9140","1":"post","2":"type-post","3":"status-publish","4":"format-standard","5":"has-post-thumbnail","7":"category-formaciones","8":"tag-coeducacion","9":"tag-internivelar","10":"czr-hentry"},"jetpack_publicize_connections":[],"jetpack_featured_media_url":"https:\/\/i0.wp.com\/cepronda.com\/blog\/wp-content\/uploads\/2025\/12\/262924GE102_CArtel-Aprendizaje-Servicio.png?fit=1587%2C2245&ssl=1","jetpack_shortlink":"https:\/\/wp.me\/p8M4X7-2nq","jetpack-related-posts":[{"id":4880,"url":"https:\/\/cepronda.com\/blog\/aprender-haciendo-un-servicio-a-la-comunidad-aprendizaje-servicio\/","url_meta":{"origin":9140,"position":0},"title":"APRENDER HACIENDO UN SERVICIO A LA COMUNIDAD: APRENDIZAJE SERVICIO","author":"Maribel Mu\u00f1oz","date":"10 diciembre, 2021","format":false,"excerpt":"Buenas tardes compa\u00f1eras y compa\u00f1eros, Os informamos que est\u00e1 abierto el plazo de inscripci\u00f3n en la actividad \"APRENDER HACIENDO UN SERVICIO A LA COMUNIDAD: APRENDIZAJE SERVICIO\" C\u00f3digo: 222926GE901. Es una actividad PROVINCIAL, a distancia, organizada por el CEP de V\u00e9lez-M\u00e1laga.\u00a0 Se realizar\u00e1 en el\u00a0 Aula Virtual de Formaci\u00f3n del Profesorado.\u2026","rel":"","context":"En \u00abFormaciones\u00bb","block_context":{"text":"Formaciones","link":"https:\/\/cepronda.com\/blog\/category\/formaciones\/"},"img":{"alt_text":"","src":"https:\/\/i0.wp.com\/cepronda.com\/blog\/wp-content\/uploads\/2021\/12\/WhatsApp-Image-2021-12-09-at-19.36.03.jpeg?fit=848%2C1200&ssl=1&resize=350%2C200","width":350,"height":200,"srcset":"https:\/\/i0.wp.com\/cepronda.com\/blog\/wp-content\/uploads\/2021\/12\/WhatsApp-Image-2021-12-09-at-19.36.03.jpeg?fit=848%2C1200&ssl=1&resize=350%2C200 1x, https:\/\/i0.wp.com\/cepronda.com\/blog\/wp-content\/uploads\/2021\/12\/WhatsApp-Image-2021-12-09-at-19.36.03.jpeg?fit=848%2C1200&ssl=1&resize=525%2C300 1.5x, https:\/\/i0.wp.com\/cepronda.com\/blog\/wp-content\/uploads\/2021\/12\/WhatsApp-Image-2021-12-09-at-19.36.03.jpeg?fit=848%2C1200&ssl=1&resize=700%2C400 2x"},"classes":[]},{"id":5332,"url":"https:\/\/cepronda.com\/blog\/la-serrania-innova-aprendizaje-servicio\/","url_meta":{"origin":9140,"position":1},"title":"LA SERRAN\u00cdA INNOVA. APRENDIZAJE-SERVICIO.","author":"Inmaculada Garc\u00eda","date":"23 mayo, 2022","format":false,"excerpt":"Hola! Seguimos con nuestros v\u00eddeos de LA SERRAN\u00cdA INNOVA, Metodolog\u00edas emergentes en la Serran\u00eda de Ronda. Esta semana tenemos la oportunidad de conocer una experiencia en APRENDIZAJE-SERVICIO que se est\u00e1 llevando a cabo en el CEIP San Jos\u00e9 Obrero en la localidad de Cuevas del Becerro. Su directora as\u00ed como\u2026","rel":"","context":"En \u00abNoticias\u00bb","block_context":{"text":"Noticias","link":"https:\/\/cepronda.com\/blog\/category\/noticias\/"},"img":{"alt_text":"","src":"https:\/\/i0.wp.com\/cepronda.com\/blog\/wp-content\/uploads\/2022\/05\/APRENDIZAJE-SERVICIO.png?fit=940%2C788&ssl=1&resize=350%2C200","width":350,"height":200,"srcset":"https:\/\/i0.wp.com\/cepronda.com\/blog\/wp-content\/uploads\/2022\/05\/APRENDIZAJE-SERVICIO.png?fit=940%2C788&ssl=1&resize=350%2C200 1x, https:\/\/i0.wp.com\/cepronda.com\/blog\/wp-content\/uploads\/2022\/05\/APRENDIZAJE-SERVICIO.png?fit=940%2C788&ssl=1&resize=525%2C300 1.5x, https:\/\/i0.wp.com\/cepronda.com\/blog\/wp-content\/uploads\/2022\/05\/APRENDIZAJE-SERVICIO.png?fit=940%2C788&ssl=1&resize=700%2C400 2x"},"classes":[]},{"id":5594,"url":"https:\/\/cepronda.com\/blog\/aulas-multinivel-planificacion-situaciones-de-aprendizaje-y-evaluacion\/","url_meta":{"origin":9140,"position":2},"title":"AULAS MULTINIVEL: PLANIFICACI\u00d3N, SITUACIONES DE APRENDIZAJE Y EVALUACI\u00d3N.","author":"Mamen Moreno","date":"8 noviembre, 2022","format":false,"excerpt":"Os informamos que ma\u00f1ana comienza el curso online correspondiente al Itinerario Formativo para Centros Rurales a nivel Provincial.\u00a0AULAS MULTINIVEL: PLANIFICACI\u00d3N, SITUACIONES DE APRENDIZAJE Y EVALUACI\u00d3N. C\u00f3digo 232924GE018. Enlace a la actividad. Ponente:\u00a0 Jos\u00e9 Luis Murillo Garc\u00eda. Lugar de realizaci\u00f3n: Sala de videoconferencia del Cep de Ronda. Hora: 16:30 a 18:30.\u2026","rel":"","context":"En \u00abFormaciones\u00bb","block_context":{"text":"Formaciones","link":"https:\/\/cepronda.com\/blog\/category\/formaciones\/"},"img":{"alt_text":"","src":"https:\/\/i0.wp.com\/cepronda.com\/blog\/wp-content\/uploads\/2022\/11\/AULAS-MULTINIVEL-PLANIFICACION-SITUACIONES-DE-APRENDIZAJE-Y-EVALUACION..jpg?fit=848%2C1200&ssl=1&resize=350%2C200","width":350,"height":200,"srcset":"https:\/\/i0.wp.com\/cepronda.com\/blog\/wp-content\/uploads\/2022\/11\/AULAS-MULTINIVEL-PLANIFICACION-SITUACIONES-DE-APRENDIZAJE-Y-EVALUACION..jpg?fit=848%2C1200&ssl=1&resize=350%2C200 1x, https:\/\/i0.wp.com\/cepronda.com\/blog\/wp-content\/uploads\/2022\/11\/AULAS-MULTINIVEL-PLANIFICACION-SITUACIONES-DE-APRENDIZAJE-Y-EVALUACION..jpg?fit=848%2C1200&ssl=1&resize=525%2C300 1.5x, https:\/\/i0.wp.com\/cepronda.com\/blog\/wp-content\/uploads\/2022\/11\/AULAS-MULTINIVEL-PLANIFICACION-SITUACIONES-DE-APRENDIZAJE-Y-EVALUACION..jpg?fit=848%2C1200&ssl=1&resize=700%2C400 2x"},"classes":[]},{"id":5537,"url":"https:\/\/cepronda.com\/blog\/diseno-de-situaciones-de-aprendizaje-en-andalucia\/","url_meta":{"origin":9140,"position":3},"title":"DISE\u00d1O DE SITUACIONES DE APRENDIZAJE EN ANDALUC\u00cdA","author":"Mamen Moreno","date":"19 octubre, 2022","format":false,"excerpt":"Os\u00a0 informamos que est\u00e1 abierto el plazo de inscripci\u00f3n en el curso DISE\u00d1O DE SITUACIONES DE APRENDIZAJE EN ANDALUC\u00cdA con c\u00f3digo\u00a0232924KPF411 Fechas de inscripci\u00f3n : del 19\/10\/2022 al 25\/10\/2022 Fecha de inicio: 03\/11\/2022 Fecha finalizaci\u00f3n: 12\/12\/2022 Horas: 25h no presenciales. Lugar de realizaci\u00f3n:\u00a0AULA VIRTUAL DE FORMACI\u00d3N DEL PROFESORADO (AVFP) Para\u2026","rel":"","context":"En \u00abFormaciones\u00bb","block_context":{"text":"Formaciones","link":"https:\/\/cepronda.com\/blog\/category\/formaciones\/"},"img":{"alt_text":"","src":"https:\/\/i0.wp.com\/cepronda.com\/blog\/wp-content\/uploads\/2022\/10\/Imagen_para_twitter1.jpg?fit=1200%2C675&ssl=1&resize=350%2C200","width":350,"height":200,"srcset":"https:\/\/i0.wp.com\/cepronda.com\/blog\/wp-content\/uploads\/2022\/10\/Imagen_para_twitter1.jpg?fit=1200%2C675&ssl=1&resize=350%2C200 1x, https:\/\/i0.wp.com\/cepronda.com\/blog\/wp-content\/uploads\/2022\/10\/Imagen_para_twitter1.jpg?fit=1200%2C675&ssl=1&resize=525%2C300 1.5x, https:\/\/i0.wp.com\/cepronda.com\/blog\/wp-content\/uploads\/2022\/10\/Imagen_para_twitter1.jpg?fit=1200%2C675&ssl=1&resize=700%2C400 2x, https:\/\/i0.wp.com\/cepronda.com\/blog\/wp-content\/uploads\/2022\/10\/Imagen_para_twitter1.jpg?fit=1200%2C675&ssl=1&resize=1050%2C600 3x"},"classes":[]},{"id":8115,"url":"https:\/\/cepronda.com\/blog\/curso-eper-provincial-y-presencial-situaciones-de-aprendizaje-en-el-aula-eper\/","url_meta":{"origin":9140,"position":4},"title":"CURSO EPER PROVINCIAL Y PRESENCIAL: SITUACIONES DE APRENDIZAJE EN EL AULA EPER","author":"Mamen Moreno","date":"6 febrero, 2025","format":false,"excerpt":"CURSO EPER PROVINCIAL Y PRESENCIAL: SITUACIONES DE APRENDIZAJE EN EL AULA EPER C\u00f3digo: 252922GE102. Dirigido prioritariamente a personal de EPER y en segundo lugar a ARE y FP. En \u00faltima instancia al resto de niveles educativos. \u00c1mbito: Provincial. Duraci\u00f3n: 15 horas presenciales. Fechas de inscripci\u00f3n: 10\/02\/25 al 10\/03\/25 Fechas sesiones:\u2026","rel":"","context":"En \u00abFormaciones\u00bb","block_context":{"text":"Formaciones","link":"https:\/\/cepronda.com\/blog\/category\/formaciones\/"},"img":{"alt_text":"","src":"https:\/\/i0.wp.com\/cepronda.com\/blog\/wp-content\/uploads\/2025\/02\/WhatsApp-Image-2025-02-06-at-12.44.14.jpeg?fit=940%2C788&ssl=1&resize=350%2C200","width":350,"height":200,"srcset":"https:\/\/i0.wp.com\/cepronda.com\/blog\/wp-content\/uploads\/2025\/02\/WhatsApp-Image-2025-02-06-at-12.44.14.jpeg?fit=940%2C788&ssl=1&resize=350%2C200 1x, https:\/\/i0.wp.com\/cepronda.com\/blog\/wp-content\/uploads\/2025\/02\/WhatsApp-Image-2025-02-06-at-12.44.14.jpeg?fit=940%2C788&ssl=1&resize=525%2C300 1.5x, https:\/\/i0.wp.com\/cepronda.com\/blog\/wp-content\/uploads\/2025\/02\/WhatsApp-Image-2025-02-06-at-12.44.14.jpeg?fit=940%2C788&ssl=1&resize=700%2C400 2x"},"classes":[]},{"id":3222,"url":"https:\/\/cepronda.com\/blog\/programacion-y-evaluacion-por-competencias-en-educacion-primaria\/","url_meta":{"origin":9140,"position":5},"title":"PROGRAMACI\u00d3N Y EVALUACI\u00d3N POR COMPETENCIAS EN EDUCACI\u00d3N PRIMARIA","author":"V\u00edctor Caballero","date":"2 diciembre, 2019","format":false,"excerpt":"Muy buenas, Comenzamos el mes de diciembre con varias actividades que tienen previsto iniciarse en el mes de enero. en este caso se trata de la actividad \" PROGRAMACI\u00d3N Y EVALUACI\u00d3N POR COMPETENCIAS EN EDUCACI\u00d3N PRIMARIA \" que pretende ser un taller muy pr\u00e1ctico. Los contenidos de las sesiones son:\u2026","rel":"","context":"En \u00abFormaciones\u00bb","block_context":{"text":"Formaciones","link":"https:\/\/cepronda.com\/blog\/category\/formaciones\/"},"img":{"alt_text":"","src":"https:\/\/i0.wp.com\/cepronda.com\/blog\/wp-content\/uploads\/2019\/12\/20200113-Programaci%C3%B3n-y-evaluaci%C3%B3n-competencias-primaria.png?fit=668%2C944&ssl=1&resize=350%2C200","width":350,"height":200,"srcset":"https:\/\/i0.wp.com\/cepronda.com\/blog\/wp-content\/uploads\/2019\/12\/20200113-Programaci%C3%B3n-y-evaluaci%C3%B3n-competencias-primaria.png?fit=668%2C944&ssl=1&resize=350%2C200 1x, https:\/\/i0.wp.com\/cepronda.com\/blog\/wp-content\/uploads\/2019\/12\/20200113-Programaci%C3%B3n-y-evaluaci%C3%B3n-competencias-primaria.png?fit=668%2C944&ssl=1&resize=525%2C300 1.5x"},"classes":[]}],"jetpack_sharing_enabled":true,"_links":{"self":[{"href":"https:\/\/cepronda.com\/blog\/wp-json\/wp\/v2\/posts\/9140","targetHints":{"allow":["GET"]}}],"collection":[{"href":"https:\/\/cepronda.com\/blog\/wp-json\/wp\/v2\/posts"}],"about":[{"href":"https:\/\/cepronda.com\/blog\/wp-json\/wp\/v2\/types\/post"}],"author":[{"embeddable":true,"href":"https:\/\/cepronda.com\/blog\/wp-json\/wp\/v2\/users\/3"}],"replies":[{"embeddable":true,"href":"https:\/\/cepronda.com\/blog\/wp-json\/wp\/v2\/comments?post=9140"}],"version-history":[{"count":1,"href":"https:\/\/cepronda.com\/blog\/wp-json\/wp\/v2\/posts\/9140\/revisions"}],"predecessor-version":[{"id":9142,"href":"https:\/\/cepronda.com\/blog\/wp-json\/wp\/v2\/posts\/9140\/revisions\/9142"}],"wp:featuredmedia":[{"embeddable":true,"href":"https:\/\/cepronda.com\/blog\/wp-json\/wp\/v2\/media\/9141"}],"wp:attachment":[{"href":"https:\/\/cepronda.com\/blog\/wp-json\/wp\/v2\/media?parent=9140"}],"wp:term":[{"taxonomy":"category","embeddable":true,"href":"https:\/\/cepronda.com\/blog\/wp-json\/wp\/v2\/categories?post=9140"},{"taxonomy":"post_tag","embeddable":true,"href":"https:\/\/cepronda.com\/blog\/wp-json\/wp\/v2\/tags?post=9140"}],"curies":[{"name":"wp","href":"https:\/\/api.w.org\/{rel}","templated":true}]}}