{"id":9134,"date":"2025-12-12T13:07:57","date_gmt":"2025-12-12T12:07:57","guid":{"rendered":"https:\/\/cepronda.com\/blog\/?p=9134"},"modified":"2025-12-12T13:07:57","modified_gmt":"2025-12-12T12:07:57","slug":"jornada-de-formacion-cambridge-clil-methodology-and-practice-2","status":"publish","type":"post","link":"https:\/\/cepronda.com\/blog\/jornada-de-formacion-cambridge-clil-methodology-and-practice-2\/","title":{"rendered":"JORNADA DE FORMACI\u00d3N CAMBRIDGE: CLIL METHODOLOGY AND PRACTICE"},"content":{"rendered":"<div class=\"\" data-block=\"true\" data-editor=\"jbqs\" data-offset-key=\"8cogo-0-0\">\n<p class=\"_1mf _1mj\" data-offset-key=\"8cogo-0-0\"><span data-offset-key=\"8cogo-0-0\">Se encuentra abierto el plazo de inscripci\u00f3n en la actividad provincial \u00ab<strong>JORNADA DE FORMACI\u00d3N CAMBRIDGE: CLIL METHODOLOGY<\/strong><\/span><\/p>\n<\/div>\n<div class=\"\" data-block=\"true\" data-editor=\"jbqs\" data-offset-key=\"4oa9t-0-0\">\n<p class=\"_1mf _1mj\" data-offset-key=\"4oa9t-0-0\"><span data-offset-key=\"4oa9t-0-0\"><strong>AND PRACTICE<\/strong>\u00ab, con c\u00f3digo: 269923KPI441.<\/span><\/p>\n<\/div>\n<div class=\"\" data-block=\"true\" data-editor=\"jbqs\" data-offset-key=\"agvhe-0-0\">\n<div class=\"_1mf _1mj\" data-offset-key=\"agvhe-0-0\"><span data-offset-key=\"agvhe-0-0\">\u00a0<\/span><\/div>\n<\/div>\n<div class=\"\" data-block=\"true\" data-editor=\"jbqs\" data-offset-key=\"bf7is-0-0\">\n<div class=\"_1mf _1mj\" data-offset-key=\"bf7is-0-0\"><span data-offset-key=\"bf7is-0-0\"><em><strong>Curso a distancia:<\/strong><\/em> Aula Virtual de Formaci\u00f3n del Profesorado<\/span><\/div>\n<\/div>\n<div class=\"\" data-block=\"true\" data-editor=\"jbqs\" data-offset-key=\"e82nt-0-0\">\n<div class=\"_1mf _1mj\" data-offset-key=\"e82nt-0-0\"><span data-offset-key=\"e82nt-0-0\">\u00a0<\/span><\/div>\n<\/div>\n<div class=\"\" data-block=\"true\" data-editor=\"jbqs\" data-offset-key=\"1fla2-0-0\">\n<div class=\"_1mf _1mj\" data-offset-key=\"1fla2-0-0\"><span data-offset-key=\"1fla2-0-0\"><strong>Periodo de inscripci\u00f3n:<\/strong> 12\/12\/2025 al 08\/01\/2025 a las 12:00 horas<\/span><\/div>\n<\/div>\n<div class=\"\" data-block=\"true\" data-editor=\"jbqs\" data-offset-key=\"4f661-0-0\">\n<div class=\"_1mf _1mj\" data-offset-key=\"4f661-0-0\"><span data-offset-key=\"4f661-0-0\">\u00a0<\/span><\/div>\n<\/div>\n<div class=\"\" data-block=\"true\" data-editor=\"jbqs\" data-offset-key=\"a3d0b-0-0\">\n<div class=\"_1mf _1mj\" data-offset-key=\"a3d0b-0-0\"><span data-offset-key=\"a3d0b-0-0\">Plazo de realizaci\u00f3n desde el 15 de enero hasta el 03 de marzo.<\/span><\/div>\n<\/div>\n<div class=\"\" data-block=\"true\" data-editor=\"jbqs\" data-offset-key=\"cv9ni-0-0\">\n<div class=\"_1mf _1mj\" data-offset-key=\"cv9ni-0-0\"><span data-offset-key=\"cv9ni-0-0\">\u00a0<\/span><\/div>\n<\/div>\n<div class=\"\" data-block=\"true\" data-editor=\"jbqs\" data-offset-key=\"aku2p-0-0\">\n<h3 class=\"_1mf _1mj\" data-offset-key=\"aku2p-0-0\"><strong>M\u00e1s informaci\u00f3n e inscripci\u00f3n:<\/strong><\/h3>\n<\/div>\n<div class=\"\" data-block=\"true\" data-editor=\"jbqs\" data-offset-key=\"8r1kh-0-0\">\n<div class=\"_1mf _1mj\" data-offset-key=\"8r1kh-0-0\"><a href=\"https:\/\/secretariavirtual.juntadeandalucia.es\/secretariavirtual\/consultaCEP\/actividad\/269923KPI441\/\"><span data-offset-key=\"8r1kh-0-0\">https:\/\/secretariavirtual.juntadeandalucia.es\/secretariavirtual\/consultaCEP\/actividad\/269923KPI441\/<\/span><\/a><\/div>\n<div data-offset-key=\"8r1kh-0-0\"><\/div>\n<\/div>\n<div data-offset-key=\"8r1kh-0-0\"><a href=\"https:\/\/secretariavirtual.juntadeandalucia.es\/secretariavirtual\/consultaCEP\/actividad\/269923KPI441\/\"><span data-offset-key=\"8r1kh-0-0\"><img data-recalc-dims=\"1\" loading=\"lazy\" decoding=\"async\" class=\"aligncenter wp-image-9135\" src=\"https:\/\/i0.wp.com\/cepronda.com\/blog\/wp-content\/uploads\/2025\/12\/IMG-20251210-WA0000.jpg?resize=500%2C500&#038;ssl=1\" alt=\"\" width=\"500\" height=\"500\" srcset=\"https:\/\/i0.wp.com\/cepronda.com\/blog\/wp-content\/uploads\/2025\/12\/IMG-20251210-WA0000.jpg?resize=1024%2C1024&amp;ssl=1 1024w, https:\/\/i0.wp.com\/cepronda.com\/blog\/wp-content\/uploads\/2025\/12\/IMG-20251210-WA0000.jpg?resize=300%2C300&amp;ssl=1 300w, https:\/\/i0.wp.com\/cepronda.com\/blog\/wp-content\/uploads\/2025\/12\/IMG-20251210-WA0000.jpg?resize=150%2C150&amp;ssl=1 150w, https:\/\/i0.wp.com\/cepronda.com\/blog\/wp-content\/uploads\/2025\/12\/IMG-20251210-WA0000.jpg?resize=768%2C768&amp;ssl=1 768w, https:\/\/i0.wp.com\/cepronda.com\/blog\/wp-content\/uploads\/2025\/12\/IMG-20251210-WA0000.jpg?w=1080&amp;ssl=1 1080w\" sizes=\"auto, (max-width: 500px) 100vw, 500px\" \/><\/span><\/a><\/div>\n","protected":false},"excerpt":{"rendered":"<p>Se encuentra abierto el plazo de inscripci\u00f3n en la actividad provincial \u00abJORNADA DE FORMACI\u00d3N CAMBRIDGE: CLIL METHODOLOGY AND PRACTICE\u00ab, con c\u00f3digo: 269923KPI441. \u00a0 Curso a distancia: Aula Virtual de Formaci\u00f3n del Profesorado \u00a0 Periodo de inscripci\u00f3n: 12\/12\/2025 al 08\/01\/2025 a las 12:00 horas \u00a0 Plazo de realizaci\u00f3n desde el 15 de enero hasta el 03 [&hellip;]<\/p>\n","protected":false},"author":9,"featured_media":0,"comment_status":"closed","ping_status":"open","sticky":false,"template":"","format":"standard","meta":{"_crdt_document":"","advanced_seo_description":"","jetpack_seo_html_title":"","jetpack_seo_noindex":false,"jetpack_post_was_ever_published":false,"_jetpack_newsletter_access":"","_jetpack_dont_email_post_to_subs":false,"_jetpack_newsletter_tier_id":0,"_jetpack_memberships_contains_paywalled_content":false,"_jetpack_memberships_contains_paid_content":false,"footnotes":"","jetpack_publicize_message":"","jetpack_publicize_feature_enabled":true,"jetpack_social_post_already_shared":true,"jetpack_social_options":{"image_generator_settings":{"template":"highway","default_image_id":0,"font":"","enabled":false},"version":2}},"categories":[5],"tags":[],"class_list":{"0":"post-9134","1":"post","2":"type-post","3":"status-publish","4":"format-standard","6":"category-noticias","7":"czr-hentry"},"jetpack_publicize_connections":[],"jetpack_featured_media_url":"","jetpack_shortlink":"https:\/\/wp.me\/p8M4X7-2nk","jetpack-related-posts":[{"id":5833,"url":"https:\/\/cepronda.com\/blog\/jornada-de-formacion-cambridge-clil-methodology-and-practice\/","url_meta":{"origin":9134,"position":0},"title":"JORNADA DE FORMACI\u00d3N CAMBRIDGE: CLIL Methodology and Practice.","author":"Mamen Moreno","date":"16 marzo, 2023","format":false,"excerpt":"JORNADA DE FORMACI\u00d3N CAMBRIDGE: CLIL Methodology and Practice. C\u00f3digo: 239922KPI441. La inscripci\u00f3n es hasta el 17\/03\/2023. Fecha de la actividad: 29\/03\/2023 al 15\/05\/2023. Curso a distancia internivelar de 8h de duraci\u00f3n. M\u00e1s informaci\u00f3n e inscripci\u00f3n: https:\/\/www.juntadeandalucia.es\/educacion\/secretariavirtual\/consultaCEP\/actividad\/239922KPI441\/","rel":"","context":"En \u00abNoticias\u00bb","block_context":{"text":"Noticias","link":"https:\/\/cepronda.com\/blog\/category\/noticias\/"},"img":{"alt_text":"","src":"https:\/\/i0.wp.com\/cepronda.com\/blog\/wp-content\/uploads\/2023\/03\/JORNADA-DE-FORMACION-CAMBRIDGE-CLIL-Methodology-and-Practice.-1.jpg?fit=1080%2C1080&ssl=1&resize=350%2C200","width":350,"height":200,"srcset":"https:\/\/i0.wp.com\/cepronda.com\/blog\/wp-content\/uploads\/2023\/03\/JORNADA-DE-FORMACION-CAMBRIDGE-CLIL-Methodology-and-Practice.-1.jpg?fit=1080%2C1080&ssl=1&resize=350%2C200 1x, https:\/\/i0.wp.com\/cepronda.com\/blog\/wp-content\/uploads\/2023\/03\/JORNADA-DE-FORMACION-CAMBRIDGE-CLIL-Methodology-and-Practice.-1.jpg?fit=1080%2C1080&ssl=1&resize=525%2C300 1.5x, https:\/\/i0.wp.com\/cepronda.com\/blog\/wp-content\/uploads\/2023\/03\/JORNADA-DE-FORMACION-CAMBRIDGE-CLIL-Methodology-and-Practice.-1.jpg?fit=1080%2C1080&ssl=1&resize=700%2C400 2x, https:\/\/i0.wp.com\/cepronda.com\/blog\/wp-content\/uploads\/2023\/03\/JORNADA-DE-FORMACION-CAMBRIDGE-CLIL-Methodology-and-Practice.-1.jpg?fit=1080%2C1080&ssl=1&resize=1050%2C600 3x"},"classes":[]},{"id":4787,"url":"https:\/\/cepronda.com\/blog\/clil-for-all-attention-to-diversity-in-bilingual-education\/","url_meta":{"origin":9134,"position":1},"title":"CLIL FOR ALL: ATTENTION TO DIVERSITY IN BILINGUAL EDUCATION","author":"Maribel Mu\u00f1oz","date":"19 octubre, 2021","format":false,"excerpt":"Buenas tardes compa\u00f1eras y compa\u00f1eros, Os informamos que est\u00e1 abierto el plazo para enviar la solicitud de la formaci\u00f3n regional CLIL FOR ALL: ATTENTION TO DIVERSITY IN BILINGUAL EDUCATION con c\u00f3digo 22Y9908KPF328. La formaci\u00f3n es a distancia y est\u00e1 gestionada por el CEP de C\u00f3rdoba. Las fechas son las siguientes:\u00a0\u2026","rel":"","context":"En \u00abFormaciones\u00bb","block_context":{"text":"Formaciones","link":"https:\/\/cepronda.com\/blog\/category\/formaciones\/"},"img":{"alt_text":"","src":"","width":0,"height":0},"classes":[]},{"id":4109,"url":"https:\/\/cepronda.com\/blog\/jornada-de-formacion-cambridge-active-online-learning\/","url_meta":{"origin":9134,"position":2},"title":"\u201cJORNADA DE FORMACI\u00d3N CAMBRIDGE: ACTIVE ONLINE LEARNING\u201d","author":"Mar\u00eda Jos\u00e9 M\u00e1rquez","date":"19 enero, 2021","format":false,"excerpt":"Muy buenas, compa\u00f1eros y compa\u00f1eras. Se abre el plazo para participar en la actividad formativa a nivel provincial que lleva el CEP de la Axarqu\u00eda:\u00a0 \u201cJORNADA DE FORMACI\u00d3N CAMBRIDGE: ACTIVE ONLINE LEARNING\u201d. C\u00f3digo: 219926KPI004 Inscripciones: desde el 18\/01\/2021 hasta 04\/02\/2021 Comienzo del curso: 09\/02\/2021 Breve descripci\u00f3n: Este curso pretende proporcionar\u2026","rel":"","context":"En \u00abNoticias\u00bb","block_context":{"text":"Noticias","link":"https:\/\/cepronda.com\/blog\/category\/noticias\/"},"img":{"alt_text":"","src":"https:\/\/i0.wp.com\/cepronda.com\/blog\/wp-content\/uploads\/2021\/01\/WhatsApp-Image-2021-01-19-at-10.00.32.jpeg?fit=848%2C1200&ssl=1&resize=350%2C200","width":350,"height":200,"srcset":"https:\/\/i0.wp.com\/cepronda.com\/blog\/wp-content\/uploads\/2021\/01\/WhatsApp-Image-2021-01-19-at-10.00.32.jpeg?fit=848%2C1200&ssl=1&resize=350%2C200 1x, https:\/\/i0.wp.com\/cepronda.com\/blog\/wp-content\/uploads\/2021\/01\/WhatsApp-Image-2021-01-19-at-10.00.32.jpeg?fit=848%2C1200&ssl=1&resize=525%2C300 1.5x, https:\/\/i0.wp.com\/cepronda.com\/blog\/wp-content\/uploads\/2021\/01\/WhatsApp-Image-2021-01-19-at-10.00.32.jpeg?fit=848%2C1200&ssl=1&resize=700%2C400 2x"},"classes":[]},{"id":4949,"url":"https:\/\/cepronda.com\/blog\/jornada-de-formacion-cambridge-student-centred-learning\/","url_meta":{"origin":9134,"position":3},"title":"JORNADA DE FORMACI\u00d3N CAMBRIDGE: STUDENT-CENTRED LEARNING","author":"Maribel Mu\u00f1oz","date":"11 enero, 2022","format":false,"excerpt":"Buenos d\u00edas compa\u00f1eras y compa\u00f1eros, Os informamos que est\u00e1 abierto el plazo de inscripci\u00f3n de la actividad provincial online: JORNADA DE FORMACI\u00d3N CAMBRIDGE: STUDENT-CENTRED LEARNING, con c\u00f3digo 229926KPI268, con una duraci\u00f3n de 7 H. Dicha actividad se desarrollar\u00e1 mediante videoconferencias en directo de 1h15 de duraci\u00f3n, a cargo de David\u2026","rel":"","context":"En \u00abFormaciones\u00bb","block_context":{"text":"Formaciones","link":"https:\/\/cepronda.com\/blog\/category\/formaciones\/"},"img":{"alt_text":"","src":"https:\/\/i0.wp.com\/cepronda.com\/blog\/wp-content\/uploads\/2022\/01\/WhatsApp-Image-2022-01-11-at-13.10.51.jpeg?fit=848%2C1200&ssl=1&resize=350%2C200","width":350,"height":200,"srcset":"https:\/\/i0.wp.com\/cepronda.com\/blog\/wp-content\/uploads\/2022\/01\/WhatsApp-Image-2022-01-11-at-13.10.51.jpeg?fit=848%2C1200&ssl=1&resize=350%2C200 1x, https:\/\/i0.wp.com\/cepronda.com\/blog\/wp-content\/uploads\/2022\/01\/WhatsApp-Image-2022-01-11-at-13.10.51.jpeg?fit=848%2C1200&ssl=1&resize=525%2C300 1.5x, https:\/\/i0.wp.com\/cepronda.com\/blog\/wp-content\/uploads\/2022\/01\/WhatsApp-Image-2022-01-11-at-13.10.51.jpeg?fit=848%2C1200&ssl=1&resize=700%2C400 2x"},"classes":[]},{"id":7946,"url":"https:\/\/cepronda.com\/blog\/curso-provincial-jornadas-de-formacion-cambridge-con-codigo-259923kpi441\/","url_meta":{"origin":9134,"position":4},"title":"CURSO PROVINCIAL \u00abJornadas de formaci\u00f3n Cambridge\u00bb, con c\u00f3digo: 259923KPI441.","author":"Inmaculada Garc\u00eda","date":"17 diciembre, 2024","format":false,"excerpt":"Abierto el plazo de solicitudes para el PLAZO DE INSCRIPCI\u00d3N: Presentaci\u00f3n solicitudes: Inscripciones del 13\/12\/2024 al 08\/01\/2025 FECHA DE REALIZACI\u00d3N: Fechas de actividad: 16\/01\/2025 al 03\/03\/2025 Lugar de realizaci\u00f3n: Aula Virtual de Formaci\u00f3n del Profesorado \u270f\ufe0fInscripci\u00f3n: https:\/\/www.juntadeandalucia.es\/educacion\/secretariavirtual\/consultaCEP\/actividad\/259923KPI441\/","rel":"","context":"En \u00abFormaciones\u00bb","block_context":{"text":"Formaciones","link":"https:\/\/cepronda.com\/blog\/category\/formaciones\/"},"img":{"alt_text":"","src":"https:\/\/i0.wp.com\/cepronda.com\/blog\/wp-content\/uploads\/2024\/12\/WhatsApp-Image-2024-12-17-at-11.11.55.jpeg?fit=1080%2C1080&ssl=1&resize=350%2C200","width":350,"height":200,"srcset":"https:\/\/i0.wp.com\/cepronda.com\/blog\/wp-content\/uploads\/2024\/12\/WhatsApp-Image-2024-12-17-at-11.11.55.jpeg?fit=1080%2C1080&ssl=1&resize=350%2C200 1x, https:\/\/i0.wp.com\/cepronda.com\/blog\/wp-content\/uploads\/2024\/12\/WhatsApp-Image-2024-12-17-at-11.11.55.jpeg?fit=1080%2C1080&ssl=1&resize=525%2C300 1.5x, https:\/\/i0.wp.com\/cepronda.com\/blog\/wp-content\/uploads\/2024\/12\/WhatsApp-Image-2024-12-17-at-11.11.55.jpeg?fit=1080%2C1080&ssl=1&resize=700%2C400 2x, https:\/\/i0.wp.com\/cepronda.com\/blog\/wp-content\/uploads\/2024\/12\/WhatsApp-Image-2024-12-17-at-11.11.55.jpeg?fit=1080%2C1080&ssl=1&resize=1050%2C600 3x"},"classes":[]},{"id":5840,"url":"https:\/\/cepronda.com\/blog\/jornada-de-formacion-trinity-making-connections-across-the-curriculum\/","url_meta":{"origin":9134,"position":5},"title":"\u00abJornada de formaci\u00f3n Trinity: Making Connections Across the Curriculum\u00bb","author":"Mamen Moreno","date":"20 marzo, 2023","format":false,"excerpt":"\"Jornada de formaci\u00f3n Trinity: Making Connections Across the Curriculum\" Se abre plazo para la inscripci\u00f3n en el curso provincial \"Jornada de formaci\u00f3n Trinity: Making Connections Across the Curriculum\", c\u00f3digo:239925KPI439, dirigido a profesorado de \u00e1reas ling\u00fc\u00edsticas y no ling\u00fc\u00edsticas de primaria y secundaria de centros tanto biling\u00fces como no biling\u00fces. Se\u2026","rel":"","context":"En \u00abNoticias\u00bb","block_context":{"text":"Noticias","link":"https:\/\/cepronda.com\/blog\/category\/noticias\/"},"img":{"alt_text":"","src":"https:\/\/i0.wp.com\/cepronda.com\/blog\/wp-content\/uploads\/2023\/03\/CURSO.jpg?fit=1080%2C1080&ssl=1&resize=350%2C200","width":350,"height":200,"srcset":"https:\/\/i0.wp.com\/cepronda.com\/blog\/wp-content\/uploads\/2023\/03\/CURSO.jpg?fit=1080%2C1080&ssl=1&resize=350%2C200 1x, https:\/\/i0.wp.com\/cepronda.com\/blog\/wp-content\/uploads\/2023\/03\/CURSO.jpg?fit=1080%2C1080&ssl=1&resize=525%2C300 1.5x, https:\/\/i0.wp.com\/cepronda.com\/blog\/wp-content\/uploads\/2023\/03\/CURSO.jpg?fit=1080%2C1080&ssl=1&resize=700%2C400 2x, https:\/\/i0.wp.com\/cepronda.com\/blog\/wp-content\/uploads\/2023\/03\/CURSO.jpg?fit=1080%2C1080&ssl=1&resize=1050%2C600 3x"},"classes":[]}],"jetpack_sharing_enabled":true,"_links":{"self":[{"href":"https:\/\/cepronda.com\/blog\/wp-json\/wp\/v2\/posts\/9134","targetHints":{"allow":["GET"]}}],"collection":[{"href":"https:\/\/cepronda.com\/blog\/wp-json\/wp\/v2\/posts"}],"about":[{"href":"https:\/\/cepronda.com\/blog\/wp-json\/wp\/v2\/types\/post"}],"author":[{"embeddable":true,"href":"https:\/\/cepronda.com\/blog\/wp-json\/wp\/v2\/users\/9"}],"replies":[{"embeddable":true,"href":"https:\/\/cepronda.com\/blog\/wp-json\/wp\/v2\/comments?post=9134"}],"version-history":[{"count":4,"href":"https:\/\/cepronda.com\/blog\/wp-json\/wp\/v2\/posts\/9134\/revisions"}],"predecessor-version":[{"id":9139,"href":"https:\/\/cepronda.com\/blog\/wp-json\/wp\/v2\/posts\/9134\/revisions\/9139"}],"wp:attachment":[{"href":"https:\/\/cepronda.com\/blog\/wp-json\/wp\/v2\/media?parent=9134"}],"wp:term":[{"taxonomy":"category","embeddable":true,"href":"https:\/\/cepronda.com\/blog\/wp-json\/wp\/v2\/categories?post=9134"},{"taxonomy":"post_tag","embeddable":true,"href":"https:\/\/cepronda.com\/blog\/wp-json\/wp\/v2\/tags?post=9134"}],"curies":[{"name":"wp","href":"https:\/\/api.w.org\/{rel}","templated":true}]}}