{"id":9123,"date":"2025-12-10T20:38:06","date_gmt":"2025-12-10T19:38:06","guid":{"rendered":"https:\/\/cepronda.com\/blog\/?p=9123"},"modified":"2025-12-10T20:38:06","modified_gmt":"2025-12-10T19:38:06","slug":"experiencia-de-exito-ronda-around-the-world","status":"publish","type":"post","link":"https:\/\/cepronda.com\/blog\/experiencia-de-exito-ronda-around-the-world\/","title":{"rendered":"EXPERIENCIA DE \u00c9XITO: \u00abRONDA AROUND THE WORLD\u00bb."},"content":{"rendered":"<p data-path-to-node=\"4\">\u00bfTe imaginas a los alumnos de Primaria de <b>Ronda<\/b> viajando por el mundo y creando su propia obra musical biling\u00fce?<\/p>\n<p data-path-to-node=\"5\">Presentamos la incre\u00edble experiencia educativa: <b>\u00abRONDA AROUND THE WORLD\u00bb<\/b> del C.E.I.P. Juan Carrillo. &#x1f31f;<\/p>\n<p data-path-to-node=\"6\">Este proyecto es mucho m\u00e1s que teatro: es #<strong>Pluriling\u00fcismo, #EscrituraCreativa, #TrabajoCooperativo<\/strong> y una celebraci\u00f3n de la <strong>#Inclusi\u00f3nEducativa.<\/strong> Inspirados en Julio Verne y en la historia de nuestra tierra, los estudiantes son los verdaderos protagonistas.<\/p>\n<p data-path-to-node=\"7\">\u00a1No te pierdas los detalles de esta buena pr\u00e1ctica biling\u00fce que transforma el aula!<\/p>\n<div>\n<h2>\u00a0\u00a1Descubre la Experiencia!<\/h2>\n<p>&#x1f517; <b>Descubre el viaje completo aqu\u00ed:<\/b> <a class=\"ng-star-inserted\" href=\"https:\/\/www.experienciaseducativasmalaga.com\/2023\/05\/ronda-around-world.html\" target=\"_blank\" rel=\"noopener\">https:\/\/www.experienciaseducativasmalaga.com\/2023\/05\/ronda-around-world.html<\/a><\/div>\n<div>\n<h2>\u00a0Explora M\u00e1s Innovaci\u00f3n<\/h2>\n<p>Recuerda que en la p\u00e1gina principal encontrar\u00e1s muchas m\u00e1s <b>experiencias educativas<\/b> e ideas para transformar tu aula:<\/p>\n<p><b><a class=\"ng-star-inserted\" href=\"https:\/\/www.experienciaseducativasmalaga.com\/\" target=\"_blank\" rel=\"noopener\">https:\/\/www.experienciaseducativasmalaga.com\/<\/a><\/b><\/p>\n<p>&nbsp;<\/p>\n<p><b><a class=\"ng-star-inserted\" href=\"https:\/\/www.experienciaseducativasmalaga.com\/\" target=\"_blank\" rel=\"noopener\"><img data-recalc-dims=\"1\" loading=\"lazy\" decoding=\"async\" class=\"wp-image-9126 alignleft\" src=\"https:\/\/i0.wp.com\/cepronda.com\/blog\/wp-content\/uploads\/2025\/12\/juan-carrillo-2-1.jpg?resize=500%2C669&#038;ssl=1\" alt=\"\" width=\"500\" height=\"669\" srcset=\"https:\/\/i0.wp.com\/cepronda.com\/blog\/wp-content\/uploads\/2025\/12\/juan-carrillo-2-1-scaled.jpg?resize=765%2C1024&amp;ssl=1 765w, https:\/\/i0.wp.com\/cepronda.com\/blog\/wp-content\/uploads\/2025\/12\/juan-carrillo-2-1-scaled.jpg?resize=224%2C300&amp;ssl=1 224w, https:\/\/i0.wp.com\/cepronda.com\/blog\/wp-content\/uploads\/2025\/12\/juan-carrillo-2-1-scaled.jpg?resize=768%2C1028&amp;ssl=1 768w, https:\/\/i0.wp.com\/cepronda.com\/blog\/wp-content\/uploads\/2025\/12\/juan-carrillo-2-1-scaled.jpg?resize=1148%2C1536&amp;ssl=1 1148w, https:\/\/i0.wp.com\/cepronda.com\/blog\/wp-content\/uploads\/2025\/12\/juan-carrillo-2-1-scaled.jpg?resize=1530%2C2048&amp;ssl=1 1530w, https:\/\/i0.wp.com\/cepronda.com\/blog\/wp-content\/uploads\/2025\/12\/juan-carrillo-2-1-scaled.jpg?w=1913&amp;ssl=1 1913w\" sizes=\"auto, (max-width: 500px) 100vw, 500px\" \/><\/a><a class=\"ng-star-inserted\" href=\"https:\/\/www.experienciaseducativasmalaga.com\/\" target=\"_blank\" rel=\"noopener\"><img data-recalc-dims=\"1\" loading=\"lazy\" decoding=\"async\" class=\"wp-image-9127 alignleft\" src=\"https:\/\/i0.wp.com\/cepronda.com\/blog\/wp-content\/uploads\/2025\/12\/juan-carrillo-1.jpg?resize=500%2C659&#038;ssl=1\" alt=\"\" width=\"500\" height=\"659\" srcset=\"https:\/\/i0.wp.com\/cepronda.com\/blog\/wp-content\/uploads\/2025\/12\/juan-carrillo-1-scaled.jpg?resize=776%2C1024&amp;ssl=1 776w, https:\/\/i0.wp.com\/cepronda.com\/blog\/wp-content\/uploads\/2025\/12\/juan-carrillo-1-scaled.jpg?resize=227%2C300&amp;ssl=1 227w, https:\/\/i0.wp.com\/cepronda.com\/blog\/wp-content\/uploads\/2025\/12\/juan-carrillo-1-scaled.jpg?resize=768%2C1013&amp;ssl=1 768w, https:\/\/i0.wp.com\/cepronda.com\/blog\/wp-content\/uploads\/2025\/12\/juan-carrillo-1-scaled.jpg?resize=1164%2C1536&amp;ssl=1 1164w, https:\/\/i0.wp.com\/cepronda.com\/blog\/wp-content\/uploads\/2025\/12\/juan-carrillo-1-scaled.jpg?resize=1553%2C2048&amp;ssl=1 1553w, https:\/\/i0.wp.com\/cepronda.com\/blog\/wp-content\/uploads\/2025\/12\/juan-carrillo-1-scaled.jpg?w=1941&amp;ssl=1 1941w\" sizes=\"auto, (max-width: 500px) 100vw, 500px\" \/><\/a><\/b><\/p>\n<\/div>\n","protected":false},"excerpt":{"rendered":"<p>\u00bfTe imaginas a los alumnos de Primaria de Ronda viajando por el mundo y creando su propia obra musical biling\u00fce? Presentamos la incre\u00edble experiencia educativa: \u00abRONDA AROUND THE WORLD\u00bb del C.E.I.P. Juan Carrillo. &#x1f31f; Este proyecto es mucho m\u00e1s que teatro: es #Pluriling\u00fcismo, #EscrituraCreativa, #TrabajoCooperativo y una celebraci\u00f3n de la #Inclusi\u00f3nEducativa. Inspirados en Julio Verne [&hellip;]<\/p>\n","protected":false},"author":9,"featured_media":9128,"comment_status":"closed","ping_status":"open","sticky":false,"template":"","format":"standard","meta":{"_crdt_document":"","advanced_seo_description":"","jetpack_seo_html_title":"","jetpack_seo_noindex":false,"jetpack_post_was_ever_published":false,"_jetpack_newsletter_access":"","_jetpack_dont_email_post_to_subs":false,"_jetpack_newsletter_tier_id":0,"_jetpack_memberships_contains_paywalled_content":false,"_jetpack_memberships_contains_paid_content":false,"footnotes":"","jetpack_publicize_message":"","jetpack_publicize_feature_enabled":true,"jetpack_social_post_already_shared":true,"jetpack_social_options":{"image_generator_settings":{"template":"highway","default_image_id":0,"font":"","enabled":false},"version":2}},"categories":[5],"tags":[453,452,454],"class_list":{"0":"post-9123","1":"post","2":"type-post","3":"status-publish","4":"format-standard","5":"has-post-thumbnail","7":"category-noticias","8":"tag-escritura-creativa","9":"tag-plurilinguismo","10":"tag-trabajo-cooperativo","11":"czr-hentry"},"jetpack_publicize_connections":[],"jetpack_featured_media_url":"https:\/\/i0.wp.com\/cepronda.com\/blog\/wp-content\/uploads\/2025\/12\/EXPERIENCIA-DE-EXITO.jpg?fit=1080%2C1350&ssl=1","jetpack_shortlink":"https:\/\/wp.me\/p8M4X7-2n9","jetpack-related-posts":[{"id":5496,"url":"https:\/\/cepronda.com\/blog\/proyecto-proyectoedia-ies-perez-de-guzman-ronda\/","url_meta":{"origin":9123,"position":0},"title":"PROYECTO @proyectoEDIA. IES P\u00e9rez de Guzm\u00e1n. Ronda.","author":"Mamen Moreno","date":"21 septiembre, 2022","format":false,"excerpt":"Felicidades por vuestra participaci\u00f3n en el INTEF del Ministerio de Educaci\u00f3n compartiendo vuestra experiencia de uso de los REA, recursos educativos abiertos del #proyectoEDIA como v\u00eda para la mejora del aprendizaje competencial, de la motivaci\u00f3n, de la convivencia y de la autonom\u00eda del alumnado @educaINTEF, @proyectoEDIA, @exelearning_sp #5JE_REAventura. \u00a0 \u00a0\u2026","rel":"","context":"En \u00abNoticias\u00bb","block_context":{"text":"Noticias","link":"https:\/\/cepronda.com\/blog\/category\/noticias\/"},"img":{"alt_text":"","src":"https:\/\/i0.wp.com\/cepronda.com\/blog\/wp-content\/uploads\/2022\/09\/302545866_1225219891358916_8588385042584351171_n.jpg?fit=600%2C450&ssl=1&resize=350%2C200","width":350,"height":200,"srcset":"https:\/\/i0.wp.com\/cepronda.com\/blog\/wp-content\/uploads\/2022\/09\/302545866_1225219891358916_8588385042584351171_n.jpg?fit=600%2C450&ssl=1&resize=350%2C200 1x, https:\/\/i0.wp.com\/cepronda.com\/blog\/wp-content\/uploads\/2022\/09\/302545866_1225219891358916_8588385042584351171_n.jpg?fit=600%2C450&ssl=1&resize=525%2C300 1.5x"},"classes":[]},{"id":8954,"url":"https:\/\/cepronda.com\/blog\/de-ronda-a-alemania-un-viaje-de-aprendizaje\/","url_meta":{"origin":9123,"position":1},"title":"DE RONDA A ALEMANIA: UN VIAJE DE APRENDIZAJE","author":"Mamen Moreno","date":"2 octubre, 2024","format":false,"excerpt":"El Centro del Profesorado (CEP) de Ronda\u00a0ha coordinado un proyecto de movilidad Erasmus+ en Berl\u00edn, del\u00a010 al 17 de septiembre de 2024\u00a0, que ha marcado un antes y un despu\u00e9s en la internacionalizaci\u00f3n de varios centros de su zona. Esta experiencia ha permitido a un grupo de asesores y de\u2026","rel":"","context":"En \u00abNoticias\u00bb","block_context":{"text":"Noticias","link":"https:\/\/cepronda.com\/blog\/category\/noticias\/"},"img":{"alt_text":"","src":"https:\/\/i0.wp.com\/cepronda.com\/blog\/wp-content\/uploads\/2025\/10\/ERASMUS-BERLIN-COMPARTIDO.png?fit=1200%2C675&ssl=1&resize=350%2C200","width":350,"height":200,"srcset":"https:\/\/i0.wp.com\/cepronda.com\/blog\/wp-content\/uploads\/2025\/10\/ERASMUS-BERLIN-COMPARTIDO.png?fit=1200%2C675&ssl=1&resize=350%2C200 1x, https:\/\/i0.wp.com\/cepronda.com\/blog\/wp-content\/uploads\/2025\/10\/ERASMUS-BERLIN-COMPARTIDO.png?fit=1200%2C675&ssl=1&resize=525%2C300 1.5x, https:\/\/i0.wp.com\/cepronda.com\/blog\/wp-content\/uploads\/2025\/10\/ERASMUS-BERLIN-COMPARTIDO.png?fit=1200%2C675&ssl=1&resize=700%2C400 2x, https:\/\/i0.wp.com\/cepronda.com\/blog\/wp-content\/uploads\/2025\/10\/ERASMUS-BERLIN-COMPARTIDO.png?fit=1200%2C675&ssl=1&resize=1050%2C600 3x"},"classes":[]},{"id":9322,"url":"https:\/\/cepronda.com\/blog\/concurso-cartel-anunciador-its-ronda-2025-26\/","url_meta":{"origin":9123,"position":2},"title":"CONCURSO CARTEL ANUNCIADOR.  IT\u2019s Ronda 2025\/26","author":"Inmaculada Garc\u00eda","date":"29 enero, 2026","format":false,"excerpt":"\u00bfVives en la Serran\u00eda de Ronda y te apasiona crear? Entonces, el Concurso de Cartel Anunciador para la V Feria de Inventos y Talentos, IT's Ronda 2026, es tu oportunidad para brillar. \u00bfQui\u00e9n puede participar? Este concurso est\u00e1 abierto para estudiantes de educaci\u00f3n infantil, primaria, secundaria, bachillerato y FP de\u2026","rel":"","context":"En \u00abNoticias\u00bb","block_context":{"text":"Noticias","link":"https:\/\/cepronda.com\/blog\/category\/noticias\/"},"img":{"alt_text":"","src":"https:\/\/i0.wp.com\/cepronda.com\/blog\/wp-content\/uploads\/2026\/01\/de.jpg?fit=1080%2C1080&ssl=1&resize=350%2C200","width":350,"height":200,"srcset":"https:\/\/i0.wp.com\/cepronda.com\/blog\/wp-content\/uploads\/2026\/01\/de.jpg?fit=1080%2C1080&ssl=1&resize=350%2C200 1x, https:\/\/i0.wp.com\/cepronda.com\/blog\/wp-content\/uploads\/2026\/01\/de.jpg?fit=1080%2C1080&ssl=1&resize=525%2C300 1.5x, https:\/\/i0.wp.com\/cepronda.com\/blog\/wp-content\/uploads\/2026\/01\/de.jpg?fit=1080%2C1080&ssl=1&resize=700%2C400 2x, https:\/\/i0.wp.com\/cepronda.com\/blog\/wp-content\/uploads\/2026\/01\/de.jpg?fit=1080%2C1080&ssl=1&resize=1050%2C600 3x"},"classes":[]},{"id":7389,"url":"https:\/\/cepronda.com\/blog\/iii-feria-de-inventos-y-talentos-its-ronda-2024\/","url_meta":{"origin":9123,"position":3},"title":"III FERIA DE INVENTOS Y TALENTOS. It\u00b4s Ronda 2024","author":"Inmaculada Garc\u00eda","date":"18 enero, 2024","format":false,"excerpt":"\u00bfQuieres mostrar a la comunidad educativa de Ronda y la comarca el Proyecto que hac\u00e9is en vuestro centro? \u00bfHac\u00e9is actividades innovadoras, creativas o art\u00edsticas en vuestras aulas? \u00bfTe gustar\u00eda que tu alumnado tuviera un espacio donde mostrar su talento?... Desde el Centro del Profesorado de Ronda, en colaboraci\u00f3n con el\u2026","rel":"","context":"En \u00abNoticias\u00bb","block_context":{"text":"Noticias","link":"https:\/\/cepronda.com\/blog\/category\/noticias\/"},"img":{"alt_text":"","src":"https:\/\/i0.wp.com\/cepronda.com\/blog\/wp-content\/uploads\/2024\/01\/WhatsApp-Image-2023-03-21-at-11.39.26.jpg?fit=500%2C500&ssl=1&resize=350%2C200","width":350,"height":200},"classes":[]},{"id":775,"url":"https:\/\/cepronda.com\/blog\/orquideas-de-ronda\/","url_meta":{"origin":9123,"position":4},"title":"Orqu\u00eddeas de Ronda","author":"V\u00edctor Caballero","date":"17 abril, 2017","format":false,"excerpt":"Buenas El s\u00e1bado 22 de abril, en la Finca Algaba de Ronda, se realizar\u00e1n unas Jornadas sobre orqu\u00eddeas de la zona de Ronda. Empezaremos con una conferencia, a cargo de D. Jos\u00e9 Antonio D\u00edaz Romera y terminaremos con una salida en busca de algunas especies. Se recomienda llevar ropa y\u2026","rel":"","context":"En \u00abNoticias\u00bb","block_context":{"text":"Noticias","link":"https:\/\/cepronda.com\/blog\/category\/noticias\/"},"img":{"alt_text":"","src":"https:\/\/i0.wp.com\/cepronda.com\/blog\/wp-content\/uploads\/2017\/04\/orchid-233425_640-e1495712671573.jpg?fit=500%2C334&ssl=1&resize=350%2C200","width":350,"height":200},"classes":[]},{"id":5949,"url":"https:\/\/cepronda.com\/blog\/viii-certamen-de-teatro-en-el-aula-ciudad-de-ronda\/","url_meta":{"origin":9123,"position":5},"title":"VIII CERTAMEN DE TEATRO EN EL AULA \u00abCIUDAD DE RONDA\u00bb","author":"Mamen Moreno","date":"18 abril, 2023","format":false,"excerpt":"Os informamos que el pasado lunes 17 de abril se presento el cartel anunciador del VII Certamen de Teatro en el aula Ciudad de Ronda (TACIR) Este certamen se de desarrollara durante el 26 de mayo al 2 de junio Los teatros se realizaran en el Teatro Vicente Espinel de\u2026","rel":"","context":"En \u00abNoticias\u00bb","block_context":{"text":"Noticias","link":"https:\/\/cepronda.com\/blog\/category\/noticias\/"},"img":{"alt_text":"","src":"https:\/\/i0.wp.com\/cepronda.com\/blog\/wp-content\/uploads\/2023\/04\/CARTEL-CERTAMEN-DEFINITIVO.jpg?fit=1200%2C812&ssl=1&resize=350%2C200","width":350,"height":200,"srcset":"https:\/\/i0.wp.com\/cepronda.com\/blog\/wp-content\/uploads\/2023\/04\/CARTEL-CERTAMEN-DEFINITIVO.jpg?fit=1200%2C812&ssl=1&resize=350%2C200 1x, https:\/\/i0.wp.com\/cepronda.com\/blog\/wp-content\/uploads\/2023\/04\/CARTEL-CERTAMEN-DEFINITIVO.jpg?fit=1200%2C812&ssl=1&resize=525%2C300 1.5x, https:\/\/i0.wp.com\/cepronda.com\/blog\/wp-content\/uploads\/2023\/04\/CARTEL-CERTAMEN-DEFINITIVO.jpg?fit=1200%2C812&ssl=1&resize=700%2C400 2x, https:\/\/i0.wp.com\/cepronda.com\/blog\/wp-content\/uploads\/2023\/04\/CARTEL-CERTAMEN-DEFINITIVO.jpg?fit=1200%2C812&ssl=1&resize=1050%2C600 3x"},"classes":[]}],"jetpack_sharing_enabled":true,"_links":{"self":[{"href":"https:\/\/cepronda.com\/blog\/wp-json\/wp\/v2\/posts\/9123","targetHints":{"allow":["GET"]}}],"collection":[{"href":"https:\/\/cepronda.com\/blog\/wp-json\/wp\/v2\/posts"}],"about":[{"href":"https:\/\/cepronda.com\/blog\/wp-json\/wp\/v2\/types\/post"}],"author":[{"embeddable":true,"href":"https:\/\/cepronda.com\/blog\/wp-json\/wp\/v2\/users\/9"}],"replies":[{"embeddable":true,"href":"https:\/\/cepronda.com\/blog\/wp-json\/wp\/v2\/comments?post=9123"}],"version-history":[{"count":1,"href":"https:\/\/cepronda.com\/blog\/wp-json\/wp\/v2\/posts\/9123\/revisions"}],"predecessor-version":[{"id":9129,"href":"https:\/\/cepronda.com\/blog\/wp-json\/wp\/v2\/posts\/9123\/revisions\/9129"}],"wp:featuredmedia":[{"embeddable":true,"href":"https:\/\/cepronda.com\/blog\/wp-json\/wp\/v2\/media\/9128"}],"wp:attachment":[{"href":"https:\/\/cepronda.com\/blog\/wp-json\/wp\/v2\/media?parent=9123"}],"wp:term":[{"taxonomy":"category","embeddable":true,"href":"https:\/\/cepronda.com\/blog\/wp-json\/wp\/v2\/categories?post=9123"},{"taxonomy":"post_tag","embeddable":true,"href":"https:\/\/cepronda.com\/blog\/wp-json\/wp\/v2\/tags?post=9123"}],"curies":[{"name":"wp","href":"https:\/\/api.w.org\/{rel}","templated":true}]}}