{"id":9120,"date":"2025-12-10T20:11:39","date_gmt":"2025-12-10T19:11:39","guid":{"rendered":"https:\/\/cepronda.com\/blog\/?p=9120"},"modified":"2025-12-10T20:41:40","modified_gmt":"2025-12-10T19:41:40","slug":"comunicar-pensar-y-crear-un-recorrido-inclusivo-por-la-competencia-linguistica","status":"publish","type":"post","link":"https:\/\/cepronda.com\/blog\/comunicar-pensar-y-crear-un-recorrido-inclusivo-por-la-competencia-linguistica\/","title":{"rendered":"COMUNICAR, PENSAR Y CREAR: UN RECORRIDO INCLUSIVO POR LA COMPETENCIA LING\u00dc\u00cdSTICA."},"content":{"rendered":"<p>Se encuentra abierto el plazo de inscripci\u00f3n en el curso provincial, \u00ab<span data-offset-key=\"3arsb-0-0\">COMUNICAR, PENSAR Y CREAR: UN RECORRIDO INCLUSIVO POR LA COMPETENCIA LING\u00dc\u00cdSTICA <\/span>\u00bb (Itinerario formativo provincial de apoyo y dinamizaci\u00f3n del Plan de Lectura), con c\u00f3digo: <span data-offset-key=\"3arsb-0-0\">262926GE105<\/span>.<\/p>\n<p>Curso semipresencial de 12 horas de duraci\u00f3n. <span data-offset-key=\"3arsb-0-0\">Dirigido al profesorado dentro del Itinerario provincial del apoyo y dinamizaci\u00f3n de la lectura.<\/span><\/p>\n<p>Inscripciones desde el <span data-offset-key=\"3arsb-0-0\">10\/12\/2025 al 13\/01\/2026.<\/span><\/p>\n<p><span data-offset-key=\"3arsb-0-0\">Fecha de actividad 15\/01\/2026 hasta 18\/02\/2026.<\/span><\/p>\n<p>M\u00e1s informaci\u00f3n e inscripci\u00f3n:<br \/>\n<a href=\"https:\/\/secretariavirtual.juntadeandalucia.es\/secretariavirtual\/consultaCEP\/actividad\/262926GE105\/\">https:\/\/secretariavirtual.juntadeandalucia.es\/secretariavirtual\/consultaCEP\/actividad\/262926GE105\/<\/a><\/p>\n<p>&nbsp;<\/p>\n<p><img data-recalc-dims=\"1\" loading=\"lazy\" decoding=\"async\" class=\"aligncenter wp-image-9121\" src=\"https:\/\/i0.wp.com\/cepronda.com\/blog\/wp-content\/uploads\/2025\/12\/WhatsApp-Image-2025-12-10-at-13.05.32.jpeg?resize=500%2C500&#038;ssl=1\" alt=\"\" width=\"500\" height=\"500\" srcset=\"https:\/\/i0.wp.com\/cepronda.com\/blog\/wp-content\/uploads\/2025\/12\/WhatsApp-Image-2025-12-10-at-13.05.32.jpeg?w=800&amp;ssl=1 800w, https:\/\/i0.wp.com\/cepronda.com\/blog\/wp-content\/uploads\/2025\/12\/WhatsApp-Image-2025-12-10-at-13.05.32.jpeg?resize=300%2C300&amp;ssl=1 300w, https:\/\/i0.wp.com\/cepronda.com\/blog\/wp-content\/uploads\/2025\/12\/WhatsApp-Image-2025-12-10-at-13.05.32.jpeg?resize=150%2C150&amp;ssl=1 150w, https:\/\/i0.wp.com\/cepronda.com\/blog\/wp-content\/uploads\/2025\/12\/WhatsApp-Image-2025-12-10-at-13.05.32.jpeg?resize=768%2C768&amp;ssl=1 768w\" sizes=\"auto, (max-width: 500px) 100vw, 500px\" \/><\/p>\n<p>&nbsp;<\/p>\n<p>&nbsp;<\/p>\n","protected":false},"excerpt":{"rendered":"<p>Se encuentra abierto el plazo de inscripci\u00f3n en el curso provincial, \u00abCOMUNICAR, PENSAR Y CREAR: UN RECORRIDO INCLUSIVO POR LA COMPETENCIA LING\u00dc\u00cdSTICA \u00bb (Itinerario formativo provincial de apoyo y dinamizaci\u00f3n del Plan de Lectura), con c\u00f3digo: 262926GE105. Curso semipresencial de 12 horas de duraci\u00f3n. Dirigido al profesorado dentro del Itinerario provincial del apoyo y dinamizaci\u00f3n [&hellip;]<\/p>\n","protected":false},"author":9,"featured_media":9121,"comment_status":"closed","ping_status":"open","sticky":false,"template":"","format":"standard","meta":{"_crdt_document":"","advanced_seo_description":"","jetpack_seo_html_title":"","jetpack_seo_noindex":false,"jetpack_post_was_ever_published":false,"_jetpack_newsletter_access":"","_jetpack_dont_email_post_to_subs":false,"_jetpack_newsletter_tier_id":0,"_jetpack_memberships_contains_paywalled_content":false,"_jetpack_memberships_contains_paid_content":false,"footnotes":"","jetpack_publicize_message":"","jetpack_publicize_feature_enabled":true,"jetpack_social_post_already_shared":true,"jetpack_social_options":{"image_generator_settings":{"template":"highway","default_image_id":0,"font":"","enabled":false},"version":2}},"categories":[3],"tags":[430],"class_list":{"0":"post-9120","1":"post","2":"type-post","3":"status-publish","4":"format-standard","5":"has-post-thumbnail","7":"category-formaciones","8":"tag-plan-de-lectura","9":"czr-hentry"},"jetpack_publicize_connections":[],"jetpack_featured_media_url":"https:\/\/i0.wp.com\/cepronda.com\/blog\/wp-content\/uploads\/2025\/12\/WhatsApp-Image-2025-12-10-at-13.05.32.jpeg?fit=800%2C800&ssl=1","jetpack_shortlink":"https:\/\/wp.me\/p8M4X7-2n6","jetpack-related-posts":[{"id":7786,"url":"https:\/\/cepronda.com\/blog\/diseno-y-elaboracion-del-plan-de-lectura-planificada-en-los-centros-educativos-codigo-252923ge602\/","url_meta":{"origin":9120,"position":0},"title":"DISE\u00d1O Y ELABORACI\u00d3N DEL PLAN DE LECTURA PLANIFICADA EN LOS CENTROS EDUCATIVOS, c\u00f3digo 252923GE602.","author":"Inmaculada Garc\u00eda","date":"9 octubre, 2024","format":false,"excerpt":"Abierto el plazo de inscripci\u00f3n para el curso semipresencial provincial: DISE\u00d1O Y ELABORACI\u00d3N DEL PLAN DE LECTURA PLANIFICADA EN LOS CENTROS EDUCATIVOS, con c\u00f3digo 252923GE602, correspondiente a la Fase I del itinerario provincial de apoyo y dinamizaci\u00f3n del plan de lectura. De especial inter\u00e9s para los grupos de trabajo que\u2026","rel":"","context":"En \u00abFormaciones\u00bb","block_context":{"text":"Formaciones","link":"https:\/\/cepronda.com\/blog\/category\/formaciones\/"},"img":{"alt_text":"","src":"https:\/\/i0.wp.com\/cepronda.com\/blog\/wp-content\/uploads\/2024\/10\/unnamed.png?fit=800%2C800&ssl=1&resize=350%2C200","width":350,"height":200,"srcset":"https:\/\/i0.wp.com\/cepronda.com\/blog\/wp-content\/uploads\/2024\/10\/unnamed.png?fit=800%2C800&ssl=1&resize=350%2C200 1x, https:\/\/i0.wp.com\/cepronda.com\/blog\/wp-content\/uploads\/2024\/10\/unnamed.png?fit=800%2C800&ssl=1&resize=525%2C300 1.5x, https:\/\/i0.wp.com\/cepronda.com\/blog\/wp-content\/uploads\/2024\/10\/unnamed.png?fit=800%2C800&ssl=1&resize=700%2C400 2x"},"classes":[]},{"id":8003,"url":"https:\/\/cepronda.com\/blog\/curso-provincial-herramientas-digitales-para-trabajar-el-plan-de-lectura-planificada-y-en-la-biblioteca-codigo-252922ge062\/","url_meta":{"origin":9120,"position":1},"title":"CURSO PROVINCIAL: HERRAMIENTAS DIGITALES PARA TRABAJAR EL PLAN DE LECTURA PLANIFICADA Y EN LA BIBLIOTECA. C\u00f3digo: 252922GE062.","author":"Inmaculada Garc\u00eda","date":"8 enero, 2025","format":false,"excerpt":"Os informamos de que est\u00e1 abierto el plazo de inscripci\u00f3n para el curso provincial; HERRAMIENTAS DIGITALES PARA TRABAJAR EL PLAN DE LECTURA PLANIFICADA Y EN LA BIBLIOTECA. C\u00f3digo: 252922GE062. \u00a0 Curso a distancia de 20 horas en el AVFP dirigido al profesorado de Educaci\u00f3n Infantil, Primaria y Secundaria. \u00a0 Fecha\u2026","rel":"","context":"En \u00abFormaciones\u00bb","block_context":{"text":"Formaciones","link":"https:\/\/cepronda.com\/blog\/category\/formaciones\/"},"img":{"alt_text":"","src":"https:\/\/i0.wp.com\/cepronda.com\/blog\/wp-content\/uploads\/2025\/01\/WhatsApp-Image-2025-01-08-at-11.13.21.jpeg?fit=800%2C800&ssl=1&resize=350%2C200","width":350,"height":200,"srcset":"https:\/\/i0.wp.com\/cepronda.com\/blog\/wp-content\/uploads\/2025\/01\/WhatsApp-Image-2025-01-08-at-11.13.21.jpeg?fit=800%2C800&ssl=1&resize=350%2C200 1x, https:\/\/i0.wp.com\/cepronda.com\/blog\/wp-content\/uploads\/2025\/01\/WhatsApp-Image-2025-01-08-at-11.13.21.jpeg?fit=800%2C800&ssl=1&resize=525%2C300 1.5x, https:\/\/i0.wp.com\/cepronda.com\/blog\/wp-content\/uploads\/2025\/01\/WhatsApp-Image-2025-01-08-at-11.13.21.jpeg?fit=800%2C800&ssl=1&resize=700%2C400 2x"},"classes":[]},{"id":8903,"url":"https:\/\/cepronda.com\/blog\/diseno-y-elaboracion-del-plan-de-lectura-planificada-en-los-centros-educativos-269923pf545\/","url_meta":{"origin":9120,"position":2},"title":"DISE\u00d1O Y ELABORACI\u00d3N DEL PLAN DE LECTURA PLANIFICADA EN LOS CENTROS EDUCATIVOS.","author":"Inmaculada Garc\u00eda","date":"9 octubre, 2025","format":false,"excerpt":"Se encuentra abierto el plazo de inscripci\u00f3n en el curso provincial, \"DISE\u00d1O Y ELABORACI\u00d3N DEL PLAN DE LECTURA PLANIFICADA EN LOS CENTROS EDUCATIVOS\" (Itinerario formativo provincial para la creaci\u00f3n, seguimiento, evaluaci\u00f3n y difusi\u00f3n de buenas pr\u00e1cticas del Plan de Lectura), con c\u00f3digo: 269923PF545. Inscripciones desde el 9 de octubre al\u2026","rel":"","context":"En \u00abFormaciones\u00bb","block_context":{"text":"Formaciones","link":"https:\/\/cepronda.com\/blog\/category\/formaciones\/"},"img":{"alt_text":"","src":"https:\/\/i0.wp.com\/cepronda.com\/blog\/wp-content\/uploads\/2025\/10\/WhatsApp-Image-2025-10-09-at-11.12.44.jpeg?fit=800%2C800&ssl=1&resize=350%2C200","width":350,"height":200,"srcset":"https:\/\/i0.wp.com\/cepronda.com\/blog\/wp-content\/uploads\/2025\/10\/WhatsApp-Image-2025-10-09-at-11.12.44.jpeg?fit=800%2C800&ssl=1&resize=350%2C200 1x, https:\/\/i0.wp.com\/cepronda.com\/blog\/wp-content\/uploads\/2025\/10\/WhatsApp-Image-2025-10-09-at-11.12.44.jpeg?fit=800%2C800&ssl=1&resize=525%2C300 1.5x, https:\/\/i0.wp.com\/cepronda.com\/blog\/wp-content\/uploads\/2025\/10\/WhatsApp-Image-2025-10-09-at-11.12.44.jpeg?fit=800%2C800&ssl=1&resize=700%2C400 2x"},"classes":[]},{"id":9203,"url":"https:\/\/cepronda.com\/blog\/curso-regional-a-distancia-curso-para-profesorado-de-area-no-linguistica-en-ingles\/","url_meta":{"origin":9120,"position":3},"title":"CURSO REGIONAL A DISTANCIA: CURSO PARA PROFESORADO DE \u00c1REA NO LING\u00dc\u00cdSTICA EN INGL\u00c9S","author":"Encarni Jim\u00e9nez Rosado","date":"13 enero, 2026","format":false,"excerpt":"Abierto plazo de inscripci\u00f3n para curso \u201cREGIONAL A DISTANCIA: CURSO PARA PROFESORADO DE \u00c1REA NO LING\u00dc\u00cdSTICA EN INGL\u00c9S\u201d. C\u00f3digo: 26K9926AV156. Dirigido al profesorado de \u00e1reas no ling\u00fc\u00edsticas de centro biling\u00fces de Andaluc\u00eda. Inscripci\u00f3n: 07\/01\/2026 al 21\/01\/2026. Fecha de realizaci\u00f3n de la actividad 27\/01\/2026 hasta 26\/03\/2026. M\u00e1s informaci\u00f3n e inscripci\u00f3n: https:\/\/secretariavirtual.juntadeandalucia.es\/secretariavirtual\/consultaCEP\/actividad\/26K9926AV156\/","rel":"","context":"En \u00abFormaciones\u00bb","block_context":{"text":"Formaciones","link":"https:\/\/cepronda.com\/blog\/category\/formaciones\/"},"img":{"alt_text":"","src":"","width":0,"height":0},"classes":[]},{"id":7480,"url":"https:\/\/cepronda.com\/blog\/como-mejorar-la-competencia-linguistica\/","url_meta":{"origin":9120,"position":4},"title":"\u00bfC\u00d3MO MEJORAR LA COMPETENCIA LING\u00dc\u00cdSTICA?","author":"Maribel Mu\u00f1oz","date":"20 febrero, 2024","format":false,"excerpt":"Abierto el plazo de inscripci\u00f3n para la formaci\u00f3n\u00a0\u201c\u00bfC\u00d3MO MEJORAR LA COMPETENCIA LING\u00dc\u00cdSTICA?\u201d. C\u00d3DIGO 242924GE021. Duraci\u00f3n de la actividad\u00a010 horas: 6 horas presenciales , 3 horas videoconferencia y 1 hora no presencial. Lugar de realizaci\u00f3n: Aula del CEP de Ronda y plataforma de videoconferencias. Fecha inscripci\u00f3n: 20\/02\/2024 hasta 30\/03\/2024 Fecha actividad:\u2026","rel":"","context":"En \u00abFormaciones\u00bb","block_context":{"text":"Formaciones","link":"https:\/\/cepronda.com\/blog\/category\/formaciones\/"},"img":{"alt_text":"","src":"https:\/\/i0.wp.com\/cepronda.com\/blog\/wp-content\/uploads\/2024\/02\/WhatsApp-Image-2024-02-20-at-12.32.48.jpeg?fit=1080%2C1080&ssl=1&resize=350%2C200","width":350,"height":200,"srcset":"https:\/\/i0.wp.com\/cepronda.com\/blog\/wp-content\/uploads\/2024\/02\/WhatsApp-Image-2024-02-20-at-12.32.48.jpeg?fit=1080%2C1080&ssl=1&resize=350%2C200 1x, https:\/\/i0.wp.com\/cepronda.com\/blog\/wp-content\/uploads\/2024\/02\/WhatsApp-Image-2024-02-20-at-12.32.48.jpeg?fit=1080%2C1080&ssl=1&resize=525%2C300 1.5x, https:\/\/i0.wp.com\/cepronda.com\/blog\/wp-content\/uploads\/2024\/02\/WhatsApp-Image-2024-02-20-at-12.32.48.jpeg?fit=1080%2C1080&ssl=1&resize=700%2C400 2x, https:\/\/i0.wp.com\/cepronda.com\/blog\/wp-content\/uploads\/2024\/02\/WhatsApp-Image-2024-02-20-at-12.32.48.jpeg?fit=1080%2C1080&ssl=1&resize=1050%2C600 3x"},"classes":[]},{"id":6015,"url":"https:\/\/cepronda.com\/blog\/curso-competencia-digital-docente-a1\/","url_meta":{"origin":9120,"position":5},"title":"CURSO \u00abCOMPETENCIA DIGITAL DOCENTE A1\u00bb","author":"Inmaculada Garc\u00eda","date":"7 julio, 2023","format":false,"excerpt":"Se ha abierto el plazo para el Curso Provincial, a Distancia, de 40 horas de desempe\u00f1o: \"COMPETENCIA DIGITAL DOCENTE NIVEL A1 (232924XPF420)\" M\u00e1s informaci\u00f3n e inscripci\u00f3n: https:\/\/www.juntadeandalucia.es\/educacion\/secretariavirtual\/consultaCEP\/actividad\/232924XPF420\/ Fecha actividad:\u00a014\/07\/2023 hasta 13\/08\/2023 Fecha inscripci\u00f3n:\u00a007\/07\/2023 hasta 13\/07\/2023 Esperamos que sea de vuestro inter\u00e9s. \u00a0","rel":"","context":"En \u00abFormaciones\u00bb","block_context":{"text":"Formaciones","link":"https:\/\/cepronda.com\/blog\/category\/formaciones\/"},"img":{"alt_text":"","src":"https:\/\/i0.wp.com\/cepronda.com\/blog\/wp-content\/uploads\/2023\/07\/DEFINITIVO-CDD-A1.jpg?fit=993%2C988&ssl=1&resize=350%2C200","width":350,"height":200,"srcset":"https:\/\/i0.wp.com\/cepronda.com\/blog\/wp-content\/uploads\/2023\/07\/DEFINITIVO-CDD-A1.jpg?fit=993%2C988&ssl=1&resize=350%2C200 1x, https:\/\/i0.wp.com\/cepronda.com\/blog\/wp-content\/uploads\/2023\/07\/DEFINITIVO-CDD-A1.jpg?fit=993%2C988&ssl=1&resize=525%2C300 1.5x, https:\/\/i0.wp.com\/cepronda.com\/blog\/wp-content\/uploads\/2023\/07\/DEFINITIVO-CDD-A1.jpg?fit=993%2C988&ssl=1&resize=700%2C400 2x"},"classes":[]}],"jetpack_sharing_enabled":true,"_links":{"self":[{"href":"https:\/\/cepronda.com\/blog\/wp-json\/wp\/v2\/posts\/9120","targetHints":{"allow":["GET"]}}],"collection":[{"href":"https:\/\/cepronda.com\/blog\/wp-json\/wp\/v2\/posts"}],"about":[{"href":"https:\/\/cepronda.com\/blog\/wp-json\/wp\/v2\/types\/post"}],"author":[{"embeddable":true,"href":"https:\/\/cepronda.com\/blog\/wp-json\/wp\/v2\/users\/9"}],"replies":[{"embeddable":true,"href":"https:\/\/cepronda.com\/blog\/wp-json\/wp\/v2\/comments?post=9120"}],"version-history":[{"count":3,"href":"https:\/\/cepronda.com\/blog\/wp-json\/wp\/v2\/posts\/9120\/revisions"}],"predecessor-version":[{"id":9131,"href":"https:\/\/cepronda.com\/blog\/wp-json\/wp\/v2\/posts\/9120\/revisions\/9131"}],"wp:featuredmedia":[{"embeddable":true,"href":"https:\/\/cepronda.com\/blog\/wp-json\/wp\/v2\/media\/9121"}],"wp:attachment":[{"href":"https:\/\/cepronda.com\/blog\/wp-json\/wp\/v2\/media?parent=9120"}],"wp:term":[{"taxonomy":"category","embeddable":true,"href":"https:\/\/cepronda.com\/blog\/wp-json\/wp\/v2\/categories?post=9120"},{"taxonomy":"post_tag","embeddable":true,"href":"https:\/\/cepronda.com\/blog\/wp-json\/wp\/v2\/tags?post=9120"}],"curies":[{"name":"wp","href":"https:\/\/api.w.org\/{rel}","templated":true}]}}