{"id":9113,"date":"2025-12-05T11:39:36","date_gmt":"2025-12-05T10:39:36","guid":{"rendered":"https:\/\/cepronda.com\/blog\/?p=9113"},"modified":"2025-12-05T11:39:36","modified_gmt":"2025-12-05T10:39:36","slug":"proyectos-erasmus-de-corta-duracion-ka122-vet-2026-sector-formacion-profesional","status":"publish","type":"post","link":"https:\/\/cepronda.com\/blog\/proyectos-erasmus-de-corta-duracion-ka122-vet-2026-sector-formacion-profesional\/","title":{"rendered":"PROYECTOS ERASMUS+ DE CORTA DURACI\u00d3N KA122-VET 2026 (SECTOR FORMACI\u00d3N PROFESIONAL)."},"content":{"rendered":"<div class=\"\" data-block=\"true\" data-editor=\"chd89\" data-offset-key=\"a3073-0-0\">\n<div class=\"_1mf _1mj\" data-offset-key=\"a3073-0-0\"><span data-offset-key=\"a3073-0-0\">Se encuentra abierto el plazo de inscripci\u00f3n en el curso: PROYECTOS ERASMUS+ DE CORTA DURACI\u00d3N KA122-VET 2026 (SECTOR FORMACI\u00d3N PROFESIONAL). C\u00f3digo: 269922KFP496.<\/span><\/div>\n<\/div>\n<div class=\"\" data-block=\"true\" data-editor=\"chd89\" data-offset-key=\"9vnjd-0-0\">\n<div class=\"_1mf _1mj\" data-offset-key=\"9vnjd-0-0\"><span data-offset-key=\"9vnjd-0-0\">\u00a0<\/span><\/div>\n<\/div>\n<div class=\"\" data-block=\"true\" data-editor=\"chd89\" data-offset-key=\"efafm-0-0\">\n<div class=\"_1mf _1mj\" data-offset-key=\"efafm-0-0\"><span data-offset-key=\"efafm-0-0\">&#x270f; Inscripci\u00f3n del 4 al 15 de diciembre 2025<\/span><\/div>\n<\/div>\n<div class=\"\" data-block=\"true\" data-editor=\"chd89\" data-offset-key=\"6g1sv-0-0\">\n<div class=\"_1mf _1mj\" data-offset-key=\"6g1sv-0-0\"><span data-offset-key=\"6g1sv-0-0\">&#x1f4c5; Actividad del 19 de diciembre 2025 al 13 de febrero 2026<\/span><\/div>\n<\/div>\n<div class=\"\" data-block=\"true\" data-editor=\"chd89\" data-offset-key=\"5e6dd-0-0\">\n<div class=\"_1mf _1mj\" data-offset-key=\"5e6dd-0-0\"><span data-offset-key=\"5e6dd-0-0\">&#x27a1; Duraci\u00f3n: 30 horas (6 por Webex y 24 en AVFP)<\/span><\/div>\n<\/div>\n<div class=\"\" data-block=\"true\" data-editor=\"chd89\" data-offset-key=\"1mgae-0-0\">\n<div class=\"_1mf _1mj\" data-offset-key=\"1mgae-0-0\"><span data-offset-key=\"1mgae-0-0\">&#x1f517; M\u00e1s informaci\u00f3n:<\/span><\/div>\n<\/div>\n<div class=\"\" data-block=\"true\" data-editor=\"chd89\" data-offset-key=\"45tfo-0-0\">\n<div class=\"_1mf _1mj\" data-offset-key=\"45tfo-0-0\"><a href=\"https:\/\/secretariavirtual.juntadeandalucia.es\/secretariavirtual\/consultaCEP\/actividad\/269922KFP496\/\"><span data-offset-key=\"45tfo-0-0\">https:\/\/secretariavirtual.juntadeandalucia.es\/secretariavirtual\/consultaCEP\/actividad\/269922KFP496\/<\/span><\/a><\/div>\n<div data-offset-key=\"45tfo-0-0\"><\/div>\n<\/div>\n<div data-offset-key=\"45tfo-0-0\"><span data-offset-key=\"1mgae-0-0\"><img data-recalc-dims=\"1\" loading=\"lazy\" decoding=\"async\" class=\"aligncenter wp-image-9114\" src=\"https:\/\/i0.wp.com\/cepronda.com\/blog\/wp-content\/uploads\/2025\/12\/WhatsApp-Image-2025-12-05-at-08.48.57.jpeg?resize=403%2C403&#038;ssl=1\" alt=\"\" width=\"403\" height=\"403\" srcset=\"https:\/\/i0.wp.com\/cepronda.com\/blog\/wp-content\/uploads\/2025\/12\/WhatsApp-Image-2025-12-05-at-08.48.57.jpeg?resize=1024%2C1024&amp;ssl=1 1024w, https:\/\/i0.wp.com\/cepronda.com\/blog\/wp-content\/uploads\/2025\/12\/WhatsApp-Image-2025-12-05-at-08.48.57.jpeg?resize=300%2C300&amp;ssl=1 300w, https:\/\/i0.wp.com\/cepronda.com\/blog\/wp-content\/uploads\/2025\/12\/WhatsApp-Image-2025-12-05-at-08.48.57.jpeg?resize=150%2C150&amp;ssl=1 150w, https:\/\/i0.wp.com\/cepronda.com\/blog\/wp-content\/uploads\/2025\/12\/WhatsApp-Image-2025-12-05-at-08.48.57.jpeg?resize=768%2C768&amp;ssl=1 768w, https:\/\/i0.wp.com\/cepronda.com\/blog\/wp-content\/uploads\/2025\/12\/WhatsApp-Image-2025-12-05-at-08.48.57.jpeg?w=1080&amp;ssl=1 1080w\" sizes=\"auto, (max-width: 403px) 100vw, 403px\" \/><\/span><\/div>\n","protected":false},"excerpt":{"rendered":"<p>Se encuentra abierto el plazo de inscripci\u00f3n en el curso: PROYECTOS ERASMUS+ DE CORTA DURACI\u00d3N KA122-VET 2026 (SECTOR FORMACI\u00d3N PROFESIONAL). C\u00f3digo: 269922KFP496. \u00a0 &#x270f; Inscripci\u00f3n del 4 al 15 de diciembre 2025 &#x1f4c5; Actividad del 19 de diciembre 2025 al 13 de febrero 2026 &#x27a1; Duraci\u00f3n: 30 horas (6 por Webex y 24 en AVFP) [&hellip;]<\/p>\n","protected":false},"author":9,"featured_media":9114,"comment_status":"closed","ping_status":"open","sticky":false,"template":"","format":"standard","meta":{"_crdt_document":"","advanced_seo_description":"","jetpack_seo_html_title":"","jetpack_seo_noindex":false,"jetpack_post_was_ever_published":false,"_jetpack_newsletter_access":"","_jetpack_dont_email_post_to_subs":false,"_jetpack_newsletter_tier_id":0,"_jetpack_memberships_contains_paywalled_content":false,"_jetpack_memberships_contains_paid_content":false,"footnotes":"","jetpack_publicize_message":"","jetpack_publicize_feature_enabled":true,"jetpack_social_post_already_shared":true,"jetpack_social_options":{"image_generator_settings":{"template":"highway","default_image_id":0,"font":"","enabled":false},"version":2}},"categories":[3],"tags":[],"class_list":{"0":"post-9113","1":"post","2":"type-post","3":"status-publish","4":"format-standard","5":"has-post-thumbnail","7":"category-formaciones","8":"czr-hentry"},"jetpack_publicize_connections":[],"jetpack_featured_media_url":"https:\/\/i0.wp.com\/cepronda.com\/blog\/wp-content\/uploads\/2025\/12\/WhatsApp-Image-2025-12-05-at-08.48.57.jpeg?fit=1080%2C1080&ssl=1","jetpack_shortlink":"https:\/\/wp.me\/p8M4X7-2mZ","jetpack-related-posts":[{"id":7861,"url":"https:\/\/cepronda.com\/blog\/formacion-proyectos-erasmus-de-corta-duracion-ka122-vet-2025-sector-formacion-profesional-codigo-259922kpi496\/","url_meta":{"origin":9113,"position":0},"title":"Formaci\u00f3n: PROYECTOS ERASMUS+ DE CORTA DURACI\u00d3N KA122-VET 2025 (SECTOR FORMACI\u00d3N PROFESIONAL), c\u00f3digo 259922KPI496.","author":"Inmaculada Garc\u00eda","date":"22 noviembre, 2024","format":false,"excerpt":"Se encuentra abierto el plazo de inscripci\u00f3n al curso PROYECTOS ERASMUS+ DE CORTA DURACI\u00d3N KA122-VET 2025 (SECTOR FORMACI\u00d3N PROFESIONAL), c\u00f3digo 259922KPI496. \u270f Inscripci\u00f3n del 28 nov al 13 dic 2024 Actividad del 20 dic al 14 feb 2025 \u27a1 Duraci\u00f3n: 30 horas (6 por Webex y 24 en AVFP) M\u00e1s\u2026","rel":"","context":"En \u00abFormaciones\u00bb","block_context":{"text":"Formaciones","link":"https:\/\/cepronda.com\/blog\/category\/formaciones\/"},"img":{"alt_text":"","src":"https:\/\/i0.wp.com\/cepronda.com\/blog\/wp-content\/uploads\/2024\/11\/WhatsApp-Image-2024-11-22-at-12.27.02.jpeg?fit=1080%2C1080&ssl=1&resize=350%2C200","width":350,"height":200,"srcset":"https:\/\/i0.wp.com\/cepronda.com\/blog\/wp-content\/uploads\/2024\/11\/WhatsApp-Image-2024-11-22-at-12.27.02.jpeg?fit=1080%2C1080&ssl=1&resize=350%2C200 1x, https:\/\/i0.wp.com\/cepronda.com\/blog\/wp-content\/uploads\/2024\/11\/WhatsApp-Image-2024-11-22-at-12.27.02.jpeg?fit=1080%2C1080&ssl=1&resize=525%2C300 1.5x, https:\/\/i0.wp.com\/cepronda.com\/blog\/wp-content\/uploads\/2024\/11\/WhatsApp-Image-2024-11-22-at-12.27.02.jpeg?fit=1080%2C1080&ssl=1&resize=700%2C400 2x, https:\/\/i0.wp.com\/cepronda.com\/blog\/wp-content\/uploads\/2024\/11\/WhatsApp-Image-2024-11-22-at-12.27.02.jpeg?fit=1080%2C1080&ssl=1&resize=1050%2C600 3x"},"classes":[]},{"id":9116,"url":"https:\/\/cepronda.com\/blog\/proyectos-erasmus-no-acreditados-2026-sector-escolar-y-adultos\/","url_meta":{"origin":9113,"position":1},"title":"PROYECTOS ERASMUS+ NO ACREDITADOS 2026 (SECTOR ESCOLAR Y ADULTOS)","author":"Inmaculada Garc\u00eda","date":"5 diciembre, 2025","format":false,"excerpt":"Se encuentra abierto el plazo de inscripci\u00f3n en el curso: PROYECTOS ERASMUS+ NO ACREDITADOS 2026 (SECTOR ESCOLAR Y ADULTOS). C\u00f3digo: 269923KPI546. Inscripci\u00f3n del 4 al 15 de diciembre 2025 Actividad del 19 de diciembre 2025 al 13 de febrero 2026 Duraci\u00f3n: 30 horas (6 por Webex y 24 en AVFP)\u2026","rel":"","context":"En \u00abFormaciones\u00bb","block_context":{"text":"Formaciones","link":"https:\/\/cepronda.com\/blog\/category\/formaciones\/"},"img":{"alt_text":"","src":"https:\/\/i0.wp.com\/cepronda.com\/blog\/wp-content\/uploads\/2025\/12\/erasmus-no-acreditados.png?fit=800%2C800&ssl=1&resize=350%2C200","width":350,"height":200,"srcset":"https:\/\/i0.wp.com\/cepronda.com\/blog\/wp-content\/uploads\/2025\/12\/erasmus-no-acreditados.png?fit=800%2C800&ssl=1&resize=350%2C200 1x, https:\/\/i0.wp.com\/cepronda.com\/blog\/wp-content\/uploads\/2025\/12\/erasmus-no-acreditados.png?fit=800%2C800&ssl=1&resize=525%2C300 1.5x, https:\/\/i0.wp.com\/cepronda.com\/blog\/wp-content\/uploads\/2025\/12\/erasmus-no-acreditados.png?fit=800%2C800&ssl=1&resize=700%2C400 2x"},"classes":[]},{"id":7870,"url":"https:\/\/cepronda.com\/blog\/curso-proyectos-erasmus-no-acreditados-2025-sector-escolar-y-adultos-con-codigo-259923kpi546\/","url_meta":{"origin":9113,"position":2},"title":"CURSO: PROYECTOS ERASMUS+ NO ACREDITADOS 2025 (SECTOR ESCOLAR Y ADULTOS), con c\u00f3digo 259923KPI546.","author":"Inmaculada Garc\u00eda","date":"28 noviembre, 2024","format":false,"excerpt":"Abierto el plazo de solicitudes para el curso provincial semipresencial: \u00a0 PROYECTOS ERASMUS+ NO ACREDITADOS 2025 (SECTOR ESCOLAR Y ADULTOS), con c\u00f3digo 259923KPI546. \u270f Inscripci\u00f3n del 28 nov al 13 dic 2024 Actividad del 20 dic al 14 feb 2025 \u27a1 Duraci\u00f3n: 30 horas (6 por Webex y 24 en\u2026","rel":"","context":"En \u00abFormaciones\u00bb","block_context":{"text":"Formaciones","link":"https:\/\/cepronda.com\/blog\/category\/formaciones\/"},"img":{"alt_text":"","src":"https:\/\/i0.wp.com\/cepronda.com\/blog\/wp-content\/uploads\/2024\/11\/Cartel-Curso-Erasmus-202425.png?fit=800%2C800&ssl=1&resize=350%2C200","width":350,"height":200,"srcset":"https:\/\/i0.wp.com\/cepronda.com\/blog\/wp-content\/uploads\/2024\/11\/Cartel-Curso-Erasmus-202425.png?fit=800%2C800&ssl=1&resize=350%2C200 1x, https:\/\/i0.wp.com\/cepronda.com\/blog\/wp-content\/uploads\/2024\/11\/Cartel-Curso-Erasmus-202425.png?fit=800%2C800&ssl=1&resize=525%2C300 1.5x, https:\/\/i0.wp.com\/cepronda.com\/blog\/wp-content\/uploads\/2024\/11\/Cartel-Curso-Erasmus-202425.png?fit=800%2C800&ssl=1&resize=700%2C400 2x"},"classes":[]},{"id":7266,"url":"https:\/\/cepronda.com\/blog\/formacion-elaboracion-de-proyectos-de-calidad-erasmus-2024-249923pi303\/","url_meta":{"origin":9113,"position":3},"title":"FORMACI\u00d3N: ELABORACI\u00d3N DE PROYECTOS DE CALIDAD ERASMUS 2024\u00a0(249923PI303)","author":"Inmaculada Garc\u00eda","date":"11 diciembre, 2023","format":false,"excerpt":"Abierto el plazo de inscripci\u00f3n para el curso a distancia Provincial : ELABORACI\u00d3N DE PROYECTOS DE CALIDAD ERASMUS 2024\u00a0(249923PI303) Duraci\u00f3n: 20 horas Fecha actividad:\u00a021\/12\/2023 hasta 29\/02\/2024 Fecha inscripci\u00f3n: 04\/12\/2023 hasta 18\/12\/2023 Lugar: AVFP( aula virtual de formaci\u00f3n de profesorado) Sesiones de videoconferencia duplicadas en horario de ma\u00f1ana y tarde para\u2026","rel":"","context":"En \u00abFormaciones\u00bb","block_context":{"text":"Formaciones","link":"https:\/\/cepronda.com\/blog\/category\/formaciones\/"},"img":{"alt_text":"","src":"https:\/\/i0.wp.com\/cepronda.com\/blog\/wp-content\/uploads\/2023\/12\/WhatsApp-Image-2023-12-11-at-12.47.10.jpeg?fit=800%2C800&ssl=1&resize=350%2C200","width":350,"height":200,"srcset":"https:\/\/i0.wp.com\/cepronda.com\/blog\/wp-content\/uploads\/2023\/12\/WhatsApp-Image-2023-12-11-at-12.47.10.jpeg?fit=800%2C800&ssl=1&resize=350%2C200 1x, https:\/\/i0.wp.com\/cepronda.com\/blog\/wp-content\/uploads\/2023\/12\/WhatsApp-Image-2023-12-11-at-12.47.10.jpeg?fit=800%2C800&ssl=1&resize=525%2C300 1.5x, https:\/\/i0.wp.com\/cepronda.com\/blog\/wp-content\/uploads\/2023\/12\/WhatsApp-Image-2023-12-11-at-12.47.10.jpeg?fit=800%2C800&ssl=1&resize=700%2C400 2x"},"classes":[]},{"id":7822,"url":"https:\/\/cepronda.com\/blog\/gestion-economica-de-proyectos-erasmus-3\/","url_meta":{"origin":9113,"position":4},"title":"GESTI\u00d3N ECON\u00d3MICA DE PROYECTOS ERASMUS+","author":"Maribel Mu\u00f1oz","date":"30 octubre, 2024","format":false,"excerpt":"Abierto el plazo de inscripciones en la actividad provincial GESTI\u00d3N ECON\u00d3MICA DE PROYECTOS ERASMUS+\u00a0 con c\u00f3digo 259924KPI469. Duraci\u00f3n de la actividad: 12 horas ( 3 horas por videoconferencia\u00a0 y\u00a0 9 horas\u00a0 para tareas en el AVFP) Fecha de inscripci\u00f3n: 30\/10\/2024 hasta 17\/11\/2024 Fecha de la actividad:\u00a0 2\u00a0 al 18 de\u2026","rel":"","context":"En \u00abFormaciones\u00bb","block_context":{"text":"Formaciones","link":"https:\/\/cepronda.com\/blog\/category\/formaciones\/"},"img":{"alt_text":"","src":"https:\/\/i0.wp.com\/cepronda.com\/blog\/wp-content\/uploads\/2024\/10\/259924KPI469-GESTION-ECONOMICA-DE-PROYECTOS-ERASMUS.png?fit=1080%2C1080&ssl=1&resize=350%2C200","width":350,"height":200,"srcset":"https:\/\/i0.wp.com\/cepronda.com\/blog\/wp-content\/uploads\/2024\/10\/259924KPI469-GESTION-ECONOMICA-DE-PROYECTOS-ERASMUS.png?fit=1080%2C1080&ssl=1&resize=350%2C200 1x, https:\/\/i0.wp.com\/cepronda.com\/blog\/wp-content\/uploads\/2024\/10\/259924KPI469-GESTION-ECONOMICA-DE-PROYECTOS-ERASMUS.png?fit=1080%2C1080&ssl=1&resize=525%2C300 1.5x, https:\/\/i0.wp.com\/cepronda.com\/blog\/wp-content\/uploads\/2024\/10\/259924KPI469-GESTION-ECONOMICA-DE-PROYECTOS-ERASMUS.png?fit=1080%2C1080&ssl=1&resize=700%2C400 2x, https:\/\/i0.wp.com\/cepronda.com\/blog\/wp-content\/uploads\/2024\/10\/259924KPI469-GESTION-ECONOMICA-DE-PROYECTOS-ERASMUS.png?fit=1080%2C1080&ssl=1&resize=1050%2C600 3x"},"classes":[]},{"id":8965,"url":"https:\/\/cepronda.com\/blog\/gestion-administrativa-y-economica-de-proyectos-erasmus-2\/","url_meta":{"origin":9113,"position":5},"title":"GESTI\u00d3N ADMINISTRATIVA Y ECON\u00d3MICA DE PROYECTOS ERASMUS+","author":"Maribel Mu\u00f1oz","date":"22 octubre, 2025","format":false,"excerpt":"Se encuentra abierto el plazo de inscripci\u00f3n en el curso provincial, \"GESTI\u00d3N ADMINISTRATIVA Y ECON\u00d3MICA DE PROYECTOS ERASMUS+\", con c\u00f3digo: 269924KPI461. Inscripciones: del 22\u00a0 de octubre al 30\u00a0 de octubre. Publicaci\u00f3n del listado de admisi\u00f3n provisional:\u00a031 de octubre de 2025 a las 10:00 horas. Publicaci\u00f3n del listado de admisi\u00f3n definitiva:\u2026","rel":"","context":"En \u00abFormaciones\u00bb","block_context":{"text":"Formaciones","link":"https:\/\/cepronda.com\/blog\/category\/formaciones\/"},"img":{"alt_text":"","src":"https:\/\/i0.wp.com\/cepronda.com\/blog\/wp-content\/uploads\/2025\/10\/WhatsApp-Image-2025-10-23-at-10.24.03.jpeg?fit=960%2C1200&ssl=1&resize=350%2C200","width":350,"height":200,"srcset":"https:\/\/i0.wp.com\/cepronda.com\/blog\/wp-content\/uploads\/2025\/10\/WhatsApp-Image-2025-10-23-at-10.24.03.jpeg?fit=960%2C1200&ssl=1&resize=350%2C200 1x, https:\/\/i0.wp.com\/cepronda.com\/blog\/wp-content\/uploads\/2025\/10\/WhatsApp-Image-2025-10-23-at-10.24.03.jpeg?fit=960%2C1200&ssl=1&resize=525%2C300 1.5x, https:\/\/i0.wp.com\/cepronda.com\/blog\/wp-content\/uploads\/2025\/10\/WhatsApp-Image-2025-10-23-at-10.24.03.jpeg?fit=960%2C1200&ssl=1&resize=700%2C400 2x"},"classes":[]}],"jetpack_sharing_enabled":true,"_links":{"self":[{"href":"https:\/\/cepronda.com\/blog\/wp-json\/wp\/v2\/posts\/9113","targetHints":{"allow":["GET"]}}],"collection":[{"href":"https:\/\/cepronda.com\/blog\/wp-json\/wp\/v2\/posts"}],"about":[{"href":"https:\/\/cepronda.com\/blog\/wp-json\/wp\/v2\/types\/post"}],"author":[{"embeddable":true,"href":"https:\/\/cepronda.com\/blog\/wp-json\/wp\/v2\/users\/9"}],"replies":[{"embeddable":true,"href":"https:\/\/cepronda.com\/blog\/wp-json\/wp\/v2\/comments?post=9113"}],"version-history":[{"count":1,"href":"https:\/\/cepronda.com\/blog\/wp-json\/wp\/v2\/posts\/9113\/revisions"}],"predecessor-version":[{"id":9115,"href":"https:\/\/cepronda.com\/blog\/wp-json\/wp\/v2\/posts\/9113\/revisions\/9115"}],"wp:featuredmedia":[{"embeddable":true,"href":"https:\/\/cepronda.com\/blog\/wp-json\/wp\/v2\/media\/9114"}],"wp:attachment":[{"href":"https:\/\/cepronda.com\/blog\/wp-json\/wp\/v2\/media?parent=9113"}],"wp:term":[{"taxonomy":"category","embeddable":true,"href":"https:\/\/cepronda.com\/blog\/wp-json\/wp\/v2\/categories?post=9113"},{"taxonomy":"post_tag","embeddable":true,"href":"https:\/\/cepronda.com\/blog\/wp-json\/wp\/v2\/tags?post=9113"}],"curies":[{"name":"wp","href":"https:\/\/api.w.org\/{rel}","templated":true}]}}