{"id":9083,"date":"2025-12-04T12:56:20","date_gmt":"2025-12-04T11:56:20","guid":{"rendered":"https:\/\/cepronda.com\/blog\/?p=9083"},"modified":"2025-12-04T12:56:20","modified_gmt":"2025-12-04T11:56:20","slug":"experiencia-de-exito-denyp-2023-responsabilidad-afectiva-tods-junt-a-porticate","status":"publish","type":"post","link":"https:\/\/cepronda.com\/blog\/experiencia-de-exito-denyp-2023-responsabilidad-afectiva-tods-junt-a-porticate\/","title":{"rendered":"EXPERIENCIA DE \u00c9XITO: DENYP 2023: Responsabilidad Afectiva (Tod@s junt@ a Porticate)"},"content":{"rendered":"<p><span style=\"font-weight: inherit;\">\u00bfC\u00f3mo construimos relaciones sanas y un entorno de #Paz en el aula? &#x1f914;<\/span><\/p>\n<div>\n<p data-path-to-node=\"5\">El IES Alfaguara (Yunquera) nos demuestra la importancia de la <b>#ResponsabilidadAfectiva<\/b> con su inspiradora jornada DENyP 2023. &#x1f91d;<\/p>\n<p data-path-to-node=\"6\">A trav\u00e9s de talleres din\u00e1micos de <b>Resoluci\u00f3n de Conflictos<\/b> y <b>Cohesi\u00f3n de Grupo<\/b>, su alumnado de ESO y Bachillerato aprendi\u00f3 de forma l\u00fadica sobre:<\/p>\n<ul data-path-to-node=\"7\">\n<li>\n<p data-path-to-node=\"7,0,0\">La importancia del respeto.<\/p>\n<\/li>\n<li>\n<p data-path-to-node=\"7,1,0\">La comunicaci\u00f3n asertiva.<\/p>\n<\/li>\n<li>\n<p data-path-to-node=\"7,2,0\">El establecimiento de l\u00edmites.<\/p>\n<\/li>\n<\/ul>\n<p data-path-to-node=\"8\">\u00a1Un ejemplo de #Educaci\u00f3nEmocional en acci\u00f3n para fomentar la #ConvivenciaPositiva! &#x1f447;<\/p>\n<h2>\u00a0\u00a1Descubre la Experiencia!<\/h2>\n<p data-path-to-node=\"9\">Lee el desarrollo completo de esta experiencia educativa de \u00e9xito en M\u00e1laga: <a class=\"ng-star-inserted\" href=\"https:\/\/www.experienciaseducativasmalaga.com\/2024\/05\/denyp-2023-responsabilidad-afectiva.html\" target=\"_blank\" rel=\"noopener\">https:\/\/www.experienciaseducativasmalaga.com\/2024\/05\/denyp-2023-responsabilidad-afectiva.html<\/a><\/p>\n<\/div>\n<div>\n<h2>\u00a0Explora M\u00e1s Innovaci\u00f3n<\/h2>\n<p>Recuerda que en la p\u00e1gina principal encontrar\u00e1s muchas m\u00e1s <b>experiencias educativas<\/b> e ideas para transformar tu aula:<\/p>\n<p><b><a class=\"ng-star-inserted\" href=\"https:\/\/www.experienciaseducativasmalaga.com\/\" target=\"_blank\" rel=\"noopener\">https:\/\/www.experienciaseducativasmalaga.com\/<\/a><\/b><\/p>\n<p class=\"jetpack-slideshow-noscript robots-nocontent\">El pase de diapositivas requiere JavaScript.<\/p><div id=\"gallery-9083-1-slideshow\" class=\"jetpack-slideshow-window jetpack-slideshow jetpack-slideshow-black\" data-trans=\"fade\" data-autostart=\"1\" data-gallery=\"[{&quot;src&quot;:&quot;https:\\\/\\\/i0.wp.com\\\/cepronda.com\\\/blog\\\/wp-content\\\/uploads\\\/2025\\\/12\\\/responsabilidad-afectiva-scaled.jpg?fit=300%2C225\\u0026ssl=1&quot;,&quot;id&quot;:&quot;9084&quot;,&quot;title&quot;:&quot;responsabilidad afectiva&quot;,&quot;alt&quot;:&quot;&quot;,&quot;caption&quot;:&quot;&quot;,&quot;itemprop&quot;:&quot;image&quot;},{&quot;src&quot;:&quot;https:\\\/\\\/i0.wp.com\\\/cepronda.com\\\/blog\\\/wp-content\\\/uploads\\\/2025\\\/12\\\/responsabilidad-afectiva1.jpg?fit=300%2C225\\u0026ssl=1&quot;,&quot;id&quot;:&quot;9085&quot;,&quot;title&quot;:&quot;responsabilidad afectiva1&quot;,&quot;alt&quot;:&quot;&quot;,&quot;caption&quot;:&quot;&quot;,&quot;itemprop&quot;:&quot;image&quot;}]\" itemscope itemtype=\"https:\/\/schema.org\/ImageGallery\"><\/div>\n<p>&nbsp;<\/p>\n<\/div>\n","protected":false},"excerpt":{"rendered":"<p>\u00bfC\u00f3mo construimos relaciones sanas y un entorno de #Paz en el aula? &#x1f914; El IES Alfaguara (Yunquera) nos demuestra la importancia de la #ResponsabilidadAfectiva con su inspiradora jornada DENyP 2023. &#x1f91d; A trav\u00e9s de talleres din\u00e1micos de Resoluci\u00f3n de Conflictos y Cohesi\u00f3n de Grupo, su alumnado de ESO y Bachillerato aprendi\u00f3 de forma l\u00fadica sobre: [&hellip;]<\/p>\n","protected":false},"author":9,"featured_media":9086,"comment_status":"closed","ping_status":"open","sticky":false,"template":"","format":"standard","meta":{"_crdt_document":"","advanced_seo_description":"","jetpack_seo_html_title":"","jetpack_seo_noindex":false,"jetpack_post_was_ever_published":false,"_jetpack_newsletter_access":"","_jetpack_dont_email_post_to_subs":false,"_jetpack_newsletter_tier_id":0,"_jetpack_memberships_contains_paywalled_content":false,"_jetpack_memberships_contains_paid_content":false,"footnotes":"","jetpack_publicize_message":"","jetpack_publicize_feature_enabled":true,"jetpack_social_post_already_shared":true,"jetpack_social_options":{"image_generator_settings":{"template":"highway","default_image_id":0,"font":"","enabled":false},"version":2}},"categories":[5],"tags":[450,104],"class_list":{"0":"post-9083","1":"post","2":"type-post","3":"status-publish","4":"format-standard","5":"has-post-thumbnail","7":"category-noticias","8":"tag-convivencia-e-igualdad","9":"tag-educacion-emocional","10":"czr-hentry"},"jetpack_publicize_connections":[],"jetpack_featured_media_url":"https:\/\/i0.wp.com\/cepronda.com\/blog\/wp-content\/uploads\/2025\/12\/EXPERIENCIA-DE-EXITO-1.jpg?fit=1080%2C1350&ssl=1","jetpack_shortlink":"https:\/\/wp.me\/p8M4X7-2mv","jetpack-related-posts":[{"id":9026,"url":"https:\/\/cepronda.com\/blog\/experiencia-de-exito-gamificacion-y-emociones-la-emocion-en-el-juego\/","url_meta":{"origin":9083,"position":0},"title":"EXPERIENCIA DE \u00c9XITO: Gamificaci\u00f3n y emociones. La emoci\u00f3n en el juego.","author":"Inmaculada Garc\u00eda","date":"13 noviembre, 2025","format":false,"excerpt":"Estamos emocionados de compartir una experiencia educativa fascinante que destaca la importancia de la innovaci\u00f3n en el aula de la mano del CPR. Valle del Guadiaro (Ca\u00f1ada del Real Tesoro). Gamificaci\u00f3n y Emociones: Un Enfoque Apasionante En esta publicaci\u00f3n\u00a0exploramos c\u00f3mo la gamificaci\u00f3n se une a la gesti\u00f3n de emociones para\u2026","rel":"","context":"En \u00abNoticias\u00bb","block_context":{"text":"Noticias","link":"https:\/\/cepronda.com\/blog\/category\/noticias\/"},"img":{"alt_text":"","src":"https:\/\/i0.wp.com\/cepronda.com\/blog\/wp-content\/uploads\/2025\/11\/EXPERIENCIA-DE-EXITO.jpg?fit=960%2C1200&ssl=1&resize=350%2C200","width":350,"height":200,"srcset":"https:\/\/i0.wp.com\/cepronda.com\/blog\/wp-content\/uploads\/2025\/11\/EXPERIENCIA-DE-EXITO.jpg?fit=960%2C1200&ssl=1&resize=350%2C200 1x, https:\/\/i0.wp.com\/cepronda.com\/blog\/wp-content\/uploads\/2025\/11\/EXPERIENCIA-DE-EXITO.jpg?fit=960%2C1200&ssl=1&resize=525%2C300 1.5x, https:\/\/i0.wp.com\/cepronda.com\/blog\/wp-content\/uploads\/2025\/11\/EXPERIENCIA-DE-EXITO.jpg?fit=960%2C1200&ssl=1&resize=700%2C400 2x"},"classes":[]},{"id":9123,"url":"https:\/\/cepronda.com\/blog\/experiencia-de-exito-ronda-around-the-world\/","url_meta":{"origin":9083,"position":1},"title":"EXPERIENCIA DE \u00c9XITO: \u00abRONDA AROUND THE WORLD\u00bb.","author":"Inmaculada Garc\u00eda","date":"10 diciembre, 2025","format":false,"excerpt":"\u00bfTe imaginas a los alumnos de Primaria de Ronda viajando por el mundo y creando su propia obra musical biling\u00fce? Presentamos la incre\u00edble experiencia educativa: \"RONDA AROUND THE WORLD\" del C.E.I.P. Juan Carrillo. \ud83c\udf1f Este proyecto es mucho m\u00e1s que teatro: es #Pluriling\u00fcismo, #EscrituraCreativa, #TrabajoCooperativo y una celebraci\u00f3n de la\u2026","rel":"","context":"En \u00abNoticias\u00bb","block_context":{"text":"Noticias","link":"https:\/\/cepronda.com\/blog\/category\/noticias\/"},"img":{"alt_text":"","src":"https:\/\/i0.wp.com\/cepronda.com\/blog\/wp-content\/uploads\/2025\/12\/EXPERIENCIA-DE-EXITO.jpg?fit=960%2C1200&ssl=1&resize=350%2C200","width":350,"height":200,"srcset":"https:\/\/i0.wp.com\/cepronda.com\/blog\/wp-content\/uploads\/2025\/12\/EXPERIENCIA-DE-EXITO.jpg?fit=960%2C1200&ssl=1&resize=350%2C200 1x, https:\/\/i0.wp.com\/cepronda.com\/blog\/wp-content\/uploads\/2025\/12\/EXPERIENCIA-DE-EXITO.jpg?fit=960%2C1200&ssl=1&resize=525%2C300 1.5x, https:\/\/i0.wp.com\/cepronda.com\/blog\/wp-content\/uploads\/2025\/12\/EXPERIENCIA-DE-EXITO.jpg?fit=960%2C1200&ssl=1&resize=700%2C400 2x"},"classes":[]},{"id":7623,"url":"https:\/\/cepronda.com\/blog\/portal-de-experiencias-educativas-de-exito-de-la-provincia-de-malaga\/","url_meta":{"origin":9083,"position":2},"title":"PORTAL DE EXPERIENCIAS EDUCATIVAS DE \u00c9XITO DE LA PROVINCIA DE M\u00c1LAGA","author":"Mamen Moreno","date":"14 mayo, 2024","format":false,"excerpt":"\u00bfConoc\u00e9is el portal www.experienciaseducativasmalaga.com? Si vuestro centro realiza experiencia de \u00e9xito o si quer\u00e9is inspiraros en otras, este es vuestro portal https:\/\/www.experienciaseducativasmalaga.com\/ \u00a0 \u00a0","rel":"","context":"En \u00abFormaciones\u00bb","block_context":{"text":"Formaciones","link":"https:\/\/cepronda.com\/blog\/category\/formaciones\/"},"img":{"alt_text":"","src":"https:\/\/i0.wp.com\/cepronda.com\/blog\/wp-content\/uploads\/2024\/05\/Diseno-sin-titulo-6-1.png?fit=600%2C600&ssl=1&resize=350%2C200","width":350,"height":200,"srcset":"https:\/\/i0.wp.com\/cepronda.com\/blog\/wp-content\/uploads\/2024\/05\/Diseno-sin-titulo-6-1.png?fit=600%2C600&ssl=1&resize=350%2C200 1x, https:\/\/i0.wp.com\/cepronda.com\/blog\/wp-content\/uploads\/2024\/05\/Diseno-sin-titulo-6-1.png?fit=600%2C600&ssl=1&resize=525%2C300 1.5x"},"classes":[]},{"id":4402,"url":"https:\/\/cepronda.com\/blog\/la-educacion-fisica-una-experiencia-positiva-para-tods-el-estilo-actitudinal\/","url_meta":{"origin":9083,"position":3},"title":"LA EDUCACI\u00d3N F\u00cdSICA, UNA EXPERIENCIA POSITIVA PARA TOD@S. EL ESTILO ACTITUDINAL","author":"V\u00edctor Caballero","date":"12 abril, 2021","format":false,"excerpt":"Estimado\/a compa\u00f1ero\/a Te informamos que se ha abierto el plazo de inscripci\u00f3n al Curso \u201cLA EDUCACI\u00d3N F\u00cdSICA, UNA EXPERIENCIA POSITIVA PARA TOD@S. EL ESTILO ACTITUDINAL\u201d, con c\u00f3digo: 212926EF504. Para m\u00e1s informaci\u00f3n e inscripci\u00f3n pincha en el siguiente enlace: https:\/\/www.juntadeandalucia.es\/educacion\/secretariavirtual\/consultaCEP\/actividad\/212926EF504\/ Comienzo del curso: 04\/05\/2021 Lugar de realizaci\u00f3n: Aula Virtual de Formaci\u00f3n\u2026","rel":"","context":"En \u00abFormaciones\u00bb","block_context":{"text":"Formaciones","link":"https:\/\/cepronda.com\/blog\/category\/formaciones\/"},"img":{"alt_text":"","src":"https:\/\/i0.wp.com\/cepronda.com\/blog\/wp-content\/uploads\/2021\/04\/WhatsApp-Image-2021-04-12-at-13.37.32.jpeg?fit=848%2C1200&ssl=1&resize=350%2C200","width":350,"height":200,"srcset":"https:\/\/i0.wp.com\/cepronda.com\/blog\/wp-content\/uploads\/2021\/04\/WhatsApp-Image-2021-04-12-at-13.37.32.jpeg?fit=848%2C1200&ssl=1&resize=350%2C200 1x, https:\/\/i0.wp.com\/cepronda.com\/blog\/wp-content\/uploads\/2021\/04\/WhatsApp-Image-2021-04-12-at-13.37.32.jpeg?fit=848%2C1200&ssl=1&resize=525%2C300 1.5x, https:\/\/i0.wp.com\/cepronda.com\/blog\/wp-content\/uploads\/2021\/04\/WhatsApp-Image-2021-04-12-at-13.37.32.jpeg?fit=848%2C1200&ssl=1&resize=700%2C400 2x"},"classes":[]},{"id":7531,"url":"https:\/\/cepronda.com\/blog\/%e2%9c%a8-celebramos-la-internacionalizacion-educativa-en-el-ceip-ntra-sra-del-rosario-de-cortes-de-la-frontera-%e2%9c%a8\/","url_meta":{"origin":9083,"position":4},"title":"\u2728 \u00a1Celebramos la Internacionalizaci\u00f3n Educativa en el CEIP Ntra. Sra. Del Rosario de Cortes de la Frontera! \u2728","author":"Inmaculada Garc\u00eda","date":"20 marzo, 2024","format":false,"excerpt":"Nos emociona compartir que desde el 18 al 23 de marzo estamos recibiendo la visita del \u00c9cole Saint Joseph de M\u00e9an (Francia) con 23 alumnos y alumnas con edades entre los 9 y 11 a\u00f1os. Esta iniciativa parte del programa del consorcio Erasmus MEPRural coordinado desde el CEP de Ronda,\u2026","rel":"","context":"En \u00abFormaciones\u00bb","block_context":{"text":"Formaciones","link":"https:\/\/cepronda.com\/blog\/category\/formaciones\/"},"img":{"alt_text":"","src":"https:\/\/i0.wp.com\/cepronda.com\/blog\/wp-content\/uploads\/2024\/03\/WhatsApp-Image-2024-03-20-at-16.37.09.jpeg?fit=1200%2C689&ssl=1&resize=350%2C200","width":350,"height":200,"srcset":"https:\/\/i0.wp.com\/cepronda.com\/blog\/wp-content\/uploads\/2024\/03\/WhatsApp-Image-2024-03-20-at-16.37.09.jpeg?fit=1200%2C689&ssl=1&resize=350%2C200 1x, https:\/\/i0.wp.com\/cepronda.com\/blog\/wp-content\/uploads\/2024\/03\/WhatsApp-Image-2024-03-20-at-16.37.09.jpeg?fit=1200%2C689&ssl=1&resize=525%2C300 1.5x, https:\/\/i0.wp.com\/cepronda.com\/blog\/wp-content\/uploads\/2024\/03\/WhatsApp-Image-2024-03-20-at-16.37.09.jpeg?fit=1200%2C689&ssl=1&resize=700%2C400 2x, https:\/\/i0.wp.com\/cepronda.com\/blog\/wp-content\/uploads\/2024\/03\/WhatsApp-Image-2024-03-20-at-16.37.09.jpeg?fit=1200%2C689&ssl=1&resize=1050%2C600 3x"},"classes":[]},{"id":1417,"url":"https:\/\/cepronda.com\/blog\/noticias-erasmus\/","url_meta":{"origin":9083,"position":5},"title":"NOTICIAS ERASMUS +","author":"V\u00edctor Caballero","date":"10 noviembre, 2017","format":false,"excerpt":"Buenas tardes! Seguimos con noticias sobre Erasmus +. Ya est\u00e1 abierto el plazo de solicitudes para las JORNADAS DE DIFUSI\u00d3N ERASMUS+\u00a0que tendr\u00e1n lugar en el CEP de RONDA la tarde del 22 de Noviembre en horario de 16:30\u00a0 a 20:30 A todas las personas interesadas en informarse de c\u00f3mo salir\u2026","rel":"","context":"En \u00abNoticias\u00bb","block_context":{"text":"Noticias","link":"https:\/\/cepronda.com\/blog\/category\/noticias\/"},"img":{"alt_text":"","src":"https:\/\/i0.wp.com\/cepronda.com\/blog\/wp-content\/uploads\/2017\/11\/EU-flag-Erasmus-300x86.jpg?resize=350%2C200","width":350,"height":200},"classes":[]}],"jetpack_sharing_enabled":true,"_links":{"self":[{"href":"https:\/\/cepronda.com\/blog\/wp-json\/wp\/v2\/posts\/9083","targetHints":{"allow":["GET"]}}],"collection":[{"href":"https:\/\/cepronda.com\/blog\/wp-json\/wp\/v2\/posts"}],"about":[{"href":"https:\/\/cepronda.com\/blog\/wp-json\/wp\/v2\/types\/post"}],"author":[{"embeddable":true,"href":"https:\/\/cepronda.com\/blog\/wp-json\/wp\/v2\/users\/9"}],"replies":[{"embeddable":true,"href":"https:\/\/cepronda.com\/blog\/wp-json\/wp\/v2\/comments?post=9083"}],"version-history":[{"count":1,"href":"https:\/\/cepronda.com\/blog\/wp-json\/wp\/v2\/posts\/9083\/revisions"}],"predecessor-version":[{"id":9087,"href":"https:\/\/cepronda.com\/blog\/wp-json\/wp\/v2\/posts\/9083\/revisions\/9087"}],"wp:featuredmedia":[{"embeddable":true,"href":"https:\/\/cepronda.com\/blog\/wp-json\/wp\/v2\/media\/9086"}],"wp:attachment":[{"href":"https:\/\/cepronda.com\/blog\/wp-json\/wp\/v2\/media?parent=9083"}],"wp:term":[{"taxonomy":"category","embeddable":true,"href":"https:\/\/cepronda.com\/blog\/wp-json\/wp\/v2\/categories?post=9083"},{"taxonomy":"post_tag","embeddable":true,"href":"https:\/\/cepronda.com\/blog\/wp-json\/wp\/v2\/tags?post=9083"}],"curies":[{"name":"wp","href":"https:\/\/api.w.org\/{rel}","templated":true}]}}