{"id":9080,"date":"2025-12-04T12:38:09","date_gmt":"2025-12-04T11:38:09","guid":{"rendered":"https:\/\/cepronda.com\/blog\/?p=9080"},"modified":"2025-12-04T12:38:09","modified_gmt":"2025-12-04T11:38:09","slug":"introduccion-al-jazz-y-su-didactica-para-are","status":"publish","type":"post","link":"https:\/\/cepronda.com\/blog\/introduccion-al-jazz-y-su-didactica-para-are\/","title":{"rendered":"INTRODUCCI\u00d3N AL JAZZ Y SU DID\u00c1CTICA PARA ARE."},"content":{"rendered":"<div>Se encuentra abierto el plazo de inscripci\u00f3n al curso provincial: <span style=\"font-weight: inherit;\">INTRODUCCI\u00d3N AL JAZZ Y SU DID\u00c1CTICA PARA ARE, con c\u00f3digo <a href=\"https:\/\/www.juntadeandalucia.es\/educacion\/secretariavirtual\/consultaCEP\/actividad\/262922GE013\/\" target=\"_blank\" rel=\"noopener\" data-saferedirecturl=\"https:\/\/www.google.com\/url?q=https:\/\/www.juntadeandalucia.es\/educacion\/secretariavirtual\/consultaCEP\/actividad\/262922GE013\/&amp;source=gmail&amp;ust=1764925245482000&amp;usg=AOvVaw2kGP16yu1_uvgaD-gFxeo2\">262922GE013<\/a>.<\/span><\/div>\n<div>Formaci\u00f3n presencial con un aprovechamiento de 20h.<\/div>\n<div>Lugar de realizaci\u00f3n: <a href=\"https:\/\/maps.app.goo.gl\/dWkWx6nyxuS1ut7H6\">CPM Manuel Carra<\/a><\/div>\n<div>Plazo de inscripci\u00f3n desde el 03\/12\/2025 al 11\/01\/2026.<br \/>\nFecha de realizaci\u00f3n de la actividad del 23\/01\/2026 al 20\/02\/2026.<br \/>\nDuraci\u00f3n: 5 sesiones.<br \/>\nM\u00e1s informaci\u00f3n:\u00a0<a href=\"https:\/\/www.juntadeandalucia.es\/educacion\/secretariavirtual\/consultaCEP\/actividad\/262922GE013\/\" target=\"_blank\" rel=\"noopener\" data-saferedirecturl=\"https:\/\/www.google.com\/url?q=https:\/\/www.juntadeandalucia.es\/educacion\/secretariavirtual\/consultaCEP\/actividad\/262922GE013\/&amp;source=gmail&amp;ust=1764925245482000&amp;usg=AOvVaw2kGP16yu1_uvgaD-gFxeo2\">https:\/\/www.<wbr \/>juntadeandalucia.es\/educacion\/<wbr \/>secretariavirtual\/consultaCEP\/<wbr \/>actividad\/262922GE013\/<\/a><br \/>\n<a href=\"https:\/\/secretariavirtual.juntadeandalucia.es\/secretariavirtual\/consultaCEP\/actividad\/262922GE013\/\"><img data-recalc-dims=\"1\" loading=\"lazy\" decoding=\"async\" class=\"aligncenter wp-image-9081\" src=\"https:\/\/i0.wp.com\/cepronda.com\/blog\/wp-content\/uploads\/2025\/12\/Introduccion-al-jazz.png?resize=500%2C500&#038;ssl=1\" alt=\"\" width=\"500\" height=\"500\" srcset=\"https:\/\/i0.wp.com\/cepronda.com\/blog\/wp-content\/uploads\/2025\/12\/Introduccion-al-jazz.png?resize=1024%2C1024&amp;ssl=1 1024w, https:\/\/i0.wp.com\/cepronda.com\/blog\/wp-content\/uploads\/2025\/12\/Introduccion-al-jazz.png?resize=300%2C300&amp;ssl=1 300w, https:\/\/i0.wp.com\/cepronda.com\/blog\/wp-content\/uploads\/2025\/12\/Introduccion-al-jazz.png?resize=150%2C150&amp;ssl=1 150w, https:\/\/i0.wp.com\/cepronda.com\/blog\/wp-content\/uploads\/2025\/12\/Introduccion-al-jazz.png?resize=768%2C768&amp;ssl=1 768w, https:\/\/i0.wp.com\/cepronda.com\/blog\/wp-content\/uploads\/2025\/12\/Introduccion-al-jazz.png?w=1080&amp;ssl=1 1080w\" sizes=\"auto, (max-width: 500px) 100vw, 500px\" \/><\/a><\/div>\n","protected":false},"excerpt":{"rendered":"<p>Se encuentra abierto el plazo de inscripci\u00f3n al curso provincial: INTRODUCCI\u00d3N AL JAZZ Y SU DID\u00c1CTICA PARA ARE, con c\u00f3digo 262922GE013. Formaci\u00f3n presencial con un aprovechamiento de 20h. Lugar de realizaci\u00f3n: CPM Manuel Carra Plazo de inscripci\u00f3n desde el 03\/12\/2025 al 11\/01\/2026. Fecha de realizaci\u00f3n de la actividad del 23\/01\/2026 al 20\/02\/2026. Duraci\u00f3n: 5 sesiones. [&hellip;]<\/p>\n","protected":false},"author":9,"featured_media":9081,"comment_status":"closed","ping_status":"open","sticky":false,"template":"","format":"standard","meta":{"_crdt_document":"","advanced_seo_description":"","jetpack_seo_html_title":"","jetpack_seo_noindex":false,"jetpack_post_was_ever_published":false,"_jetpack_newsletter_access":"","_jetpack_dont_email_post_to_subs":false,"_jetpack_newsletter_tier_id":0,"_jetpack_memberships_contains_paywalled_content":false,"_jetpack_memberships_contains_paid_content":false,"footnotes":"","jetpack_publicize_message":"","jetpack_publicize_feature_enabled":true,"jetpack_social_post_already_shared":true,"jetpack_social_options":{"image_generator_settings":{"template":"highway","default_image_id":0,"font":"","enabled":false},"version":2}},"categories":[3],"tags":[400,449],"class_list":{"0":"post-9080","1":"post","2":"type-post","3":"status-publish","4":"format-standard","5":"has-post-thumbnail","7":"category-formaciones","8":"tag-are","9":"tag-jazz","10":"czr-hentry"},"jetpack_publicize_connections":[],"jetpack_featured_media_url":"https:\/\/i0.wp.com\/cepronda.com\/blog\/wp-content\/uploads\/2025\/12\/Introduccion-al-jazz.png?fit=1080%2C1080&ssl=1","jetpack_shortlink":"https:\/\/wp.me\/p8M4X7-2ms","jetpack-related-posts":[{"id":9457,"url":"https:\/\/cepronda.com\/blog\/jjjj-2\/","url_meta":{"origin":9080,"position":0},"title":"DID\u00c1CTICA DE LA GEOGRAF\u00cdA E HISTORIA A TRAV\u00c9S DEL PAISAJE. EL GEOPARQUE DE GRANADA UN RECURSO POR DESCUBRIR","author":"Encarni Jim\u00e9nez Rosado","date":"12 marzo, 2026","format":false,"excerpt":"Abierto el plazo de inscripci\u00f3n:\u00a0Congreso\u00a0\"DID\u00c1CTICA DE LA GEOGRAF\u00cdA E HISTORIA A TRAV\u00c9S DEL PAISAJE. EL GEOPARQUE DE GRANADA UN RECURSO POR DESCUBRIR\"\u00a0 Organizado por el CEP de Baza y la Asociaci\u00f3n Hesp\u00e9rides \u00a0de car\u00e1cter internivelar Plazo de inscripci\u00f3n: del 24\/03 al 16 de abril de 2026 Desarrollo: 23, 24 y\u2026","rel":"","context":"En \u00abFormaciones\u00bb","block_context":{"text":"Formaciones","link":"https:\/\/cepronda.com\/blog\/category\/formaciones\/"},"img":{"alt_text":"","src":"","width":0,"height":0},"classes":[]},{"id":7998,"url":"https:\/\/cepronda.com\/blog\/didactica-de-las-matematicas-en-primaria-resolucion-de-problemas\/","url_meta":{"origin":9080,"position":1},"title":"DID\u00c1CTICA DE LAS MATEM\u00c1TICAS EN PRIMARIA: RESOLUCI\u00d3N DE PROBLEMAS","author":"V\u00edctor Caballero","date":"8 enero, 2025","format":false,"excerpt":"Abierto el plazo de inscripciones en la actividad presencial \"DID\u00c1CTICA DE LAS MATEM\u00c1TICAS EN PRIMARIA: RESOLUCI\u00d3N DE PROBLEMAS.\"\u00a0 con c\u00f3digo 252924GE102 Duraci\u00f3n de la actividad: 9h presenciales Fecha de inscripci\u00f3n:\u00a0 hasta el lunes 20\/01\/2025 Fechas de las sesiones: X29\/01, X05\/02, X12\/02\u00a0 en horario de 16:30-19:30h Profesorado destinatario: Primaria Lugar de\u2026","rel":"","context":"En \u00abFormaciones\u00bb","block_context":{"text":"Formaciones","link":"https:\/\/cepronda.com\/blog\/category\/formaciones\/"},"img":{"alt_text":"","src":"https:\/\/i0.wp.com\/cepronda.com\/blog\/wp-content\/uploads\/2025\/01\/252924GE102-Cartel-curso-matematicas-primaria.png?fit=1080%2C1080&ssl=1&resize=350%2C200","width":350,"height":200,"srcset":"https:\/\/i0.wp.com\/cepronda.com\/blog\/wp-content\/uploads\/2025\/01\/252924GE102-Cartel-curso-matematicas-primaria.png?fit=1080%2C1080&ssl=1&resize=350%2C200 1x, https:\/\/i0.wp.com\/cepronda.com\/blog\/wp-content\/uploads\/2025\/01\/252924GE102-Cartel-curso-matematicas-primaria.png?fit=1080%2C1080&ssl=1&resize=525%2C300 1.5x, https:\/\/i0.wp.com\/cepronda.com\/blog\/wp-content\/uploads\/2025\/01\/252924GE102-Cartel-curso-matematicas-primaria.png?fit=1080%2C1080&ssl=1&resize=700%2C400 2x, https:\/\/i0.wp.com\/cepronda.com\/blog\/wp-content\/uploads\/2025\/01\/252924GE102-Cartel-curso-matematicas-primaria.png?fit=1080%2C1080&ssl=1&resize=1050%2C600 3x"},"classes":[]},{"id":9461,"url":"https:\/\/cepronda.com\/blog\/hhh\/","url_meta":{"origin":9080,"position":2},"title":"INTRODUCCI\u00d3N A KUBERNETES","author":"Encarni Jim\u00e9nez Rosado","date":"16 marzo, 2026","format":false,"excerpt":"Abierto plazo de inscripci\u00f3n para el curso \u201cINTRODUCCI\u00d3N A KUBERNETES\u201d. \u00a0CEP Castilleja Curso online | 45 horas Dirigido al profesorado de FP de Inform\u00e1tica y Comunicaciones de centros p\u00fablicos. Plazo de inscripci\u00f3n: 12\/03 \u2013 23\/03 Fechas de realizaci\u00f3n: 08\/04\/2026 \u2013 07\/06\/2026 Solicitudes: https:\/\/lajunta.es\/6dhqs Aprende a trabajar con Kubernetes, la herramienta\u2026","rel":"","context":"En \u00abFormaciones\u00bb","block_context":{"text":"Formaciones","link":"https:\/\/cepronda.com\/blog\/category\/formaciones\/"},"img":{"alt_text":"","src":"","width":0,"height":0},"classes":[]},{"id":4064,"url":"https:\/\/cepronda.com\/blog\/aplicacion-didactica-de-classroom-y-herramientas-google-inicial\/","url_meta":{"origin":9080,"position":3},"title":"APLICACI\u00d3N DID\u00c1CTICA DE CLASSROOM Y HERRAMIENTAS GOOGLE. INICIAL.","author":"Inmaculada Garc\u00eda","date":"18 diciembre, 2020","format":false,"excerpt":"Hola compa\u00f1eros y compa\u00f1eras, os informamos que se ha abierto el plazo de inscripci\u00f3n en la actividad formativa a distancia APLICACI\u00d3N DID\u00c1CTICA DE CLASSROOM Y HERRAMIENTAS GOOGLE. INICIAL.\u00a0 Esperamos que sea de vuestro inter\u00e9s. ENTRA EN ESTE ENLACE PARA REALIZAR TU INSCRIPCI\u00d3N. \u00a0","rel":"","context":"En \u00abNoticias\u00bb","block_context":{"text":"Noticias","link":"https:\/\/cepronda.com\/blog\/category\/noticias\/"},"img":{"alt_text":"","src":"https:\/\/i0.wp.com\/cepronda.com\/blog\/wp-content\/uploads\/2020\/12\/APLICACION-DIDACTICA-DE-CLASSROOM-Y-HERRAMIENTASDE-GOOGLE.-INICIAL.jpg?fit=848%2C1200&ssl=1&resize=350%2C200","width":350,"height":200,"srcset":"https:\/\/i0.wp.com\/cepronda.com\/blog\/wp-content\/uploads\/2020\/12\/APLICACION-DIDACTICA-DE-CLASSROOM-Y-HERRAMIENTASDE-GOOGLE.-INICIAL.jpg?fit=848%2C1200&ssl=1&resize=350%2C200 1x, https:\/\/i0.wp.com\/cepronda.com\/blog\/wp-content\/uploads\/2020\/12\/APLICACION-DIDACTICA-DE-CLASSROOM-Y-HERRAMIENTASDE-GOOGLE.-INICIAL.jpg?fit=848%2C1200&ssl=1&resize=525%2C300 1.5x, https:\/\/i0.wp.com\/cepronda.com\/blog\/wp-content\/uploads\/2020\/12\/APLICACION-DIDACTICA-DE-CLASSROOM-Y-HERRAMIENTASDE-GOOGLE.-INICIAL.jpg?fit=848%2C1200&ssl=1&resize=700%2C400 2x"},"classes":[]},{"id":4069,"url":"https:\/\/cepronda.com\/blog\/aplicacion-didactica-de-classroom-y-herramientas-google-avanzado\/","url_meta":{"origin":9080,"position":4},"title":"APLICACI\u00d3N DID\u00c1CTICA DE CLASSROOM Y HERRAMIENTAS GOOGLE. AVANZADO.\u00a0","author":"Inmaculada Garc\u00eda","date":"18 diciembre, 2020","format":false,"excerpt":"Hola compa\u00f1eros y compa\u00f1eras, os informamos que se ha abierto el plazo de inscripci\u00f3n en la actividad formativa a distancia APLICACI\u00d3N DID\u00c1CTICA DE CLASSROOM Y HERRAMIENTAS GOOGLE. AVANZADO.\u00a0 Esperamos que sea de vuestro inter\u00e9s. ENTRA EN ESTE ENLACE PARA REALIZAR TU INSCRIPCI\u00d3N.","rel":"","context":"En \u00abNoticias\u00bb","block_context":{"text":"Noticias","link":"https:\/\/cepronda.com\/blog\/category\/noticias\/"},"img":{"alt_text":"","src":"https:\/\/i0.wp.com\/cepronda.com\/blog\/wp-content\/uploads\/2020\/12\/20210111-Aplicacion-didactica-google-avanzado.jpg?fit=848%2C1200&ssl=1&resize=350%2C200","width":350,"height":200,"srcset":"https:\/\/i0.wp.com\/cepronda.com\/blog\/wp-content\/uploads\/2020\/12\/20210111-Aplicacion-didactica-google-avanzado.jpg?fit=848%2C1200&ssl=1&resize=350%2C200 1x, https:\/\/i0.wp.com\/cepronda.com\/blog\/wp-content\/uploads\/2020\/12\/20210111-Aplicacion-didactica-google-avanzado.jpg?fit=848%2C1200&ssl=1&resize=525%2C300 1.5x, https:\/\/i0.wp.com\/cepronda.com\/blog\/wp-content\/uploads\/2020\/12\/20210111-Aplicacion-didactica-google-avanzado.jpg?fit=848%2C1200&ssl=1&resize=700%2C400 2x"},"classes":[]},{"id":4087,"url":"https:\/\/cepronda.com\/blog\/aplicacion-didactica-de-classroom-y-herramientas-google-avanzado-2\/","url_meta":{"origin":9080,"position":5},"title":"APLICACI\u00d3N DID\u00c1CTICA DE CLASSROOM Y HERRAMIENTAS GOOGLE. AVANZADO.\u00a0","author":"V\u00edctor Caballero","date":"7 enero, 2021","format":false,"excerpt":"Muy buenas, compa\u00f1eros y compa\u00f1eras. Primero desearos Feliz a\u00f1o y que hay\u00e1is descansado en vuestras merecidas vacaciones. Recordaros que el\u00a0plazo de inscripci\u00f3n para participar en la actividad formativa \" APLICACI\u00d3N DID\u00c1CTICA DE CLASSROOM Y HERRAMIENTAS DE GOOGLE. AVANZADO\", finaliza el lunes 11 de enero. Fecha actividad:\u00a022\/01\/2021 hasta 19\/03\/2021 Fecha inscripci\u00f3n:\u00a0\u2026","rel":"","context":"En \u00abFormaciones\u00bb","block_context":{"text":"Formaciones","link":"https:\/\/cepronda.com\/blog\/category\/formaciones\/"},"img":{"alt_text":"","src":"https:\/\/i0.wp.com\/cepronda.com\/blog\/wp-content\/uploads\/2020\/12\/20210111-Aplicacion-didactica-google-avanzado.jpg?fit=848%2C1200&ssl=1&resize=350%2C200","width":350,"height":200,"srcset":"https:\/\/i0.wp.com\/cepronda.com\/blog\/wp-content\/uploads\/2020\/12\/20210111-Aplicacion-didactica-google-avanzado.jpg?fit=848%2C1200&ssl=1&resize=350%2C200 1x, https:\/\/i0.wp.com\/cepronda.com\/blog\/wp-content\/uploads\/2020\/12\/20210111-Aplicacion-didactica-google-avanzado.jpg?fit=848%2C1200&ssl=1&resize=525%2C300 1.5x, https:\/\/i0.wp.com\/cepronda.com\/blog\/wp-content\/uploads\/2020\/12\/20210111-Aplicacion-didactica-google-avanzado.jpg?fit=848%2C1200&ssl=1&resize=700%2C400 2x"},"classes":[]}],"jetpack_sharing_enabled":true,"_links":{"self":[{"href":"https:\/\/cepronda.com\/blog\/wp-json\/wp\/v2\/posts\/9080","targetHints":{"allow":["GET"]}}],"collection":[{"href":"https:\/\/cepronda.com\/blog\/wp-json\/wp\/v2\/posts"}],"about":[{"href":"https:\/\/cepronda.com\/blog\/wp-json\/wp\/v2\/types\/post"}],"author":[{"embeddable":true,"href":"https:\/\/cepronda.com\/blog\/wp-json\/wp\/v2\/users\/9"}],"replies":[{"embeddable":true,"href":"https:\/\/cepronda.com\/blog\/wp-json\/wp\/v2\/comments?post=9080"}],"version-history":[{"count":1,"href":"https:\/\/cepronda.com\/blog\/wp-json\/wp\/v2\/posts\/9080\/revisions"}],"predecessor-version":[{"id":9082,"href":"https:\/\/cepronda.com\/blog\/wp-json\/wp\/v2\/posts\/9080\/revisions\/9082"}],"wp:featuredmedia":[{"embeddable":true,"href":"https:\/\/cepronda.com\/blog\/wp-json\/wp\/v2\/media\/9081"}],"wp:attachment":[{"href":"https:\/\/cepronda.com\/blog\/wp-json\/wp\/v2\/media?parent=9080"}],"wp:term":[{"taxonomy":"category","embeddable":true,"href":"https:\/\/cepronda.com\/blog\/wp-json\/wp\/v2\/categories?post=9080"},{"taxonomy":"post_tag","embeddable":true,"href":"https:\/\/cepronda.com\/blog\/wp-json\/wp\/v2\/tags?post=9080"}],"curies":[{"name":"wp","href":"https:\/\/api.w.org\/{rel}","templated":true}]}}