{"id":9065,"date":"2025-12-01T10:16:56","date_gmt":"2025-12-01T09:16:56","guid":{"rendered":"https:\/\/cepronda.com\/blog\/?p=9065"},"modified":"2025-12-01T13:17:30","modified_gmt":"2025-12-01T12:17:30","slug":"comunidades-de-aprendizaje-fase-de-sensibilizacion","status":"publish","type":"post","link":"https:\/\/cepronda.com\/blog\/comunidades-de-aprendizaje-fase-de-sensibilizacion\/","title":{"rendered":"COMUNIDADES DE\u00a0APRENDIZAJE. FASE DE SENSIBILIZACI\u00d3N"},"content":{"rendered":"<p style=\"font-weight: 400;\">Estimado compa\u00f1ero y compa\u00f1era:<\/p>\n<p>Le informamos que se encuentra\u00a0abierto\u00a0el\u00a0plazo\u00a0de inscripci\u00f3n para el curso regional:\u00a0<strong>COMUNIDADES DE\u00a0APRENDIZAJE. FASE DE SENSIBILIZACI\u00d3N<\/strong>, con c\u00f3digo\u00a0<strong>262318GE136<\/strong>.<\/p>\n<p>Este curso va dirigido a docentes con<strong>\u00a0jornada laboral de tarde.<br \/>\n<\/strong><\/p>\n<p><strong><u>Destinatarios:<\/u><\/strong><\/p>\n<ul>\n<li>Profesorado de nueva incorporaci\u00f3n en centros reconocidos como\u00a0Comunidades de Aprendizaje\u00a0de Andaluc\u00eda.<\/li>\n<li>Profesorado de centros que vayan a solicitar el reconocimiento como\u00a0Comunidades de Aprendizaje\u00a0de Andaluc\u00eda.<\/li>\n<\/ul>\n<p><strong><u>Descripci\u00f3n:<\/u><\/strong><\/p>\n<p>Esta actividad formativa consta de 30 horas (18 presenciales y 12 no presenciales). El trabajo del curso consiste en:<\/p>\n<p>1) la asistencia a las ponencias online propuestas,<\/p>\n<p>2) la lectura de todos los contenidos obligatorios y<\/p>\n<p>3) la realizaci\u00f3n de una serie de cuestionarios, por medio de los cuales se analizan las experiencias docentes propias y de centros constituidos como comunidades de\u00a0aprendizaje, y se contrastan con las propuestas te\u00f3ricas de las principales investigaciones sobre el tema.<\/p>\n<p>El curso se encuentra\u00a0en el Aula Virtual de Formaci\u00f3n del Profesorado, est\u00e1 estructurado en 8 m\u00f3dulos, que\u00a0se realizan de forma secuencial y personalizada para cada participante. Seis\u00a0de ellos se impartir\u00e1n por videoconferencia en directo, y los otros dos se desarrollar\u00e1n de manera totalmente online, mediante lectura de material adem\u00e1s de la realizaci\u00f3n de cuestionarios autocorregibles.<\/p>\n<p><strong><u>Fechas y plazos:<\/u><\/strong><\/p>\n<p><strong>Plazo de solicitudes:\u00a0<\/strong>\u00a028\/11\/2025 al 11\/12\/2025<\/p>\n<p><strong>Listados provisionales:<\/strong>\u00a012\/12\/2025<br \/>\n<strong>Listado definitivo:\u00a0<\/strong>12\/12\/2025<br \/>\n<strong>La actividad dar\u00e1 comienzo el d\u00eda 17\/12\/2025 y terminar\u00e1 el 10\/02\/2026.<\/strong><\/p>\n<p><strong><u>Sesiones de la actividad:<\/u><\/strong><\/p>\n<table>\n<thead>\n<tr>\n<th>Fecha<\/th>\n<th>Hora de inicio<\/th>\n<th>Hora de fin<\/th>\n<th>Lugar de realizaci\u00f3n<\/th>\n<\/tr>\n<\/thead>\n<tbody>\n<tr>\n<td>17\/12\/2025<\/td>\n<td>10:30<\/td>\n<td>13:30<\/td>\n<td>Videoconferencia en el AVFP<\/td>\n<\/tr>\n<tr>\n<td>14\/01\/2026<\/td>\n<td>10:30<\/td>\n<td>13:30<\/td>\n<td>Videoconferencia en el AVFP<\/td>\n<\/tr>\n<tr>\n<td>21\/01\/2026<\/td>\n<td>10:30<\/td>\n<td>13:30<\/td>\n<td>Videoconferencia en el AVFP<\/td>\n<\/tr>\n<tr>\n<td>29\/01\/2026<\/td>\n<td>10:30<\/td>\n<td>13:30<\/td>\n<td>Videoconferencia en el AVFP<\/td>\n<\/tr>\n<tr>\n<td>05\/02\/2026<\/td>\n<td>10:30<\/td>\n<td>13:30<\/td>\n<td>Videoconferencia en el AVFP<\/td>\n<\/tr>\n<tr>\n<td>10\/02\/2026<\/td>\n<td>10:30<\/td>\n<td>13:30<\/td>\n<td>Videoconferencia en el AVFP<\/td>\n<\/tr>\n<\/tbody>\n<\/table>\n<p>Puede ver m\u00e1s informaci\u00f3n sobre las ponencias en el cartel adjunto.<\/p>\n<p><strong><u>Detalle e inscripci\u00f3n: <\/u><\/strong><a href=\"https:\/\/www.juntadeandalucia.es\/educacion\/secretariavirtual\/consultaCEP\/actividad\/262318GE136\/\" data-saferedirecturl=\"https:\/\/www.google.com\/url?q=https:\/\/www.juntadeandalucia.es\/educacion\/secretariavirtual\/consultaCEP\/actividad\/262318GE136\/&amp;source=gmail&amp;ust=1764665479582000&amp;usg=AOvVaw0kuzOmze8COPndJrz7c42-\">ENLACE<\/a><\/p>\n<p>&nbsp;<\/p>\n<p><img data-recalc-dims=\"1\" loading=\"lazy\" decoding=\"async\" class=\"size-medium wp-image-9066 aligncenter\" src=\"https:\/\/i0.wp.com\/cepronda.com\/blog\/wp-content\/uploads\/2025\/12\/DIPTICO-CdA.-262318GE136.png?resize=300%2C300&#038;ssl=1\" alt=\"\" width=\"300\" height=\"300\" srcset=\"https:\/\/i0.wp.com\/cepronda.com\/blog\/wp-content\/uploads\/2025\/12\/DIPTICO-CdA.-262318GE136.png?resize=300%2C300&amp;ssl=1 300w, https:\/\/i0.wp.com\/cepronda.com\/blog\/wp-content\/uploads\/2025\/12\/DIPTICO-CdA.-262318GE136.png?resize=1024%2C1024&amp;ssl=1 1024w, https:\/\/i0.wp.com\/cepronda.com\/blog\/wp-content\/uploads\/2025\/12\/DIPTICO-CdA.-262318GE136.png?resize=150%2C150&amp;ssl=1 150w, https:\/\/i0.wp.com\/cepronda.com\/blog\/wp-content\/uploads\/2025\/12\/DIPTICO-CdA.-262318GE136.png?resize=768%2C768&amp;ssl=1 768w, https:\/\/i0.wp.com\/cepronda.com\/blog\/wp-content\/uploads\/2025\/12\/DIPTICO-CdA.-262318GE136.png?w=1080&amp;ssl=1 1080w\" sizes=\"auto, (max-width: 300px) 100vw, 300px\" \/><\/p>\n","protected":false},"excerpt":{"rendered":"<p>Estimado compa\u00f1ero y compa\u00f1era: Le informamos que se encuentra\u00a0abierto\u00a0el\u00a0plazo\u00a0de inscripci\u00f3n para el curso regional:\u00a0COMUNIDADES DE\u00a0APRENDIZAJE. FASE DE SENSIBILIZACI\u00d3N, con c\u00f3digo\u00a0262318GE136. Este curso va dirigido a docentes con\u00a0jornada laboral de tarde. Destinatarios: Profesorado de nueva incorporaci\u00f3n en centros reconocidos como\u00a0Comunidades de Aprendizaje\u00a0de Andaluc\u00eda. Profesorado de centros que vayan a solicitar el reconocimiento como\u00a0Comunidades de Aprendizaje\u00a0de Andaluc\u00eda. [&hellip;]<\/p>\n","protected":false},"author":13,"featured_media":9066,"comment_status":"closed","ping_status":"open","sticky":false,"template":"","format":"standard","meta":{"_crdt_document":"","advanced_seo_description":"","jetpack_seo_html_title":"","jetpack_seo_noindex":false,"jetpack_post_was_ever_published":false,"_jetpack_newsletter_access":"","_jetpack_dont_email_post_to_subs":false,"_jetpack_newsletter_tier_id":0,"_jetpack_memberships_contains_paywalled_content":false,"_jetpack_memberships_contains_paid_content":false,"footnotes":"","jetpack_publicize_message":"","jetpack_publicize_feature_enabled":true,"jetpack_social_post_already_shared":true,"jetpack_social_options":{"image_generator_settings":{"template":"highway","default_image_id":0,"font":"","enabled":false},"version":2}},"categories":[5],"tags":[403,448],"class_list":{"0":"post-9065","1":"post","2":"type-post","3":"status-publish","4":"format-standard","5":"has-post-thumbnail","7":"category-noticias","8":"tag-comunidad-de-aprendizaje","9":"tag-sensibilizacion","10":"czr-hentry"},"jetpack_publicize_connections":[],"jetpack_featured_media_url":"https:\/\/i0.wp.com\/cepronda.com\/blog\/wp-content\/uploads\/2025\/12\/DIPTICO-CdA.-262318GE136.png?fit=1080%2C1080&ssl=1","jetpack_shortlink":"https:\/\/wp.me\/p8M4X7-2md","jetpack-related-posts":[{"id":5537,"url":"https:\/\/cepronda.com\/blog\/diseno-de-situaciones-de-aprendizaje-en-andalucia\/","url_meta":{"origin":9065,"position":0},"title":"DISE\u00d1O DE SITUACIONES DE APRENDIZAJE EN ANDALUC\u00cdA","author":"Mamen Moreno","date":"19 octubre, 2022","format":false,"excerpt":"Os\u00a0 informamos que est\u00e1 abierto el plazo de inscripci\u00f3n en el curso DISE\u00d1O DE SITUACIONES DE APRENDIZAJE EN ANDALUC\u00cdA con c\u00f3digo\u00a0232924KPF411 Fechas de inscripci\u00f3n : del 19\/10\/2022 al 25\/10\/2022 Fecha de inicio: 03\/11\/2022 Fecha finalizaci\u00f3n: 12\/12\/2022 Horas: 25h no presenciales. Lugar de realizaci\u00f3n:\u00a0AULA VIRTUAL DE FORMACI\u00d3N DEL PROFESORADO (AVFP) Para\u2026","rel":"","context":"En \u00abFormaciones\u00bb","block_context":{"text":"Formaciones","link":"https:\/\/cepronda.com\/blog\/category\/formaciones\/"},"img":{"alt_text":"","src":"https:\/\/i0.wp.com\/cepronda.com\/blog\/wp-content\/uploads\/2022\/10\/Imagen_para_twitter1.jpg?fit=1200%2C675&ssl=1&resize=350%2C200","width":350,"height":200,"srcset":"https:\/\/i0.wp.com\/cepronda.com\/blog\/wp-content\/uploads\/2022\/10\/Imagen_para_twitter1.jpg?fit=1200%2C675&ssl=1&resize=350%2C200 1x, https:\/\/i0.wp.com\/cepronda.com\/blog\/wp-content\/uploads\/2022\/10\/Imagen_para_twitter1.jpg?fit=1200%2C675&ssl=1&resize=525%2C300 1.5x, https:\/\/i0.wp.com\/cepronda.com\/blog\/wp-content\/uploads\/2022\/10\/Imagen_para_twitter1.jpg?fit=1200%2C675&ssl=1&resize=700%2C400 2x, https:\/\/i0.wp.com\/cepronda.com\/blog\/wp-content\/uploads\/2022\/10\/Imagen_para_twitter1.jpg?fit=1200%2C675&ssl=1&resize=1050%2C600 3x"},"classes":[]},{"id":7507,"url":"https:\/\/cepronda.com\/blog\/jornadas-provinciales-de-difusion-y-buenas-practicas-de-centros-de-comunidades-de-aprendizaje\/","url_meta":{"origin":9065,"position":1},"title":"JORNADAS PROVINCIALES DE DIFUSI\u00d3N Y BUENAS PR\u00c1CTICAS DE CENTROS DE COMUNIDADES DE APRENDIZAJE","author":"Mamen Moreno","date":"15 marzo, 2024","format":false,"excerpt":"Abierto el plazo de inscripci\u00f3n hasta el 10 de abril para la actividad formativa provincial: \"JORNADAS PROVINCIALES DE DIFUSI\u00d3N Y BUENAS PR\u00c1CTICAS DE CENTROS DE COMUNIDADES DE APRENDIZAJE\" con c\u00f3digo 242926GE515. Organizan los CEPs de la provincia de M\u00e1laga y se desarrollar\u00e1 en las Escuelas de Ingenier\u00edas Industriales de M\u00e1laga\u2026","rel":"","context":"En \u00abNoticias\u00bb","block_context":{"text":"Noticias","link":"https:\/\/cepronda.com\/blog\/category\/noticias\/"},"img":{"alt_text":"","src":"https:\/\/i0.wp.com\/cepronda.com\/blog\/wp-content\/uploads\/2024\/03\/cartel-JORNADAS-PROVINCIALES-INFORMATIVAS-Y-DIFUSION-DE-BUENAS-PRACTICAS-DE-CENTROS-COMUNIDAD-DE-APRENDIZAJe_pages-to-jpg-0001-scaled.jpg?fit=848%2C1200&ssl=1&resize=350%2C200","width":350,"height":200,"srcset":"https:\/\/i0.wp.com\/cepronda.com\/blog\/wp-content\/uploads\/2024\/03\/cartel-JORNADAS-PROVINCIALES-INFORMATIVAS-Y-DIFUSION-DE-BUENAS-PRACTICAS-DE-CENTROS-COMUNIDAD-DE-APRENDIZAJe_pages-to-jpg-0001-scaled.jpg?fit=848%2C1200&ssl=1&resize=350%2C200 1x, https:\/\/i0.wp.com\/cepronda.com\/blog\/wp-content\/uploads\/2024\/03\/cartel-JORNADAS-PROVINCIALES-INFORMATIVAS-Y-DIFUSION-DE-BUENAS-PRACTICAS-DE-CENTROS-COMUNIDAD-DE-APRENDIZAJe_pages-to-jpg-0001-scaled.jpg?fit=848%2C1200&ssl=1&resize=525%2C300 1.5x, https:\/\/i0.wp.com\/cepronda.com\/blog\/wp-content\/uploads\/2024\/03\/cartel-JORNADAS-PROVINCIALES-INFORMATIVAS-Y-DIFUSION-DE-BUENAS-PRACTICAS-DE-CENTROS-COMUNIDAD-DE-APRENDIZAJe_pages-to-jpg-0001-scaled.jpg?fit=848%2C1200&ssl=1&resize=700%2C400 2x"},"classes":[]},{"id":7394,"url":"https:\/\/cepronda.com\/blog\/aprendizaje-basado-en-proyectos-en-centros-rurales\/","url_meta":{"origin":9065,"position":2},"title":"APRENDIZAJE BASADO EN PROYECTOS EN CENTROS RURALES","author":"Mamen Moreno","date":"19 enero, 2024","format":false,"excerpt":"Abierto el plazo de inscripci\u00f3n al curso correspondiente al IV Itinerario Formativo para Centros Rurales a nivel Provincial \"APRENDIZAJE BASADO EN PROYECTOS EN CENTROS RURALES\", organizado por el CEP de Ronda con c\u00f3digo 242924GE025. Ponente:\u00a0 Ra\u00fal Bermejo Cabezas. Fecha de inscripci\u00f3n: 19\/01\/2024 al 23\/2\/2024 Duraci\u00f3n de la actividad 12 horas:\u00a0\u2026","rel":"","context":"En \u00abFormaciones\u00bb","block_context":{"text":"Formaciones","link":"https:\/\/cepronda.com\/blog\/category\/formaciones\/"},"img":{"alt_text":"","src":"https:\/\/i0.wp.com\/cepronda.com\/blog\/wp-content\/uploads\/2024\/01\/2o-TRIMESTRE-RURAL-1-1.png?fit=848%2C1200&ssl=1&resize=350%2C200","width":350,"height":200,"srcset":"https:\/\/i0.wp.com\/cepronda.com\/blog\/wp-content\/uploads\/2024\/01\/2o-TRIMESTRE-RURAL-1-1.png?fit=848%2C1200&ssl=1&resize=350%2C200 1x, https:\/\/i0.wp.com\/cepronda.com\/blog\/wp-content\/uploads\/2024\/01\/2o-TRIMESTRE-RURAL-1-1.png?fit=848%2C1200&ssl=1&resize=525%2C300 1.5x, https:\/\/i0.wp.com\/cepronda.com\/blog\/wp-content\/uploads\/2024\/01\/2o-TRIMESTRE-RURAL-1-1.png?fit=848%2C1200&ssl=1&resize=700%2C400 2x"},"classes":[]},{"id":8067,"url":"https:\/\/cepronda.com\/blog\/convivencia-y-aprendizaje-creando-ambientes-educativos-positivos\/","url_meta":{"origin":9065,"position":3},"title":"CONVIVENCIA Y APRENDIZAJE: CREANDO AMBIENTES EDUCATIVOS POSITIVOS","author":"Mamen Moreno","date":"21 enero, 2025","format":false,"excerpt":"Inscripciones abiertas para el curso \"Convivencia y Aprendizaje: Creando Ambientes Educativos Positivos\" con c\u00f3digo 252924GE017 Duraci\u00f3n: 15 horas (12 horas presenciales y 3 horas de tareas) Dirigido a: Todo el profesorado (Internivelar) Inscripciones: del 21 de enero al 21 de febrero Lugar: CEP de Ronda \/ Sala de Videoconferencias Fechas:\u00a0\u2026","rel":"","context":"En \u00abFormaciones\u00bb","block_context":{"text":"Formaciones","link":"https:\/\/cepronda.com\/blog\/category\/formaciones\/"},"img":{"alt_text":"","src":"https:\/\/i0.wp.com\/cepronda.com\/blog\/wp-content\/uploads\/2025\/01\/CONVIVENCIA.jpg?fit=1080%2C1080&ssl=1&resize=350%2C200","width":350,"height":200,"srcset":"https:\/\/i0.wp.com\/cepronda.com\/blog\/wp-content\/uploads\/2025\/01\/CONVIVENCIA.jpg?fit=1080%2C1080&ssl=1&resize=350%2C200 1x, https:\/\/i0.wp.com\/cepronda.com\/blog\/wp-content\/uploads\/2025\/01\/CONVIVENCIA.jpg?fit=1080%2C1080&ssl=1&resize=525%2C300 1.5x, https:\/\/i0.wp.com\/cepronda.com\/blog\/wp-content\/uploads\/2025\/01\/CONVIVENCIA.jpg?fit=1080%2C1080&ssl=1&resize=700%2C400 2x, https:\/\/i0.wp.com\/cepronda.com\/blog\/wp-content\/uploads\/2025\/01\/CONVIVENCIA.jpg?fit=1080%2C1080&ssl=1&resize=1050%2C600 3x"},"classes":[]},{"id":9140,"url":"https:\/\/cepronda.com\/blog\/aprendizaje-servicio-desde-el-curriculo-por-competencias-situaciones-de-aprendizaje-basadas-en-el-aps\/","url_meta":{"origin":9065,"position":4},"title":"APRENDIZAJE-SERVICIO DESDE EL CURR\u00cdCULO POR COMPETENCIAS: SITUACIONES DE APRENDIZAJE BASADAS EN EL ApS","author":"V\u00edctor Caballero","date":"15 diciembre, 2025","format":false,"excerpt":"Abierto el plazo de inscripci\u00f3n para el curso con seguimiento\u00a0 \"APRENDIZAJE-SERVICIO DESDE EL CURR\u00cdCULO POR COMPETENCIAS: SITUACIONES DE APRENDIZAJE BASADAS EN EL ApS\" c\u00f3digo 262924GE102 Destinado a docentes de primaria y secundaria de centros p\u00fablicos que quieran iniciarse en el implantaci\u00f3n del Aprendizaje-Servicio con el alumnado mediante un proyecto real\u2026","rel":"","context":"En \u00abFormaciones\u00bb","block_context":{"text":"Formaciones","link":"https:\/\/cepronda.com\/blog\/category\/formaciones\/"},"img":{"alt_text":"","src":"https:\/\/i0.wp.com\/cepronda.com\/blog\/wp-content\/uploads\/2025\/12\/262924GE102_CArtel-Aprendizaje-Servicio.png?fit=848%2C1200&ssl=1&resize=350%2C200","width":350,"height":200,"srcset":"https:\/\/i0.wp.com\/cepronda.com\/blog\/wp-content\/uploads\/2025\/12\/262924GE102_CArtel-Aprendizaje-Servicio.png?fit=848%2C1200&ssl=1&resize=350%2C200 1x, https:\/\/i0.wp.com\/cepronda.com\/blog\/wp-content\/uploads\/2025\/12\/262924GE102_CArtel-Aprendizaje-Servicio.png?fit=848%2C1200&ssl=1&resize=525%2C300 1.5x, https:\/\/i0.wp.com\/cepronda.com\/blog\/wp-content\/uploads\/2025\/12\/262924GE102_CArtel-Aprendizaje-Servicio.png?fit=848%2C1200&ssl=1&resize=700%2C400 2x"},"classes":[]},{"id":9185,"url":"https:\/\/cepronda.com\/blog\/9185-2\/","url_meta":{"origin":9065,"position":5},"title":"CURSO EL APRENDIZAJE COOPERATIVO COMO ESTRATEGIA DE GESTI\u00d3N DE AULA","author":"Encarni Jim\u00e9nez Rosado","date":"13 enero, 2026","format":false,"excerpt":"Abierto plazo de inscripci\u00f3n para el curso \u201cEL APRENDIZAJE COOPERATIVO COMO ESTRATEGIA DE GESTI\u00d3N DE AULA\u201d C\u00f3digo: 262925GE401 Inscripciones: desde el 09\/01\/2026 hasta 27\/01\/2026 Fecha de inicio y fin del curso: 02\/02\/2026 hasta 08\/04\/2026 Lugar de realizaci\u00f3n: Aula Virtual de Formaci\u00f3n del Profesorado (https:\/\/educacionadistancia.juntadeandalucia.es\/profesorado\/) Detalle e inscripci\u00f3n: https:\/\/secretariavirtual.juntadeandalucia.es\/secretariavirtual\/consultaCEP\/actividad\/262925GE401\/","rel":"","context":"En \u00abFormaciones\u00bb","block_context":{"text":"Formaciones","link":"https:\/\/cepronda.com\/blog\/category\/formaciones\/"},"img":{"alt_text":"","src":"https:\/\/i0.wp.com\/cepronda.com\/blog\/wp-content\/uploads\/2026\/01\/WhatsApp-Image-2026-01-13-at-12.20.28-e1768303479670.jpeg?fit=500%2C835&ssl=1&resize=350%2C200","width":350,"height":200},"classes":[]}],"jetpack_sharing_enabled":true,"_links":{"self":[{"href":"https:\/\/cepronda.com\/blog\/wp-json\/wp\/v2\/posts\/9065","targetHints":{"allow":["GET"]}}],"collection":[{"href":"https:\/\/cepronda.com\/blog\/wp-json\/wp\/v2\/posts"}],"about":[{"href":"https:\/\/cepronda.com\/blog\/wp-json\/wp\/v2\/types\/post"}],"author":[{"embeddable":true,"href":"https:\/\/cepronda.com\/blog\/wp-json\/wp\/v2\/users\/13"}],"replies":[{"embeddable":true,"href":"https:\/\/cepronda.com\/blog\/wp-json\/wp\/v2\/comments?post=9065"}],"version-history":[{"count":1,"href":"https:\/\/cepronda.com\/blog\/wp-json\/wp\/v2\/posts\/9065\/revisions"}],"predecessor-version":[{"id":9071,"href":"https:\/\/cepronda.com\/blog\/wp-json\/wp\/v2\/posts\/9065\/revisions\/9071"}],"wp:featuredmedia":[{"embeddable":true,"href":"https:\/\/cepronda.com\/blog\/wp-json\/wp\/v2\/media\/9066"}],"wp:attachment":[{"href":"https:\/\/cepronda.com\/blog\/wp-json\/wp\/v2\/media?parent=9065"}],"wp:term":[{"taxonomy":"category","embeddable":true,"href":"https:\/\/cepronda.com\/blog\/wp-json\/wp\/v2\/categories?post=9065"},{"taxonomy":"post_tag","embeddable":true,"href":"https:\/\/cepronda.com\/blog\/wp-json\/wp\/v2\/tags?post=9065"}],"curies":[{"name":"wp","href":"https:\/\/api.w.org\/{rel}","templated":true}]}}