{"id":9062,"date":"2025-11-24T13:40:58","date_gmt":"2025-11-24T12:40:58","guid":{"rendered":"https:\/\/cepronda.com\/blog\/?p=9062"},"modified":"2025-11-24T13:40:58","modified_gmt":"2025-11-24T12:40:58","slug":"orientacion-para-el-empleo-eper","status":"publish","type":"post","link":"https:\/\/cepronda.com\/blog\/orientacion-para-el-empleo-eper\/","title":{"rendered":"ORIENTACI\u00d3N PARA EL EMPLEO EPER"},"content":{"rendered":"<p>Se encuentra abierto el plazo de inscripci\u00f3n para el curso semipresencial \u201cORIENTACI\u00d3N PARA EL EMPLEO EPER\u201d<br \/>\nC\u00f3digo: 262922GE045 (\u00e1mbito provincial)<br \/>\nFecha de la actividad : 26\/01\/2026 a 20\/02\/2026<br \/>\nFecha de inscripci\u00f3n: desde 01\/12\/2025 a 15\/12\/2025.<br \/>\nHoras totales. 15h.(5 presenciales +10 no presenciales)<br \/>\nLugar de realizaci\u00f3n: CEPMA y AVFP.<br \/>\nDirigido prioritariamente al profesorado de Ed. Permanente (CEPER, SEP, EEOOII, IPEP, IES con EPER).<br \/>\nM\u00e1s informaci\u00f3n e inscripci\u00f3n en el siguiente enlace:<br \/>\n<a href=\"https:\/\/secretariavirtual.juntadeandalucia.es\/secretariavirtual\/consultaCEP\/actividad\/262922GE045\/\">https:\/\/secretariavirtual.juntadeandalucia.es\/secretariavirtual\/consultaCEP\/actividad\/262922GE045\/<\/a><\/p>\n<p><img data-recalc-dims=\"1\" loading=\"lazy\" decoding=\"async\" class=\"size-medium wp-image-9063 aligncenter\" src=\"https:\/\/i0.wp.com\/cepronda.com\/blog\/wp-content\/uploads\/2025\/11\/WhatsApp-Image-2025-11-24-at-11.17.49.jpeg?resize=240%2C300&#038;ssl=1\" alt=\"\" width=\"240\" height=\"300\" srcset=\"https:\/\/i0.wp.com\/cepronda.com\/blog\/wp-content\/uploads\/2025\/11\/WhatsApp-Image-2025-11-24-at-11.17.49.jpeg?resize=240%2C300&amp;ssl=1 240w, https:\/\/i0.wp.com\/cepronda.com\/blog\/wp-content\/uploads\/2025\/11\/WhatsApp-Image-2025-11-24-at-11.17.49.jpeg?resize=819%2C1024&amp;ssl=1 819w, https:\/\/i0.wp.com\/cepronda.com\/blog\/wp-content\/uploads\/2025\/11\/WhatsApp-Image-2025-11-24-at-11.17.49.jpeg?resize=768%2C960&amp;ssl=1 768w, https:\/\/i0.wp.com\/cepronda.com\/blog\/wp-content\/uploads\/2025\/11\/WhatsApp-Image-2025-11-24-at-11.17.49.jpeg?w=1080&amp;ssl=1 1080w\" sizes=\"auto, (max-width: 240px) 100vw, 240px\" \/><\/p>\n","protected":false},"excerpt":{"rendered":"<p>Se encuentra abierto el plazo de inscripci\u00f3n para el curso semipresencial \u201cORIENTACI\u00d3N PARA EL EMPLEO EPER\u201d C\u00f3digo: 262922GE045 (\u00e1mbito provincial) Fecha de la actividad : 26\/01\/2026 a 20\/02\/2026 Fecha de inscripci\u00f3n: desde 01\/12\/2025 a 15\/12\/2025. Horas totales. 15h.(5 presenciales +10 no presenciales) Lugar de realizaci\u00f3n: CEPMA y AVFP. Dirigido prioritariamente al profesorado de Ed. Permanente [&hellip;]<\/p>\n","protected":false},"author":13,"featured_media":9063,"comment_status":"closed","ping_status":"open","sticky":false,"template":"","format":"standard","meta":{"_crdt_document":"","advanced_seo_description":"","jetpack_seo_html_title":"","jetpack_seo_noindex":false,"jetpack_post_was_ever_published":false,"_jetpack_newsletter_access":"","_jetpack_dont_email_post_to_subs":false,"_jetpack_newsletter_tier_id":0,"_jetpack_memberships_contains_paywalled_content":false,"_jetpack_memberships_contains_paid_content":false,"footnotes":"","jetpack_publicize_message":"","jetpack_publicize_feature_enabled":true,"jetpack_social_post_already_shared":true,"jetpack_social_options":{"image_generator_settings":{"template":"highway","default_image_id":0,"font":"","enabled":false},"version":2}},"categories":[3],"tags":[368,446,333],"class_list":{"0":"post-9062","1":"post","2":"type-post","3":"status-publish","4":"format-standard","5":"has-post-thumbnail","7":"category-formaciones","8":"tag-curso-provincial","9":"tag-empleo","10":"tag-orientacion","11":"czr-hentry"},"jetpack_publicize_connections":[],"jetpack_featured_media_url":"https:\/\/i0.wp.com\/cepronda.com\/blog\/wp-content\/uploads\/2025\/11\/WhatsApp-Image-2025-11-24-at-11.17.49.jpeg?fit=1080%2C1350&ssl=1","jetpack_shortlink":"https:\/\/wp.me\/p8M4X7-2ma","jetpack-related-posts":[{"id":8118,"url":"https:\/\/cepronda.com\/blog\/curso-eper-provincial-y-presencial-inteligencia-artificial-en-eper\/","url_meta":{"origin":9062,"position":0},"title":"CURSO EPER PROVINCIAL Y PRESENCIAL: \u00a0INTELIGENCIA ARTIFICIAL EN EPER","author":"Mamen Moreno","date":"6 febrero, 2025","format":false,"excerpt":"CURSO EPER PROVINCIAL Y PRESENCIAL: \u00a0INTELIGENCIA ARTIFICIAL EN EPER.\u00a0 C\u00f3digo: 252922GE101. (Dirigido prioritariamente a personal de EPER y \u00a0en segundo lugar a ARE y FP. En \u00faltima instancia al resto de niveles educativos) \u00c1mbito: Provincial. Duraci\u00f3n: 15 horas presenciales. Fechas de inscripci\u00f3n: 10\/02\/25 al 10\/03\/25. Fechas sesiones:\u00a0 2, 9, 23\u2026","rel":"","context":"En \u00abFormaciones\u00bb","block_context":{"text":"Formaciones","link":"https:\/\/cepronda.com\/blog\/category\/formaciones\/"},"img":{"alt_text":"","src":"https:\/\/i0.wp.com\/cepronda.com\/blog\/wp-content\/uploads\/2025\/02\/WhatsApp-Image-2025-02-06-at-12.44.15.jpeg?fit=940%2C788&ssl=1&resize=350%2C200","width":350,"height":200,"srcset":"https:\/\/i0.wp.com\/cepronda.com\/blog\/wp-content\/uploads\/2025\/02\/WhatsApp-Image-2025-02-06-at-12.44.15.jpeg?fit=940%2C788&ssl=1&resize=350%2C200 1x, https:\/\/i0.wp.com\/cepronda.com\/blog\/wp-content\/uploads\/2025\/02\/WhatsApp-Image-2025-02-06-at-12.44.15.jpeg?fit=940%2C788&ssl=1&resize=525%2C300 1.5x, https:\/\/i0.wp.com\/cepronda.com\/blog\/wp-content\/uploads\/2025\/02\/WhatsApp-Image-2025-02-06-at-12.44.15.jpeg?fit=940%2C788&ssl=1&resize=700%2C400 2x"},"classes":[]},{"id":8115,"url":"https:\/\/cepronda.com\/blog\/curso-eper-provincial-y-presencial-situaciones-de-aprendizaje-en-el-aula-eper\/","url_meta":{"origin":9062,"position":1},"title":"CURSO EPER PROVINCIAL Y PRESENCIAL: SITUACIONES DE APRENDIZAJE EN EL AULA EPER","author":"Mamen Moreno","date":"6 febrero, 2025","format":false,"excerpt":"CURSO EPER PROVINCIAL Y PRESENCIAL: SITUACIONES DE APRENDIZAJE EN EL AULA EPER C\u00f3digo: 252922GE102. Dirigido prioritariamente a personal de EPER y en segundo lugar a ARE y FP. En \u00faltima instancia al resto de niveles educativos. \u00c1mbito: Provincial. Duraci\u00f3n: 15 horas presenciales. Fechas de inscripci\u00f3n: 10\/02\/25 al 10\/03\/25 Fechas sesiones:\u2026","rel":"","context":"En \u00abFormaciones\u00bb","block_context":{"text":"Formaciones","link":"https:\/\/cepronda.com\/blog\/category\/formaciones\/"},"img":{"alt_text":"","src":"https:\/\/i0.wp.com\/cepronda.com\/blog\/wp-content\/uploads\/2025\/02\/WhatsApp-Image-2025-02-06-at-12.44.14.jpeg?fit=940%2C788&ssl=1&resize=350%2C200","width":350,"height":200,"srcset":"https:\/\/i0.wp.com\/cepronda.com\/blog\/wp-content\/uploads\/2025\/02\/WhatsApp-Image-2025-02-06-at-12.44.14.jpeg?fit=940%2C788&ssl=1&resize=350%2C200 1x, https:\/\/i0.wp.com\/cepronda.com\/blog\/wp-content\/uploads\/2025\/02\/WhatsApp-Image-2025-02-06-at-12.44.14.jpeg?fit=940%2C788&ssl=1&resize=525%2C300 1.5x, https:\/\/i0.wp.com\/cepronda.com\/blog\/wp-content\/uploads\/2025\/02\/WhatsApp-Image-2025-02-06-at-12.44.14.jpeg?fit=940%2C788&ssl=1&resize=700%2C400 2x"},"classes":[]},{"id":8876,"url":"https:\/\/cepronda.com\/blog\/profundizacion-moodle-semi-eper-25-26\/","url_meta":{"origin":9062,"position":2},"title":"PROFUNDIZACI\u00d3N MOODLE SEMI EPER 25-26","author":"Mamen Moreno","date":"1 octubre, 2025","format":false,"excerpt":"Abierto el plazo de inscripci\u00f3n para el curso \"PROFUNDIZACI\u00d3N MOODLE SEMI EPER 25-26\u201d Dirigido a: EXCLUSIVO para docentes en la SEMI de EPER, del nivel del IES o EEOII Inscripci\u00f3n: desde 1\/10\/2025 a 17\/10\/2025 Actividad: 03\/11\/2025 a 28\/11\/2025 Duraci\u00f3n: 20 horas Lugar: AVFP M\u00e1s informaci\u00f3n en: https:\/\/www.juntadeandalucia.es\/educacion\/secretariavirtual\/consultaCEP\/actividad\/262922GE043\/","rel":"","context":"En \u00abFormaciones\u00bb","block_context":{"text":"Formaciones","link":"https:\/\/cepronda.com\/blog\/category\/formaciones\/"},"img":{"alt_text":"","src":"https:\/\/i0.wp.com\/cepronda.com\/blog\/wp-content\/uploads\/2025\/10\/WhatsApp-Image-2025-10-01-at-14.28.44.jpeg?fit=1080%2C1080&ssl=1&resize=350%2C200","width":350,"height":200,"srcset":"https:\/\/i0.wp.com\/cepronda.com\/blog\/wp-content\/uploads\/2025\/10\/WhatsApp-Image-2025-10-01-at-14.28.44.jpeg?fit=1080%2C1080&ssl=1&resize=350%2C200 1x, https:\/\/i0.wp.com\/cepronda.com\/blog\/wp-content\/uploads\/2025\/10\/WhatsApp-Image-2025-10-01-at-14.28.44.jpeg?fit=1080%2C1080&ssl=1&resize=525%2C300 1.5x, https:\/\/i0.wp.com\/cepronda.com\/blog\/wp-content\/uploads\/2025\/10\/WhatsApp-Image-2025-10-01-at-14.28.44.jpeg?fit=1080%2C1080&ssl=1&resize=700%2C400 2x, https:\/\/i0.wp.com\/cepronda.com\/blog\/wp-content\/uploads\/2025\/10\/WhatsApp-Image-2025-10-01-at-14.28.44.jpeg?fit=1080%2C1080&ssl=1&resize=1050%2C600 3x"},"classes":[]},{"id":8025,"url":"https:\/\/cepronda.com\/blog\/orientacion-vocacional-academica-y-profesional-en-orientacion-educativa-codigo-252922ge059\/","url_meta":{"origin":9062,"position":3},"title":"ORIENTACI\u00d3N VOCACIONAL, ACAD\u00c9MICA Y PROFESIONAL EN ORIENTACI\u00d3N EDUCATIVA. C\u00f3digo: 252922GE059.","author":"Inmaculada Garc\u00eda","date":"13 enero, 2025","format":false,"excerpt":"Abierto el plazo de solicitudes para la actividad formativa provincial a distancia: ORIENTACI\u00d3N VOCACIONAL, ACAD\u00c9MICA Y PROFESIONAL EN ORIENTACI\u00d3N EDUCATIVA. C\u00f3digo: 252922GE059. Curso a distancia de 30h. Dirigido preferentemente al Profesorado de la especialidad Orientaci\u00f3n Educativa de las distintas etapas educativas. Inscripci\u00f3n: 13\/01\/\/2025 al 26\/01\/2025. Fecha de actividad 10\/02\/2025 hasta\u2026","rel":"","context":"En \u00abFormaciones\u00bb","block_context":{"text":"Formaciones","link":"https:\/\/cepronda.com\/blog\/category\/formaciones\/"},"img":{"alt_text":"","src":"https:\/\/i0.wp.com\/cepronda.com\/blog\/wp-content\/uploads\/2025\/01\/WhatsApp-Image-2025-01-13-at-08.19.10.jpeg?fit=1080%2C1080&ssl=1&resize=350%2C200","width":350,"height":200,"srcset":"https:\/\/i0.wp.com\/cepronda.com\/blog\/wp-content\/uploads\/2025\/01\/WhatsApp-Image-2025-01-13-at-08.19.10.jpeg?fit=1080%2C1080&ssl=1&resize=350%2C200 1x, https:\/\/i0.wp.com\/cepronda.com\/blog\/wp-content\/uploads\/2025\/01\/WhatsApp-Image-2025-01-13-at-08.19.10.jpeg?fit=1080%2C1080&ssl=1&resize=525%2C300 1.5x, https:\/\/i0.wp.com\/cepronda.com\/blog\/wp-content\/uploads\/2025\/01\/WhatsApp-Image-2025-01-13-at-08.19.10.jpeg?fit=1080%2C1080&ssl=1&resize=700%2C400 2x, https:\/\/i0.wp.com\/cepronda.com\/blog\/wp-content\/uploads\/2025\/01\/WhatsApp-Image-2025-01-13-at-08.19.10.jpeg?fit=1080%2C1080&ssl=1&resize=1050%2C600 3x"},"classes":[]},{"id":7522,"url":"https:\/\/cepronda.com\/blog\/jornadas-formativas-provinciales-de-ensenanzas-de-regimen-especial-para-profesionales-de-la-orientacion-educativa-242922ge253\/","url_meta":{"origin":9062,"position":4},"title":"JORNADAS FORMATIVAS PROVINCIALES DE ENSE\u00d1ANZAS DE R\u00c9GIMEN ESPECIAL PARA PROFESIONALES DE LA ORIENTACI\u00d3N EDUCATIVA. (242922GE253)","author":"Inmaculada Garc\u00eda","date":"18 marzo, 2024","format":false,"excerpt":"Se encuentra abierto el plazo de inscripci\u00f3n de la actividad provincial \u201cJORNADAS FORMATIVAS PROVINCIALES DE ENSE\u00d1ANZAS DE R\u00c9GIMEN ESPECIAL PARA PROFESIONALES DE LA ORIENTACI\u00d3N EDUCATIVA\u201d, dirigida a orientadores y orientadoras de centros p\u00fablicos dependientes de la Junta de Andaluc\u00eda. T\u00edtulo: JORNADAS FORMATIVAS PROVINCIALES DE ENSE\u00d1ANZAS DE R\u00c9GIMEN ESPECIAL PARA PROFESIONALES\u2026","rel":"","context":"En \u00abFormaciones\u00bb","block_context":{"text":"Formaciones","link":"https:\/\/cepronda.com\/blog\/category\/formaciones\/"},"img":{"alt_text":"","src":"https:\/\/i0.wp.com\/cepronda.com\/blog\/wp-content\/uploads\/2024\/03\/WhatsApp-Image-2024-03-18-at-13.32.28.jpeg?fit=1199%2C1200&ssl=1&resize=350%2C200","width":350,"height":200,"srcset":"https:\/\/i0.wp.com\/cepronda.com\/blog\/wp-content\/uploads\/2024\/03\/WhatsApp-Image-2024-03-18-at-13.32.28.jpeg?fit=1199%2C1200&ssl=1&resize=350%2C200 1x, https:\/\/i0.wp.com\/cepronda.com\/blog\/wp-content\/uploads\/2024\/03\/WhatsApp-Image-2024-03-18-at-13.32.28.jpeg?fit=1199%2C1200&ssl=1&resize=525%2C300 1.5x, https:\/\/i0.wp.com\/cepronda.com\/blog\/wp-content\/uploads\/2024\/03\/WhatsApp-Image-2024-03-18-at-13.32.28.jpeg?fit=1199%2C1200&ssl=1&resize=700%2C400 2x, https:\/\/i0.wp.com\/cepronda.com\/blog\/wp-content\/uploads\/2024\/03\/WhatsApp-Image-2024-03-18-at-13.32.28.jpeg?fit=1199%2C1200&ssl=1&resize=1050%2C600 3x"},"classes":[]},{"id":7690,"url":"https:\/\/cepronda.com\/blog\/formacion-formacion-avanzada-para-orientadores-as-codigo-252922ge051\/","url_meta":{"origin":9062,"position":5},"title":"FORMACI\u00d3N: FORMACI\u00d3N AVANZADA PARA ORIENTADORES\/AS\u00bb, c\u00f3digo: 252922GE051.","author":"Inmaculada Garc\u00eda","date":"10 septiembre, 2024","format":false,"excerpt":"Os informamos que se encuentra abierta la inscripci\u00f3n en el curso provincial, organizado por el CEP de M\u00e1laga: \"FORMACI\u00d3N AVANZADA PARA ORIENTADORES\/AS\", con c\u00f3digo: 252922GE051. Este curso est\u00e1 dirigido a maestros y maestras tutores\/as de Infantil y Primaria de centros p\u00fablicos. Sesiones presenciales mediante videoconferencia en directo. - Inscripciones: del\u2026","rel":"","context":"En \u00abFormaciones\u00bb","block_context":{"text":"Formaciones","link":"https:\/\/cepronda.com\/blog\/category\/formaciones\/"},"img":{"alt_text":"","src":"https:\/\/i0.wp.com\/cepronda.com\/blog\/wp-content\/uploads\/2024\/09\/CARTEL-ORIENTADORES-AVANZADO.jpg?fit=1080%2C1080&ssl=1&resize=350%2C200","width":350,"height":200,"srcset":"https:\/\/i0.wp.com\/cepronda.com\/blog\/wp-content\/uploads\/2024\/09\/CARTEL-ORIENTADORES-AVANZADO.jpg?fit=1080%2C1080&ssl=1&resize=350%2C200 1x, https:\/\/i0.wp.com\/cepronda.com\/blog\/wp-content\/uploads\/2024\/09\/CARTEL-ORIENTADORES-AVANZADO.jpg?fit=1080%2C1080&ssl=1&resize=525%2C300 1.5x, https:\/\/i0.wp.com\/cepronda.com\/blog\/wp-content\/uploads\/2024\/09\/CARTEL-ORIENTADORES-AVANZADO.jpg?fit=1080%2C1080&ssl=1&resize=700%2C400 2x, https:\/\/i0.wp.com\/cepronda.com\/blog\/wp-content\/uploads\/2024\/09\/CARTEL-ORIENTADORES-AVANZADO.jpg?fit=1080%2C1080&ssl=1&resize=1050%2C600 3x"},"classes":[]}],"jetpack_sharing_enabled":true,"_links":{"self":[{"href":"https:\/\/cepronda.com\/blog\/wp-json\/wp\/v2\/posts\/9062","targetHints":{"allow":["GET"]}}],"collection":[{"href":"https:\/\/cepronda.com\/blog\/wp-json\/wp\/v2\/posts"}],"about":[{"href":"https:\/\/cepronda.com\/blog\/wp-json\/wp\/v2\/types\/post"}],"author":[{"embeddable":true,"href":"https:\/\/cepronda.com\/blog\/wp-json\/wp\/v2\/users\/13"}],"replies":[{"embeddable":true,"href":"https:\/\/cepronda.com\/blog\/wp-json\/wp\/v2\/comments?post=9062"}],"version-history":[{"count":1,"href":"https:\/\/cepronda.com\/blog\/wp-json\/wp\/v2\/posts\/9062\/revisions"}],"predecessor-version":[{"id":9064,"href":"https:\/\/cepronda.com\/blog\/wp-json\/wp\/v2\/posts\/9062\/revisions\/9064"}],"wp:featuredmedia":[{"embeddable":true,"href":"https:\/\/cepronda.com\/blog\/wp-json\/wp\/v2\/media\/9063"}],"wp:attachment":[{"href":"https:\/\/cepronda.com\/blog\/wp-json\/wp\/v2\/media?parent=9062"}],"wp:term":[{"taxonomy":"category","embeddable":true,"href":"https:\/\/cepronda.com\/blog\/wp-json\/wp\/v2\/categories?post=9062"},{"taxonomy":"post_tag","embeddable":true,"href":"https:\/\/cepronda.com\/blog\/wp-json\/wp\/v2\/tags?post=9062"}],"curies":[{"name":"wp","href":"https:\/\/api.w.org\/{rel}","templated":true}]}}