{"id":9053,"date":"2025-11-14T13:04:59","date_gmt":"2025-11-14T12:04:59","guid":{"rendered":"https:\/\/cepronda.com\/blog\/?p=9053"},"modified":"2025-12-04T13:01:46","modified_gmt":"2025-12-04T12:01:46","slug":"jornada-provincial-de-educacion-permanente","status":"publish","type":"post","link":"https:\/\/cepronda.com\/blog\/jornada-provincial-de-educacion-permanente\/","title":{"rendered":"JORNADA PROVINCIAL DE EDUCACI\u00d3N PERMANENTE."},"content":{"rendered":"<p>Se encuentra abierto el plazo de inscripci\u00f3n para la <strong>JORNADA PROVINCIAL: Ense\u00f1ar para transformar: repensar y actualizar la ense\u00f1anza de Educaci\u00f3n Permanente<\/strong>, con c\u00f3digo: <strong>262922GE046<\/strong>.<br \/>\nTendr\u00e1 lugar el mi\u00e9rcoles, 21 de enero de 2026, de 08:30 a 14:30 h, en el Instituto Andaluz del Deporte (M\u00e1laga).<\/p>\n<p>Plazo de inscripci\u00f3n del 17\/11 al 02\/12\/2025.<\/p>\n<p>Conferencias inspiradoras<br \/>\n Mesa redonda<br \/>\n Mesas de trabajo simult\u00e1neas<br \/>\n Networking, innovaci\u00f3n y buenas pr\u00e1cticas docentes<\/p>\n<p>Una jornada para repensar la docencia, compartir experiencias y construir el futuro de la EP.<\/p>\n<p>Para m\u00e1s info e inscripci\u00f3n: <a href=\"https:\/\/secretariavirtual.juntadeandalucia.es\/secretariavirtual\/consultaCEP\/actividad\/262922GE046\/\">https:\/\/secretariavirtual.juntadeandalucia.es\/secretariavirtual\/consultaCEP\/actividad\/262922GE046\/<\/a><\/p>\n<p>&nbsp;<\/p>\n<p><img data-recalc-dims=\"1\" loading=\"lazy\" decoding=\"async\" class=\"aligncenter wp-image-9054\" src=\"https:\/\/i0.wp.com\/cepronda.com\/blog\/wp-content\/uploads\/2025\/11\/WhatsApp-Image-2025-11-14-at-11.39.07.jpeg?resize=500%2C707&#038;ssl=1\" alt=\"\" width=\"500\" height=\"707\" srcset=\"https:\/\/i0.wp.com\/cepronda.com\/blog\/wp-content\/uploads\/2025\/11\/WhatsApp-Image-2025-11-14-at-11.39.07.jpeg?resize=724%2C1024&amp;ssl=1 724w, https:\/\/i0.wp.com\/cepronda.com\/blog\/wp-content\/uploads\/2025\/11\/WhatsApp-Image-2025-11-14-at-11.39.07.jpeg?resize=212%2C300&amp;ssl=1 212w, https:\/\/i0.wp.com\/cepronda.com\/blog\/wp-content\/uploads\/2025\/11\/WhatsApp-Image-2025-11-14-at-11.39.07.jpeg?resize=768%2C1086&amp;ssl=1 768w, https:\/\/i0.wp.com\/cepronda.com\/blog\/wp-content\/uploads\/2025\/11\/WhatsApp-Image-2025-11-14-at-11.39.07.jpeg?resize=1086%2C1536&amp;ssl=1 1086w, https:\/\/i0.wp.com\/cepronda.com\/blog\/wp-content\/uploads\/2025\/11\/WhatsApp-Image-2025-11-14-at-11.39.07.jpeg?w=1131&amp;ssl=1 1131w\" sizes=\"auto, (max-width: 500px) 100vw, 500px\" \/><\/p>\n","protected":false},"excerpt":{"rendered":"<p>Se encuentra abierto el plazo de inscripci\u00f3n para la JORNADA PROVINCIAL: Ense\u00f1ar para transformar: repensar y actualizar la ense\u00f1anza de Educaci\u00f3n Permanente, con c\u00f3digo: 262922GE046. Tendr\u00e1 lugar el mi\u00e9rcoles, 21 de enero de 2026, de 08:30 a 14:30 h, en el Instituto Andaluz del Deporte (M\u00e1laga). Plazo de inscripci\u00f3n del 17\/11 al 02\/12\/2025. Conferencias inspiradoras [&hellip;]<\/p>\n","protected":false},"author":9,"featured_media":9054,"comment_status":"closed","ping_status":"open","sticky":false,"template":"","format":"standard","meta":{"_crdt_document":"","advanced_seo_description":"","jetpack_seo_html_title":"","jetpack_seo_noindex":false,"jetpack_post_was_ever_published":false,"_jetpack_newsletter_access":"","_jetpack_dont_email_post_to_subs":false,"_jetpack_newsletter_tier_id":0,"_jetpack_memberships_contains_paywalled_content":false,"_jetpack_memberships_contains_paid_content":false,"footnotes":"","jetpack_publicize_message":"","jetpack_publicize_feature_enabled":true,"jetpack_social_post_already_shared":true,"jetpack_social_options":{"image_generator_settings":{"template":"highway","default_image_id":0,"font":"","enabled":false},"version":2}},"categories":[3],"tags":[442],"class_list":{"0":"post-9053","1":"post","2":"type-post","3":"status-publish","4":"format-standard","5":"has-post-thumbnail","7":"category-formaciones","8":"tag-educacion-permanente","9":"czr-hentry"},"jetpack_publicize_connections":[],"jetpack_featured_media_url":"https:\/\/i0.wp.com\/cepronda.com\/blog\/wp-content\/uploads\/2025\/11\/WhatsApp-Image-2025-11-14-at-11.39.07.jpeg?fit=1131%2C1600&ssl=1","jetpack_shortlink":"https:\/\/wp.me\/p8M4X7-2m1","jetpack-related-posts":[{"id":4670,"url":"https:\/\/cepronda.com\/blog\/acreditacion-erasmus-en-el-ambito-de-la-educacion-escolar-y-educacion-permanente-convocatoria-2021\/","url_meta":{"origin":9053,"position":0},"title":"ACREDITACI\u00d3N ERASMUS EN EL \u00c1MBITO DE LA EDUCACI\u00d3N ESCOLAR Y EDUCACI\u00d3N PERMANENTE. CONVOCATORIA 2021","author":"Maribel Mu\u00f1oz","date":"24 septiembre, 2021","format":false,"excerpt":"Buenas tardes compa\u00f1eras y compa\u00f1eros, Os informamos que est\u00e1 abierto el plazo de inscripci\u00f3n en la actividad \u00a0\"ACREDITACI\u00d3N ERASMUS EN EL \u00c1MBITO DE LA EDUCACI\u00d3N ESCOLAR Y EDUCACI\u00d3N PERMANENTE. CONVOCATORIA 2021\" \u00a0hasta el 27 de septiembre .\u00a0 Es una actividad PROVINCIAL con c\u00f3digo 229922KPI003\u00a0 El curso se desarrollar\u00e1\u00a0 desde el\u2026","rel":"","context":"En \u00abFormaciones\u00bb","block_context":{"text":"Formaciones","link":"https:\/\/cepronda.com\/blog\/category\/formaciones\/"},"img":{"alt_text":"","src":"https:\/\/i0.wp.com\/cepronda.com\/blog\/wp-content\/uploads\/2021\/09\/CARTEL-FORMACION-PROVINCIAL-300x273.png?resize=350%2C200","width":350,"height":200},"classes":[]},{"id":7803,"url":"https:\/\/cepronda.com\/blog\/jornada-para-el-impulso-del-razonamiento-matematico\/","url_meta":{"origin":9053,"position":1},"title":"JORNADA PARA EL IMPULSO DEL RAZONAMIENTO MATEM\u00c1TICO","author":"Mamen Moreno","date":"16 octubre, 2024","format":false,"excerpt":"Os informamos que se encuentra abierta la inscripci\u00f3n en el curso provincial: JORNADA PARA EL IMPULSO DEL RAZONAMIENTO MATEM\u00c1TICO. Jornada de 8 horas. Internivelar. Inscripci\u00f3n: Del 16 de octubre al 25 de octubre de 2024. Realizaci\u00f3n: El martes 29\/10\/24. Enlace inscripci\u00f3n: P\u00daBLICA https:\/\/www.juntadeandalucia.es\/educacion\/secretariavirtual\/consultaCEP\/actividad\/259922KPFP001\/ CONCERTADA https:\/\/www.juntadeandalucia.es\/educacion\/secretariavirtual\/consultaCEP\/actividad\/259922KPFC001\/","rel":"","context":"En \u00abFormaciones\u00bb","block_context":{"text":"Formaciones","link":"https:\/\/cepronda.com\/blog\/category\/formaciones\/"},"img":{"alt_text":"","src":"https:\/\/i0.wp.com\/cepronda.com\/blog\/wp-content\/uploads\/2024\/10\/WhatsApp-Image-2024-10-16-at-12.28.17.jpeg?fit=1080%2C1080&ssl=1&resize=350%2C200","width":350,"height":200,"srcset":"https:\/\/i0.wp.com\/cepronda.com\/blog\/wp-content\/uploads\/2024\/10\/WhatsApp-Image-2024-10-16-at-12.28.17.jpeg?fit=1080%2C1080&ssl=1&resize=350%2C200 1x, https:\/\/i0.wp.com\/cepronda.com\/blog\/wp-content\/uploads\/2024\/10\/WhatsApp-Image-2024-10-16-at-12.28.17.jpeg?fit=1080%2C1080&ssl=1&resize=525%2C300 1.5x, https:\/\/i0.wp.com\/cepronda.com\/blog\/wp-content\/uploads\/2024\/10\/WhatsApp-Image-2024-10-16-at-12.28.17.jpeg?fit=1080%2C1080&ssl=1&resize=700%2C400 2x, https:\/\/i0.wp.com\/cepronda.com\/blog\/wp-content\/uploads\/2024\/10\/WhatsApp-Image-2024-10-16-at-12.28.17.jpeg?fit=1080%2C1080&ssl=1&resize=1050%2C600 3x"},"classes":[]},{"id":6065,"url":"https:\/\/cepronda.com\/blog\/acreditacion-erasmus-en-el-ambito-de-la-educacion-escolar-y-educacion-permanente-convocatoria-2023\/","url_meta":{"origin":9053,"position":2},"title":"ACREDITACI\u00d3N ERASMUS EN EL \u00c1MBITO DE LA EDUCACI\u00d3N ESCOLAR Y EDUCACI\u00d3N PERMANENTE. CONVOCATORIA 2023","author":"Inmaculada Garc\u00eda","date":"20 septiembre, 2023","format":false,"excerpt":"Abierto plazo de inscripci\u00f3n para la Acreditaci\u00f3n Erasmus en el \u00c1mbito de la Educaci\u00f3n Escolar y Permanente. Convocatoria 2023.\u00a0 C\u00f3digo de la actividad:\u00a0\u00a0249922KPI003 Fechas de realizaci\u00f3n:\u00a025\/09\/2023 - 27\/10\/2023 Lugar de realizaci\u00f3n:\u00a0AULA VIRTUAL DE FORMACI\u00d3N DEL PROFESORADO N\u00ba de plazas:\u00a090 PLAZO DE INSCRIPCI\u00d3N:\u00a0Abierto hasta el 22 de septiembre a las 10:00\u2026","rel":"","context":"En \u00abFormaciones\u00bb","block_context":{"text":"Formaciones","link":"https:\/\/cepronda.com\/blog\/category\/formaciones\/"},"img":{"alt_text":"","src":"https:\/\/i0.wp.com\/cepronda.com\/blog\/wp-content\/uploads\/2023\/09\/ACREDITACION.jpg?fit=720%2C509&ssl=1&resize=350%2C200","width":350,"height":200,"srcset":"https:\/\/i0.wp.com\/cepronda.com\/blog\/wp-content\/uploads\/2023\/09\/ACREDITACION.jpg?fit=720%2C509&ssl=1&resize=350%2C200 1x, https:\/\/i0.wp.com\/cepronda.com\/blog\/wp-content\/uploads\/2023\/09\/ACREDITACION.jpg?fit=720%2C509&ssl=1&resize=525%2C300 1.5x, https:\/\/i0.wp.com\/cepronda.com\/blog\/wp-content\/uploads\/2023\/09\/ACREDITACION.jpg?fit=720%2C509&ssl=1&resize=700%2C400 2x"},"classes":[]},{"id":5840,"url":"https:\/\/cepronda.com\/blog\/jornada-de-formacion-trinity-making-connections-across-the-curriculum\/","url_meta":{"origin":9053,"position":3},"title":"\u00abJornada de formaci\u00f3n Trinity: Making Connections Across the Curriculum\u00bb","author":"Mamen Moreno","date":"20 marzo, 2023","format":false,"excerpt":"\"Jornada de formaci\u00f3n Trinity: Making Connections Across the Curriculum\" Se abre plazo para la inscripci\u00f3n en el curso provincial \"Jornada de formaci\u00f3n Trinity: Making Connections Across the Curriculum\", c\u00f3digo:239925KPI439, dirigido a profesorado de \u00e1reas ling\u00fc\u00edsticas y no ling\u00fc\u00edsticas de primaria y secundaria de centros tanto biling\u00fces como no biling\u00fces. Se\u2026","rel":"","context":"En \u00abNoticias\u00bb","block_context":{"text":"Noticias","link":"https:\/\/cepronda.com\/blog\/category\/noticias\/"},"img":{"alt_text":"","src":"https:\/\/i0.wp.com\/cepronda.com\/blog\/wp-content\/uploads\/2023\/03\/CURSO.jpg?fit=1080%2C1080&ssl=1&resize=350%2C200","width":350,"height":200,"srcset":"https:\/\/i0.wp.com\/cepronda.com\/blog\/wp-content\/uploads\/2023\/03\/CURSO.jpg?fit=1080%2C1080&ssl=1&resize=350%2C200 1x, https:\/\/i0.wp.com\/cepronda.com\/blog\/wp-content\/uploads\/2023\/03\/CURSO.jpg?fit=1080%2C1080&ssl=1&resize=525%2C300 1.5x, https:\/\/i0.wp.com\/cepronda.com\/blog\/wp-content\/uploads\/2023\/03\/CURSO.jpg?fit=1080%2C1080&ssl=1&resize=700%2C400 2x, https:\/\/i0.wp.com\/cepronda.com\/blog\/wp-content\/uploads\/2023\/03\/CURSO.jpg?fit=1080%2C1080&ssl=1&resize=1050%2C600 3x"},"classes":[]},{"id":8255,"url":"https:\/\/cepronda.com\/blog\/jornadas-formativas-de-ensenanzas-de-regimen-especial-y-de-educacion-permanente-de-la-orientacion-educativa-con-codigo-259922oe010\/","url_meta":{"origin":9053,"position":4},"title":"JORNADAS FORMATIVAS DE ENSE\u00d1ANZAS DE R\u00c9GIMEN ESPECIAL Y DE EDUCACI\u00d3N PERMANENTE","author":"Inmaculada Garc\u00eda","date":"3 marzo, 2025","format":false,"excerpt":"Abierto el plazo de inscripci\u00f3n a las Jornadas Provinciales: JORNADAS FORMATIVAS DE ENSE\u00d1ANZAS DE R\u00c9GIMEN ESPECIAL Y DE EDUCACI\u00d3N PERMANENTE DE LA ORIENTACI\u00d3N EDUCATIVA, con c\u00f3digo: 259922OE010. Con una duraci\u00f3n de 8 horas presenciales. Dirigido a Profesorado de la especialidad de Orientaci\u00f3n Educativa, de centros p\u00fablicos y concertados (sostenidos con\u2026","rel":"","context":"En \u00abFormaciones\u00bb","block_context":{"text":"Formaciones","link":"https:\/\/cepronda.com\/blog\/category\/formaciones\/"},"img":{"alt_text":"","src":"https:\/\/i0.wp.com\/cepronda.com\/blog\/wp-content\/uploads\/2025\/03\/WhatsApp-Image-2025-03-03-at-13.03.49.jpeg?fit=1080%2C1080&ssl=1&resize=350%2C200","width":350,"height":200,"srcset":"https:\/\/i0.wp.com\/cepronda.com\/blog\/wp-content\/uploads\/2025\/03\/WhatsApp-Image-2025-03-03-at-13.03.49.jpeg?fit=1080%2C1080&ssl=1&resize=350%2C200 1x, https:\/\/i0.wp.com\/cepronda.com\/blog\/wp-content\/uploads\/2025\/03\/WhatsApp-Image-2025-03-03-at-13.03.49.jpeg?fit=1080%2C1080&ssl=1&resize=525%2C300 1.5x, https:\/\/i0.wp.com\/cepronda.com\/blog\/wp-content\/uploads\/2025\/03\/WhatsApp-Image-2025-03-03-at-13.03.49.jpeg?fit=1080%2C1080&ssl=1&resize=700%2C400 2x, https:\/\/i0.wp.com\/cepronda.com\/blog\/wp-content\/uploads\/2025\/03\/WhatsApp-Image-2025-03-03-at-13.03.49.jpeg?fit=1080%2C1080&ssl=1&resize=1050%2C600 3x"},"classes":[]},{"id":9134,"url":"https:\/\/cepronda.com\/blog\/jornada-de-formacion-cambridge-clil-methodology-and-practice-2\/","url_meta":{"origin":9053,"position":5},"title":"JORNADA DE FORMACI\u00d3N CAMBRIDGE: CLIL METHODOLOGY AND PRACTICE","author":"Inmaculada Garc\u00eda","date":"12 diciembre, 2025","format":false,"excerpt":"Se encuentra abierto el plazo de inscripci\u00f3n en la actividad provincial \"JORNADA DE FORMACI\u00d3N CAMBRIDGE: CLIL METHODOLOGY AND PRACTICE\", con c\u00f3digo: 269923KPI441. \u00a0 Curso a distancia: Aula Virtual de Formaci\u00f3n del Profesorado \u00a0 Periodo de inscripci\u00f3n: 12\/12\/2025 al 08\/01\/2025 a las 12:00 horas \u00a0 Plazo de realizaci\u00f3n desde el 15\u2026","rel":"","context":"En \u00abNoticias\u00bb","block_context":{"text":"Noticias","link":"https:\/\/cepronda.com\/blog\/category\/noticias\/"},"img":{"alt_text":"","src":"https:\/\/i0.wp.com\/cepronda.com\/blog\/wp-content\/uploads\/2025\/12\/IMG-20251210-WA0000-1024x1024.jpg?resize=350%2C200&ssl=1","width":350,"height":200},"classes":[]}],"jetpack_sharing_enabled":true,"_links":{"self":[{"href":"https:\/\/cepronda.com\/blog\/wp-json\/wp\/v2\/posts\/9053","targetHints":{"allow":["GET"]}}],"collection":[{"href":"https:\/\/cepronda.com\/blog\/wp-json\/wp\/v2\/posts"}],"about":[{"href":"https:\/\/cepronda.com\/blog\/wp-json\/wp\/v2\/types\/post"}],"author":[{"embeddable":true,"href":"https:\/\/cepronda.com\/blog\/wp-json\/wp\/v2\/users\/9"}],"replies":[{"embeddable":true,"href":"https:\/\/cepronda.com\/blog\/wp-json\/wp\/v2\/comments?post=9053"}],"version-history":[{"count":2,"href":"https:\/\/cepronda.com\/blog\/wp-json\/wp\/v2\/posts\/9053\/revisions"}],"predecessor-version":[{"id":9090,"href":"https:\/\/cepronda.com\/blog\/wp-json\/wp\/v2\/posts\/9053\/revisions\/9090"}],"wp:featuredmedia":[{"embeddable":true,"href":"https:\/\/cepronda.com\/blog\/wp-json\/wp\/v2\/media\/9054"}],"wp:attachment":[{"href":"https:\/\/cepronda.com\/blog\/wp-json\/wp\/v2\/media?parent=9053"}],"wp:term":[{"taxonomy":"category","embeddable":true,"href":"https:\/\/cepronda.com\/blog\/wp-json\/wp\/v2\/categories?post=9053"},{"taxonomy":"post_tag","embeddable":true,"href":"https:\/\/cepronda.com\/blog\/wp-json\/wp\/v2\/tags?post=9053"}],"curies":[{"name":"wp","href":"https:\/\/api.w.org\/{rel}","templated":true}]}}