{"id":9043,"date":"2025-11-13T12:46:56","date_gmt":"2025-11-13T11:46:56","guid":{"rendered":"https:\/\/cepronda.com\/blog\/?p=9043"},"modified":"2025-11-13T14:01:29","modified_gmt":"2025-11-13T13:01:29","slug":"curso-de-formacion-sobre-el-desarrollo-de-la-funcion-directiva-2025-2026","status":"publish","type":"post","link":"https:\/\/cepronda.com\/blog\/curso-de-formacion-sobre-el-desarrollo-de-la-funcion-directiva-2025-2026\/","title":{"rendered":"Curso de Formaci\u00f3n sobre el Desarrollo de la Funci\u00f3n Directiva 2025-2026"},"content":{"rendered":"<p><span class=\"css-1jxf684 r-bcqeeo r-1ttztb7 r-qvutc0 r-poiln3\">Hoy se ha publicado la convocatoria para el<strong><em> Curso de Formaci\u00f3n sobre el Desarrollo de la Funci\u00f3n Directiva 2025-26<\/em><\/strong>. <\/span><\/p>\n<p><span class=\"css-1jxf684 r-bcqeeo r-1ttztb7 r-qvutc0 r-poiln3\">Plazo de presentaci\u00f3n de solicitudes del 14 al 27 de noviembre ambos inclusive a trav\u00e9s de <a href=\"https:\/\/portaldocente.juntadeandalucia.es\/portaldocente\/\"><strong>Portal Docente<\/strong>. <\/a><\/span><\/p>\n<p><span class=\"css-1jxf684 r-bcqeeo r-1ttztb7 r-qvutc0 r-poiln3\">Pincha aqu\u00ed para acceder al\u00a0<\/span><a href=\"https:\/\/portales.ced.junta-andalucia.es\/educacion\/portales\/web\/educacion\/w\/resolucion-de-6-de-noviembre-de-2025-por-la-que-se-convoca-curso-de-formacion-sobre-el-desarrollo-de-la-funcion-directiva-establecido-en-el-articulo-134.1-de-la-ley-organica-2-2006-de-3-de-mayo-de-educacion?redirect=%2Feducacion%2Fportales%2Fnovedades-portada\"><strong>ENLACE A LA CONVOCATORIA<\/strong>.<\/a><\/p>\n<p><a href=\"http:\/\/https:\/\/portales.ced.junta-andalucia.es\/educacion\/portales\/web\/educacion\/w\/resolucion-de-6-de-noviembre-de-2025-por-la-que-se-convoca-curso-de-formacion-sobre-el-desarrollo-de-la-funcion-directiva-establecido-en-el-articulo-134.1-de-la-ley-organica-2-2006-de-3-de-mayo-de-educacion?redirect=%2Feducacion%2Fportales%2Fnovedades-portada\" target=\"_blank\" rel=\"noopener\"><img data-recalc-dims=\"1\" loading=\"lazy\" decoding=\"async\" class=\"aligncenter wp-image-9045\" src=\"https:\/\/i0.wp.com\/cepronda.com\/blog\/wp-content\/uploads\/2025\/11\/direccion.jpg?resize=500%2C703&#038;ssl=1\" alt=\"\" width=\"500\" height=\"703\" srcset=\"https:\/\/i0.wp.com\/cepronda.com\/blog\/wp-content\/uploads\/2025\/11\/direccion.jpg?w=640&amp;ssl=1 640w, https:\/\/i0.wp.com\/cepronda.com\/blog\/wp-content\/uploads\/2025\/11\/direccion.jpg?resize=213%2C300&amp;ssl=1 213w\" sizes=\"auto, (max-width: 500px) 100vw, 500px\" \/><\/a><\/p>\n","protected":false},"excerpt":{"rendered":"<p>Hoy se ha publicado la convocatoria para el Curso de Formaci\u00f3n sobre el Desarrollo de la Funci\u00f3n Directiva 2025-26. Plazo de presentaci\u00f3n de solicitudes del 14 al 27 de noviembre ambos inclusive a trav\u00e9s de Portal Docente. Pincha aqu\u00ed para acceder al\u00a0ENLACE A LA CONVOCATORIA.<\/p>\n","protected":false},"author":9,"featured_media":9045,"comment_status":"closed","ping_status":"open","sticky":false,"template":"","format":"standard","meta":{"_crdt_document":"","advanced_seo_description":"","jetpack_seo_html_title":"","jetpack_seo_noindex":false,"jetpack_post_was_ever_published":false,"_jetpack_newsletter_access":"","_jetpack_dont_email_post_to_subs":false,"_jetpack_newsletter_tier_id":0,"_jetpack_memberships_contains_paywalled_content":false,"_jetpack_memberships_contains_paid_content":false,"footnotes":"","jetpack_publicize_message":"","jetpack_publicize_feature_enabled":true,"jetpack_social_post_already_shared":true,"jetpack_social_options":{"image_generator_settings":{"template":"highway","default_image_id":0,"font":"","enabled":false},"version":2}},"categories":[5],"tags":[441],"class_list":{"0":"post-9043","1":"post","2":"type-post","3":"status-publish","4":"format-standard","5":"has-post-thumbnail","7":"category-noticias","8":"tag-competencias-directivas","9":"czr-hentry"},"jetpack_publicize_connections":[],"jetpack_featured_media_url":"https:\/\/i0.wp.com\/cepronda.com\/blog\/wp-content\/uploads\/2025\/11\/direccion.jpg?fit=640%2C900&ssl=1","jetpack_shortlink":"https:\/\/wp.me\/p8M4X7-2lR","jetpack-related-posts":[{"id":1571,"url":"https:\/\/cepronda.com\/blog\/convocatoria-del-curso-de-formacion-sobre-el-desarrollo-de-la-funcion-directiva\/","url_meta":{"origin":9043,"position":0},"title":"Convocatoria del curso de formaci\u00f3n sobre el desarrollo de la funci\u00f3n directiva","author":"V\u00edctor Caballero","date":"25 enero, 2018","format":false,"excerpt":"\u00a1Hola!\u00a0 Acaba de salir publicada en BOJA la convocatoria del curso de formaci\u00f3n sobre el desarrollo de la funci\u00f3n directiva establecido en el art\u00edculo 134.1 de la Ley Org\u00e1nica 2\/2006, de 3 de mayo, de educaci\u00f3n. Para acceder a la informaci\u00f3n sobre el curso, plazos y requisitos, s\u00f3lo ten\u00e9is que\u2026","rel":"","context":"En \u00abNoticias\u00bb","block_context":{"text":"Noticias","link":"https:\/\/cepronda.com\/blog\/category\/noticias\/"},"img":{"alt_text":"","src":"https:\/\/i0.wp.com\/cepronda.com\/blog\/wp-content\/uploads\/2017\/05\/logo_ja_ce_mejor.jpg?fit=732%2C600&ssl=1&resize=350%2C200","width":350,"height":200,"srcset":"https:\/\/i0.wp.com\/cepronda.com\/blog\/wp-content\/uploads\/2017\/05\/logo_ja_ce_mejor.jpg?fit=732%2C600&ssl=1&resize=350%2C200 1x, https:\/\/i0.wp.com\/cepronda.com\/blog\/wp-content\/uploads\/2017\/05\/logo_ja_ce_mejor.jpg?fit=732%2C600&ssl=1&resize=525%2C300 1.5x, https:\/\/i0.wp.com\/cepronda.com\/blog\/wp-content\/uploads\/2017\/05\/logo_ja_ce_mejor.jpg?fit=732%2C600&ssl=1&resize=700%2C400 2x"},"classes":[]},{"id":7304,"url":"https:\/\/cepronda.com\/blog\/convocado-el-curso-de-formacion-sobre-el-desarrollo-de-la-funcion-directiva\/","url_meta":{"origin":9043,"position":1},"title":"CONVOCADO EL CURSO DE FORMACI\u00d3N SOBRE EL DESARROLLO DE LA FUNCI\u00d3N DIRECTIVA","author":"Inmaculada Garc\u00eda","date":"9 enero, 2024","format":false,"excerpt":"Se ha publicado la Resoluci\u00f3n de 21 de diciembre de 2023, de Direcci\u00f3n General de Tecnolog\u00edas Avanzadas y Transformaci\u00f3n Educativa, por la que se convoca curso de formaci\u00f3n sobre el desarrollo de la funci\u00f3n directiva, establecido en el art\u00edculo 134.1 de la Ley Org\u00e1nica 2\/2006, de 3 de mayo, de\u2026","rel":"","context":"En \u00abFormaciones\u00bb","block_context":{"text":"Formaciones","link":"https:\/\/cepronda.com\/blog\/category\/formaciones\/"},"img":{"alt_text":"","src":"https:\/\/i0.wp.com\/cepronda.com\/blog\/wp-content\/uploads\/2024\/01\/Post-de-Instagram-para-rebajas-y-ofertas-tiendas-azul-y-terracota.png?fit=1080%2C1080&ssl=1&resize=350%2C200","width":350,"height":200,"srcset":"https:\/\/i0.wp.com\/cepronda.com\/blog\/wp-content\/uploads\/2024\/01\/Post-de-Instagram-para-rebajas-y-ofertas-tiendas-azul-y-terracota.png?fit=1080%2C1080&ssl=1&resize=350%2C200 1x, https:\/\/i0.wp.com\/cepronda.com\/blog\/wp-content\/uploads\/2024\/01\/Post-de-Instagram-para-rebajas-y-ofertas-tiendas-azul-y-terracota.png?fit=1080%2C1080&ssl=1&resize=525%2C300 1.5x, https:\/\/i0.wp.com\/cepronda.com\/blog\/wp-content\/uploads\/2024\/01\/Post-de-Instagram-para-rebajas-y-ofertas-tiendas-azul-y-terracota.png?fit=1080%2C1080&ssl=1&resize=700%2C400 2x, https:\/\/i0.wp.com\/cepronda.com\/blog\/wp-content\/uploads\/2024\/01\/Post-de-Instagram-para-rebajas-y-ofertas-tiendas-azul-y-terracota.png?fit=1080%2C1080&ssl=1&resize=1050%2C600 3x"},"classes":[]},{"id":4028,"url":"https:\/\/cepronda.com\/blog\/funcion-directiva-curso-de-formacion\/","url_meta":{"origin":9043,"position":2},"title":"Funci\u00f3n directiva. Curso de formaci\u00f3n.","author":"Maribel Mu\u00f1oz","date":"10 diciembre, 2020","format":false,"excerpt":"Buenos d\u00edas compa\u00f1eras y compa\u00f1eros, Os informamos que est\u00e1 publicada la Resoluci\u00f3n de 30 de noviembre de 2020, de la Direcci\u00f3n General de Formaci\u00f3n del Profesorado e Innovaci\u00f3n Educativa, por la que se convoca curso de formaci\u00f3n sobre el desarrollo de la funci\u00f3n directiva establecido en el art\u00edculo 134.1 de\u2026","rel":"","context":"En \u00abFormaciones\u00bb","block_context":{"text":"Formaciones","link":"https:\/\/cepronda.com\/blog\/category\/formaciones\/"},"img":{"alt_text":"","src":"https:\/\/i0.wp.com\/cepronda.com\/blog\/wp-content\/uploads\/2020\/03\/S%C2%B0mbolo-gen%C3%87rico-RRSS-redondo-negativo.png?fit=1200%2C1200&ssl=1&resize=350%2C200","width":350,"height":200,"srcset":"https:\/\/i0.wp.com\/cepronda.com\/blog\/wp-content\/uploads\/2020\/03\/S%C2%B0mbolo-gen%C3%87rico-RRSS-redondo-negativo.png?fit=1200%2C1200&ssl=1&resize=350%2C200 1x, https:\/\/i0.wp.com\/cepronda.com\/blog\/wp-content\/uploads\/2020\/03\/S%C2%B0mbolo-gen%C3%87rico-RRSS-redondo-negativo.png?fit=1200%2C1200&ssl=1&resize=525%2C300 1.5x, https:\/\/i0.wp.com\/cepronda.com\/blog\/wp-content\/uploads\/2020\/03\/S%C2%B0mbolo-gen%C3%87rico-RRSS-redondo-negativo.png?fit=1200%2C1200&ssl=1&resize=700%2C400 2x, https:\/\/i0.wp.com\/cepronda.com\/blog\/wp-content\/uploads\/2020\/03\/S%C2%B0mbolo-gen%C3%87rico-RRSS-redondo-negativo.png?fit=1200%2C1200&ssl=1&resize=1050%2C600 3x"},"classes":[]},{"id":2466,"url":"https:\/\/cepronda.com\/blog\/curso-de-formacion-sobre-el-desarrollo-de-la-funcion-directiva\/","url_meta":{"origin":9043,"position":3},"title":"Curso de formaci\u00f3n sobre el desarrollo de la funci\u00f3n directiva","author":"V\u00edctor Caballero","date":"26 noviembre, 2018","format":false,"excerpt":"Muy buenas, comenzamos la semana compartiendo con todas y todos vosotros la convocatoria del\u00a0curso de formaci\u00f3n sobre el desarrollo de la funci\u00f3n directiva. Se trata de un curso con modalidad on-line con una duraci\u00f3n de 130 horas y se celebrar\u00e1 entre los meses de enero a mayo de 2019. Podr\u00e1\u2026","rel":"","context":"En \u00abFormaciones\u00bb","block_context":{"text":"Formaciones","link":"https:\/\/cepronda.com\/blog\/category\/formaciones\/"},"img":{"alt_text":"","src":"https:\/\/i0.wp.com\/cepronda.com\/blog\/wp-content\/uploads\/2017\/05\/logo_ja_ce_mejor.jpg?fit=732%2C600&ssl=1&resize=350%2C200","width":350,"height":200,"srcset":"https:\/\/i0.wp.com\/cepronda.com\/blog\/wp-content\/uploads\/2017\/05\/logo_ja_ce_mejor.jpg?fit=732%2C600&ssl=1&resize=350%2C200 1x, https:\/\/i0.wp.com\/cepronda.com\/blog\/wp-content\/uploads\/2017\/05\/logo_ja_ce_mejor.jpg?fit=732%2C600&ssl=1&resize=525%2C300 1.5x, https:\/\/i0.wp.com\/cepronda.com\/blog\/wp-content\/uploads\/2017\/05\/logo_ja_ce_mejor.jpg?fit=732%2C600&ssl=1&resize=700%2C400 2x"},"classes":[]},{"id":3255,"url":"https:\/\/cepronda.com\/blog\/curso-de-formacion-sobre-el-desarrollo-de-la-funcion-directiva-2\/","url_meta":{"origin":9043,"position":4},"title":"Curso de formaci\u00f3n sobre el desarrollo de la funci\u00f3n directiva","author":"V\u00edctor Caballero","date":"13 diciembre, 2019","format":false,"excerpt":"Muy buenas, Terminamos la semana compartiendo con todas aquellas personas interesadas en realizar el curso de desarrollo de la funci\u00f3n directiva. Os dejamos con el enlace a la resoluci\u00f3n donde pod\u00e9is ver las caracter\u00edsticas del mismo, las personas a las que va dirigida, as\u00ed como el procedimiento de solicitud de\u2026","rel":"","context":"En \u00abFormaciones\u00bb","block_context":{"text":"Formaciones","link":"https:\/\/cepronda.com\/blog\/category\/formaciones\/"},"img":{"alt_text":"","src":"https:\/\/i0.wp.com\/cepronda.com\/blog\/wp-content\/uploads\/2019\/05\/logo-nuevo.jpg?fit=531%2C342&ssl=1&resize=350%2C200","width":350,"height":200,"srcset":"https:\/\/i0.wp.com\/cepronda.com\/blog\/wp-content\/uploads\/2019\/05\/logo-nuevo.jpg?fit=531%2C342&ssl=1&resize=350%2C200 1x, https:\/\/i0.wp.com\/cepronda.com\/blog\/wp-content\/uploads\/2019\/05\/logo-nuevo.jpg?fit=531%2C342&ssl=1&resize=525%2C300 1.5x"},"classes":[]},{"id":242,"url":"https:\/\/cepronda.com\/blog\/normativa-sobre-curso-de-formacion-sobre-el-desarrollo-de-la-funcion-directiva\/","url_meta":{"origin":9043,"position":5},"title":"Normativa sobre curso de formaci\u00f3n sobre el desarrollo de la funci\u00f3n directiva","author":"V\u00edctor Caballero","date":"26 octubre, 2016","format":false,"excerpt":"Atenci\u00f3n a todas aquellas personas que dese\u00e1is obtener la\u00a0certificaci\u00f3n acreditativa de la funci\u00f3n directiva, ya que ha salido publicada la orden que regula este proceso. Si hac\u00e9is clic en la imagen pod\u00e9is acceder a la\u00a0Resoluci\u00f3n de 20 de octubre de 2016, de la Direcci\u00f3n General de Profesorado y Gesti\u00f3n de\u2026","rel":"","context":"En \u00abNoticias\u00bb","block_context":{"text":"Noticias","link":"https:\/\/cepronda.com\/blog\/category\/noticias\/"},"img":{"alt_text":"arrow-945271_640","src":"https:\/\/i0.wp.com\/cepronda.com\/blog\/wp-content\/uploads\/2016\/10\/arrow-945271_640-300x212.png?resize=350%2C200","width":350,"height":200},"classes":[]}],"jetpack_sharing_enabled":true,"_links":{"self":[{"href":"https:\/\/cepronda.com\/blog\/wp-json\/wp\/v2\/posts\/9043","targetHints":{"allow":["GET"]}}],"collection":[{"href":"https:\/\/cepronda.com\/blog\/wp-json\/wp\/v2\/posts"}],"about":[{"href":"https:\/\/cepronda.com\/blog\/wp-json\/wp\/v2\/types\/post"}],"author":[{"embeddable":true,"href":"https:\/\/cepronda.com\/blog\/wp-json\/wp\/v2\/users\/9"}],"replies":[{"embeddable":true,"href":"https:\/\/cepronda.com\/blog\/wp-json\/wp\/v2\/comments?post=9043"}],"version-history":[{"count":1,"href":"https:\/\/cepronda.com\/blog\/wp-json\/wp\/v2\/posts\/9043\/revisions"}],"predecessor-version":[{"id":9046,"href":"https:\/\/cepronda.com\/blog\/wp-json\/wp\/v2\/posts\/9043\/revisions\/9046"}],"wp:featuredmedia":[{"embeddable":true,"href":"https:\/\/cepronda.com\/blog\/wp-json\/wp\/v2\/media\/9045"}],"wp:attachment":[{"href":"https:\/\/cepronda.com\/blog\/wp-json\/wp\/v2\/media?parent=9043"}],"wp:term":[{"taxonomy":"category","embeddable":true,"href":"https:\/\/cepronda.com\/blog\/wp-json\/wp\/v2\/categories?post=9043"},{"taxonomy":"post_tag","embeddable":true,"href":"https:\/\/cepronda.com\/blog\/wp-json\/wp\/v2\/tags?post=9043"}],"curies":[{"name":"wp","href":"https:\/\/api.w.org\/{rel}","templated":true}]}}