{"id":9033,"date":"2025-11-13T12:52:46","date_gmt":"2025-11-13T11:52:46","guid":{"rendered":"https:\/\/cepronda.com\/blog\/?p=9033"},"modified":"2025-12-04T13:01:26","modified_gmt":"2025-12-04T12:01:26","slug":"algo-grande-se-esta-cociendo-en-el-cep-de-ronda","status":"publish","type":"post","link":"https:\/\/cepronda.com\/blog\/algo-grande-se-esta-cociendo-en-el-cep-de-ronda\/","title":{"rendered":"\u00a1ALGO GRANDE SE EST\u00c1 COCIENDO EN EL CEP DE RONDA!"},"content":{"rendered":"<div class=\"xdj266r x14z9mp xat24cr x1lziwak x1vvkbs x126k92a\">\n<h2 dir=\"auto\">\u00a1Hemos activado la cuenta atr\u00e1s!<\/h2>\n<div dir=\"auto\">Nuestro sal\u00f3n de actos est\u00e1 experimentando una transformaci\u00f3n espectacular. Hoy hemos dado un paso crucial con el montaje del nuevo mobiliario, lo que lo convierte en un espacio de aprendizaje innovador, flexible y y dise\u00f1ado para potenciar las metodolog\u00edas m\u00e1s innovadoras.<\/div>\n<\/div>\n<div class=\"x14z9mp xat24cr x1lziwak x1vvkbs xtlvy1s x126k92a\">\n<div dir=\"auto\">En el <em>CEP de Ronda<\/em> seguimos transformando nuestros espacios para seguir aprendiendo y creciendo, invirtiendo en la calidad de vuestra formaci\u00f3n.<\/div>\n<div dir=\"auto\"><\/div>\n<\/div>\n<div class=\"x14z9mp xat24cr x1lziwak x1vvkbs xtlvy1s x126k92a\">\n<h3 dir=\"auto\">\u00a1PRONTO TENDR\u00c9IS NOTICIAS!<\/h3>\n<div dir=\"auto\"><\/div>\n<div dir=\"auto\"><span style=\"font-weight: inherit;\">Permaneced muy atentos a nuestras redes, en breve desvelaremos todos los detalles de este emocionante cambio.<\/span><\/div>\n<\/div>\n<div dir=\"auto\"><\/div>\n<div class=\"x14z9mp xat24cr x1lziwak x1vvkbs xtlvy1s x126k92a\">\n<div dir=\"auto\">\n<p class=\"jetpack-slideshow-noscript robots-nocontent\">El pase de diapositivas requiere JavaScript.<\/p><div id=\"gallery-9033-1-slideshow\" class=\"jetpack-slideshow-window jetpack-slideshow jetpack-slideshow-black\" data-trans=\"fade\" data-autostart=\"1\" data-gallery=\"[{&quot;src&quot;:&quot;https:\\\/\\\/i0.wp.com\\\/cepronda.com\\\/blog\\\/wp-content\\\/uploads\\\/2025\\\/11\\\/mesas-adf1.png?fit=300%2C284\\u0026ssl=1&quot;,&quot;id&quot;:&quot;9036&quot;,&quot;title&quot;:&quot;mesas adf1&quot;,&quot;alt&quot;:&quot;&quot;,&quot;caption&quot;:&quot;&quot;,&quot;itemprop&quot;:&quot;image&quot;},{&quot;src&quot;:&quot;https:\\\/\\\/i0.wp.com\\\/cepronda.com\\\/blog\\\/wp-content\\\/uploads\\\/2025\\\/11\\\/mesas-adf2.png?fit=300%2C286\\u0026ssl=1&quot;,&quot;id&quot;:&quot;9035&quot;,&quot;title&quot;:&quot;mesas adf2&quot;,&quot;alt&quot;:&quot;&quot;,&quot;caption&quot;:&quot;&quot;,&quot;itemprop&quot;:&quot;image&quot;},{&quot;src&quot;:&quot;https:\\\/\\\/i0.wp.com\\\/cepronda.com\\\/blog\\\/wp-content\\\/uploads\\\/2025\\\/11\\\/mesas-adf.png?fit=300%2C285\\u0026ssl=1&quot;,&quot;id&quot;:&quot;9037&quot;,&quot;title&quot;:&quot;mesas adf&quot;,&quot;alt&quot;:&quot;&quot;,&quot;caption&quot;:&quot;&quot;,&quot;itemprop&quot;:&quot;image&quot;}]\" itemscope itemtype=\"https:\/\/schema.org\/ImageGallery\"><\/div>\n<\/div>\n<\/div>\n","protected":false},"excerpt":{"rendered":"<p>\u00a1Hemos activado la cuenta atr\u00e1s! Nuestro sal\u00f3n de actos est\u00e1 experimentando una transformaci\u00f3n espectacular. Hoy hemos dado un paso crucial con el montaje del nuevo mobiliario, lo que lo convierte en un espacio de aprendizaje innovador, flexible y y dise\u00f1ado para potenciar las metodolog\u00edas m\u00e1s innovadoras. En el CEP de Ronda seguimos transformando nuestros espacios [&hellip;]<\/p>\n","protected":false},"author":9,"featured_media":9041,"comment_status":"closed","ping_status":"open","sticky":false,"template":"","format":"standard","meta":{"_crdt_document":"","advanced_seo_description":"","jetpack_seo_html_title":"","jetpack_seo_noindex":false,"jetpack_post_was_ever_published":false,"_jetpack_newsletter_access":"","_jetpack_dont_email_post_to_subs":false,"_jetpack_newsletter_tier_id":0,"_jetpack_memberships_contains_paywalled_content":false,"_jetpack_memberships_contains_paid_content":false,"footnotes":"","jetpack_publicize_message":"","jetpack_publicize_feature_enabled":true,"jetpack_social_post_already_shared":true,"jetpack_social_options":{"image_generator_settings":{"template":"highway","default_image_id":0,"font":"","enabled":false},"version":2}},"categories":[5],"tags":[443],"class_list":{"0":"post-9033","1":"post","2":"type-post","3":"status-publish","4":"format-standard","5":"has-post-thumbnail","7":"category-noticias","8":"tag-aula-del-futuro","9":"czr-hentry"},"jetpack_publicize_connections":[],"jetpack_featured_media_url":"https:\/\/i0.wp.com\/cepronda.com\/blog\/wp-content\/uploads\/2025\/11\/cep.png?fit=866%2C830&ssl=1","jetpack_shortlink":"https:\/\/wp.me\/p8M4X7-2lH","jetpack-related-posts":[{"id":4907,"url":"https:\/\/cepronda.com\/blog\/felices-fiestas-desde-el-cep-de-ronda\/","url_meta":{"origin":9033,"position":0},"title":"FELICES FIESTAS DESDE EL CEP DE RONDA","author":"Maribel Mu\u00f1oz","date":"21 diciembre, 2021","format":false,"excerpt":"Buenos d\u00edas compa\u00f1eras y compa\u00f1eros, Todo el equipo del CEP de Ronda queremos desearos unas felices fiestas. Nuestro m\u00e1s sincero agradecimiento por vuestro esfuerzo y dedicaci\u00f3n en el d\u00eda a d\u00eda. Hemos elaborado este v\u00eddeo de felicitaci\u00f3n con gran cari\u00f1o para vosotras y vosotros. Esperamos que os guste. FELICES FIESTAS\u2026","rel":"","context":"En \u00abNoticias\u00bb","block_context":{"text":"Noticias","link":"https:\/\/cepronda.com\/blog\/category\/noticias\/"},"img":{"alt_text":"","src":"https:\/\/i0.wp.com\/cepronda.com\/blog\/wp-content\/uploads\/2021\/12\/Felicitacion-cep-ronda.jpg?fit=780%2C442&ssl=1&resize=350%2C200","width":350,"height":200,"srcset":"https:\/\/i0.wp.com\/cepronda.com\/blog\/wp-content\/uploads\/2021\/12\/Felicitacion-cep-ronda.jpg?fit=780%2C442&ssl=1&resize=350%2C200 1x, https:\/\/i0.wp.com\/cepronda.com\/blog\/wp-content\/uploads\/2021\/12\/Felicitacion-cep-ronda.jpg?fit=780%2C442&ssl=1&resize=525%2C300 1.5x, https:\/\/i0.wp.com\/cepronda.com\/blog\/wp-content\/uploads\/2021\/12\/Felicitacion-cep-ronda.jpg?fit=780%2C442&ssl=1&resize=700%2C400 2x"},"classes":[]},{"id":5644,"url":"https:\/\/cepronda.com\/blog\/actividades-formativas-del-cep-de-ronda-para-el-curso-22-23\/","url_meta":{"origin":9033,"position":1},"title":"ACTIVIDADES FORMATIVAS DEL CEP DE RONDA para el CURSO 22-23","author":"Inmaculada Garc\u00eda","date":"7 diciembre, 2022","format":false,"excerpt":"Buenos d\u00edas, compa\u00f1eros y compa\u00f1eras. Os compartimos nuestro cartel vivo con las ACTIVIDADES FORMATIVAS DEL CEP DE RONDA para el CURSO 22-23 \u00a0Pincha en el enlace 00-Cartel vivo CEP QR o escanea el c\u00f3digo QR para visualizar la relaci\u00f3n de actividades formativas del CEP de Ronda para este curso.","rel":"","context":"En \u00abNoticias\u00bb","block_context":{"text":"Noticias","link":"https:\/\/cepronda.com\/blog\/category\/noticias\/"},"img":{"alt_text":"","src":"https:\/\/i0.wp.com\/cepronda.com\/blog\/wp-content\/uploads\/2022\/12\/Diseno-sin-titulo.png?fit=848%2C1200&ssl=1&resize=350%2C200","width":350,"height":200,"srcset":"https:\/\/i0.wp.com\/cepronda.com\/blog\/wp-content\/uploads\/2022\/12\/Diseno-sin-titulo.png?fit=848%2C1200&ssl=1&resize=350%2C200 1x, https:\/\/i0.wp.com\/cepronda.com\/blog\/wp-content\/uploads\/2022\/12\/Diseno-sin-titulo.png?fit=848%2C1200&ssl=1&resize=525%2C300 1.5x, https:\/\/i0.wp.com\/cepronda.com\/blog\/wp-content\/uploads\/2022\/12\/Diseno-sin-titulo.png?fit=848%2C1200&ssl=1&resize=700%2C400 2x"},"classes":[]},{"id":4058,"url":"https:\/\/cepronda.com\/blog\/el-cep-de-ronda-os-desea-felices-fiestas\/","url_meta":{"origin":9033,"position":2},"title":"EL CEP DE RONDA OS DESEA FELICES FIESTAS","author":"Inmaculada Garc\u00eda","date":"16 diciembre, 2020","format":false,"excerpt":"Hola compa\u00f1eros y compa\u00f1eras. Especialmente en este a\u00f1o tan complicado queremos haceros llegar nuestra muestra de apoyo y agradecimiento a trav\u00e9s de esta felicitaci\u00f3n. Felices Fiestas. HAZ CLIC AQU\u00cd","rel":"","context":"En \u00abNoticias\u00bb","block_context":{"text":"Noticias","link":"https:\/\/cepronda.com\/blog\/category\/noticias\/"},"img":{"alt_text":"","src":"https:\/\/i0.wp.com\/cepronda.com\/blog\/wp-content\/uploads\/2020\/12\/felicitaciondef.png?fit=767%2C1061&ssl=1&resize=350%2C200","width":350,"height":200,"srcset":"https:\/\/i0.wp.com\/cepronda.com\/blog\/wp-content\/uploads\/2020\/12\/felicitaciondef.png?fit=767%2C1061&ssl=1&resize=350%2C200 1x, https:\/\/i0.wp.com\/cepronda.com\/blog\/wp-content\/uploads\/2020\/12\/felicitaciondef.png?fit=767%2C1061&ssl=1&resize=525%2C300 1.5x, https:\/\/i0.wp.com\/cepronda.com\/blog\/wp-content\/uploads\/2020\/12\/felicitaciondef.png?fit=767%2C1061&ssl=1&resize=700%2C400 2x"},"classes":[]},{"id":4740,"url":"https:\/\/cepronda.com\/blog\/cartel-informativo-con-enlaces-de-interes-del-cep-de-ronda-21-22\/","url_meta":{"origin":9033,"position":3},"title":"CARTEL INFORMATIVO CON ENLACES DE INTER\u00c9S DEL CEP DE RONDA 21\/22","author":"V\u00edctor Caballero","date":"11 octubre, 2021","format":false,"excerpt":"Buenas tardes compa\u00f1eras y compa\u00f1eros, Con el presente cartel informativo que hemos repartido en todos los centros de nuestra zona CEP de Ronda, para colocar en las salas del profesorado, pod\u00e9is escanear los c\u00f3digos QR a los distintos enlaces de inter\u00e9s para los docentes. \u00a0 Tambi\u00e9n ten\u00e9is la opci\u00f3n de\u00a0descargarlo\u2026","rel":"","context":"En \u00abFormaciones\u00bb","block_context":{"text":"Formaciones","link":"https:\/\/cepronda.com\/blog\/category\/formaciones\/"},"img":{"alt_text":"","src":"https:\/\/i0.wp.com\/cepronda.com\/blog\/wp-content\/uploads\/2021\/10\/Cartel-bueno.png?resize=350%2C200","width":350,"height":200,"srcset":"https:\/\/i0.wp.com\/cepronda.com\/blog\/wp-content\/uploads\/2021\/10\/Cartel-bueno.png?resize=350%2C200 1x, https:\/\/i0.wp.com\/cepronda.com\/blog\/wp-content\/uploads\/2021\/10\/Cartel-bueno.png?resize=525%2C300 1.5x"},"classes":[]},{"id":7288,"url":"https:\/\/cepronda.com\/blog\/inteligencia-artificial-para-docentes\/","url_meta":{"origin":9033,"position":4},"title":"INTELIGENCIA ARTIFICIAL PARA DOCENTES","author":"V\u00edctor Caballero","date":"22 diciembre, 2023","format":false,"excerpt":"Se encuentra abierto el plazo de inscripci\u00f3n para la formaci\u00f3n \u201cINTELIGENCIA ARTIFICIAL PARA DOCENTES.\" C\u00d3DIGO 242924GE013. Ponente:\u00a0 Vanesa Moreno Duraci\u00f3n de la actividad 10 horas presenciales + 2 horas de tareas. Fecha actividad: J11\/01\/2024 (16:30h a 19:00h) CEP de Ronda J18\/01\/2024 (16:30h a 19:00h) CEP de Ronda J25\/01\/2024 (16:30h a\u2026","rel":"","context":"En \u00abFormaciones\u00bb","block_context":{"text":"Formaciones","link":"https:\/\/cepronda.com\/blog\/category\/formaciones\/"},"img":{"alt_text":"","src":"https:\/\/i0.wp.com\/cepronda.com\/blog\/wp-content\/uploads\/2023\/12\/242924GE013-Cartel-Inteligencia-artificial.png?fit=1080%2C1080&ssl=1&resize=350%2C200","width":350,"height":200,"srcset":"https:\/\/i0.wp.com\/cepronda.com\/blog\/wp-content\/uploads\/2023\/12\/242924GE013-Cartel-Inteligencia-artificial.png?fit=1080%2C1080&ssl=1&resize=350%2C200 1x, https:\/\/i0.wp.com\/cepronda.com\/blog\/wp-content\/uploads\/2023\/12\/242924GE013-Cartel-Inteligencia-artificial.png?fit=1080%2C1080&ssl=1&resize=525%2C300 1.5x, https:\/\/i0.wp.com\/cepronda.com\/blog\/wp-content\/uploads\/2023\/12\/242924GE013-Cartel-Inteligencia-artificial.png?fit=1080%2C1080&ssl=1&resize=700%2C400 2x, https:\/\/i0.wp.com\/cepronda.com\/blog\/wp-content\/uploads\/2023\/12\/242924GE013-Cartel-Inteligencia-artificial.png?fit=1080%2C1080&ssl=1&resize=1050%2C600 3x"},"classes":[]},{"id":4695,"url":"https:\/\/cepronda.com\/blog\/itinerario-formativo-en-igualdad-y-convivencia-cep-de-ronda\/","url_meta":{"origin":9033,"position":5},"title":"ITINERARIO FORMATIVO EN IGUALDAD Y CONVIVENCIA. CEP DE RONDA.","author":"Inmaculada Garc\u00eda","date":"29 septiembre, 2021","format":false,"excerpt":"Buenos d\u00edas compa\u00f1eros y compa\u00f1eras, os presentamos nuestro ITINERARIO FORMATIVO EN IGUALDAD Y CONVIVENCIA, en el que podr\u00e9is encontrar actividades formativas centradas en la implementaci\u00f3n del Programa de Inteligencia Emocional, Disciplina positiva, Mediaci\u00f3n, Acoso y Ciberacoso, Identidad Sexual, Masculinidades Diversas, y, adem\u00e1s, nuestras MALETAS VIAJERAS POR LA INCLUSI\u00d3N. Esperamos que\u2026","rel":"","context":"En \u00abNoticias\u00bb","block_context":{"text":"Noticias","link":"https:\/\/cepronda.com\/blog\/category\/noticias\/"},"img":{"alt_text":"","src":"https:\/\/i0.wp.com\/cepronda.com\/blog\/wp-content\/uploads\/2021\/09\/Captura-de-pantalla-68.png?fit=1200%2C678&ssl=1&resize=350%2C200","width":350,"height":200,"srcset":"https:\/\/i0.wp.com\/cepronda.com\/blog\/wp-content\/uploads\/2021\/09\/Captura-de-pantalla-68.png?fit=1200%2C678&ssl=1&resize=350%2C200 1x, https:\/\/i0.wp.com\/cepronda.com\/blog\/wp-content\/uploads\/2021\/09\/Captura-de-pantalla-68.png?fit=1200%2C678&ssl=1&resize=525%2C300 1.5x, https:\/\/i0.wp.com\/cepronda.com\/blog\/wp-content\/uploads\/2021\/09\/Captura-de-pantalla-68.png?fit=1200%2C678&ssl=1&resize=700%2C400 2x, https:\/\/i0.wp.com\/cepronda.com\/blog\/wp-content\/uploads\/2021\/09\/Captura-de-pantalla-68.png?fit=1200%2C678&ssl=1&resize=1050%2C600 3x"},"classes":[]}],"jetpack_sharing_enabled":true,"_links":{"self":[{"href":"https:\/\/cepronda.com\/blog\/wp-json\/wp\/v2\/posts\/9033","targetHints":{"allow":["GET"]}}],"collection":[{"href":"https:\/\/cepronda.com\/blog\/wp-json\/wp\/v2\/posts"}],"about":[{"href":"https:\/\/cepronda.com\/blog\/wp-json\/wp\/v2\/types\/post"}],"author":[{"embeddable":true,"href":"https:\/\/cepronda.com\/blog\/wp-json\/wp\/v2\/users\/9"}],"replies":[{"embeddable":true,"href":"https:\/\/cepronda.com\/blog\/wp-json\/wp\/v2\/comments?post=9033"}],"version-history":[{"count":6,"href":"https:\/\/cepronda.com\/blog\/wp-json\/wp\/v2\/posts\/9033\/revisions"}],"predecessor-version":[{"id":9089,"href":"https:\/\/cepronda.com\/blog\/wp-json\/wp\/v2\/posts\/9033\/revisions\/9089"}],"wp:featuredmedia":[{"embeddable":true,"href":"https:\/\/cepronda.com\/blog\/wp-json\/wp\/v2\/media\/9041"}],"wp:attachment":[{"href":"https:\/\/cepronda.com\/blog\/wp-json\/wp\/v2\/media?parent=9033"}],"wp:term":[{"taxonomy":"category","embeddable":true,"href":"https:\/\/cepronda.com\/blog\/wp-json\/wp\/v2\/categories?post=9033"},{"taxonomy":"post_tag","embeddable":true,"href":"https:\/\/cepronda.com\/blog\/wp-json\/wp\/v2\/tags?post=9033"}],"curies":[{"name":"wp","href":"https:\/\/api.w.org\/{rel}","templated":true}]}}