{"id":9015,"date":"2025-11-05T18:43:28","date_gmt":"2025-11-05T17:43:28","guid":{"rendered":"https:\/\/cepronda.com\/blog\/?p=9015"},"modified":"2025-11-05T18:43:28","modified_gmt":"2025-11-05T17:43:28","slug":"programa-aldea-la-aventura-de-nuestro-ecohuerto","status":"publish","type":"post","link":"https:\/\/cepronda.com\/blog\/programa-aldea-la-aventura-de-nuestro-ecohuerto\/","title":{"rendered":"PROGRAMA ALDEA: \u201cLA AVENTURA DE NUESTRO ECOHUERTO\u201d"},"content":{"rendered":"<p>Abierto el plazo de inscripci\u00f3n para la actividad regional\u00a0<strong>PROGRAMA ALDEA: \u201cLa Aventura de nuestro Ecohuerto\u201d <\/strong>con c\u00f3digo 269907EA144<\/p>\n<p><strong>Fecha actividad:<\/strong> 17\/11\/2025 hasta 19\/12\/2025<\/p>\n<p><strong>Fecha inscripci\u00f3n:<\/strong> 05\/11\/2025 hasta 11\/05\/2025<\/p>\n<p><strong>Horas totales:<\/strong> 40<br \/>\n<strong>Lugar de realizaci\u00f3n:<\/strong> Aula Virtual<\/p>\n<p><strong>DIRIGIDO A:<\/strong><br \/>\nProfesorado de centros que hayan seleccionado la L\u00ednea de Actuaci\u00f3n \u00abHuertos Escolares\u00bb del Programa ALDEA 2025\/2026 (tienen preferencia los que ejerzan rol de coordinaci\u00f3n del Programa)<\/p>\n<p>M\u00e1s informaci\u00f3n e inscripci\u00f3n en el siguiente enlace: <a href=\"https:\/\/secretariavirtual.juntadeandalucia.es\/secretariavirtual\/consultaCEP\/actividad\/269907EA144\/\" target=\"_blank\" rel=\"noopener noreferrer\" data-saferedirecturl=\"https:\/\/www.google.com\/url?q=https:\/\/secretariavirtual.juntadeandalucia.es\/secretariavirtual\/consultaCEP\/actividad\/269907EA144\/&amp;source=gmail&amp;ust=1762437147387000&amp;usg=AOvVaw10H5mLQh2ggsxgJCBpaiy5\">https:\/\/<wbr \/>secretariavirtual.<wbr \/>juntadeandalucia.es\/<wbr \/>secretariavirtual\/consultaCEP\/<wbr \/>actividad\/269907EA144\/<\/a><\/p>\n<p><img data-recalc-dims=\"1\" loading=\"lazy\" decoding=\"async\" class=\"alignnone size-medium wp-image-9016 aligncenter\" src=\"https:\/\/i0.wp.com\/cepronda.com\/blog\/wp-content\/uploads\/2025\/11\/5977ca6e.png?resize=300%2C244&#038;ssl=1\" alt=\"\" width=\"300\" height=\"244\" srcset=\"https:\/\/i0.wp.com\/cepronda.com\/blog\/wp-content\/uploads\/2025\/11\/5977ca6e.png?resize=300%2C244&amp;ssl=1 300w, https:\/\/i0.wp.com\/cepronda.com\/blog\/wp-content\/uploads\/2025\/11\/5977ca6e.png?resize=768%2C624&amp;ssl=1 768w, https:\/\/i0.wp.com\/cepronda.com\/blog\/wp-content\/uploads\/2025\/11\/5977ca6e.png?w=771&amp;ssl=1 771w\" sizes=\"auto, (max-width: 300px) 100vw, 300px\" \/><\/p>\n","protected":false},"excerpt":{"rendered":"<p>Abierto el plazo de inscripci\u00f3n para la actividad regional\u00a0PROGRAMA ALDEA: \u201cLa Aventura de nuestro Ecohuerto\u201d con c\u00f3digo 269907EA144 Fecha actividad: 17\/11\/2025 hasta 19\/12\/2025 Fecha inscripci\u00f3n: 05\/11\/2025 hasta 11\/05\/2025 Horas totales: 40 Lugar de realizaci\u00f3n: Aula Virtual DIRIGIDO A: Profesorado de centros que hayan seleccionado la L\u00ednea de Actuaci\u00f3n \u00abHuertos Escolares\u00bb del Programa ALDEA 2025\/2026 (tienen [&hellip;]<\/p>\n","protected":false},"author":13,"featured_media":9016,"comment_status":"closed","ping_status":"open","sticky":false,"template":"","format":"standard","meta":{"_crdt_document":"","advanced_seo_description":"","jetpack_seo_html_title":"","jetpack_seo_noindex":false,"jetpack_post_was_ever_published":false,"_jetpack_newsletter_access":"","_jetpack_dont_email_post_to_subs":false,"_jetpack_newsletter_tier_id":0,"_jetpack_memberships_contains_paywalled_content":false,"_jetpack_memberships_contains_paid_content":false,"footnotes":"","jetpack_publicize_message":"","jetpack_publicize_feature_enabled":true,"jetpack_social_post_already_shared":true,"jetpack_social_options":{"image_generator_settings":{"template":"highway","default_image_id":0,"font":"","enabled":false},"version":2}},"categories":[3],"tags":[438,204,439,56],"class_list":{"0":"post-9015","1":"post","2":"type-post","3":"status-publish","4":"format-standard","5":"has-post-thumbnail","7":"category-formaciones","8":"tag-aldea","9":"tag-convocatoria-regional","10":"tag-ecohuerto","11":"tag-planes-y-programas","12":"czr-hentry"},"jetpack_publicize_connections":[],"jetpack_featured_media_url":"https:\/\/i0.wp.com\/cepronda.com\/blog\/wp-content\/uploads\/2025\/11\/5977ca6e.png?fit=771%2C626&ssl=1","jetpack_shortlink":"https:\/\/wp.me\/p8M4X7-2lp","jetpack-related-posts":[{"id":9233,"url":"https:\/\/cepronda.com\/blog\/9233-2\/","url_meta":{"origin":9015,"position":0},"title":"PROGRAMA ALDEA: RECAPACICLA, EDUCACI\u00d3N PARA LA CIRCULARIDAD","author":"Encarni Jim\u00e9nez Rosado","date":"19 enero, 2026","format":false,"excerpt":"Abierto el plazo de inscripci\u00f3n de la actividad, \"PROGRAMA ALDEA: RECAPACICLA, EDUCACI\u00d3N PARA LA CIRCULARIDAD\", con c\u00f3digo: 269920KPF114. Curso de 30 horas no presenciales, de car\u00e1cter voluntario dirigido prioritariamente al profesorado coordinador del Programa ALDEA en el Curso 2025-26. Especialmente aquellos que tienen la l\u00ednea de trabajo de Recapacicla, impulsado\u2026","rel":"","context":"En \u00abFormaciones\u00bb","block_context":{"text":"Formaciones","link":"https:\/\/cepronda.com\/blog\/category\/formaciones\/"},"img":{"alt_text":"","src":"https:\/\/i0.wp.com\/cepronda.com\/blog\/wp-content\/uploads\/2026\/01\/aldea.jpg?fit=450%2C450&ssl=1&resize=350%2C200","width":350,"height":200},"classes":[]},{"id":9488,"url":"https:\/\/cepronda.com\/blog\/9488-2\/","url_meta":{"origin":9015,"position":1},"title":"PROGRAMA ALDEA: RECAPACICLA, EDUCACI\u00d3N PARA LA CIRCULARIDAD (Segunda edici\u00f3n)","author":"Encarni Jim\u00e9nez Rosado","date":"6 abril, 2026","format":false,"excerpt":"Ya est\u00e1 abierto el plazo de inscripci\u00f3n de la actividad: PROGRAMA ALDEA: RECAPACICLA, EDUCACI\u00d3N PARA LA CIRCULARIDAD (Segunda edici\u00f3n), C\u00f3digo:269920QPF114 Curso de 30 horas no presenciales, de car\u00e1cter voluntario dirigido prioritariamente al profesorado coordinador del Programa ALDEA en el Curso 2025-26, especialmente aquellos que tienen la l\u00ednea de trabajo de\u2026","rel":"","context":"En \u00abFormaciones\u00bb","block_context":{"text":"Formaciones","link":"https:\/\/cepronda.com\/blog\/category\/formaciones\/"},"img":{"alt_text":"","src":"https:\/\/i0.wp.com\/cepronda.com\/blog\/wp-content\/uploads\/2026\/04\/Sin-titulo.png?fit=598%2C595&ssl=1&resize=350%2C200","width":350,"height":200,"srcset":"https:\/\/i0.wp.com\/cepronda.com\/blog\/wp-content\/uploads\/2026\/04\/Sin-titulo.png?fit=598%2C595&ssl=1&resize=350%2C200 1x, https:\/\/i0.wp.com\/cepronda.com\/blog\/wp-content\/uploads\/2026\/04\/Sin-titulo.png?fit=598%2C595&ssl=1&resize=525%2C300 1.5x"},"classes":[]},{"id":7979,"url":"https:\/\/cepronda.com\/blog\/diseno-e-introduccion-al-programa-illustrator-de-adobe-para-ensenanzas-are\/","url_meta":{"origin":9015,"position":2},"title":"DISE\u00d1O E INTRODUCCI\u00d3N AL PROGRAMA ILLUSTRATOR DE ADOBE PARA ENSE\u00d1ANZAS ARE","author":"Inmaculada Garc\u00eda","date":"20 diciembre, 2024","format":false,"excerpt":"Abierto el plazo de inscripci\u00f3n para la actividad provincial\u00a0 DISE\u00d1O E INTRODUCCI\u00d3N AL PROGRAMA ILLUSTRATOR DE ADOBE PARA ENSE\u00d1ANZAS ARE Inscripci\u00f3n: hasta el 14\/01\/2025 Actividad: 21\/01\/2025 - 18\/02\/2025 Duraci\u00f3n: 5 semanas M\u00e1s informaci\u00f3n: https:\/\/www.juntadeandalucia.es\/educacion\/secretariavirtual\/consultaCEP\/actividad\/252922GE090\/","rel":"","context":"En \u00abFormaciones\u00bb","block_context":{"text":"Formaciones","link":"https:\/\/cepronda.com\/blog\/category\/formaciones\/"},"img":{"alt_text":"","src":"https:\/\/i0.wp.com\/cepronda.com\/blog\/wp-content\/uploads\/2024\/12\/252922GE090_Cartel-1.jpeg?fit=1080%2C1080&ssl=1&resize=350%2C200","width":350,"height":200,"srcset":"https:\/\/i0.wp.com\/cepronda.com\/blog\/wp-content\/uploads\/2024\/12\/252922GE090_Cartel-1.jpeg?fit=1080%2C1080&ssl=1&resize=350%2C200 1x, https:\/\/i0.wp.com\/cepronda.com\/blog\/wp-content\/uploads\/2024\/12\/252922GE090_Cartel-1.jpeg?fit=1080%2C1080&ssl=1&resize=525%2C300 1.5x, https:\/\/i0.wp.com\/cepronda.com\/blog\/wp-content\/uploads\/2024\/12\/252922GE090_Cartel-1.jpeg?fit=1080%2C1080&ssl=1&resize=700%2C400 2x, https:\/\/i0.wp.com\/cepronda.com\/blog\/wp-content\/uploads\/2024\/12\/252922GE090_Cartel-1.jpeg?fit=1080%2C1080&ssl=1&resize=1050%2C600 3x"},"classes":[]},{"id":7712,"url":"https:\/\/cepronda.com\/blog\/convocatoria-regional-de-cursos-avfp-curso-2024-25\/","url_meta":{"origin":9015,"position":3},"title":"CONVOCATORIA REGIONAL DE CURSOS AVFP. CURSO 2024\/25.","author":"Inmaculada Garc\u00eda","date":"19 septiembre, 2024","format":false,"excerpt":"\u00a0 \u00a0 CONVOCATORIA REGIONAL DE CURSOS AVFP \u00a0 Os informamos que se encuentra abierto el plazo de inscripci\u00f3n en la convocatoria de cursos regional. La superaci\u00f3n de estos cursos supone la certificaci\u00f3n de diversos niveles de Competencia Digital Docente. - HERRAMIENTAS DIGITALES APLICADAS A LA DOCENCIA EN LA FORMACI\u00d3N PROFESIONAL,\u2026","rel":"","context":"En \u00abFormaciones\u00bb","block_context":{"text":"Formaciones","link":"https:\/\/cepronda.com\/blog\/category\/formaciones\/"},"img":{"alt_text":"","src":"https:\/\/i0.wp.com\/cepronda.com\/blog\/wp-content\/uploads\/2024\/09\/CURSOS.png?fit=1200%2C1200&ssl=1&resize=350%2C200","width":350,"height":200,"srcset":"https:\/\/i0.wp.com\/cepronda.com\/blog\/wp-content\/uploads\/2024\/09\/CURSOS.png?fit=1200%2C1200&ssl=1&resize=350%2C200 1x, https:\/\/i0.wp.com\/cepronda.com\/blog\/wp-content\/uploads\/2024\/09\/CURSOS.png?fit=1200%2C1200&ssl=1&resize=525%2C300 1.5x, https:\/\/i0.wp.com\/cepronda.com\/blog\/wp-content\/uploads\/2024\/09\/CURSOS.png?fit=1200%2C1200&ssl=1&resize=700%2C400 2x, https:\/\/i0.wp.com\/cepronda.com\/blog\/wp-content\/uploads\/2024\/09\/CURSOS.png?fit=1200%2C1200&ssl=1&resize=1050%2C600 3x"},"classes":[]},{"id":8803,"url":"https:\/\/cepronda.com\/blog\/v-congreso-internacional-conmemorativo-del-descubrimiento-de-america-codigo-262115ge002\/","url_meta":{"origin":9015,"position":4},"title":"V CONGRESO INTERNACIONAL CONMEMORATIVO DEL DESCUBRIMIENTO DE AM\u00c9RICA. C\u00f3digo: 262115GE002","author":"Inmaculada Garc\u00eda","date":"18 septiembre, 2025","format":false,"excerpt":"Abierta la inscripci\u00f3n del Congreso regional organizado por el CEP de Huelva- Isla Cristina: V CONGRESO INTERNACIONAL CONMEMORATIVO DEL DESCUBRIMIENTO DE AM\u00c9RICA. C\u00f3digo: 262115GE002 \u00a0 Fecha inscripci\u00f3n: 12\/09\/2025 hasta 06\/10\/2025. Fecha actividad: 10\/10\/2025 hasta 13\/10\/2025. \u00a0 Duraci\u00f3n: 18 horas \u00a0 \u00a0 Detalle e inscripci\u00f3n: https:\/\/www.juntadeandalucia.es\/educacion\/secretariavirtual\/consultaCEP\/actividad\/262115GE002\/","rel":"","context":"En \u00abFormaciones\u00bb","block_context":{"text":"Formaciones","link":"https:\/\/cepronda.com\/blog\/category\/formaciones\/"},"img":{"alt_text":"","src":"https:\/\/i0.wp.com\/cepronda.com\/blog\/wp-content\/uploads\/2025\/09\/cartelVDescubrimiento_programa_ok3.jpg?fit=848%2C1200&ssl=1&resize=350%2C200","width":350,"height":200,"srcset":"https:\/\/i0.wp.com\/cepronda.com\/blog\/wp-content\/uploads\/2025\/09\/cartelVDescubrimiento_programa_ok3.jpg?fit=848%2C1200&ssl=1&resize=350%2C200 1x, https:\/\/i0.wp.com\/cepronda.com\/blog\/wp-content\/uploads\/2025\/09\/cartelVDescubrimiento_programa_ok3.jpg?fit=848%2C1200&ssl=1&resize=525%2C300 1.5x, https:\/\/i0.wp.com\/cepronda.com\/blog\/wp-content\/uploads\/2025\/09\/cartelVDescubrimiento_programa_ok3.jpg?fit=848%2C1200&ssl=1&resize=700%2C400 2x"},"classes":[]},{"id":9368,"url":"https:\/\/cepronda.com\/blog\/9368-2\/","url_meta":{"origin":9015,"position":5},"title":"PROGRAMA COMUNICA. RECURSOS Y ESTRATEGIAS DID\u00c1CTICAS","author":"Encarni Jim\u00e9nez Rosado","date":"12 febrero, 2026","format":false,"excerpt":"Abierto el plazo de inscripci\u00f3n en el curso Regional, \"PROGRAMA COMUNICA. RECURSOS Y ESTRATEGIAS DID\u00c1CTICAS\", con C\u00f3digo:\u00a0269930KLIN608 Inscripciones:\u00a0 09\/02\/2026 hasta 16\/02\/2026 Fecha actividad:\u00a023\/02\/2026 hasta 10\/04\/2026 Horas totales:\u00a040 Modalidad:\u00a0Curso a Distancia N\u00ba de plazas:\u00a0240 Aula Virtual de Formaci\u00f3n del Profesorado M\u00e1s informaci\u00f3n e inscripci\u00f3n: https:\/\/secretariavirtual.juntadeandalucia.es\/secretariavirtual\/consultaCEP\/actividad\/269930KLIN608\/","rel":"","context":"En \u00abFormaciones\u00bb","block_context":{"text":"Formaciones","link":"https:\/\/cepronda.com\/blog\/category\/formaciones\/"},"img":{"alt_text":"","src":"https:\/\/i0.wp.com\/cepronda.com\/blog\/wp-content\/uploads\/2026\/02\/Copia-de-Copia-de-Copia-de-CEP-MOTOR-INTERNACIONALIZACION-PRIMEROS-PASOS.pptx.jpg?fit=960%2C1200&ssl=1&resize=350%2C200","width":350,"height":200,"srcset":"https:\/\/i0.wp.com\/cepronda.com\/blog\/wp-content\/uploads\/2026\/02\/Copia-de-Copia-de-Copia-de-CEP-MOTOR-INTERNACIONALIZACION-PRIMEROS-PASOS.pptx.jpg?fit=960%2C1200&ssl=1&resize=350%2C200 1x, https:\/\/i0.wp.com\/cepronda.com\/blog\/wp-content\/uploads\/2026\/02\/Copia-de-Copia-de-Copia-de-CEP-MOTOR-INTERNACIONALIZACION-PRIMEROS-PASOS.pptx.jpg?fit=960%2C1200&ssl=1&resize=525%2C300 1.5x, https:\/\/i0.wp.com\/cepronda.com\/blog\/wp-content\/uploads\/2026\/02\/Copia-de-Copia-de-Copia-de-CEP-MOTOR-INTERNACIONALIZACION-PRIMEROS-PASOS.pptx.jpg?fit=960%2C1200&ssl=1&resize=700%2C400 2x"},"classes":[]}],"jetpack_sharing_enabled":true,"_links":{"self":[{"href":"https:\/\/cepronda.com\/blog\/wp-json\/wp\/v2\/posts\/9015","targetHints":{"allow":["GET"]}}],"collection":[{"href":"https:\/\/cepronda.com\/blog\/wp-json\/wp\/v2\/posts"}],"about":[{"href":"https:\/\/cepronda.com\/blog\/wp-json\/wp\/v2\/types\/post"}],"author":[{"embeddable":true,"href":"https:\/\/cepronda.com\/blog\/wp-json\/wp\/v2\/users\/13"}],"replies":[{"embeddable":true,"href":"https:\/\/cepronda.com\/blog\/wp-json\/wp\/v2\/comments?post=9015"}],"version-history":[{"count":1,"href":"https:\/\/cepronda.com\/blog\/wp-json\/wp\/v2\/posts\/9015\/revisions"}],"predecessor-version":[{"id":9017,"href":"https:\/\/cepronda.com\/blog\/wp-json\/wp\/v2\/posts\/9015\/revisions\/9017"}],"wp:featuredmedia":[{"embeddable":true,"href":"https:\/\/cepronda.com\/blog\/wp-json\/wp\/v2\/media\/9016"}],"wp:attachment":[{"href":"https:\/\/cepronda.com\/blog\/wp-json\/wp\/v2\/media?parent=9015"}],"wp:term":[{"taxonomy":"category","embeddable":true,"href":"https:\/\/cepronda.com\/blog\/wp-json\/wp\/v2\/categories?post=9015"},{"taxonomy":"post_tag","embeddable":true,"href":"https:\/\/cepronda.com\/blog\/wp-json\/wp\/v2\/tags?post=9015"}],"curies":[{"name":"wp","href":"https:\/\/api.w.org\/{rel}","templated":true}]}}