{"id":9011,"date":"2025-11-05T13:50:25","date_gmt":"2025-11-05T12:50:25","guid":{"rendered":"https:\/\/cepronda.com\/blog\/?p=9011"},"modified":"2025-11-05T13:50:25","modified_gmt":"2025-11-05T12:50:25","slug":"podcast-recurso-educativo-didactico-e-internivelar-para-todas-las-especialidades-dentro-y-fuera-del-aula-virtual-enfoque-practico","status":"publish","type":"post","link":"https:\/\/cepronda.com\/blog\/podcast-recurso-educativo-didactico-e-internivelar-para-todas-las-especialidades-dentro-y-fuera-del-aula-virtual-enfoque-practico\/","title":{"rendered":"PODCAST: RECURSO EDUCATIVO, DID\u00c1CTICO E INTERNIVELAR, PARA TODAS LAS ESPECIALIDADES, DENTRO Y FUERA DEL AULA VIRTUAL. ENFOQUE PR\u00c1CTICO."},"content":{"rendered":"<div class=\"\" data-block=\"true\" data-editor=\"dndcv\" data-offset-key=\"37lg6-0-0\">\n<div class=\"_1mf _1mj\" data-offset-key=\"37lg6-0-0\">\n<p><span data-offset-key=\"37lg6-0-0\"><span data-offset-key=\"37lg6-0-0\">Abierto el plazo de inscripci\u00f3n para el curso con seguimiento\u00a0 <strong>\u00abPODCAST: RECURSO EDUCATIVO, DID\u00c1CTICO E INTERNIVELAR, PARA TODAS LAS ESPECIALIDADES, DENTRO Y FUERA DEL AULA VIRTUAL. ENFOQUE PR\u00c1CTICO.\u00bb <\/strong>c\u00f3digo<strong> 262924GE104<\/strong><\/span><\/span><\/p>\n<div class=\"\" data-block=\"true\" data-editor=\"dndcv\" data-offset-key=\"37lg6-0-0\">\n<div class=\"_1mf _1mj\" data-offset-key=\"37lg6-0-0\">Destinado para docentes <span style=\"font-weight: 400;\">de cualquier etapa o especialidad que quieran descubrir el potencial educativo del podcast como herramienta creativa, interdisciplinar y emocional.<\/span><\/div>\n<\/div>\n<div class=\"\" data-block=\"true\" data-editor=\"dndcv\" data-offset-key=\"8ul8i-0-0\">\n<div data-offset-key=\"8ul8i-0-0\"><\/div>\n<div class=\"_1mf _1mj\" data-offset-key=\"8ul8i-0-0\"><b>INSCRIPCIONES: <\/b>del 05\/11\/2025 al 16\/11\/2025<\/div>\n<\/div>\n<div class=\"\" data-block=\"true\" data-editor=\"dndcv\" data-offset-key=\"d26l7-0-0\">\n<div data-offset-key=\"d26l7-0-0\"><\/div>\n<div class=\"_1mf _1mj\" data-offset-key=\"d26l7-0-0\"><span data-offset-key=\"d26l7-0-0\"><strong>FECHA DE REALIZACI\u00d3N: <\/strong>del 18\/11\/2025 al 18\/12\/2025.<\/span><\/div>\n<div data-offset-key=\"d26l7-0-0\">Con 2 sesiones por videoconferencias:<\/div>\n<div class=\"_1mf _1mj\" data-offset-key=\"d26l7-0-0\"><span data-offset-key=\"d26l7-0-0\">&#8211; Mi\u00e9rcoles 19\/11\/2025 (17:30 a 19:30h en el AVFP)<\/span><\/div>\n<div data-offset-key=\"d26l7-0-0\"><span data-offset-key=\"d26l7-0-0\">&#8211; Mi\u00e9rcoles 03\/12\/2025 (17:30 a 19:30h en el AVFP)<\/span><\/div>\n<\/div>\n<\/div>\n<\/div>\n<div data-offset-key=\"d26l7-0-0\">(4h presenciales + 10h de tareas)<\/div>\n<div data-offset-key=\"d26l7-0-0\"><\/div>\n<div class=\"\" data-block=\"true\" data-editor=\"dndcv\" data-offset-key=\"37lg6-0-0\">\n<div class=\"_1mf _1mj\" data-offset-key=\"37lg6-0-0\">\n<div class=\"\" data-block=\"true\" data-editor=\"dndcv\" data-offset-key=\"80he6-0-0\">\n<div class=\"_1mf _1mj\" data-offset-key=\"80he6-0-0\"><span data-offset-key=\"80he6-0-0\"><strong>LUGAR:<\/strong> AVFP (Aula Virtual de Formaci\u00f3n del Profesorado)<\/span><\/div>\n<\/div>\n<div class=\"\" data-block=\"true\" data-editor=\"dndcv\" data-offset-key=\"esifd-0-0\">\n<div data-offset-key=\"esifd-0-0\"><\/div>\n<div class=\"_1mf _1mj\" data-offset-key=\"esifd-0-0\"><span data-offset-key=\"esifd-0-0\"><strong>INSCRIPCIONES Y DETALLES:<\/strong><a href=\"https:\/\/www.juntadeandalucia.es\/educacion\/secretariavirtual\/consultaCEP\/actividad\/262924GE104\/\">https:\/\/www.juntadeandalucia.es\/educacion\/secretariavirtual\/consultaCEP\/actividad\/262924GE104\/<\/a><\/span><\/div>\n<\/div>\n<div data-offset-key=\"esifd-0-0\"><\/div>\n<\/div>\n<div data-offset-key=\"esifd-0-0\"><img data-recalc-dims=\"1\" loading=\"lazy\" decoding=\"async\" class=\"aligncenter wp-image-9012\" src=\"https:\/\/i0.wp.com\/cepronda.com\/blog\/wp-content\/uploads\/2025\/11\/262924GE104_PODCAST.png?resize=500%2C707&#038;ssl=1\" alt=\"\" width=\"500\" height=\"707\" srcset=\"https:\/\/i0.wp.com\/cepronda.com\/blog\/wp-content\/uploads\/2025\/11\/262924GE104_PODCAST.png?w=1587&amp;ssl=1 1587w, https:\/\/i0.wp.com\/cepronda.com\/blog\/wp-content\/uploads\/2025\/11\/262924GE104_PODCAST.png?resize=212%2C300&amp;ssl=1 212w, https:\/\/i0.wp.com\/cepronda.com\/blog\/wp-content\/uploads\/2025\/11\/262924GE104_PODCAST.png?resize=724%2C1024&amp;ssl=1 724w, https:\/\/i0.wp.com\/cepronda.com\/blog\/wp-content\/uploads\/2025\/11\/262924GE104_PODCAST.png?resize=768%2C1086&amp;ssl=1 768w, https:\/\/i0.wp.com\/cepronda.com\/blog\/wp-content\/uploads\/2025\/11\/262924GE104_PODCAST.png?resize=1086%2C1536&amp;ssl=1 1086w, https:\/\/i0.wp.com\/cepronda.com\/blog\/wp-content\/uploads\/2025\/11\/262924GE104_PODCAST.png?resize=1448%2C2048&amp;ssl=1 1448w\" sizes=\"auto, (max-width: 500px) 100vw, 500px\" \/><\/div>\n<\/div>\n","protected":false},"excerpt":{"rendered":"<p>Abierto el plazo de inscripci\u00f3n para el curso con seguimiento\u00a0 \u00abPODCAST: RECURSO EDUCATIVO, DID\u00c1CTICO E INTERNIVELAR, PARA TODAS LAS ESPECIALIDADES, DENTRO Y FUERA DEL AULA VIRTUAL. ENFOQUE PR\u00c1CTICO.\u00bb c\u00f3digo 262924GE104 Destinado para docentes de cualquier etapa o especialidad que quieran descubrir el potencial educativo del podcast como herramienta creativa, interdisciplinar y emocional. INSCRIPCIONES: del 05\/11\/2025 [&hellip;]<\/p>\n","protected":false},"author":3,"featured_media":9012,"comment_status":"closed","ping_status":"open","sticky":false,"template":"","format":"standard","meta":{"_crdt_document":"","advanced_seo_description":"","jetpack_seo_html_title":"","jetpack_seo_noindex":false,"jetpack_post_was_ever_published":false,"_jetpack_newsletter_access":"","_jetpack_dont_email_post_to_subs":false,"_jetpack_newsletter_tier_id":0,"_jetpack_memberships_contains_paywalled_content":false,"_jetpack_memberships_contains_paid_content":false,"footnotes":"","jetpack_publicize_message":"","jetpack_publicize_feature_enabled":true,"jetpack_social_post_already_shared":true,"jetpack_social_options":{"image_generator_settings":{"template":"highway","default_image_id":0,"font":"","enabled":false},"version":2}},"categories":[3],"tags":[171,222],"class_list":{"0":"post-9011","1":"post","2":"type-post","3":"status-publish","4":"format-standard","5":"has-post-thumbnail","7":"category-formaciones","8":"tag-coeducacion","9":"tag-internivelar","10":"czr-hentry"},"jetpack_publicize_connections":[],"jetpack_featured_media_url":"https:\/\/i0.wp.com\/cepronda.com\/blog\/wp-content\/uploads\/2025\/11\/262924GE104_PODCAST.png?fit=1587%2C2245&ssl=1","jetpack_shortlink":"https:\/\/wp.me\/p8M4X7-2ll","jetpack-related-posts":[{"id":5968,"url":"https:\/\/cepronda.com\/blog\/podcast-recurso-educativo-didactico-e-internivelar-para-todas-las-especialidades-dentro-y-fuera-del-aula-virtual-2\/","url_meta":{"origin":9011,"position":0},"title":"PODCAST: RECURSO EDUCATIVO, DID\u00c1CTICO E INTERNIVELAR, PARA TODAS LAS ESPECIALIDADES, DENTRO Y FUERA\u00a0DEL AULA VIRTUAL.","author":"Mamen Moreno","date":"12 mayo, 2023","format":false,"excerpt":"Abierto el plazo de inscripciones del curso provincial PODCAST: RECURSO EDUCATIVO, DID\u00c1CTICO E INTERNIVELAR, PARA TODAS LAS ESPECIALIDADES, DENTRO Y FUERA\u00a0DEL AULA VIRTUAL. ENFOQUE PR\u00c1CTICO.(232924GE012). 15 horas: 6 Presenciales videoconferencias y 9 No presenciales online. Fechas de inscripci\u00f3n: Del 12 al 28 de mayo de 2023 Fechas de realizaci\u00f3n: Del\u2026","rel":"","context":"En \u00abFormaciones\u00bb","block_context":{"text":"Formaciones","link":"https:\/\/cepronda.com\/blog\/category\/formaciones\/"},"img":{"alt_text":"","src":"https:\/\/i0.wp.com\/cepronda.com\/blog\/wp-content\/uploads\/2023\/05\/WhatsApp-Image-2023-05-15-at-08.49.02.jpeg?fit=848%2C1200&ssl=1&resize=350%2C200","width":350,"height":200,"srcset":"https:\/\/i0.wp.com\/cepronda.com\/blog\/wp-content\/uploads\/2023\/05\/WhatsApp-Image-2023-05-15-at-08.49.02.jpeg?fit=848%2C1200&ssl=1&resize=350%2C200 1x, https:\/\/i0.wp.com\/cepronda.com\/blog\/wp-content\/uploads\/2023\/05\/WhatsApp-Image-2023-05-15-at-08.49.02.jpeg?fit=848%2C1200&ssl=1&resize=525%2C300 1.5x, https:\/\/i0.wp.com\/cepronda.com\/blog\/wp-content\/uploads\/2023\/05\/WhatsApp-Image-2023-05-15-at-08.49.02.jpeg?fit=848%2C1200&ssl=1&resize=700%2C400 2x"},"classes":[]},{"id":4089,"url":"https:\/\/cepronda.com\/blog\/podcast-recurso-educativo-didactico-e-internivelar-para-todas-las-especialidades-dentro-y-fuera-del-aula-virtual-nivel-i\/","url_meta":{"origin":9011,"position":1},"title":"PODCAST: RECURSO EDUCATIVO, DID\u00c1CTICO E INTERNIVELAR, PARA TODAS LAS ESPECIALIDADES, DENTRO Y FUERA DEL AULA VIRTUAL. NIVEL I","author":"Maribel Mu\u00f1oz","date":"7 enero, 2021","format":false,"excerpt":"Buenas tardes compa\u00f1eras y compa\u00f1eros, Os informamos que est\u00e1 abierto el plazo de inscripci\u00f3n de la formaci\u00f3n\u00a0 PODCAST: RECURSO EDUCATIVO, DID\u00c1CTICO E INTERNIVELAR, PARA TODAS LAS ESPECIALIDADES, DENTRO Y FUERA DEL AULA VIRTUAL. NIVEL I a nivel provincial,\u00a0 y que comenzar\u00e1 a desarrollarse el pr\u00f3ximo\u00a0 01\/02\/2021. Adjuntamos enlace : https:\/\/www.juntadeandalucia.es\/educacion\/secretariavirtual\/consultaCEP\/actividad\/212924GE007\/\u2026","rel":"","context":"En \u00abFormaciones\u00bb","block_context":{"text":"Formaciones","link":"https:\/\/cepronda.com\/blog\/category\/formaciones\/"},"img":{"alt_text":"podcast","src":"https:\/\/i0.wp.com\/cepronda.com\/blog\/wp-content\/uploads\/2021\/01\/JORNADAS-INFORMATIVAS-SOBRE-LA-CONVOCATORIA-DE-GRUPOS-DE-TRABAJO-FORMACION-EN-CENTROS-Y-PROGRAMAS-EDUCATIVOS.jpg?fit=848%2C1200&ssl=1&resize=350%2C200","width":350,"height":200,"srcset":"https:\/\/i0.wp.com\/cepronda.com\/blog\/wp-content\/uploads\/2021\/01\/JORNADAS-INFORMATIVAS-SOBRE-LA-CONVOCATORIA-DE-GRUPOS-DE-TRABAJO-FORMACION-EN-CENTROS-Y-PROGRAMAS-EDUCATIVOS.jpg?fit=848%2C1200&ssl=1&resize=350%2C200 1x, https:\/\/i0.wp.com\/cepronda.com\/blog\/wp-content\/uploads\/2021\/01\/JORNADAS-INFORMATIVAS-SOBRE-LA-CONVOCATORIA-DE-GRUPOS-DE-TRABAJO-FORMACION-EN-CENTROS-Y-PROGRAMAS-EDUCATIVOS.jpg?fit=848%2C1200&ssl=1&resize=525%2C300 1.5x, https:\/\/i0.wp.com\/cepronda.com\/blog\/wp-content\/uploads\/2021\/01\/JORNADAS-INFORMATIVAS-SOBRE-LA-CONVOCATORIA-DE-GRUPOS-DE-TRABAJO-FORMACION-EN-CENTROS-Y-PROGRAMAS-EDUCATIVOS.jpg?fit=848%2C1200&ssl=1&resize=700%2C400 2x"},"classes":[]},{"id":4811,"url":"https:\/\/cepronda.com\/blog\/podcast-recurso-educativo-didactico-e-internivelar-para-todas-las-especialidades-dentro-y-fuera-del-aula-virtual-nivel-ii-2\/","url_meta":{"origin":9011,"position":2},"title":"PODCAST: RECURSO EDUCATIVO, DID\u00c1CTICO E INTERNIVELAR, PARA TODAS LAS ESPECIALIDADES, DENTRO Y FUERA DEL AULA VIRTUAL. NIVEL II","author":"Maribel Mu\u00f1oz","date":"25 octubre, 2021","format":false,"excerpt":"Buenas tardes compa\u00f1eras y compa\u00f1eros, Os informamos que est\u00e1 abierto el plazo de inscripci\u00f3n en la actividad \u00a0\"PODCAST: RECURSO EDUCATIVO, DID\u00c1CTICO E INTERNIVELAR, PARA TODAS LAS ESPECIALIDADES, DENTRO Y FUERA DEL AULA VIRTUAL. NIVEL II\" con c\u00f3digo 222924GE019. Es una actividad PROVINCIAL.\u00a0 Se desarrollar\u00e1 en el Aula Virtual de Formaci\u00f3n\u2026","rel":"","context":"En \u00abFormaciones\u00bb","block_context":{"text":"Formaciones","link":"https:\/\/cepronda.com\/blog\/category\/formaciones\/"},"img":{"alt_text":"","src":"https:\/\/i0.wp.com\/cepronda.com\/blog\/wp-content\/uploads\/2021\/10\/PODCAST-NIVEL-II-PROVINCIAL-212x300.png?resize=350%2C200","width":350,"height":200},"classes":[]},{"id":4180,"url":"https:\/\/cepronda.com\/blog\/podcast-recurso-educativo-didactico-e-internivelar-para-todas-las-especialidades-dentro-y-fuera-del-aula-virtual-nivel-ii\/","url_meta":{"origin":9011,"position":3},"title":"PODCAST: RECURSO EDUCATIVO, DID\u00c1CTICO E INTERNIVELAR, PARA TODAS LAS ESPECIALIDADES, DENTRO Y FUERA DEL AULA VIRTUAL. NIVEL II","author":"Maribel Mu\u00f1oz","date":"11 febrero, 2021","format":false,"excerpt":"Buenos d\u00edas compa\u00f1eras y compa\u00f1eros,Os informamos que est\u00e1 abierto el plazo de inscripci\u00f3n de la formaci\u00f3n\u00a0 PODCAST: RECURSO EDUCATIVO, DID\u00c1CTICO E INTERNIVELAR. NIVEL II\u00a0 212924GE008,\u00a0\u00a0 que comenzar\u00e1 a desarrollarse el pr\u00f3ximo\u00a0 08\/03\/2021. Adjuntamos enlace : https:\/\/www.juntadeandalucia.es\/educacion\/secretariavirtual\/consultaCEP\/actividad\/212924GE008\/Te rogamos que en el caso de renunciar o no poder asistir a esta formaci\u00f3n,\u2026","rel":"","context":"En \u00abFormaciones\u00bb","block_context":{"text":"Formaciones","link":"https:\/\/cepronda.com\/blog\/category\/formaciones\/"},"img":{"alt_text":"","src":"https:\/\/i0.wp.com\/cepronda.com\/blog\/wp-content\/uploads\/2021\/02\/PODCAST-II-212924GE008.jpg?fit=848%2C1200&ssl=1&resize=350%2C200","width":350,"height":200,"srcset":"https:\/\/i0.wp.com\/cepronda.com\/blog\/wp-content\/uploads\/2021\/02\/PODCAST-II-212924GE008.jpg?fit=848%2C1200&ssl=1&resize=350%2C200 1x, https:\/\/i0.wp.com\/cepronda.com\/blog\/wp-content\/uploads\/2021\/02\/PODCAST-II-212924GE008.jpg?fit=848%2C1200&ssl=1&resize=525%2C300 1.5x, https:\/\/i0.wp.com\/cepronda.com\/blog\/wp-content\/uploads\/2021\/02\/PODCAST-II-212924GE008.jpg?fit=848%2C1200&ssl=1&resize=700%2C400 2x"},"classes":[]},{"id":3577,"url":"https:\/\/cepronda.com\/blog\/podcast-recurso-educativo-didactico-e-internivelar-para-todas-las-especialidades-dentro-y-fuera-del-aula-virtual\/","url_meta":{"origin":9011,"position":4},"title":"PODCAST: RECURSO EDUCATIVO, DID\u00c1CTICO E INTERNIVELAR, PARA TODAS LAS ESPECIALIDADES, DENTRO Y FUERA DEL AULA VIRTUAL","author":"V\u00edctor Caballero","date":"7 mayo, 2020","format":false,"excerpt":"Hola familia, \u00bfc\u00f3mo est\u00e1is? Seguimos intentando ayudaros en todo lo que podamos, y en esta ocasi\u00f3n queremos compartir otra de las posibilidades que ten\u00e9is de acercar a vuestro alumnado y familias vuestras clases. Se trata de los Podcast, una herramienta para docentes de cualquier especialidad interesados en el potencial educativo\u2026","rel":"","context":"En \u00abFormaciones\u00bb","block_context":{"text":"Formaciones","link":"https:\/\/cepronda.com\/blog\/category\/formaciones\/"},"img":{"alt_text":"","src":"https:\/\/i0.wp.com\/cepronda.com\/blog\/wp-content\/uploads\/2020\/05\/20200520PODCAST.-RECURSO-EDUCATIVO.png?fit=848%2C1200&ssl=1&resize=350%2C200","width":350,"height":200,"srcset":"https:\/\/i0.wp.com\/cepronda.com\/blog\/wp-content\/uploads\/2020\/05\/20200520PODCAST.-RECURSO-EDUCATIVO.png?fit=848%2C1200&ssl=1&resize=350%2C200 1x, https:\/\/i0.wp.com\/cepronda.com\/blog\/wp-content\/uploads\/2020\/05\/20200520PODCAST.-RECURSO-EDUCATIVO.png?fit=848%2C1200&ssl=1&resize=525%2C300 1.5x, https:\/\/i0.wp.com\/cepronda.com\/blog\/wp-content\/uploads\/2020\/05\/20200520PODCAST.-RECURSO-EDUCATIVO.png?fit=848%2C1200&ssl=1&resize=700%2C400 2x"},"classes":[]},{"id":4913,"url":"https:\/\/cepronda.com\/blog\/la-musicoterapia-como-recurso-educativo-en-el-aula-desde-cualquier-materia\/","url_meta":{"origin":9011,"position":5},"title":"LA MUSICOTERAPIA COMO RECURSO EDUCATIVO EN EL AULA, DESDE CUALQUIER MATERIA","author":"Maribel Mu\u00f1oz","date":"21 diciembre, 2021","format":false,"excerpt":"Buenos d\u00edas compa\u00f1eras y compa\u00f1eros, Os informamos que est\u00e1 abierto el plazo de inscripci\u00f3n en la actividad LA MUSICOTERAPIA COMO RECURSO EDUCATIVO EN EL AULA, DESDE CUALQUIER MATERIA con c\u00f3digo 222924GE027. Es una actividad de \u00e1mbito CEP.\u00a0 Se desarrollar\u00e1 mediante 4 sesiones de videoconferencia. Consta de 10 horas. Las fechas\u2026","rel":"","context":"En \u00abFormaciones\u00bb","block_context":{"text":"Formaciones","link":"https:\/\/cepronda.com\/blog\/category\/formaciones\/"},"img":{"alt_text":"","src":"https:\/\/i0.wp.com\/cepronda.com\/blog\/wp-content\/uploads\/2021\/12\/WhatsApp-Image-2021-12-20-at-13.31.24-1.jpeg?fit=848%2C1200&ssl=1&resize=350%2C200","width":350,"height":200,"srcset":"https:\/\/i0.wp.com\/cepronda.com\/blog\/wp-content\/uploads\/2021\/12\/WhatsApp-Image-2021-12-20-at-13.31.24-1.jpeg?fit=848%2C1200&ssl=1&resize=350%2C200 1x, https:\/\/i0.wp.com\/cepronda.com\/blog\/wp-content\/uploads\/2021\/12\/WhatsApp-Image-2021-12-20-at-13.31.24-1.jpeg?fit=848%2C1200&ssl=1&resize=525%2C300 1.5x, https:\/\/i0.wp.com\/cepronda.com\/blog\/wp-content\/uploads\/2021\/12\/WhatsApp-Image-2021-12-20-at-13.31.24-1.jpeg?fit=848%2C1200&ssl=1&resize=700%2C400 2x"},"classes":[]}],"jetpack_sharing_enabled":true,"_links":{"self":[{"href":"https:\/\/cepronda.com\/blog\/wp-json\/wp\/v2\/posts\/9011","targetHints":{"allow":["GET"]}}],"collection":[{"href":"https:\/\/cepronda.com\/blog\/wp-json\/wp\/v2\/posts"}],"about":[{"href":"https:\/\/cepronda.com\/blog\/wp-json\/wp\/v2\/types\/post"}],"author":[{"embeddable":true,"href":"https:\/\/cepronda.com\/blog\/wp-json\/wp\/v2\/users\/3"}],"replies":[{"embeddable":true,"href":"https:\/\/cepronda.com\/blog\/wp-json\/wp\/v2\/comments?post=9011"}],"version-history":[{"count":1,"href":"https:\/\/cepronda.com\/blog\/wp-json\/wp\/v2\/posts\/9011\/revisions"}],"predecessor-version":[{"id":9013,"href":"https:\/\/cepronda.com\/blog\/wp-json\/wp\/v2\/posts\/9011\/revisions\/9013"}],"wp:featuredmedia":[{"embeddable":true,"href":"https:\/\/cepronda.com\/blog\/wp-json\/wp\/v2\/media\/9012"}],"wp:attachment":[{"href":"https:\/\/cepronda.com\/blog\/wp-json\/wp\/v2\/media?parent=9011"}],"wp:term":[{"taxonomy":"category","embeddable":true,"href":"https:\/\/cepronda.com\/blog\/wp-json\/wp\/v2\/categories?post=9011"},{"taxonomy":"post_tag","embeddable":true,"href":"https:\/\/cepronda.com\/blog\/wp-json\/wp\/v2\/tags?post=9011"}],"curies":[{"name":"wp","href":"https:\/\/api.w.org\/{rel}","templated":true}]}}