{"id":8992,"date":"2025-10-29T11:13:37","date_gmt":"2025-10-29T10:13:37","guid":{"rendered":"https:\/\/cepronda.com\/blog\/?p=8992"},"modified":"2025-10-29T11:13:37","modified_gmt":"2025-10-29T10:13:37","slug":"historia-de-nuestros-simbolos-conmemoracion-del-dia-de-la-bandera-de-andalucia-2","status":"publish","type":"post","link":"https:\/\/cepronda.com\/blog\/historia-de-nuestros-simbolos-conmemoracion-del-dia-de-la-bandera-de-andalucia-2\/","title":{"rendered":"HISTORIA DE NUESTROS S\u00cdMBOLOS: CONMEMORACI\u00d3N DEL D\u00cdA DE LA BANDERA DE ANDALUC\u00cdA"},"content":{"rendered":"<div class=\"\" data-block=\"true\" data-editor=\"clotm\" data-offset-key=\"67tec-0-0\">\n<div class=\"_1mf _1mj\" data-offset-key=\"67tec-0-0\"><span data-offset-key=\"67tec-0-0\">Estimado\/a docente:<\/span><\/div>\n<\/div>\n<div class=\"\" data-block=\"true\" data-editor=\"clotm\" data-offset-key=\"9ddad-0-0\">\n<div class=\"_1mf _1mj\" data-offset-key=\"9ddad-0-0\"><span data-offset-key=\"9ddad-0-0\">\u00a0<\/span><\/div>\n<\/div>\n<div class=\"\" data-block=\"true\" data-editor=\"clotm\" data-offset-key=\"acvah-0-0\">\n<div class=\"_1mf _1mj\" data-offset-key=\"acvah-0-0\"><span data-offset-key=\"acvah-0-0\">Hasta el pr\u00f3ximo<strong> 7 de noviembre de 2025<\/strong> se encuentra abierto el plazo de inscripci\u00f3n para la actividad formativa de \u00e1mbito regional: \u00ab<strong>HISTORIA DE NUESTROS S\u00cdMBOLOS: CONMEMORACI\u00d3N DEL D\u00cdA DE LA BANDERA DE ANDALUC\u00cdA<\/strong>\u00ab, con c\u00f3digo 269919KPF430A.<\/span><\/div>\n<div data-offset-key=\"acvah-0-0\"><\/div>\n<\/div>\n<div class=\"\" data-block=\"true\" data-editor=\"clotm\" data-offset-key=\"3uvo1-0-0\">\n<div class=\"_1mf _1mj\" data-offset-key=\"3uvo1-0-0\"><span data-offset-key=\"3uvo1-0-0\"> Se trata de un curso a distancia que se realizar\u00e1 a trav\u00e9s del Aula Virtual de Formaci\u00f3n del Profesorado del 13 de noviembre al 3 de diciembre de 2025, con una certificaci\u00f3n de 8 horas si se realizan todas las tareas antes de la fecha de finalizaci\u00f3n del mismo.<\/span><\/div>\n<\/div>\n<div class=\"\" data-block=\"true\" data-editor=\"clotm\" data-offset-key=\"ajm84-0-0\">\n<div class=\"_1mf _1mj\" data-offset-key=\"ajm84-0-0\"><span data-offset-key=\"ajm84-0-0\"> Este curso NO contempla videoconferencias ni sesiones en directo.<\/span><\/div>\n<\/div>\n<div class=\"\" data-block=\"true\" data-editor=\"clotm\" data-offset-key=\"8n6pm-0-0\">\n<div class=\"_1mf _1mj\" data-offset-key=\"8n6pm-0-0\"><span data-offset-key=\"8n6pm-0-0\">\u00a0<\/span><\/div>\n<\/div>\n<div class=\"\" data-block=\"true\" data-editor=\"clotm\" data-offset-key=\"v83d-0-0\">\n<div class=\"_1mf _1mj\" data-offset-key=\"v83d-0-0\"><span data-offset-key=\"v83d-0-0\">El objetivo de esta actividad formativa es contribuir a garantizar la m\u00e1xima difusi\u00f3n de los valores y significados que encarna la Bandera de Andaluc\u00eda en el \u00e1mbito educativo, siguiendo al Decreto 541\/2022, de 8 de noviembre, que declara oficialmente el 4 de diciembre como D\u00eda de la Bandera de Andaluc\u00eda y a la Instrucci\u00f3n de 10 de Noviembre de 2023, de la Viceconsejer\u00eda de Desarrollo Educativo y Formaci\u00f3n Profesional, para la celebraci\u00f3n del d\u00eda de la Bandera de Andaluc\u00eda.<\/span><\/div>\n<\/div>\n<div class=\"\" data-block=\"true\" data-editor=\"clotm\" data-offset-key=\"3i6jp-0-0\">\n<div class=\"_1mf _1mj\" data-offset-key=\"3i6jp-0-0\"><span data-offset-key=\"3i6jp-0-0\">\u00a0<\/span><\/div>\n<\/div>\n<div class=\"\" data-block=\"true\" data-editor=\"clotm\" data-offset-key=\"4md3e-0-0\">\n<div class=\"_1mf _1mj\" data-offset-key=\"4md3e-0-0\"><span data-offset-key=\"4md3e-0-0\">FECHAS Y AGENDA <\/span><\/div>\n<\/div>\n<div class=\"\" data-block=\"true\" data-editor=\"clotm\" data-offset-key=\"f4na3-0-0\">\n<div class=\"_1mf _1mj\" data-offset-key=\"f4na3-0-0\"><span data-offset-key=\"f4na3-0-0\">Plazo de inscripci\u00f3n y recepci\u00f3n de solicitudes: del 28\/10\/2025 al 07\/11\/2025 <\/span><\/div>\n<\/div>\n<div class=\"\" data-block=\"true\" data-editor=\"clotm\" data-offset-key=\"23jm9-0-0\">\n<div class=\"_1mf _1mj\" data-offset-key=\"23jm9-0-0\"><span data-offset-key=\"23jm9-0-0\">Listado provisional: 10\/11\/2025<\/span><\/div>\n<\/div>\n<div class=\"\" data-block=\"true\" data-editor=\"clotm\" data-offset-key=\"5t4mj-0-0\">\n<div class=\"_1mf _1mj\" data-offset-key=\"5t4mj-0-0\"><span data-offset-key=\"5t4mj-0-0\">Listado definitivo: 12\/11\/2025<\/span><\/div>\n<\/div>\n<div class=\"\" data-block=\"true\" data-editor=\"clotm\" data-offset-key=\"8pdcj-0-0\">\n<div class=\"_1mf _1mj\" data-offset-key=\"8pdcj-0-0\"><span data-offset-key=\"8pdcj-0-0\">Inicio del curso: 13\/11\/2025 a las 17:00h<\/span><\/div>\n<\/div>\n<div class=\"\" data-block=\"true\" data-editor=\"clotm\" data-offset-key=\"egvre-0-0\">\n<div class=\"_1mf _1mj\" data-offset-key=\"egvre-0-0\"><span data-offset-key=\"egvre-0-0\">Fecha fin del curso : 03\/12\/2025<\/span><\/div>\n<\/div>\n<div class=\"\" data-block=\"true\" data-editor=\"clotm\" data-offset-key=\"13v0-0-0\">\n<div class=\"_1mf _1mj\" data-offset-key=\"13v0-0-0\"><span data-offset-key=\"13v0-0-0\">\u00a0<\/span><\/div>\n<\/div>\n<div class=\"\" data-block=\"true\" data-editor=\"clotm\" data-offset-key=\"58puv-0-0\">\n<div class=\"_1mf _1mj\" data-offset-key=\"58puv-0-0\"><span data-offset-key=\"58puv-0-0\">M\u00e1s informaci\u00f3n e inscripciones:<\/span><\/div>\n<\/div>\n<div class=\"\" data-block=\"true\" data-editor=\"clotm\" data-offset-key=\"2beg-0-0\">\n<div class=\"_1mf _1mj\" data-offset-key=\"2beg-0-0\"><span data-offset-key=\"2beg-0-0\">\u00a0<\/span><\/div>\n<\/div>\n<div class=\"\" data-block=\"true\" data-editor=\"clotm\" data-offset-key=\"7hdh2-0-0\">\n<div class=\"_1mf _1mj\" data-offset-key=\"7hdh2-0-0\"><a href=\"https:\/\/www.juntadeandalucia.es\/educacion\/secretariavirtual\/consultaCEP\/actividad\/269919KPF430A\"><span data-offset-key=\"7hdh2-0-0\">https:\/\/www.juntadeandalucia.es\/educacion\/secretariavirtual\/consultaCEP\/actividad\/269919KPF430A<\/span><\/a><\/div>\n<\/div>\n<div data-offset-key=\"7hdh2-0-0\"><\/div>\n<div data-offset-key=\"7hdh2-0-0\"><img data-recalc-dims=\"1\" loading=\"lazy\" decoding=\"async\" class=\"aligncenter size-full wp-image-8983\" src=\"https:\/\/i0.wp.com\/cepronda.com\/blog\/wp-content\/uploads\/2025\/10\/image.png?resize=800%2C200&#038;ssl=1\" alt=\"\" width=\"800\" height=\"200\" srcset=\"https:\/\/i0.wp.com\/cepronda.com\/blog\/wp-content\/uploads\/2025\/10\/image.png?w=800&amp;ssl=1 800w, https:\/\/i0.wp.com\/cepronda.com\/blog\/wp-content\/uploads\/2025\/10\/image.png?resize=300%2C75&amp;ssl=1 300w, https:\/\/i0.wp.com\/cepronda.com\/blog\/wp-content\/uploads\/2025\/10\/image.png?resize=768%2C192&amp;ssl=1 768w\" sizes=\"auto, (max-width: 800px) 100vw, 800px\" \/><\/div>\n","protected":false},"excerpt":{"rendered":"<p>Estimado\/a docente: \u00a0 Hasta el pr\u00f3ximo 7 de noviembre de 2025 se encuentra abierto el plazo de inscripci\u00f3n para la actividad formativa de \u00e1mbito regional: \u00abHISTORIA DE NUESTROS S\u00cdMBOLOS: CONMEMORACI\u00d3N DEL D\u00cdA DE LA BANDERA DE ANDALUC\u00cdA\u00ab, con c\u00f3digo 269919KPF430A. Se trata de un curso a distancia que se realizar\u00e1 a trav\u00e9s del Aula Virtual [&hellip;]<\/p>\n","protected":false},"author":9,"featured_media":8983,"comment_status":"closed","ping_status":"open","sticky":false,"template":"","format":"standard","meta":{"_crdt_document":"","advanced_seo_description":"","jetpack_seo_html_title":"","jetpack_seo_noindex":false,"jetpack_post_was_ever_published":false,"_jetpack_newsletter_access":"","_jetpack_dont_email_post_to_subs":false,"_jetpack_newsletter_tier_id":0,"_jetpack_memberships_contains_paywalled_content":false,"_jetpack_memberships_contains_paid_content":false,"footnotes":"","jetpack_publicize_message":"","jetpack_publicize_feature_enabled":true,"jetpack_social_post_already_shared":true,"jetpack_social_options":{"image_generator_settings":{"template":"highway","default_image_id":0,"font":"","enabled":false},"version":2}},"categories":[3],"tags":[437],"class_list":{"0":"post-8992","1":"post","2":"type-post","3":"status-publish","4":"format-standard","5":"has-post-thumbnail","7":"category-formaciones","8":"tag-dia-de-andalucia","9":"czr-hentry"},"jetpack_publicize_connections":[],"jetpack_featured_media_url":"https:\/\/i0.wp.com\/cepronda.com\/blog\/wp-content\/uploads\/2025\/10\/image.png?fit=800%2C200&ssl=1","jetpack_shortlink":"https:\/\/wp.me\/p8M4X7-2l2","jetpack-related-posts":[{"id":7223,"url":"https:\/\/cepronda.com\/blog\/historia-de-nuestros-simbolos-conmemoracion-del-dia-de-la-bandera-de-andalucia-249919kpf430\/","url_meta":{"origin":8992,"position":0},"title":"HISTORIA DE NUESTROS S\u00cdMBOLOS: CONMEMORACI\u00d3N DEL D\u00cdA DE LA BANDERA DE ANDALUC\u00cdA (249919KPF430)","author":"Inmaculada Garc\u00eda","date":"23 noviembre, 2023","format":false,"excerpt":"Estimado\/a docente: Hasta el pr\u00f3ximo 26 de noviembre de 2023\u00a0se encuentra abierto el plazo de inscripci\u00f3n para la actividad formativa de \u00e1mbito regional\u00a0HISTORIA DE NUESTROS S\u00cdMBOLOS: CONMEMORACI\u00d3N DEL D\u00cdA DE LA BANDERA DE ANDALUC\u00cdA.\u00a0Se trata de un curso a distancia que se realizar\u00e1 a trav\u00e9s del\u00a0Aula Virtual de Formaci\u00f3n del\u2026","rel":"","context":"En \u00abFormaciones\u00bb","block_context":{"text":"Formaciones","link":"https:\/\/cepronda.com\/blog\/category\/formaciones\/"},"img":{"alt_text":"","src":"https:\/\/i0.wp.com\/cepronda.com\/blog\/wp-content\/uploads\/2023\/11\/Post-de-Instagram-Senderismo-Ilustrativo-Verde.png?fit=1200%2C1200&ssl=1&resize=350%2C200","width":350,"height":200,"srcset":"https:\/\/i0.wp.com\/cepronda.com\/blog\/wp-content\/uploads\/2023\/11\/Post-de-Instagram-Senderismo-Ilustrativo-Verde.png?fit=1200%2C1200&ssl=1&resize=350%2C200 1x, https:\/\/i0.wp.com\/cepronda.com\/blog\/wp-content\/uploads\/2023\/11\/Post-de-Instagram-Senderismo-Ilustrativo-Verde.png?fit=1200%2C1200&ssl=1&resize=525%2C300 1.5x, https:\/\/i0.wp.com\/cepronda.com\/blog\/wp-content\/uploads\/2023\/11\/Post-de-Instagram-Senderismo-Ilustrativo-Verde.png?fit=1200%2C1200&ssl=1&resize=700%2C400 2x, https:\/\/i0.wp.com\/cepronda.com\/blog\/wp-content\/uploads\/2023\/11\/Post-de-Instagram-Senderismo-Ilustrativo-Verde.png?fit=1200%2C1200&ssl=1&resize=1050%2C600 3x"},"classes":[]},{"id":5307,"url":"https:\/\/cepronda.com\/blog\/la-realidad-de-los-centros-publicos-rurales-revista-andalucia-educativa\/","url_meta":{"origin":8992,"position":1},"title":"LA REALIDAD DE LOS CENTROS P\u00daBLICOS RURALES. REVISTA ANDALUC\u00cdA EDUCATIVA.","author":"Inmaculada Garc\u00eda","date":"12 mayo, 2022","format":false,"excerpt":"Estimados compa\u00f1eros y compa\u00f1eras, el pasado 26 de abril la revista Andaluc\u00eda Educativa public\u00f3 un art\u00edculo en el que contamos las necesidades detectadas en los CPRs de nuestra zona desde el CEP de Ronda y su asesor\u00eda de referencia, as\u00ed como las diferentes acciones que llevamos a cabo en esta\u2026","rel":"","context":"En \u00abNoticias\u00bb","block_context":{"text":"Noticias","link":"https:\/\/cepronda.com\/blog\/category\/noticias\/"},"img":{"alt_text":"","src":"https:\/\/i0.wp.com\/cepronda.com\/blog\/wp-content\/uploads\/2022\/05\/Captura-de-pantalla-104.png?fit=608%2C596&ssl=1&resize=350%2C200","width":350,"height":200,"srcset":"https:\/\/i0.wp.com\/cepronda.com\/blog\/wp-content\/uploads\/2022\/05\/Captura-de-pantalla-104.png?fit=608%2C596&ssl=1&resize=350%2C200 1x, https:\/\/i0.wp.com\/cepronda.com\/blog\/wp-content\/uploads\/2022\/05\/Captura-de-pantalla-104.png?fit=608%2C596&ssl=1&resize=525%2C300 1.5x"},"classes":[]},{"id":643,"url":"https:\/\/cepronda.com\/blog\/campana-con-motivo-del-dia-de-andalucia-la-historia-tambien-la-escriben-ellas\/","url_meta":{"origin":8992,"position":2},"title":"Campa\u00f1a con motivo del D\u00eda de Andaluc\u00eda: La Historia tambi\u00e9n la escriben ELLAS","author":"V\u00edctor Caballero","date":"2 febrero, 2017","format":false,"excerpt":"\u00a1Muy buenas! \u00a0 Buceando por internet y buscando aspectos relativos al Plan de Igualdad de Centro, me he encontrado con esta Campa\u00f1a y me ha resultado muy interesante y por eso quiero compartirlo con todas y todos vosotros. Adem\u00e1s de materiales tambi\u00e9n tiene una serie de v\u00eddeos muy chulos. Os\u2026","rel":"","context":"En \u00abNoticias\u00bb","block_context":{"text":"Noticias","link":"https:\/\/cepronda.com\/blog\/category\/noticias\/"},"img":{"alt_text":"","src":"","width":0,"height":0},"classes":[]},{"id":2788,"url":"https:\/\/cepronda.com\/blog\/campeonato-de-andalucia-de-orientacion-por-centros-escolares\/","url_meta":{"origin":8992,"position":3},"title":"Campeonato de Andaluc\u00eda de Orientaci\u00f3n por centros escolares","author":"V\u00edctor Caballero","date":"7 mayo, 2019","format":false,"excerpt":"Hola de nuevo, compartimos las noticias que nos llegan desde el Departamento de Educaci\u00f3n F\u00edsica del IES Mart\u00edn Rivero. Desde el CEP queremos dar la enhorabuena tanto al profesorado como al alumnado implicado, sabemos que est\u00e1is realizando un gran trabajo. Desde el departamento de Educaci\u00f3n F\u00edsica nos gustar\u00eda compartir con\u2026","rel":"","context":"En \u00abNoticias\u00bb","block_context":{"text":"Noticias","link":"https:\/\/cepronda.com\/blog\/category\/noticias\/"},"img":{"alt_text":"","src":"https:\/\/i0.wp.com\/cepronda.com\/blog\/wp-content\/uploads\/2019\/05\/compass-3072065_1920.jpg?fit=1200%2C801&ssl=1&resize=350%2C200","width":350,"height":200,"srcset":"https:\/\/i0.wp.com\/cepronda.com\/blog\/wp-content\/uploads\/2019\/05\/compass-3072065_1920.jpg?fit=1200%2C801&ssl=1&resize=350%2C200 1x, https:\/\/i0.wp.com\/cepronda.com\/blog\/wp-content\/uploads\/2019\/05\/compass-3072065_1920.jpg?fit=1200%2C801&ssl=1&resize=525%2C300 1.5x, https:\/\/i0.wp.com\/cepronda.com\/blog\/wp-content\/uploads\/2019\/05\/compass-3072065_1920.jpg?fit=1200%2C801&ssl=1&resize=700%2C400 2x, https:\/\/i0.wp.com\/cepronda.com\/blog\/wp-content\/uploads\/2019\/05\/compass-3072065_1920.jpg?fit=1200%2C801&ssl=1&resize=1050%2C600 3x"},"classes":[]},{"id":3101,"url":"https:\/\/cepronda.com\/blog\/concurso-escolar-andalucia-en-un-mapa\/","url_meta":{"origin":8992,"position":4},"title":"Concurso escolar \u00abAndaluc\u00eda en un mapa\u00bb","author":"V\u00edctor Caballero","date":"17 octubre, 2019","format":false,"excerpt":"El objeto de este concurso es promover la utilizaci\u00f3n de la cartograf\u00eda y la estad\u00edstica entre la comunidad escolar como herramientas did\u00e1cticas y de representaci\u00f3n creativa del territorio andaluz, con el fin \u00faltimo de aproximar a las personas participantes en el concurso a la importancia que la representaci\u00f3n cartogr\u00e1fica y\u2026","rel":"","context":"En \u00abNoticias\u00bb","block_context":{"text":"Noticias","link":"https:\/\/cepronda.com\/blog\/category\/noticias\/"},"img":{"alt_text":"","src":"","width":0,"height":0},"classes":[]},{"id":4793,"url":"https:\/\/cepronda.com\/blog\/iii-torneo-de-debate-educativo-de-andalucia\/","url_meta":{"origin":8992,"position":5},"title":"III TORNEO DE DEBATE EDUCATIVO DE ANDALUC\u00cdA","author":"Maribel Mu\u00f1oz","date":"21 octubre, 2021","format":false,"excerpt":"Buenos d\u00edas compa\u00f1eras y compa\u00f1eros, Os informamos que se ha publicado la\u00a0 convocatoria del\u00a0 III Torneo de Debate Educativo de Andaluc\u00eda. El plazo\u00a0de inscripci\u00f3n est\u00e1 abierto hasta el 29 de octubre inclusive. Para poder participar en este III Torneo de Debate Educativo, los centros docentes de Andaluc\u00eda que imparten Ense\u00f1anza\u2026","rel":"","context":"En \u00abFormaciones\u00bb","block_context":{"text":"Formaciones","link":"https:\/\/cepronda.com\/blog\/category\/formaciones\/"},"img":{"alt_text":"","src":"https:\/\/i0.wp.com\/cepronda.com\/blog\/wp-content\/uploads\/2020\/03\/S%C2%B0mbolo-gen%C3%87rico-RRSS-redondo-negativo.png?fit=1200%2C1200&ssl=1&resize=350%2C200","width":350,"height":200,"srcset":"https:\/\/i0.wp.com\/cepronda.com\/blog\/wp-content\/uploads\/2020\/03\/S%C2%B0mbolo-gen%C3%87rico-RRSS-redondo-negativo.png?fit=1200%2C1200&ssl=1&resize=350%2C200 1x, https:\/\/i0.wp.com\/cepronda.com\/blog\/wp-content\/uploads\/2020\/03\/S%C2%B0mbolo-gen%C3%87rico-RRSS-redondo-negativo.png?fit=1200%2C1200&ssl=1&resize=525%2C300 1.5x, https:\/\/i0.wp.com\/cepronda.com\/blog\/wp-content\/uploads\/2020\/03\/S%C2%B0mbolo-gen%C3%87rico-RRSS-redondo-negativo.png?fit=1200%2C1200&ssl=1&resize=700%2C400 2x, https:\/\/i0.wp.com\/cepronda.com\/blog\/wp-content\/uploads\/2020\/03\/S%C2%B0mbolo-gen%C3%87rico-RRSS-redondo-negativo.png?fit=1200%2C1200&ssl=1&resize=1050%2C600 3x"},"classes":[]}],"jetpack_sharing_enabled":true,"_links":{"self":[{"href":"https:\/\/cepronda.com\/blog\/wp-json\/wp\/v2\/posts\/8992","targetHints":{"allow":["GET"]}}],"collection":[{"href":"https:\/\/cepronda.com\/blog\/wp-json\/wp\/v2\/posts"}],"about":[{"href":"https:\/\/cepronda.com\/blog\/wp-json\/wp\/v2\/types\/post"}],"author":[{"embeddable":true,"href":"https:\/\/cepronda.com\/blog\/wp-json\/wp\/v2\/users\/9"}],"replies":[{"embeddable":true,"href":"https:\/\/cepronda.com\/blog\/wp-json\/wp\/v2\/comments?post=8992"}],"version-history":[{"count":1,"href":"https:\/\/cepronda.com\/blog\/wp-json\/wp\/v2\/posts\/8992\/revisions"}],"predecessor-version":[{"id":8993,"href":"https:\/\/cepronda.com\/blog\/wp-json\/wp\/v2\/posts\/8992\/revisions\/8993"}],"wp:featuredmedia":[{"embeddable":true,"href":"https:\/\/cepronda.com\/blog\/wp-json\/wp\/v2\/media\/8983"}],"wp:attachment":[{"href":"https:\/\/cepronda.com\/blog\/wp-json\/wp\/v2\/media?parent=8992"}],"wp:term":[{"taxonomy":"category","embeddable":true,"href":"https:\/\/cepronda.com\/blog\/wp-json\/wp\/v2\/categories?post=8992"},{"taxonomy":"post_tag","embeddable":true,"href":"https:\/\/cepronda.com\/blog\/wp-json\/wp\/v2\/tags?post=8992"}],"curies":[{"name":"wp","href":"https:\/\/api.w.org\/{rel}","templated":true}]}}