{"id":8981,"date":"2025-10-29T11:05:02","date_gmt":"2025-10-29T10:05:02","guid":{"rendered":"https:\/\/cepronda.com\/blog\/?p=8981"},"modified":"2025-10-29T11:10:32","modified_gmt":"2025-10-29T10:10:32","slug":"nociones-basicas-sobre-la-observacion-entrepares-para-tutores-de-funcionarios-en-practicas-de-resoluciones-2025-y-2021-codigo-269925pf003","status":"publish","type":"post","link":"https:\/\/cepronda.com\/blog\/nociones-basicas-sobre-la-observacion-entrepares-para-tutores-de-funcionarios-en-practicas-de-resoluciones-2025-y-2021-codigo-269925pf003\/","title":{"rendered":"NOCIONES B\u00c1SICAS SOBRE LA OBSERVACI\u00d3N ENTREPARES (PARA TUTORES DE FUNCIONARIOS EN PR\u00c1CTICAS DE RESOLUCIONES 2025 Y 2021)."},"content":{"rendered":"<div class=\"\" data-block=\"true\" data-editor=\"9nk5n\" data-offset-key=\"bhtb0-0-0\">\n<div class=\"_1mf _1mj\" data-offset-key=\"bhtb0-0-0\"><span data-offset-key=\"bhtb0-0-0\">Informamos que se encuentra abierta la inscripci\u00f3n para el curso a distancia provincial,organizado por el CEP de Antequera:<\/span><\/div>\n<\/div>\n<div class=\"\" data-block=\"true\" data-editor=\"9nk5n\" data-offset-key=\"6kidi-0-0\">\n<div class=\"_1mf _1mj\" data-offset-key=\"6kidi-0-0\"><span data-offset-key=\"6kidi-0-0\">\u00a0<\/span><\/div>\n<\/div>\n<div class=\"\" data-block=\"true\" data-editor=\"9nk5n\" data-offset-key=\"ecu81-0-0\">\n<div class=\"_1mf _1mj\" data-offset-key=\"ecu81-0-0\"><span data-offset-key=\"ecu81-0-0\">Inscripciones: desde el 27\/10\/2025 hasta 13\/11\/2025<\/span><\/div>\n<\/div>\n<div class=\"\" data-block=\"true\" data-editor=\"9nk5n\" data-offset-key=\"7fhhv-0-0\">\n<div class=\"_1mf _1mj\" data-offset-key=\"7fhhv-0-0\"><span data-offset-key=\"7fhhv-0-0\">Fecha de realizaci\u00f3n: 19\/11\/2025<\/span><\/div>\n<\/div>\n<div class=\"\" data-block=\"true\" data-editor=\"9nk5n\" data-offset-key=\"1fq87-0-0\">\n<div class=\"_1mf _1mj\" data-offset-key=\"1fq87-0-0\"><span data-offset-key=\"1fq87-0-0\">Lugar de realizaci\u00f3n: Aula Virtual de Formaci\u00f3n del Profesorado<\/span><\/div>\n<\/div>\n<div class=\"\" data-block=\"true\" data-editor=\"9nk5n\" data-offset-key=\"df0an-0-0\">\n<div class=\"_1mf _1mj\" data-offset-key=\"df0an-0-0\"><span data-offset-key=\"df0an-0-0\">\u00a0<\/span><\/div>\n<\/div>\n<div class=\"\" data-block=\"true\" data-editor=\"9nk5n\" data-offset-key=\"3i284-0-0\">\n<div class=\"_1mf _1mj\" data-offset-key=\"3i284-0-0\"><span data-offset-key=\"3i284-0-0\">Detalle e inscripci\u00f3n: <a href=\"https:\/\/www.juntadeandalucia.es\/educacion\/secretariavirtual\/consultaCEP\/actividad\/269925PF003\/\">https:\/\/www.juntadeandalucia.es\/educacion\/secretariavirtual\/consultaCEP\/actividad\/269925PF003\/<\/a><\/span><\/div>\n<\/div>\n<div data-offset-key=\"3i284-0-0\"><span data-offset-key=\"bhtb0-0-0\"><a href=\"https:\/\/secretariavirtual.juntadeandalucia.es\/secretariavirtual\/consultaCEP\/actividad\/269925PF003\/\"><img data-recalc-dims=\"1\" loading=\"lazy\" decoding=\"async\" class=\"aligncenter wp-image-8982\" src=\"https:\/\/i0.wp.com\/cepronda.com\/blog\/wp-content\/uploads\/2025\/10\/Nociones-basicas.png?resize=500%2C707&#038;ssl=1\" alt=\"\" width=\"500\" height=\"707\" srcset=\"https:\/\/i0.wp.com\/cepronda.com\/blog\/wp-content\/uploads\/2025\/10\/Nociones-basicas.png?resize=724%2C1024&amp;ssl=1 724w, https:\/\/i0.wp.com\/cepronda.com\/blog\/wp-content\/uploads\/2025\/10\/Nociones-basicas.png?resize=212%2C300&amp;ssl=1 212w, https:\/\/i0.wp.com\/cepronda.com\/blog\/wp-content\/uploads\/2025\/10\/Nociones-basicas.png?resize=768%2C1086&amp;ssl=1 768w, https:\/\/i0.wp.com\/cepronda.com\/blog\/wp-content\/uploads\/2025\/10\/Nociones-basicas.png?resize=1086%2C1536&amp;ssl=1 1086w, https:\/\/i0.wp.com\/cepronda.com\/blog\/wp-content\/uploads\/2025\/10\/Nociones-basicas.png?w=1414&amp;ssl=1 1414w\" sizes=\"auto, (max-width: 500px) 100vw, 500px\" \/><\/a><\/span><\/div>\n","protected":false},"excerpt":{"rendered":"<p>Informamos que se encuentra abierta la inscripci\u00f3n para el curso a distancia provincial,organizado por el CEP de Antequera: \u00a0 Inscripciones: desde el 27\/10\/2025 hasta 13\/11\/2025 Fecha de realizaci\u00f3n: 19\/11\/2025 Lugar de realizaci\u00f3n: Aula Virtual de Formaci\u00f3n del Profesorado \u00a0 Detalle e inscripci\u00f3n: https:\/\/www.juntadeandalucia.es\/educacion\/secretariavirtual\/consultaCEP\/actividad\/269925PF003\/<\/p>\n","protected":false},"author":9,"featured_media":8982,"comment_status":"closed","ping_status":"open","sticky":false,"template":"","format":"standard","meta":{"_crdt_document":"","advanced_seo_description":"","jetpack_seo_html_title":"","jetpack_seo_noindex":false,"jetpack_post_was_ever_published":false,"_jetpack_newsletter_access":"","_jetpack_dont_email_post_to_subs":false,"_jetpack_newsletter_tier_id":0,"_jetpack_memberships_contains_paywalled_content":false,"_jetpack_memberships_contains_paid_content":false,"footnotes":"","jetpack_publicize_message":"","jetpack_publicize_feature_enabled":true,"jetpack_social_post_already_shared":true,"jetpack_social_options":{"image_generator_settings":{"template":"highway","default_image_id":0,"font":"","enabled":false},"version":2}},"categories":[3],"tags":[436],"class_list":{"0":"post-8981","1":"post","2":"type-post","3":"status-publish","4":"format-standard","5":"has-post-thumbnail","7":"category-formaciones","8":"tag-funcionariado-en-practicas","9":"czr-hentry"},"jetpack_publicize_connections":[],"jetpack_featured_media_url":"https:\/\/i0.wp.com\/cepronda.com\/blog\/wp-content\/uploads\/2025\/10\/Nociones-basicas.png?fit=1414%2C2000&ssl=1","jetpack_shortlink":"https:\/\/wp.me\/p8M4X7-2kR","jetpack-related-posts":[{"id":8800,"url":"https:\/\/cepronda.com\/blog\/x-congreso-internacional-de-buenas-practicas-con-tic\/","url_meta":{"origin":8981,"position":0},"title":"X CONGRESO INTERNACIONAL DE BUENAS PR\u00c1CTICAS CON TIC","author":"Mamen Moreno","date":"18 septiembre, 2025","format":false,"excerpt":"Abierto el plazo de inscripci\u00f3n para el congreso \"X CONGRESO INTERNACIONAL DE BUENAS PR\u00c1CTICAS CON TIC\" \u27a1\ufe0f Dirigido a: Internivelar \u270f\ufe0f Inscripci\u00f3n: desde 17\/09\/2025 a 08\/10\/2025 Actividad: 22\/10\/2025 y 23\/10\/2025 \u231bDuraci\u00f3n: 8 horas Lugar: Sede UNIA Puerto de M\u00e1laga (de 16:30 a 20:30 horas) M\u00e1s informaci\u00f3n en: https:\/\/www.juntadeandalucia.es\/educacion\/secretariavirtual\/consultaCEP\/actividad\/262922GE056\/","rel":"","context":"En \u00abFormaciones\u00bb","block_context":{"text":"Formaciones","link":"https:\/\/cepronda.com\/blog\/category\/formaciones\/"},"img":{"alt_text":"","src":"https:\/\/i0.wp.com\/cepronda.com\/blog\/wp-content\/uploads\/2025\/09\/WhatsApp-Image-2025-09-17-at-22.19.47-215x300.jpeg?resize=350%2C200&ssl=1","width":350,"height":200},"classes":[]},{"id":8895,"url":"https:\/\/cepronda.com\/blog\/competencia-digital-docente-nivel-a1-funcionarios-en-practicas-voluntario-269903kpf420\/","url_meta":{"origin":8981,"position":1},"title":"COMPETENCIA DIGITAL DOCENTE NIVEL A1 (FUNCIONARIOS EN PR\u00c1CTICAS: VOLUNTARIO).","author":"Inmaculada Garc\u00eda","date":"9 octubre, 2025","format":false,"excerpt":"Abierto el plazo de inscripci\u00f3n para la actividad formativa, a distancia, regional \"COMPETENCIA DIGITAL DOCENTE NIVEL A1 (FUNCIONARIOS EN PR\u00c1CTICAS: VOLUNTARIO)\", con c\u00f3digo 269903KPF420. Con un desempe\u00f1o de 40 horas, se desarrollar\u00e1 en el Aula Virtual de Formaci\u00f3n del Profesorado. \u00a0 Fecha inscripci\u00f3n: 07\/10\/2025 hasta 17\/10\/2025 Fecha actividad: 24\/10\/2025 hasta\u2026","rel":"","context":"En \u00abFormaciones\u00bb","block_context":{"text":"Formaciones","link":"https:\/\/cepronda.com\/blog\/category\/formaciones\/"},"img":{"alt_text":"","src":"https:\/\/i0.wp.com\/cepronda.com\/blog\/wp-content\/uploads\/2025\/10\/A1-Cuevas-Olula.jpg?fit=960%2C540&ssl=1&resize=350%2C200","width":350,"height":200,"srcset":"https:\/\/i0.wp.com\/cepronda.com\/blog\/wp-content\/uploads\/2025\/10\/A1-Cuevas-Olula.jpg?fit=960%2C540&ssl=1&resize=350%2C200 1x, https:\/\/i0.wp.com\/cepronda.com\/blog\/wp-content\/uploads\/2025\/10\/A1-Cuevas-Olula.jpg?fit=960%2C540&ssl=1&resize=525%2C300 1.5x, https:\/\/i0.wp.com\/cepronda.com\/blog\/wp-content\/uploads\/2025\/10\/A1-Cuevas-Olula.jpg?fit=960%2C540&ssl=1&resize=700%2C400 2x"},"classes":[]},{"id":125,"url":"https:\/\/cepronda.com\/blog\/inscripcion-vii-concurso-buenas-practicas-educativas\/","url_meta":{"origin":8981,"position":2},"title":"Inscripci\u00f3n VII Concurso Buenas Pr\u00e1cticas Educativas","author":"V\u00edctor Caballero","date":"22 septiembre, 2016","format":false,"excerpt":"Queremos compartir con todo el profesorado este concurso de Buenas Pr\u00e1cticas Educativas. La Asociaci\u00f3n Mejora tu Escuela P\u00fablica convoca la s\u00e9ptima edici\u00f3n de su concurso de Buenas Pr\u00e1cticas Educativas, en el que podr\u00e1n participar las experiencias educativas llevadas a cabo durante el curso 2015\/2016 en centros p\u00fablicos del Estado Espa\u00f1ol.\u2026","rel":"","context":"En \u00abNoticias\u00bb","block_context":{"text":"Noticias","link":"https:\/\/cepronda.com\/blog\/category\/noticias\/"},"img":{"alt_text":"logomep","src":"https:\/\/i0.wp.com\/cepronda.com\/blog\/wp-content\/uploads\/2016\/09\/logoMEP.png?resize=350%2C200","width":350,"height":200},"classes":[]},{"id":2302,"url":"https:\/\/cepronda.com\/blog\/concurso-nacional-de-buenas-practicas\/","url_meta":{"origin":8981,"position":3},"title":"Concurso nacional de Buenas Pr\u00e1cticas","author":"V\u00edctor Caballero","date":"11 septiembre, 2018","format":false,"excerpt":"\u00bfQu\u00e9 tal? Para todos aquellos centros que est\u00e9is interesados en presentar alguna de vuestra buena pr\u00e1ctica sabed que desde el Ministerio de Educaci\u00f3n han convocado un concurso nacional. Os dejamos con el enlace al extracto de las instrucciones, para que as\u00ed lo pod\u00e1is consultar. El plazo es hasta el 30\u2026","rel":"","context":"En \u00abFormaciones\u00bb","block_context":{"text":"Formaciones","link":"https:\/\/cepronda.com\/blog\/category\/formaciones\/"},"img":{"alt_text":"","src":"https:\/\/i0.wp.com\/cepronda.com\/blog\/wp-content\/uploads\/2018\/09\/escudo-mefp-mcd.gif?resize=350%2C200","width":350,"height":200},"classes":[]},{"id":8395,"url":"https:\/\/cepronda.com\/blog\/acompanamiento-educativo-en-situacion-de-duelo-con-codigo-259928ci547\/","url_meta":{"origin":8981,"position":4},"title":"ACOMPA\u00d1AMIENTO EDUCATIVO EN SITUACI\u00d3N DE DUELO, con c\u00f3digo: 259928CI547.","author":"Inmaculada Garc\u00eda","date":"21 marzo, 2025","format":false,"excerpt":"Se convoca el curso de \u00e1mbito regional: ACOMPA\u00d1AMIENTO EDUCATIVO EN SITUACI\u00d3N DE DUELO, con c\u00f3digo: 259928CI547. Dicho curso se desarrollar\u00e1 en la modalidad a distancia, con 30 horas de duraci\u00f3n y 120 plazas disponibles en convocatoria abierta a los docentes interesados de cualquier nivel educativo. PLAZO DE INSCRIPCI\u00d3N: Desde el\u2026","rel":"","context":"En \u00abFormaciones\u00bb","block_context":{"text":"Formaciones","link":"https:\/\/cepronda.com\/blog\/category\/formaciones\/"},"img":{"alt_text":"","src":"","width":0,"height":0},"classes":[]},{"id":3355,"url":"https:\/\/cepronda.com\/blog\/abierto-el-plazo-de-inscripcion-i-congreso-de-buenas-practicas-en-educacion-infantil\/","url_meta":{"origin":8981,"position":5},"title":"Abierto el plazo de inscripci\u00f3n I Congreso de Buenas Pr\u00e1cticas en Educaci\u00f3n Infantil","author":"V\u00edctor Caballero","date":"21 enero, 2020","format":false,"excerpt":"Muy buenas familia de Infantil, Hoy se abre el plazo de inscripci\u00f3n en el I Congreso de Buenas Pr\u00e1cticas de Educaci\u00f3n Infantil desde el CEP de M\u00e1laga en colaboraci\u00f3n con la UMA, se est\u00e1 organizando el\u00a0I Congreso de Buenas pr\u00e1cticas en Educaci\u00f3n Infantil,\u00a0que tendr\u00e1 lugar los pr\u00f3ximos\u00a023, 24 y 25\u2026","rel":"","context":"En \u00abNoticias\u00bb","block_context":{"text":"Noticias","link":"https:\/\/cepronda.com\/blog\/category\/noticias\/"},"img":{"alt_text":"","src":"https:\/\/i0.wp.com\/cepronda.com\/blog\/wp-content\/uploads\/2020\/01\/cropped-logo_HUM205-1.jpg?resize=350%2C200","width":350,"height":200},"classes":[]}],"jetpack_sharing_enabled":true,"_links":{"self":[{"href":"https:\/\/cepronda.com\/blog\/wp-json\/wp\/v2\/posts\/8981","targetHints":{"allow":["GET"]}}],"collection":[{"href":"https:\/\/cepronda.com\/blog\/wp-json\/wp\/v2\/posts"}],"about":[{"href":"https:\/\/cepronda.com\/blog\/wp-json\/wp\/v2\/types\/post"}],"author":[{"embeddable":true,"href":"https:\/\/cepronda.com\/blog\/wp-json\/wp\/v2\/users\/9"}],"replies":[{"embeddable":true,"href":"https:\/\/cepronda.com\/blog\/wp-json\/wp\/v2\/comments?post=8981"}],"version-history":[{"count":2,"href":"https:\/\/cepronda.com\/blog\/wp-json\/wp\/v2\/posts\/8981\/revisions"}],"predecessor-version":[{"id":8985,"href":"https:\/\/cepronda.com\/blog\/wp-json\/wp\/v2\/posts\/8981\/revisions\/8985"}],"wp:featuredmedia":[{"embeddable":true,"href":"https:\/\/cepronda.com\/blog\/wp-json\/wp\/v2\/media\/8982"}],"wp:attachment":[{"href":"https:\/\/cepronda.com\/blog\/wp-json\/wp\/v2\/media?parent=8981"}],"wp:term":[{"taxonomy":"category","embeddable":true,"href":"https:\/\/cepronda.com\/blog\/wp-json\/wp\/v2\/categories?post=8981"},{"taxonomy":"post_tag","embeddable":true,"href":"https:\/\/cepronda.com\/blog\/wp-json\/wp\/v2\/tags?post=8981"}],"curies":[{"name":"wp","href":"https:\/\/api.w.org\/{rel}","templated":true}]}}