{"id":8965,"date":"2025-10-22T11:14:23","date_gmt":"2025-10-22T09:14:23","guid":{"rendered":"https:\/\/cepronda.com\/blog\/?p=8965"},"modified":"2025-10-24T11:19:43","modified_gmt":"2025-10-24T09:19:43","slug":"gestion-administrativa-y-economica-de-proyectos-erasmus-2","status":"publish","type":"post","link":"https:\/\/cepronda.com\/blog\/gestion-administrativa-y-economica-de-proyectos-erasmus-2\/","title":{"rendered":"GESTI\u00d3N ADMINISTRATIVA Y ECON\u00d3MICA DE PROYECTOS ERASMUS+"},"content":{"rendered":"<div dir=\"auto\">\n<p>Se encuentra abierto el plazo de inscripci\u00f3n en el curso provincial, \u00abGESTI\u00d3N ADMINISTRATIVA Y ECON\u00d3MICA DE PROYECTOS ERASMUS+\u00bb, con c\u00f3digo: 269924KPI461.<\/p>\n<p><strong>Inscripciones:<\/strong> del 22\u00a0 de octubre al 30\u00a0 de octubre.<\/p>\n<p><strong>Publicaci\u00f3n del listado de admisi\u00f3n provisional:\u00a0<\/strong>31 de octubre de 2025 a las 10:00 horas.<\/p>\n<p><strong>Publicaci\u00f3n del listado de admisi\u00f3n definitiva: <\/strong>4 de noviembre de 2025 a las 10:00 horas.<\/p>\n<p><strong>Inicio del curso:\u00a0<\/strong>6 de noviembre a las 12:00 horas.<\/p>\n<p><strong>Fin del curso de formaci\u00f3n: <\/strong>19 de diciembre de 2025.<\/p>\n<p><strong>Lugar<\/strong>: AVPF (online + videoconferencias)<\/p>\n<p><strong>Videoconferencias<\/strong>: 10 y 17 de noviembre (17:00-20:00)<\/p>\n<p>\ufe0f<strong>Total curso<\/strong>: 30 horas<\/p>\n<p><strong>M\u00e1s informaci\u00f3n e inscripci\u00f3n:<\/strong><br \/>\n<a href=\"https:\/\/www.juntadeandalucia.es\/educacion\/secretariavirtual\/consultaCEP\/actividad\/269924KPI461\/\">https:\/\/www.juntadeandalucia.es\/educacion\/secretariavirtual\/consultaCEP\/actividad\/269924KPI461\/<\/a><\/p>\n<\/div>\n<div dir=\"auto\" style=\"text-align: center;\"><img data-recalc-dims=\"1\" loading=\"lazy\" decoding=\"async\" class=\"alignnone size-medium wp-image-8969\" src=\"https:\/\/i0.wp.com\/cepronda.com\/blog\/wp-content\/uploads\/2025\/10\/WhatsApp-Image-2025-10-23-at-10.24.03-1.jpeg?resize=240%2C300&#038;ssl=1\" alt=\"\" width=\"240\" height=\"300\" srcset=\"https:\/\/i0.wp.com\/cepronda.com\/blog\/wp-content\/uploads\/2025\/10\/WhatsApp-Image-2025-10-23-at-10.24.03-1.jpeg?resize=240%2C300&amp;ssl=1 240w, https:\/\/i0.wp.com\/cepronda.com\/blog\/wp-content\/uploads\/2025\/10\/WhatsApp-Image-2025-10-23-at-10.24.03-1.jpeg?resize=819%2C1024&amp;ssl=1 819w, https:\/\/i0.wp.com\/cepronda.com\/blog\/wp-content\/uploads\/2025\/10\/WhatsApp-Image-2025-10-23-at-10.24.03-1.jpeg?resize=768%2C960&amp;ssl=1 768w, https:\/\/i0.wp.com\/cepronda.com\/blog\/wp-content\/uploads\/2025\/10\/WhatsApp-Image-2025-10-23-at-10.24.03-1.jpeg?w=1080&amp;ssl=1 1080w\" sizes=\"auto, (max-width: 240px) 100vw, 240px\" \/><\/div>\n<div dir=\"auto\"><\/div>\n<div dir=\"auto\"><\/div>\n","protected":false},"excerpt":{"rendered":"<p>Se encuentra abierto el plazo de inscripci\u00f3n en el curso provincial, \u00abGESTI\u00d3N ADMINISTRATIVA Y ECON\u00d3MICA DE PROYECTOS ERASMUS+\u00bb, con c\u00f3digo: 269924KPI461. Inscripciones: del 22\u00a0 de octubre al 30\u00a0 de octubre. Publicaci\u00f3n del listado de admisi\u00f3n provisional:\u00a031 de octubre de 2025 a las 10:00 horas. Publicaci\u00f3n del listado de admisi\u00f3n definitiva: 4 de noviembre de 2025 [&hellip;]<\/p>\n","protected":false},"author":10,"featured_media":8967,"comment_status":"closed","ping_status":"open","sticky":false,"template":"","format":"standard","meta":{"_crdt_document":"","advanced_seo_description":"","jetpack_seo_html_title":"","jetpack_seo_noindex":false,"jetpack_post_was_ever_published":false,"_jetpack_newsletter_access":"","_jetpack_dont_email_post_to_subs":false,"_jetpack_newsletter_tier_id":0,"_jetpack_memberships_contains_paywalled_content":false,"_jetpack_memberships_contains_paid_content":false,"footnotes":"","jetpack_publicize_message":"","jetpack_publicize_feature_enabled":true,"jetpack_social_post_already_shared":true,"jetpack_social_options":{"image_generator_settings":{"template":"highway","default_image_id":0,"font":"","enabled":false},"version":2}},"categories":[3],"tags":[96,405,360],"class_list":{"0":"post-8965","1":"post","2":"type-post","3":"status-publish","4":"format-standard","5":"has-post-thumbnail","7":"category-formaciones","8":"tag-erasmus","9":"tag-erasmus-europa","10":"tag-formacion-provincial","11":"czr-hentry"},"jetpack_publicize_connections":[],"jetpack_featured_media_url":"https:\/\/i0.wp.com\/cepronda.com\/blog\/wp-content\/uploads\/2025\/10\/WhatsApp-Image-2025-10-23-at-10.24.03.jpeg?fit=1080%2C1350&ssl=1","jetpack_shortlink":"https:\/\/wp.me\/p8M4X7-2kB","jetpack-related-posts":[{"id":7356,"url":"https:\/\/cepronda.com\/blog\/gestion-administrativa-y-economica-de-proyectos-erasmus\/","url_meta":{"origin":8965,"position":0},"title":"GESTI\u00d3N ADMINISTRATIVA Y ECON\u00d3MICA DE PROYECTOS ERASMUS+","author":"Maribel Mu\u00f1oz","date":"15 enero, 2024","format":false,"excerpt":"Os informamos que se encuentra abierta la inscripci\u00f3n en el curso Provincial GESTI\u00d3N ADMINISTRATIVA Y ECON\u00d3MICA DE PROYECTOS ERASMUS+\u00a0con c\u00f3digo\u00a0249924KPI461, organizado por el CEP de Ronda: Inscripciones:\u00a0\u00a015\/01\/2024 al 23\/01\/2024 Fecha actividad:\u00a030 de enero hasta el 15 de marzo de 2024 Fechas de las videoconferencias:\u00a0 21 de febrero y 6\u00a0 de\u2026","rel":"","context":"En \u00abFormaciones\u00bb","block_context":{"text":"Formaciones","link":"https:\/\/cepronda.com\/blog\/category\/formaciones\/"},"img":{"alt_text":"","src":"https:\/\/i0.wp.com\/cepronda.com\/blog\/wp-content\/uploads\/2024\/01\/Gestion-Economica-y-Administrativa-de-Proyectos-Erasmus-249924KPI461.png?fit=1080%2C1080&ssl=1&resize=350%2C200","width":350,"height":200,"srcset":"https:\/\/i0.wp.com\/cepronda.com\/blog\/wp-content\/uploads\/2024\/01\/Gestion-Economica-y-Administrativa-de-Proyectos-Erasmus-249924KPI461.png?fit=1080%2C1080&ssl=1&resize=350%2C200 1x, https:\/\/i0.wp.com\/cepronda.com\/blog\/wp-content\/uploads\/2024\/01\/Gestion-Economica-y-Administrativa-de-Proyectos-Erasmus-249924KPI461.png?fit=1080%2C1080&ssl=1&resize=525%2C300 1.5x, https:\/\/i0.wp.com\/cepronda.com\/blog\/wp-content\/uploads\/2024\/01\/Gestion-Economica-y-Administrativa-de-Proyectos-Erasmus-249924KPI461.png?fit=1080%2C1080&ssl=1&resize=700%2C400 2x, https:\/\/i0.wp.com\/cepronda.com\/blog\/wp-content\/uploads\/2024\/01\/Gestion-Economica-y-Administrativa-de-Proyectos-Erasmus-249924KPI461.png?fit=1080%2C1080&ssl=1&resize=1050%2C600 3x"},"classes":[]},{"id":5606,"url":"https:\/\/cepronda.com\/blog\/gestion-economica-de-proyectos-erasmus-2\/","url_meta":{"origin":8965,"position":1},"title":"GESTI\u00d3N ECON\u00d3MICA DE PROYECTOS ERASMUS","author":"Maribel Mu\u00f1oz","date":"11 noviembre, 2022","format":false,"excerpt":"Buenas tardes compa\u00f1eras y compa\u00f1eros, Os\u00a0 informamos que est\u00e1 abierto el plazo de inscripci\u00f3n en el curso provincial\u00a0 GESTI\u00d3N ECON\u00d3MICA DE PROYECTOS ERASMUS\u00a0con c\u00f3digo 232924PI002. Fechas de inscripci\u00f3n : del 11\/11\/2022 al 25\/11\/2022 Fecha de inicio: 30\/11\/2022 Fecha finalizaci\u00f3n: 19\/12\/2022 Horas: 10\u00a0 ( 6h de videoconferencias y 4 h de\u2026","rel":"","context":"En \u00abFormaciones\u00bb","block_context":{"text":"Formaciones","link":"https:\/\/cepronda.com\/blog\/category\/formaciones\/"},"img":{"alt_text":"","src":"https:\/\/i0.wp.com\/cepronda.com\/blog\/wp-content\/uploads\/2022\/11\/WhatsApp-Image-2022-11-10-at-17.04.45.jpeg?fit=848%2C1200&ssl=1&resize=350%2C200","width":350,"height":200,"srcset":"https:\/\/i0.wp.com\/cepronda.com\/blog\/wp-content\/uploads\/2022\/11\/WhatsApp-Image-2022-11-10-at-17.04.45.jpeg?fit=848%2C1200&ssl=1&resize=350%2C200 1x, https:\/\/i0.wp.com\/cepronda.com\/blog\/wp-content\/uploads\/2022\/11\/WhatsApp-Image-2022-11-10-at-17.04.45.jpeg?fit=848%2C1200&ssl=1&resize=525%2C300 1.5x, https:\/\/i0.wp.com\/cepronda.com\/blog\/wp-content\/uploads\/2022\/11\/WhatsApp-Image-2022-11-10-at-17.04.45.jpeg?fit=848%2C1200&ssl=1&resize=700%2C400 2x"},"classes":[]},{"id":4847,"url":"https:\/\/cepronda.com\/blog\/gestion-economica-de-proyectos-erasmus\/","url_meta":{"origin":8965,"position":2},"title":"GESTI\u00d3N ECON\u00d3MICA DE PROYECTOS ERASMUS","author":"Maribel Mu\u00f1oz","date":"2 noviembre, 2021","format":false,"excerpt":"Buenas tardes compa\u00f1eras y compa\u00f1eros, Os informamos que est\u00e1 abierto el plazo de inscripci\u00f3n en la actividad GESTI\u00d3N ECON\u00d3MICA DE PROYECTOS ERASMUS con c\u00f3digo 229924PI002. Es una actividad PROVINCIAL.\u00a0 Se desarrollar\u00e1 en el Aula Virtual de Formaci\u00f3n del Profesorado. Consta de 10 horas , 6 de ellas se desarrollaran mediante\u2026","rel":"","context":"En \u00abFormaciones\u00bb","block_context":{"text":"Formaciones","link":"https:\/\/cepronda.com\/blog\/category\/formaciones\/"},"img":{"alt_text":"","src":"https:\/\/i0.wp.com\/cepronda.com\/blog\/wp-content\/uploads\/2021\/11\/229924PI002-Gestion-Economica-Erasmus-212x300.png?resize=350%2C200","width":350,"height":200},"classes":[]},{"id":7817,"url":"https:\/\/cepronda.com\/blog\/gestion-administrativa-de-proyectos-erasmus-2\/","url_meta":{"origin":8965,"position":3},"title":"GESTI\u00d3N ADMINISTRATIVA DE PROYECTOS ERASMUS+","author":"Maribel Mu\u00f1oz","date":"30 octubre, 2024","format":false,"excerpt":"Abierto el plazo de inscripciones en la actividad provincial GESTI\u00d3N ADMINISTRATIVA DE PROYECTOS ERASMUS+\u00a0 con c\u00f3digo 259924KPI468. Duraci\u00f3n de la actividad: 24 horas ( 3 horas de videoconferencia\u00a0 y 21 horas\u00a0 para tareas en el AVFP) Fecha de inscripci\u00f3n: 30\/10\/2024 hasta 14\/11\/2024 Fecha de la actividad:\u00a0 25 de noviembre al\u2026","rel":"","context":"En \u00abFormaciones\u00bb","block_context":{"text":"Formaciones","link":"https:\/\/cepronda.com\/blog\/category\/formaciones\/"},"img":{"alt_text":"","src":"https:\/\/i0.wp.com\/cepronda.com\/blog\/wp-content\/uploads\/2024\/10\/259924KPI468-GESTION-ADMINISTRATIVA-DE-PROYECTOS-ERASMUS-1.png?fit=1080%2C1080&ssl=1&resize=350%2C200","width":350,"height":200,"srcset":"https:\/\/i0.wp.com\/cepronda.com\/blog\/wp-content\/uploads\/2024\/10\/259924KPI468-GESTION-ADMINISTRATIVA-DE-PROYECTOS-ERASMUS-1.png?fit=1080%2C1080&ssl=1&resize=350%2C200 1x, https:\/\/i0.wp.com\/cepronda.com\/blog\/wp-content\/uploads\/2024\/10\/259924KPI468-GESTION-ADMINISTRATIVA-DE-PROYECTOS-ERASMUS-1.png?fit=1080%2C1080&ssl=1&resize=525%2C300 1.5x, https:\/\/i0.wp.com\/cepronda.com\/blog\/wp-content\/uploads\/2024\/10\/259924KPI468-GESTION-ADMINISTRATIVA-DE-PROYECTOS-ERASMUS-1.png?fit=1080%2C1080&ssl=1&resize=700%2C400 2x, https:\/\/i0.wp.com\/cepronda.com\/blog\/wp-content\/uploads\/2024\/10\/259924KPI468-GESTION-ADMINISTRATIVA-DE-PROYECTOS-ERASMUS-1.png?fit=1080%2C1080&ssl=1&resize=1050%2C600 3x"},"classes":[]},{"id":4423,"url":"https:\/\/cepronda.com\/blog\/gestion-administrativa-de-proyectos-erasmus\/","url_meta":{"origin":8965,"position":4},"title":"GESTI\u00d3N ADMINISTRATIVA DE PROYECTOS ERASMUS.","author":"Maribel Mu\u00f1oz","date":"15 abril, 2021","format":false,"excerpt":"Buenas tardes\u00a0 compa\u00f1eras y compa\u00f1eros, Os informamos que est\u00e1 abierto el plazo de inscripci\u00f3n del curso a distancia de \u00e1mbito provincial GESTI\u00d3N ADMINISTRATIVA DE PROYECTOS ERASMUS. Este curso est\u00e1 especialmente dirigido a las coordinaciones de proyectos Erasmus de escolar y adultos. C\u00f3digo: 219922KPI296.\u00a0 Es una formaci\u00f3n PROVINCIAL, gestionada por el\u2026","rel":"","context":"En \u00abFormaciones\u00bb","block_context":{"text":"Formaciones","link":"https:\/\/cepronda.com\/blog\/category\/formaciones\/"},"img":{"alt_text":"","src":"https:\/\/i0.wp.com\/cepronda.com\/blog\/wp-content\/uploads\/2021\/03\/bandera-europea.jpg?resize=350%2C200","width":350,"height":200},"classes":[]},{"id":8973,"url":"https:\/\/cepronda.com\/blog\/academia-gemini-para-educadores\/","url_meta":{"origin":8965,"position":5},"title":"ACADEMIA GEMINI PARA EDUCADORES","author":"V\u00edctor Caballero","date":"28 octubre, 2025","format":false,"excerpt":"Se encuentra abierto el plazo de inscripci\u00f3n en el curso provincial, \"ACADEMIA GEMINI PARA EDUCADORES\", con los siguientes c\u00f3digos: E. INFANTIL: 269926KPF584 E. PRIMARIA Y CEPER: 269925KPF585 ESO, BACHILLERATO, FP Y ERE: 269924KPF586 E. DIRECTIVOS: 269922KPF587 Inscripciones: del\u00a028\u00a0\u00a0de octubre al\u00a03\u00a0\u00a0de\u00a0noviembre. Publicaci\u00f3n del listado de admisi\u00f3n provisional:\u00a05\u00a0de\u00a0noviembre\u00a0de 2025 a las 10:00\u2026","rel":"","context":"En \u00abFormaciones\u00bb","block_context":{"text":"Formaciones","link":"https:\/\/cepronda.com\/blog\/category\/formaciones\/"},"img":{"alt_text":"","src":"https:\/\/i0.wp.com\/cepronda.com\/blog\/wp-content\/uploads\/2025\/10\/Publi-Gemini-scaled.png?fit=1200%2C675&ssl=1&resize=350%2C200","width":350,"height":200,"srcset":"https:\/\/i0.wp.com\/cepronda.com\/blog\/wp-content\/uploads\/2025\/10\/Publi-Gemini-scaled.png?fit=1200%2C675&ssl=1&resize=350%2C200 1x, https:\/\/i0.wp.com\/cepronda.com\/blog\/wp-content\/uploads\/2025\/10\/Publi-Gemini-scaled.png?fit=1200%2C675&ssl=1&resize=525%2C300 1.5x, https:\/\/i0.wp.com\/cepronda.com\/blog\/wp-content\/uploads\/2025\/10\/Publi-Gemini-scaled.png?fit=1200%2C675&ssl=1&resize=700%2C400 2x, https:\/\/i0.wp.com\/cepronda.com\/blog\/wp-content\/uploads\/2025\/10\/Publi-Gemini-scaled.png?fit=1200%2C675&ssl=1&resize=1050%2C600 3x"},"classes":[]}],"jetpack_sharing_enabled":true,"_links":{"self":[{"href":"https:\/\/cepronda.com\/blog\/wp-json\/wp\/v2\/posts\/8965","targetHints":{"allow":["GET"]}}],"collection":[{"href":"https:\/\/cepronda.com\/blog\/wp-json\/wp\/v2\/posts"}],"about":[{"href":"https:\/\/cepronda.com\/blog\/wp-json\/wp\/v2\/types\/post"}],"author":[{"embeddable":true,"href":"https:\/\/cepronda.com\/blog\/wp-json\/wp\/v2\/users\/10"}],"replies":[{"embeddable":true,"href":"https:\/\/cepronda.com\/blog\/wp-json\/wp\/v2\/comments?post=8965"}],"version-history":[{"count":3,"href":"https:\/\/cepronda.com\/blog\/wp-json\/wp\/v2\/posts\/8965\/revisions"}],"predecessor-version":[{"id":8972,"href":"https:\/\/cepronda.com\/blog\/wp-json\/wp\/v2\/posts\/8965\/revisions\/8972"}],"wp:featuredmedia":[{"embeddable":true,"href":"https:\/\/cepronda.com\/blog\/wp-json\/wp\/v2\/media\/8967"}],"wp:attachment":[{"href":"https:\/\/cepronda.com\/blog\/wp-json\/wp\/v2\/media?parent=8965"}],"wp:term":[{"taxonomy":"category","embeddable":true,"href":"https:\/\/cepronda.com\/blog\/wp-json\/wp\/v2\/categories?post=8965"},{"taxonomy":"post_tag","embeddable":true,"href":"https:\/\/cepronda.com\/blog\/wp-json\/wp\/v2\/tags?post=8965"}],"curies":[{"name":"wp","href":"https:\/\/api.w.org\/{rel}","templated":true}]}}