{"id":8961,"date":"2025-10-23T13:53:07","date_gmt":"2025-10-23T11:53:07","guid":{"rendered":"https:\/\/cepronda.com\/blog\/?p=8961"},"modified":"2025-10-23T13:53:07","modified_gmt":"2025-10-23T11:53:07","slug":"jornadas-de-investigacion-en-danza-del-conservatorio-superior-angel-pericet","status":"publish","type":"post","link":"https:\/\/cepronda.com\/blog\/jornadas-de-investigacion-en-danza-del-conservatorio-superior-angel-pericet\/","title":{"rendered":"JORNADAS DE INVESTIGACI\u00d3N EN DANZA DEL CONSERVATORIO SUPERIOR \u00c1NGEL PERICET"},"content":{"rendered":"<p>Se abre el plazo de inscripciones a las <strong>IV JORNADAS DE INVESTIGACI\u00d3N EN DANZA DEL CONSERVATORIO SUPERIOR \u00c1NGEL PERICET<\/strong><\/p>\n<p>\u270f\ufe0f Inscripci\u00f3n: 23\/10\/2025 a 16\/11\/2025<br \/>\n Actividad: 26\/11\/2025 &#8211; 27\/11\/2025<br \/>\n\u27a1\ufe0f Duraci\u00f3n: 2 sesiones.<\/p>\n<p>Lugar: D\u00eda 26 en el Conservatorio Superior de Danza \u00c1ngel Pericet, d\u00eda 27 presencial online en WEBEX.<\/p>\n<p>M\u00e1s informaci\u00f3n: <a href=\"https:\/\/www.juntadeandalucia.es\/educacion\/secretariavirtual\/consultaCEP\/actividad\/262922GE011\/\">https:\/\/www.juntadeandalucia.es\/educacion\/secretariavirtual\/consultaCEP\/actividad\/262922GE011\/<\/a><\/p>\n<p><img data-recalc-dims=\"1\" loading=\"lazy\" decoding=\"async\" class=\"size-medium wp-image-8962 aligncenter\" src=\"https:\/\/i0.wp.com\/cepronda.com\/blog\/wp-content\/uploads\/2025\/10\/WhatsApp-Image-2025-10-23-at-12.48.58.jpeg?resize=300%2C300&#038;ssl=1\" alt=\"\" width=\"300\" height=\"300\" srcset=\"https:\/\/i0.wp.com\/cepronda.com\/blog\/wp-content\/uploads\/2025\/10\/WhatsApp-Image-2025-10-23-at-12.48.58.jpeg?resize=300%2C300&amp;ssl=1 300w, https:\/\/i0.wp.com\/cepronda.com\/blog\/wp-content\/uploads\/2025\/10\/WhatsApp-Image-2025-10-23-at-12.48.58.jpeg?resize=1024%2C1024&amp;ssl=1 1024w, https:\/\/i0.wp.com\/cepronda.com\/blog\/wp-content\/uploads\/2025\/10\/WhatsApp-Image-2025-10-23-at-12.48.58.jpeg?resize=150%2C150&amp;ssl=1 150w, https:\/\/i0.wp.com\/cepronda.com\/blog\/wp-content\/uploads\/2025\/10\/WhatsApp-Image-2025-10-23-at-12.48.58.jpeg?resize=768%2C768&amp;ssl=1 768w, https:\/\/i0.wp.com\/cepronda.com\/blog\/wp-content\/uploads\/2025\/10\/WhatsApp-Image-2025-10-23-at-12.48.58.jpeg?w=1080&amp;ssl=1 1080w\" sizes=\"auto, (max-width: 300px) 100vw, 300px\" \/><\/p>\n","protected":false},"excerpt":{"rendered":"<p>Se abre el plazo de inscripciones a las IV JORNADAS DE INVESTIGACI\u00d3N EN DANZA DEL CONSERVATORIO SUPERIOR \u00c1NGEL PERICET \u270f\ufe0f Inscripci\u00f3n: 23\/10\/2025 a 16\/11\/2025 Actividad: 26\/11\/2025 &#8211; 27\/11\/2025 \u27a1\ufe0f Duraci\u00f3n: 2 sesiones. Lugar: D\u00eda 26 en el Conservatorio Superior de Danza \u00c1ngel Pericet, d\u00eda 27 presencial online en WEBEX. M\u00e1s informaci\u00f3n: https:\/\/www.juntadeandalucia.es\/educacion\/secretariavirtual\/consultaCEP\/actividad\/262922GE011\/<\/p>\n","protected":false},"author":13,"featured_media":8962,"comment_status":"closed","ping_status":"open","sticky":false,"template":"","format":"standard","meta":{"_crdt_document":"","advanced_seo_description":"","jetpack_seo_html_title":"","jetpack_seo_noindex":false,"jetpack_post_was_ever_published":false,"_jetpack_newsletter_access":"","_jetpack_dont_email_post_to_subs":false,"_jetpack_newsletter_tier_id":0,"_jetpack_memberships_contains_paywalled_content":false,"_jetpack_memberships_contains_paid_content":false,"footnotes":"","jetpack_publicize_message":"","jetpack_publicize_feature_enabled":true,"jetpack_social_post_already_shared":true,"jetpack_social_options":{"image_generator_settings":{"template":"highway","default_image_id":0,"font":"","enabled":false},"version":2}},"categories":[3],"tags":[404,108,174],"class_list":{"0":"post-8961","1":"post","2":"type-post","3":"status-publish","4":"format-standard","5":"has-post-thumbnail","7":"category-formaciones","8":"tag-conservatorio","9":"tag-danza","10":"tag-jornadas","11":"czr-hentry"},"jetpack_publicize_connections":[],"jetpack_featured_media_url":"https:\/\/i0.wp.com\/cepronda.com\/blog\/wp-content\/uploads\/2025\/10\/WhatsApp-Image-2025-10-23-at-12.48.58.jpeg?fit=1080%2C1080&ssl=1","jetpack_shortlink":"https:\/\/wp.me\/p8M4X7-2kx","jetpack-related-posts":[{"id":7851,"url":"https:\/\/cepronda.com\/blog\/formaciones-para-ensenanzas-artisticas-danza\/","url_meta":{"origin":8961,"position":0},"title":"FORMACIONES PARA ENSE\u00d1ANZAS ART\u00cdSTICAS. DANZA.","author":"Mamen Moreno","date":"6 noviembre, 2024","format":false,"excerpt":"\u00a0III JORNADAS DE INVESTIGACI\u00d3N EN DANZA DEL CONSERVATORIO SUPERIOR \u00c1NGEL PERICET \u00a0Inscripci\u00f3n: hasta el 14\/11\/2024 \u00a0Actividad: 27\/11\/2024 - 28\/11\/2024 \u00a0Duraci\u00f3n: 10 horas presenciales \u00a0M\u00e1s informaci\u00f3n:\u00a0https:\/\/www.juntadeandalucia.es\/educacion\/secretariavirtual\/consultaCEP\/actividad\/252922GE080\/ \u00a0RECOPILACI\u00d3N DEL REPERTORIO DE LA DANZA ESPA\u00d1OLA \u00a0Inscripci\u00f3n: hasta el 11\/11\/2024 \u00a0Actividad: 19\/11\/2024 - 22\/11\/2024 \u00a0Duraci\u00f3n: 12 Presenciales \u00a0M\u00e1s informaci\u00f3n:\u00a0https:\/\/www.juntadeandalucia.es\/educacion\/secretariavirtual\/consultaCEP\/actividad\/252922GE081\/ \u00a0 \u00a0METODOLOG\u00cdA DE LA DANZA\u2026","rel":"","context":"En \u00abFormaciones\u00bb","block_context":{"text":"Formaciones","link":"https:\/\/cepronda.com\/blog\/category\/formaciones\/"},"img":{"alt_text":"","src":"https:\/\/i0.wp.com\/cepronda.com\/blog\/wp-content\/uploads\/2024\/11\/WhatsApp-Image-2024-10-31-at-12.46.27.jpeg?fit=1080%2C1080&ssl=1&resize=350%2C200","width":350,"height":200,"srcset":"https:\/\/i0.wp.com\/cepronda.com\/blog\/wp-content\/uploads\/2024\/11\/WhatsApp-Image-2024-10-31-at-12.46.27.jpeg?fit=1080%2C1080&ssl=1&resize=350%2C200 1x, https:\/\/i0.wp.com\/cepronda.com\/blog\/wp-content\/uploads\/2024\/11\/WhatsApp-Image-2024-10-31-at-12.46.27.jpeg?fit=1080%2C1080&ssl=1&resize=525%2C300 1.5x, https:\/\/i0.wp.com\/cepronda.com\/blog\/wp-content\/uploads\/2024\/11\/WhatsApp-Image-2024-10-31-at-12.46.27.jpeg?fit=1080%2C1080&ssl=1&resize=700%2C400 2x, https:\/\/i0.wp.com\/cepronda.com\/blog\/wp-content\/uploads\/2024\/11\/WhatsApp-Image-2024-10-31-at-12.46.27.jpeg?fit=1080%2C1080&ssl=1&resize=1050%2C600 3x"},"classes":[]},{"id":4136,"url":"https:\/\/cepronda.com\/blog\/formacion-introduccion-al-metodo-adapt-para-el-profesorado-de-danza\/","url_meta":{"origin":8961,"position":1},"title":"Formaci\u00f3n: INTRODUCCI\u00d3N AL M\u00c9TODO ADAPT PARA EL PROFESORADO DE DANZA","author":"Maribel Mu\u00f1oz","date":"1 febrero, 2021","format":false,"excerpt":"Buenas tardes compa\u00f1eras y compa\u00f1eros, Os informamos que est\u00e1 abierto el plazo de inscripci\u00f3n de la formaci\u00f3n regional \"INTRODUCCI\u00d3N AL M\u00c9TODO ADAPT PARA EL PROFESORADO DE DANZA\" con c\u00f3digo 211104FEDAP026 dirigida al profesorado de Danza de Conservatorio. El plazo de inscripci\u00f3n finaliza el 22 de febrero. Adjuntamos enlace : https:\/\/www.juntadeandalucia.es\/educacion\/secretariavirtual\/consultaCEP\/actividad\/211104FEDAP026\/\u2026","rel":"","context":"En \u00abFormaciones\u00bb","block_context":{"text":"Formaciones","link":"https:\/\/cepronda.com\/blog\/category\/formaciones\/"},"img":{"alt_text":"","src":"https:\/\/i0.wp.com\/cepronda.com\/blog\/wp-content\/uploads\/2021\/02\/Cartel-formacion-de-danza.jpg?fit=683%2C955&ssl=1&resize=350%2C200","width":350,"height":200,"srcset":"https:\/\/i0.wp.com\/cepronda.com\/blog\/wp-content\/uploads\/2021\/02\/Cartel-formacion-de-danza.jpg?fit=683%2C955&ssl=1&resize=350%2C200 1x, https:\/\/i0.wp.com\/cepronda.com\/blog\/wp-content\/uploads\/2021\/02\/Cartel-formacion-de-danza.jpg?fit=683%2C955&ssl=1&resize=525%2C300 1.5x"},"classes":[]},{"id":7974,"url":"https:\/\/cepronda.com\/blog\/protocolo-de-actuacion-dirigido-al-alumnado-con-necesidades-especificas-de-apoyo-educativo-neae-en-el-ambito-de-conservatorio-codigo-252922ge093\/","url_meta":{"origin":8961,"position":2},"title":"\u00a0PROTOCOLO DE ACTUACI\u00d3N DIRIGIDO AL ALUMNADO CON NECESIDADES ESPEC\u00cdFICAS DE APOYO EDUCATIVO (NEAE) EN EL \u00c1MBITO DE CONSERVATORIO, C\u00d3DIGO 252922GE093.","author":"Inmaculada Garc\u00eda","date":"20 diciembre, 2024","format":false,"excerpt":"Abierto el plazo de inscripci\u00f3n al curso provincial: PROTOCOLO DE ACTUACI\u00d3N DIRIGIDO AL ALUMNADO CON NECESIDADES ESPEC\u00cdFICAS DE APOYO EDUCATIVO (NEAE) EN EL \u00c1MBITO DE CONSERVATORIO. \u00a0Inscripci\u00f3n: 17\/12\/2024 hasta 14\/01\/2025 \u00a0Actividad: 27\/01\/2025 - 07\/02\/2025 \u00a0Duraci\u00f3n: 2 semanas M\u00e1s informaci\u00f3n:\u00a0https:\/\/www.juntadeandalucia.es\/educacion\/secretariavirtual\/consultaCEP\/actividad\/252922GE093\/ \/","rel":"","context":"En \u00abFormaciones\u00bb","block_context":{"text":"Formaciones","link":"https:\/\/cepronda.com\/blog\/category\/formaciones\/"},"img":{"alt_text":"","src":"https:\/\/i0.wp.com\/cepronda.com\/blog\/wp-content\/uploads\/2024\/12\/252922GE093_CARTEL.jpeg?fit=1080%2C1080&ssl=1&resize=350%2C200","width":350,"height":200,"srcset":"https:\/\/i0.wp.com\/cepronda.com\/blog\/wp-content\/uploads\/2024\/12\/252922GE093_CARTEL.jpeg?fit=1080%2C1080&ssl=1&resize=350%2C200 1x, https:\/\/i0.wp.com\/cepronda.com\/blog\/wp-content\/uploads\/2024\/12\/252922GE093_CARTEL.jpeg?fit=1080%2C1080&ssl=1&resize=525%2C300 1.5x, https:\/\/i0.wp.com\/cepronda.com\/blog\/wp-content\/uploads\/2024\/12\/252922GE093_CARTEL.jpeg?fit=1080%2C1080&ssl=1&resize=700%2C400 2x, https:\/\/i0.wp.com\/cepronda.com\/blog\/wp-content\/uploads\/2024\/12\/252922GE093_CARTEL.jpeg?fit=1080%2C1080&ssl=1&resize=1050%2C600 3x"},"classes":[]},{"id":9191,"url":"https:\/\/cepronda.com\/blog\/curso-nuevos-circuitos-para-nuevos-publicos-el-formato\/","url_meta":{"origin":8961,"position":3},"title":"CURSO NUEVOS CIRCUITOS PARA NUEVOS P\u00daBLICOS. EL FORMATO.","author":"Encarni Jim\u00e9nez Rosado","date":"13 enero, 2026","format":false,"excerpt":"Abierto plazo de inscripci\u00f3n para el curso \u201cNUEVOS CIRCUITOS PARA NUEVOS P\u00daBLICOS. EL FORMATO. Inscripci\u00f3n: 08\/01\/2026 a 26\/01\/2026 Actividad: 03\/02\/2026 a 27\/04\/2026 Duraci\u00f3n: 5 sesiones. M\u00e1s informaci\u00f3n: https:\/\/www.juntadeandalucia.es\/educacion\/secretariavirtual\/consultaCEP\/actividad\/262922GE014\/ Lugar: Conservatorio Superior de M\u00fasica de M\u00e1laga. \u00a0","rel":"","context":"En \u00abFormaciones\u00bb","block_context":{"text":"Formaciones","link":"https:\/\/cepronda.com\/blog\/category\/formaciones\/"},"img":{"alt_text":"","src":"https:\/\/i0.wp.com\/cepronda.com\/blog\/wp-content\/uploads\/2026\/01\/circuitos.jpg?fit=1080%2C1080&ssl=1&resize=350%2C200","width":350,"height":200,"srcset":"https:\/\/i0.wp.com\/cepronda.com\/blog\/wp-content\/uploads\/2026\/01\/circuitos.jpg?fit=1080%2C1080&ssl=1&resize=350%2C200 1x, https:\/\/i0.wp.com\/cepronda.com\/blog\/wp-content\/uploads\/2026\/01\/circuitos.jpg?fit=1080%2C1080&ssl=1&resize=525%2C300 1.5x, https:\/\/i0.wp.com\/cepronda.com\/blog\/wp-content\/uploads\/2026\/01\/circuitos.jpg?fit=1080%2C1080&ssl=1&resize=700%2C400 2x, https:\/\/i0.wp.com\/cepronda.com\/blog\/wp-content\/uploads\/2026\/01\/circuitos.jpg?fit=1080%2C1080&ssl=1&resize=1050%2C600 3x"},"classes":[]},{"id":8879,"url":"https:\/\/cepronda.com\/blog\/documental-jornadas-de-educacion-fisica-2025\/","url_meta":{"origin":8961,"position":4},"title":"DOCUMENTAL JORNADAS DE EDUCACI\u00d3N F\u00cdSICA 2025","author":"Mamen Moreno","date":"3 octubre, 2025","format":false,"excerpt":"Compartimos el v\u00eddeo resumen de las Jornadas celebradas los d\u00edas 14 y 15 de mayo de 2025 en CEULAJ, Mollina (CEP de Antequera), organizadas por el Equipo Provincial del \u00e1mbito de Educaci\u00f3n F\u00edsica de la provincia de M\u00e1laga. Estas jornadas incluyeron talleres pr\u00e1cticos, retos f\u00edsicos cooperativos, experiencias con modelos pedag\u00f3gicos\u2026","rel":"","context":"En \u00abNoticias\u00bb","block_context":{"text":"Noticias","link":"https:\/\/cepronda.com\/blog\/category\/noticias\/"},"img":{"alt_text":"","src":"https:\/\/i0.wp.com\/cepronda.com\/blog\/wp-content\/uploads\/2025\/10\/Z60XprHTf5nIO0ge.jpg?fit=675%2C1200&ssl=1&resize=350%2C200","width":350,"height":200,"srcset":"https:\/\/i0.wp.com\/cepronda.com\/blog\/wp-content\/uploads\/2025\/10\/Z60XprHTf5nIO0ge.jpg?fit=675%2C1200&ssl=1&resize=350%2C200 1x, https:\/\/i0.wp.com\/cepronda.com\/blog\/wp-content\/uploads\/2025\/10\/Z60XprHTf5nIO0ge.jpg?fit=675%2C1200&ssl=1&resize=525%2C300 1.5x"},"classes":[]},{"id":7946,"url":"https:\/\/cepronda.com\/blog\/curso-provincial-jornadas-de-formacion-cambridge-con-codigo-259923kpi441\/","url_meta":{"origin":8961,"position":5},"title":"CURSO PROVINCIAL \u00abJornadas de formaci\u00f3n Cambridge\u00bb, con c\u00f3digo: 259923KPI441.","author":"Inmaculada Garc\u00eda","date":"17 diciembre, 2024","format":false,"excerpt":"Abierto el plazo de solicitudes para el PLAZO DE INSCRIPCI\u00d3N: Presentaci\u00f3n solicitudes: Inscripciones del 13\/12\/2024 al 08\/01\/2025 FECHA DE REALIZACI\u00d3N: Fechas de actividad: 16\/01\/2025 al 03\/03\/2025 Lugar de realizaci\u00f3n: Aula Virtual de Formaci\u00f3n del Profesorado \u270f\ufe0fInscripci\u00f3n: https:\/\/www.juntadeandalucia.es\/educacion\/secretariavirtual\/consultaCEP\/actividad\/259923KPI441\/","rel":"","context":"En \u00abFormaciones\u00bb","block_context":{"text":"Formaciones","link":"https:\/\/cepronda.com\/blog\/category\/formaciones\/"},"img":{"alt_text":"","src":"https:\/\/i0.wp.com\/cepronda.com\/blog\/wp-content\/uploads\/2024\/12\/WhatsApp-Image-2024-12-17-at-11.11.55.jpeg?fit=1080%2C1080&ssl=1&resize=350%2C200","width":350,"height":200,"srcset":"https:\/\/i0.wp.com\/cepronda.com\/blog\/wp-content\/uploads\/2024\/12\/WhatsApp-Image-2024-12-17-at-11.11.55.jpeg?fit=1080%2C1080&ssl=1&resize=350%2C200 1x, https:\/\/i0.wp.com\/cepronda.com\/blog\/wp-content\/uploads\/2024\/12\/WhatsApp-Image-2024-12-17-at-11.11.55.jpeg?fit=1080%2C1080&ssl=1&resize=525%2C300 1.5x, https:\/\/i0.wp.com\/cepronda.com\/blog\/wp-content\/uploads\/2024\/12\/WhatsApp-Image-2024-12-17-at-11.11.55.jpeg?fit=1080%2C1080&ssl=1&resize=700%2C400 2x, https:\/\/i0.wp.com\/cepronda.com\/blog\/wp-content\/uploads\/2024\/12\/WhatsApp-Image-2024-12-17-at-11.11.55.jpeg?fit=1080%2C1080&ssl=1&resize=1050%2C600 3x"},"classes":[]}],"jetpack_sharing_enabled":true,"_links":{"self":[{"href":"https:\/\/cepronda.com\/blog\/wp-json\/wp\/v2\/posts\/8961","targetHints":{"allow":["GET"]}}],"collection":[{"href":"https:\/\/cepronda.com\/blog\/wp-json\/wp\/v2\/posts"}],"about":[{"href":"https:\/\/cepronda.com\/blog\/wp-json\/wp\/v2\/types\/post"}],"author":[{"embeddable":true,"href":"https:\/\/cepronda.com\/blog\/wp-json\/wp\/v2\/users\/13"}],"replies":[{"embeddable":true,"href":"https:\/\/cepronda.com\/blog\/wp-json\/wp\/v2\/comments?post=8961"}],"version-history":[{"count":1,"href":"https:\/\/cepronda.com\/blog\/wp-json\/wp\/v2\/posts\/8961\/revisions"}],"predecessor-version":[{"id":8963,"href":"https:\/\/cepronda.com\/blog\/wp-json\/wp\/v2\/posts\/8961\/revisions\/8963"}],"wp:featuredmedia":[{"embeddable":true,"href":"https:\/\/cepronda.com\/blog\/wp-json\/wp\/v2\/media\/8962"}],"wp:attachment":[{"href":"https:\/\/cepronda.com\/blog\/wp-json\/wp\/v2\/media?parent=8961"}],"wp:term":[{"taxonomy":"category","embeddable":true,"href":"https:\/\/cepronda.com\/blog\/wp-json\/wp\/v2\/categories?post=8961"},{"taxonomy":"post_tag","embeddable":true,"href":"https:\/\/cepronda.com\/blog\/wp-json\/wp\/v2\/tags?post=8961"}],"curies":[{"name":"wp","href":"https:\/\/api.w.org\/{rel}","templated":true}]}}