{"id":8946,"date":"2025-10-20T09:28:57","date_gmt":"2025-10-20T07:28:57","guid":{"rendered":"https:\/\/cepronda.com\/blog\/?p=8946"},"modified":"2025-10-29T11:10:50","modified_gmt":"2025-10-29T10:10:50","slug":"formacion-sobre-riesgos-y-emergencias-de-proteccion-civil-269924pf580","status":"publish","type":"post","link":"https:\/\/cepronda.com\/blog\/formacion-sobre-riesgos-y-emergencias-de-proteccion-civil-269924pf580\/","title":{"rendered":"FORMACI\u00d3N SOBRE RIESGOS Y EMERGENCIAS DE PROTECCI\u00d3N CIVIL"},"content":{"rendered":"<div class=\"\" data-block=\"true\" data-editor=\"27gmc\" data-offset-key=\"4ta3q-0-0\">\n<div class=\"_1mf _1mj\" data-offset-key=\"4ta3q-0-0\"><span data-offset-key=\"4ta3q-0-0\">Abierto plazo de inscripci\u00f3n para el curso online: FORMACI\u00d3N SOBRE RIESGOS Y EMERGENCIAS DE PROTECCI\u00d3N CIVIL, dirigido al profesorado de todas las etapas educativas.<\/span><\/div>\n<\/div>\n<div class=\"\" data-block=\"true\" data-editor=\"27gmc\" data-offset-key=\"fb6i6-0-0\">\n<div class=\"_1mf _1mj\" data-offset-key=\"fb6i6-0-0\"><span data-offset-key=\"fb6i6-0-0\">\u00a0<\/span><\/div>\n<\/div>\n<div class=\"\" data-block=\"true\" data-editor=\"27gmc\" data-offset-key=\"8ep5i-0-0\">\n<div class=\"_1mf _1mj\" data-offset-key=\"8ep5i-0-0\"><span data-offset-key=\"8ep5i-0-0\">Fecha inscripci\u00f3n: 20\/10\/2025 hasta 28\/10\/2025<\/span><\/div>\n<\/div>\n<div class=\"\" data-block=\"true\" data-editor=\"27gmc\" data-offset-key=\"6bb6k-0-0\">\n<div class=\"_1mf _1mj\" data-offset-key=\"6bb6k-0-0\"><span data-offset-key=\"6bb6k-0-0\">Fecha actividad: 31\/10\/2025 hasta 28\/11\/2025<\/span><\/div>\n<\/div>\n<div class=\"\" data-block=\"true\" data-editor=\"27gmc\" data-offset-key=\"b3ct6-0-0\">\n<div class=\"_1mf _1mj\" data-offset-key=\"b3ct6-0-0\"><span data-offset-key=\"b3ct6-0-0\">Total horas: 10 horas<\/span><\/div>\n<\/div>\n<div class=\"\" data-block=\"true\" data-editor=\"27gmc\" data-offset-key=\"farhe-0-0\">\n<div class=\"_1mf _1mj\" data-offset-key=\"farhe-0-0\"><span data-offset-key=\"farhe-0-0\">\u00a0<\/span><\/div>\n<\/div>\n<div class=\"\" data-block=\"true\" data-editor=\"27gmc\" data-offset-key=\"b5ji5-0-0\">\n<div class=\"_1mf _1mj\" data-offset-key=\"b5ji5-0-0\"><span data-offset-key=\"b5ji5-0-0\">\u00a1AP\u00daNTATE EN TU CEP DE REFERENCIA!:<\/span><\/div>\n<\/div>\n<div class=\"\" data-block=\"true\" data-editor=\"27gmc\" data-offset-key=\"a6v4d-0-0\">\n<div class=\"_1mf _1mj\" data-offset-key=\"a6v4d-0-0\"><span data-offset-key=\"a6v4d-0-0\">\u00a0<\/span><\/div>\n<\/div>\n<div class=\"\" data-block=\"true\" data-editor=\"27gmc\" data-offset-key=\"46cce-0-0\">\n<div class=\"_1mf _1mj\" data-offset-key=\"46cce-0-0\"><span data-offset-key=\"46cce-0-0\">&#8211; CEP Ronda (269924PF580):<\/span><\/div>\n<\/div>\n<div class=\"\" data-block=\"true\" data-editor=\"27gmc\" data-offset-key=\"iq55-0-0\">\n<div class=\"_1mf _1mj\" data-offset-key=\"iq55-0-0\"><a href=\"https:\/\/www.juntadeandalucia.es\/educacion\/secretariavirtual\/consultaCEP\/actividad\/269924PF580\/\"><span data-offset-key=\"iq55-0-0\">https:\/\/www.juntadeandalucia.es\/educacion\/secretariavirtual\/consultaCEP\/actividad\/269924PF580\/<\/span><\/a><\/div>\n<\/div>\n<div data-offset-key=\"iq55-0-0\"><\/div>\n<div data-offset-key=\"iq55-0-0\"><\/div>\n<div data-offset-key=\"iq55-0-0\"><a href=\"https:\/\/www.juntadeandalucia.es\/educacion\/secretariavirtual\/consultaCEP\/actividad\/269924PF580\/\"><img data-recalc-dims=\"1\" loading=\"lazy\" decoding=\"async\" class=\"aligncenter wp-image-8947\" src=\"https:\/\/i0.wp.com\/cepronda.com\/blog\/wp-content\/uploads\/2025\/10\/WhatsApp-Image-2025-10-17-at-13.39.28.jpeg?resize=500%2C500&#038;ssl=1\" alt=\"\" width=\"500\" height=\"500\" srcset=\"https:\/\/i0.wp.com\/cepronda.com\/blog\/wp-content\/uploads\/2025\/10\/WhatsApp-Image-2025-10-17-at-13.39.28.jpeg?resize=1024%2C1024&amp;ssl=1 1024w, https:\/\/i0.wp.com\/cepronda.com\/blog\/wp-content\/uploads\/2025\/10\/WhatsApp-Image-2025-10-17-at-13.39.28.jpeg?resize=300%2C300&amp;ssl=1 300w, https:\/\/i0.wp.com\/cepronda.com\/blog\/wp-content\/uploads\/2025\/10\/WhatsApp-Image-2025-10-17-at-13.39.28.jpeg?resize=150%2C150&amp;ssl=1 150w, https:\/\/i0.wp.com\/cepronda.com\/blog\/wp-content\/uploads\/2025\/10\/WhatsApp-Image-2025-10-17-at-13.39.28.jpeg?resize=768%2C768&amp;ssl=1 768w, https:\/\/i0.wp.com\/cepronda.com\/blog\/wp-content\/uploads\/2025\/10\/WhatsApp-Image-2025-10-17-at-13.39.28.jpeg?w=1080&amp;ssl=1 1080w\" sizes=\"auto, (max-width: 500px) 100vw, 500px\" \/><\/a><\/div>\n","protected":false},"excerpt":{"rendered":"<p>Abierto plazo de inscripci\u00f3n para el curso online: FORMACI\u00d3N SOBRE RIESGOS Y EMERGENCIAS DE PROTECCI\u00d3N CIVIL, dirigido al profesorado de todas las etapas educativas. \u00a0 Fecha inscripci\u00f3n: 20\/10\/2025 hasta 28\/10\/2025 Fecha actividad: 31\/10\/2025 hasta 28\/11\/2025 Total horas: 10 horas \u00a0 \u00a1AP\u00daNTATE EN TU CEP DE REFERENCIA!: \u00a0 &#8211; CEP Ronda (269924PF580): https:\/\/www.juntadeandalucia.es\/educacion\/secretariavirtual\/consultaCEP\/actividad\/269924PF580\/<\/p>\n","protected":false},"author":9,"featured_media":8947,"comment_status":"closed","ping_status":"open","sticky":false,"template":"","format":"standard","meta":{"_crdt_document":"","advanced_seo_description":"","jetpack_seo_html_title":"","jetpack_seo_noindex":false,"jetpack_post_was_ever_published":false,"_jetpack_newsletter_access":"","_jetpack_dont_email_post_to_subs":false,"_jetpack_newsletter_tier_id":0,"_jetpack_memberships_contains_paywalled_content":false,"_jetpack_memberships_contains_paid_content":false,"footnotes":"","jetpack_publicize_message":"","jetpack_publicize_feature_enabled":true,"jetpack_social_post_already_shared":true,"jetpack_social_options":{"image_generator_settings":{"template":"highway","default_image_id":0,"font":"","enabled":false},"version":2}},"categories":[3],"tags":[435],"class_list":{"0":"post-8946","1":"post","2":"type-post","3":"status-publish","4":"format-standard","5":"has-post-thumbnail","7":"category-formaciones","8":"tag-emergencias","9":"czr-hentry"},"jetpack_publicize_connections":[],"jetpack_featured_media_url":"https:\/\/i0.wp.com\/cepronda.com\/blog\/wp-content\/uploads\/2025\/10\/WhatsApp-Image-2025-10-17-at-13.39.28.jpeg?fit=1080%2C1080&ssl=1","jetpack_shortlink":"https:\/\/wp.me\/p8M4X7-2ki","jetpack-related-posts":[{"id":9365,"url":"https:\/\/cepronda.com\/blog\/formacion-sobre-riesgos-y-emergencias-de-proteccion-civil\/","url_meta":{"origin":8946,"position":0},"title":"FORMACI\u00d3N SOBRE RIESGOS Y EMERGENCIAS DE PROTECCI\u00d3N CIVIL.","author":"Inmaculada Garc\u00eda","date":"19 febrero, 2026","format":false,"excerpt":"Abierto plazo de inscripci\u00f3n para el curso a distancia: FORMACI\u00d3N SOBRE RIESGOS Y EMERGENCIAS DE PROTECCI\u00d3N CIVIL, dirigido al profesorado de todas las etapas educativas. 2\u00aa Convocatoria. \u00a0 Fecha inscripci\u00f3n: 19\/02\/2026 hasta 03\/03\/2026. Fecha actividad: 09\/03\/2026 hasta 07\/04\/2026. \u00a0 Total horas: 10 horas a desarrollar en el Aula virtual de\u2026","rel":"","context":"En \u00abFormaciones\u00bb","block_context":{"text":"Formaciones","link":"https:\/\/cepronda.com\/blog\/category\/formaciones\/"},"img":{"alt_text":"","src":"https:\/\/i0.wp.com\/cepronda.com\/blog\/wp-content\/uploads\/2026\/02\/FORMACION-SOBRE-RIESGOS-Y-EMERGENCIAS-DE-PROTECCION-CIVIL.jpg?fit=1200%2C1200&ssl=1&resize=350%2C200","width":350,"height":200,"srcset":"https:\/\/i0.wp.com\/cepronda.com\/blog\/wp-content\/uploads\/2026\/02\/FORMACION-SOBRE-RIESGOS-Y-EMERGENCIAS-DE-PROTECCION-CIVIL.jpg?fit=1200%2C1200&ssl=1&resize=350%2C200 1x, https:\/\/i0.wp.com\/cepronda.com\/blog\/wp-content\/uploads\/2026\/02\/FORMACION-SOBRE-RIESGOS-Y-EMERGENCIAS-DE-PROTECCION-CIVIL.jpg?fit=1200%2C1200&ssl=1&resize=525%2C300 1.5x, https:\/\/i0.wp.com\/cepronda.com\/blog\/wp-content\/uploads\/2026\/02\/FORMACION-SOBRE-RIESGOS-Y-EMERGENCIAS-DE-PROTECCION-CIVIL.jpg?fit=1200%2C1200&ssl=1&resize=700%2C400 2x, https:\/\/i0.wp.com\/cepronda.com\/blog\/wp-content\/uploads\/2026\/02\/FORMACION-SOBRE-RIESGOS-Y-EMERGENCIAS-DE-PROTECCION-CIVIL.jpg?fit=1200%2C1200&ssl=1&resize=1050%2C600 3x"},"classes":[]},{"id":8681,"url":"https:\/\/cepronda.com\/blog\/sistema-de-escolarizacion-en-formacion-profesional\/","url_meta":{"origin":8946,"position":1},"title":"SISTEMA DE ESCOLARIZACI\u00d3N EN FORMACI\u00d3N PROFESIONAL","author":"Mamen Moreno","date":"27 mayo, 2025","format":false,"excerpt":"Est\u00e1 abierto el plazo del curso regional \"SISTEMA DE ESCOLARIZACI\u00d3N EN FORMACI\u00d3N PROFESIONAL. \u00daLTIMAS NOVEDADES\" para Equipos Directivos. Curso de 8h a distancia. Fecha inscripci\u00f3n: 23\/05\/2025 hasta 29\/05\/2025. Fecha actividad: 04\/06\/2025 hasta 20\/06\/2025 Videoconferencias los d\u00edas 4 y 12 de junio. M\u00e1s informaci\u00f3n e inscripciones en el siguiente: https:\/\/www.juntadeandalucia.es\/educacion\/secretariavirtual\/consultaCEP\/actividad\/251812GE114\/","rel":"","context":"En \u00abFormaciones\u00bb","block_context":{"text":"Formaciones","link":"https:\/\/cepronda.com\/blog\/category\/formaciones\/"},"img":{"alt_text":"","src":"https:\/\/i0.wp.com\/cepronda.com\/blog\/wp-content\/uploads\/2025\/05\/Cartel-Escolarizacion-FP-2025-1.jpeg?fit=1080%2C1080&ssl=1&resize=350%2C200","width":350,"height":200,"srcset":"https:\/\/i0.wp.com\/cepronda.com\/blog\/wp-content\/uploads\/2025\/05\/Cartel-Escolarizacion-FP-2025-1.jpeg?fit=1080%2C1080&ssl=1&resize=350%2C200 1x, https:\/\/i0.wp.com\/cepronda.com\/blog\/wp-content\/uploads\/2025\/05\/Cartel-Escolarizacion-FP-2025-1.jpeg?fit=1080%2C1080&ssl=1&resize=525%2C300 1.5x, https:\/\/i0.wp.com\/cepronda.com\/blog\/wp-content\/uploads\/2025\/05\/Cartel-Escolarizacion-FP-2025-1.jpeg?fit=1080%2C1080&ssl=1&resize=700%2C400 2x, https:\/\/i0.wp.com\/cepronda.com\/blog\/wp-content\/uploads\/2025\/05\/Cartel-Escolarizacion-FP-2025-1.jpeg?fit=1080%2C1080&ssl=1&resize=1050%2C600 3x"},"classes":[]},{"id":8442,"url":"https:\/\/cepronda.com\/blog\/formacion-del-coordinador-del-bienestar-regulacion-y-cumplimiento-ley-8-2021-art-35\/","url_meta":{"origin":8946,"position":2},"title":"FORMACI\u00d3N DEL COORDINADOR DEL BIENESTAR. REGULACI\u00d3N Y CUMPLIMIENTO LEY 8\/2021 art.35","author":"Inmaculada Garc\u00eda","date":"2 abril, 2025","format":false,"excerpt":"Abierto el plazo de solicitudes para \"FORMACI\u00d3N DEL COORDINADOR DEL BIENESTAR. REGULACI\u00d3N Y CUMPLIMIENTO LEY 8\/2021 art.35\", con c\u00f3digo 259901KPF557. \u00a0 REQUISITOS DE INSCRIPCI\u00d3N: Ser docentes en activo o responsables de bienestar en un centro educativo. Tener conocimientos b\u00e1sicos sobre normativas escolares y protecci\u00f3n de menores. Disponer de conexi\u00f3n a\u2026","rel":"","context":"En \u00abFormaciones\u00bb","block_context":{"text":"Formaciones","link":"https:\/\/cepronda.com\/blog\/category\/formaciones\/"},"img":{"alt_text":"","src":"https:\/\/i0.wp.com\/cepronda.com\/blog\/wp-content\/uploads\/2025\/04\/FORMACION-DEL-COORDINADOR-DEL-BIENESTAR.-REGULACION-Y-CUMPLIMIENTO-LEY-82021-art.35-1.png?fit=1080%2C1080&ssl=1&resize=350%2C200","width":350,"height":200,"srcset":"https:\/\/i0.wp.com\/cepronda.com\/blog\/wp-content\/uploads\/2025\/04\/FORMACION-DEL-COORDINADOR-DEL-BIENESTAR.-REGULACION-Y-CUMPLIMIENTO-LEY-82021-art.35-1.png?fit=1080%2C1080&ssl=1&resize=350%2C200 1x, https:\/\/i0.wp.com\/cepronda.com\/blog\/wp-content\/uploads\/2025\/04\/FORMACION-DEL-COORDINADOR-DEL-BIENESTAR.-REGULACION-Y-CUMPLIMIENTO-LEY-82021-art.35-1.png?fit=1080%2C1080&ssl=1&resize=525%2C300 1.5x, https:\/\/i0.wp.com\/cepronda.com\/blog\/wp-content\/uploads\/2025\/04\/FORMACION-DEL-COORDINADOR-DEL-BIENESTAR.-REGULACION-Y-CUMPLIMIENTO-LEY-82021-art.35-1.png?fit=1080%2C1080&ssl=1&resize=700%2C400 2x, https:\/\/i0.wp.com\/cepronda.com\/blog\/wp-content\/uploads\/2025\/04\/FORMACION-DEL-COORDINADOR-DEL-BIENESTAR.-REGULACION-Y-CUMPLIMIENTO-LEY-82021-art.35-1.png?fit=1080%2C1080&ssl=1&resize=1050%2C600 3x"},"classes":[]},{"id":8464,"url":"https:\/\/cepronda.com\/blog\/iniciacion-al-uso-de-la-inteligencia-artificial-generativa-centrada-en-la-educacion\/","url_meta":{"origin":8946,"position":3},"title":"INICIACI\u00d3N AL USO DE LA INTELIGENCIA ARTIFICIAL GENERATIVA CENTRADA EN LA EDUCACI\u00d3N.","author":"Inmaculada Garc\u00eda","date":"23 abril, 2025","format":false,"excerpt":"Abierto el plazo de inscripci\u00f3n para la actividad a distancia \" INICIACI\u00d3N AL USO DE LA INTELIGENCIA ARTIFICIAL GENERATIVA CENTRADA EN LA EDUCACI\u00d3N\u201d. C\u00f3digo: 259926WPF485. Curso con reconocimiento de 40 horas de formaci\u00f3n, a desarrollar en el Aula Virtual de Formaci\u00f3n del Profesorado. Plazo de inscripci\u00f3n: 23\/04\/2025 hasta 05\/05\/2025 Fecha\u2026","rel":"","context":"En \u00abFormaciones\u00bb","block_context":{"text":"Formaciones","link":"https:\/\/cepronda.com\/blog\/category\/formaciones\/"},"img":{"alt_text":"","src":"https:\/\/i0.wp.com\/cepronda.com\/blog\/wp-content\/uploads\/2025\/04\/ia-generativa.jpg?fit=960%2C1200&ssl=1&resize=350%2C200","width":350,"height":200,"srcset":"https:\/\/i0.wp.com\/cepronda.com\/blog\/wp-content\/uploads\/2025\/04\/ia-generativa.jpg?fit=960%2C1200&ssl=1&resize=350%2C200 1x, https:\/\/i0.wp.com\/cepronda.com\/blog\/wp-content\/uploads\/2025\/04\/ia-generativa.jpg?fit=960%2C1200&ssl=1&resize=525%2C300 1.5x, https:\/\/i0.wp.com\/cepronda.com\/blog\/wp-content\/uploads\/2025\/04\/ia-generativa.jpg?fit=960%2C1200&ssl=1&resize=700%2C400 2x"},"classes":[]},{"id":8266,"url":"https:\/\/cepronda.com\/blog\/kit-de-herramientas-digitales-para-conservatorios-especialidades-instrumentales-y-de-conjunto-con-codigo-259911kpf535\/","url_meta":{"origin":8946,"position":4},"title":"KIT DE HERRAMIENTAS DIGITALES PARA CONSERVATORIOS","author":"Inmaculada Garc\u00eda","date":"5 marzo, 2025","format":false,"excerpt":"Abierto el plazo de inscripci\u00f3n en el curso regional: KIT DE HERRAMIENTAS DIGITALES PARA CONSERVATORIOS: ESPECIALIDADES INSTRUMENTALES Y DE CONJUNTO, con c\u00f3digo: 259911KPF535. \u00a0 Curso a Distancia con certificaci\u00f3n de 50 horas de formaci\u00f3n. N\u00ba de plazas: 250. \u00a0 Fecha inscripci\u00f3n: 26\/02\/2025 hasta 10\/03\/2025. Fecha actividad: 17\/03\/2025 hasta 18\/04\/2025 Dirigido\u2026","rel":"","context":"En \u00abFormaciones\u00bb","block_context":{"text":"Formaciones","link":"https:\/\/cepronda.com\/blog\/category\/formaciones\/"},"img":{"alt_text":"","src":"https:\/\/i0.wp.com\/cepronda.com\/blog\/wp-content\/uploads\/2025\/03\/Titulo-1.jpg?fit=960%2C1200&ssl=1&resize=350%2C200","width":350,"height":200,"srcset":"https:\/\/i0.wp.com\/cepronda.com\/blog\/wp-content\/uploads\/2025\/03\/Titulo-1.jpg?fit=960%2C1200&ssl=1&resize=350%2C200 1x, https:\/\/i0.wp.com\/cepronda.com\/blog\/wp-content\/uploads\/2025\/03\/Titulo-1.jpg?fit=960%2C1200&ssl=1&resize=525%2C300 1.5x, https:\/\/i0.wp.com\/cepronda.com\/blog\/wp-content\/uploads\/2025\/03\/Titulo-1.jpg?fit=960%2C1200&ssl=1&resize=700%2C400 2x"},"classes":[]},{"id":8981,"url":"https:\/\/cepronda.com\/blog\/nociones-basicas-sobre-la-observacion-entrepares-para-tutores-de-funcionarios-en-practicas-de-resoluciones-2025-y-2021-codigo-269925pf003\/","url_meta":{"origin":8946,"position":5},"title":"NOCIONES B\u00c1SICAS SOBRE LA OBSERVACI\u00d3N ENTREPARES (PARA TUTORES DE FUNCIONARIOS EN PR\u00c1CTICAS DE RESOLUCIONES 2025 Y 2021).","author":"Inmaculada Garc\u00eda","date":"29 octubre, 2025","format":false,"excerpt":"Informamos que se encuentra abierta la inscripci\u00f3n para el curso a distancia provincial,organizado por el CEP de Antequera: \u00a0 Inscripciones: desde el 27\/10\/2025 hasta 13\/11\/2025 Fecha de realizaci\u00f3n: 19\/11\/2025 Lugar de realizaci\u00f3n: Aula Virtual de Formaci\u00f3n del Profesorado \u00a0 Detalle e inscripci\u00f3n: https:\/\/www.juntadeandalucia.es\/educacion\/secretariavirtual\/consultaCEP\/actividad\/269925PF003\/","rel":"","context":"En \u00abFormaciones\u00bb","block_context":{"text":"Formaciones","link":"https:\/\/cepronda.com\/blog\/category\/formaciones\/"},"img":{"alt_text":"","src":"https:\/\/i0.wp.com\/cepronda.com\/blog\/wp-content\/uploads\/2025\/10\/Nociones-basicas.png?fit=848%2C1200&ssl=1&resize=350%2C200","width":350,"height":200,"srcset":"https:\/\/i0.wp.com\/cepronda.com\/blog\/wp-content\/uploads\/2025\/10\/Nociones-basicas.png?fit=848%2C1200&ssl=1&resize=350%2C200 1x, https:\/\/i0.wp.com\/cepronda.com\/blog\/wp-content\/uploads\/2025\/10\/Nociones-basicas.png?fit=848%2C1200&ssl=1&resize=525%2C300 1.5x, https:\/\/i0.wp.com\/cepronda.com\/blog\/wp-content\/uploads\/2025\/10\/Nociones-basicas.png?fit=848%2C1200&ssl=1&resize=700%2C400 2x"},"classes":[]}],"jetpack_sharing_enabled":true,"_links":{"self":[{"href":"https:\/\/cepronda.com\/blog\/wp-json\/wp\/v2\/posts\/8946","targetHints":{"allow":["GET"]}}],"collection":[{"href":"https:\/\/cepronda.com\/blog\/wp-json\/wp\/v2\/posts"}],"about":[{"href":"https:\/\/cepronda.com\/blog\/wp-json\/wp\/v2\/types\/post"}],"author":[{"embeddable":true,"href":"https:\/\/cepronda.com\/blog\/wp-json\/wp\/v2\/users\/9"}],"replies":[{"embeddable":true,"href":"https:\/\/cepronda.com\/blog\/wp-json\/wp\/v2\/comments?post=8946"}],"version-history":[{"count":2,"href":"https:\/\/cepronda.com\/blog\/wp-json\/wp\/v2\/posts\/8946\/revisions"}],"predecessor-version":[{"id":8986,"href":"https:\/\/cepronda.com\/blog\/wp-json\/wp\/v2\/posts\/8946\/revisions\/8986"}],"wp:featuredmedia":[{"embeddable":true,"href":"https:\/\/cepronda.com\/blog\/wp-json\/wp\/v2\/media\/8947"}],"wp:attachment":[{"href":"https:\/\/cepronda.com\/blog\/wp-json\/wp\/v2\/media?parent=8946"}],"wp:term":[{"taxonomy":"category","embeddable":true,"href":"https:\/\/cepronda.com\/blog\/wp-json\/wp\/v2\/categories?post=8946"},{"taxonomy":"post_tag","embeddable":true,"href":"https:\/\/cepronda.com\/blog\/wp-json\/wp\/v2\/tags?post=8946"}],"curies":[{"name":"wp","href":"https:\/\/api.w.org\/{rel}","templated":true}]}}