{"id":8933,"date":"2025-10-14T12:13:11","date_gmt":"2025-10-14T10:13:11","guid":{"rendered":"https:\/\/cepronda.com\/blog\/?p=8933"},"modified":"2025-10-29T11:11:19","modified_gmt":"2025-10-29T10:11:19","slug":"liderazgo-efectivo-para-el-exito-de-la-ensenanza-bilingue-269919kpi442","status":"publish","type":"post","link":"https:\/\/cepronda.com\/blog\/liderazgo-efectivo-para-el-exito-de-la-ensenanza-bilingue-269919kpi442\/","title":{"rendered":"LIDERAZGO EFECTIVO PARA EL \u00c9XITO DE LA ENSE\u00d1ANZA BILING\u00dcE"},"content":{"rendered":"<div class=\"xdj266r x14z9mp xat24cr x1lziwak x1vvkbs x126k92a\">\n<div dir=\"auto\">Hasta el d\u00eda 20 de octubre, se encuentra abierto el plazo de solicitudes del curso regional: \u00abLIDERAZGO EFECTIVO PARA EL \u00c9XITO DE LA ENSE\u00d1ANZA BILING\u00dcE\u00bb, con c\u00f3digo 269919KPI442.<\/div>\n<div dir=\"auto\">Curso semipresencial: 30 horas: 10 presenciales, a trav\u00e9s de cinco sesiones de videoconferencia, y 20 no presenciales.<\/div>\n<div dir=\"auto\">\u00c1mbito: Regional.<\/div>\n<\/div>\n<div class=\"x14z9mp xat24cr x1lziwak x1vvkbs xtlvy1s x126k92a\">\n<div dir=\"auto\"><span class=\"html-span xexx8yu xyri2b x18d9i69 x1c1uobl x1hl2dhg x16tdsg8 x1vvkbs x3nfvp2 x1j61x8r x1fcty0u xdj266r xat24cr xm2jcoa x1mpyi22 xxymvpz xlup9mm x1kky2od\"><img loading=\"lazy\" decoding=\"async\" class=\"xz74otr x15mokao x1ga7v0g x16uus16 xbiv7yw\" src=\"https:\/\/static.xx.fbcdn.net\/images\/emoji.php\/v9\/t7e\/1\/16\/1f4c5.png\" alt=\"\" width=\"16\" height=\"16\" \/><\/span>Fecha inscripci\u00f3n: 09\/10\/2025 hasta 20\/10\/2025.<\/div>\n<\/div>\n<div class=\"x14z9mp xat24cr x1lziwak x1vvkbs xtlvy1s x126k92a\">\n<div dir=\"auto\">Fechas de realizaci\u00f3n: del 27 de octubre al 18 de diciembre.<\/div>\n<\/div>\n<div class=\"x14z9mp xat24cr x1lziwak x1vvkbs xtlvy1s x126k92a\">\n<div dir=\"auto\"><span class=\"html-span xexx8yu xyri2b x18d9i69 x1c1uobl x1hl2dhg x16tdsg8 x1vvkbs x3nfvp2 x1j61x8r x1fcty0u xdj266r xat24cr xm2jcoa x1mpyi22 xxymvpz xlup9mm x1kky2od\"><img loading=\"lazy\" decoding=\"async\" class=\"xz74otr x15mokao x1ga7v0g x16uus16 xbiv7yw\" src=\"https:\/\/static.xx.fbcdn.net\/images\/emoji.php\/v9\/tac\/1\/16\/1f4cc.png\" alt=\"\" width=\"16\" height=\"16\" \/><\/span>M\u00e1s detalle e inscripci\u00f3n en el siguiente enlace:<\/div>\n<div dir=\"auto\"><span class=\"html-span xdj266r x14z9mp xat24cr x1lziwak xexx8yu xyri2b x18d9i69 x1c1uobl x1hl2dhg x16tdsg8 x1vvkbs\"><a class=\"x1i10hfl xjbqb8w x1ejq31n x18oe1m7 x1sy0etr xstzfhl x972fbf x10w94by x1qhh985 x14e42zd x9f619 x1ypdohk xt0psk2 x3ct3a4 xdj266r x14z9mp xat24cr x1lziwak xexx8yu xyri2b x18d9i69 x1c1uobl x16tdsg8 x1hl2dhg xggy1nq x1a2a7pz xkrqix3 x1sur9pj x1fey0fg x1s688f\" tabindex=\"0\" role=\"link\" href=\"https:\/\/www.juntadeandalucia.es\/educacion\/secretariavirtual\/consultaCEP\/actividad\/269919KPI442\/\" target=\"_blank\" rel=\"nofollow noopener noreferrer\">https:\/\/www.juntadeandalucia.es\/educacion\/secretariavirtual\/consultaCEP\/actividad\/269919KPI442\/<\/a><\/span><\/div>\n<\/div>\n<div dir=\"auto\"><\/div>\n<div dir=\"auto\"><a href=\"https:\/\/www.juntadeandalucia.es\/educacion\/secretariavirtual\/consultaCEP\/actividad\/269919KPI442\/\"><img data-recalc-dims=\"1\" loading=\"lazy\" decoding=\"async\" class=\"aligncenter wp-image-8934\" src=\"https:\/\/i0.wp.com\/cepronda.com\/blog\/wp-content\/uploads\/2025\/10\/centros-bilingues.png?resize=500%2C498&#038;ssl=1\" alt=\"\" width=\"500\" height=\"498\" srcset=\"https:\/\/i0.wp.com\/cepronda.com\/blog\/wp-content\/uploads\/2025\/10\/centros-bilingues.png?w=662&amp;ssl=1 662w, https:\/\/i0.wp.com\/cepronda.com\/blog\/wp-content\/uploads\/2025\/10\/centros-bilingues.png?resize=300%2C300&amp;ssl=1 300w, https:\/\/i0.wp.com\/cepronda.com\/blog\/wp-content\/uploads\/2025\/10\/centros-bilingues.png?resize=150%2C150&amp;ssl=1 150w\" sizes=\"auto, (max-width: 500px) 100vw, 500px\" \/><\/a><\/div>\n","protected":false},"excerpt":{"rendered":"<p>Hasta el d\u00eda 20 de octubre, se encuentra abierto el plazo de solicitudes del curso regional: \u00abLIDERAZGO EFECTIVO PARA EL \u00c9XITO DE LA ENSE\u00d1ANZA BILING\u00dcE\u00bb, con c\u00f3digo 269919KPI442. Curso semipresencial: 30 horas: 10 presenciales, a trav\u00e9s de cinco sesiones de videoconferencia, y 20 no presenciales. \u00c1mbito: Regional. Fecha inscripci\u00f3n: 09\/10\/2025 hasta 20\/10\/2025. Fechas de realizaci\u00f3n: [&hellip;]<\/p>\n","protected":false},"author":9,"featured_media":8934,"comment_status":"closed","ping_status":"open","sticky":false,"template":"","format":"standard","meta":{"_crdt_document":"","advanced_seo_description":"","jetpack_seo_html_title":"","jetpack_seo_noindex":false,"jetpack_post_was_ever_published":false,"_jetpack_newsletter_access":"","_jetpack_dont_email_post_to_subs":false,"_jetpack_newsletter_tier_id":0,"_jetpack_memberships_contains_paywalled_content":false,"_jetpack_memberships_contains_paid_content":false,"footnotes":"","jetpack_publicize_message":"","jetpack_publicize_feature_enabled":true,"jetpack_social_post_already_shared":true,"jetpack_social_options":{"image_generator_settings":{"template":"highway","default_image_id":0,"font":"","enabled":false},"version":2}},"categories":[3],"tags":[434,433],"class_list":{"0":"post-8933","1":"post","2":"type-post","3":"status-publish","4":"format-standard","5":"has-post-thumbnail","7":"category-formaciones","8":"tag-centros-bilingues","9":"tag-liderazgo-efectivo","10":"czr-hentry"},"jetpack_publicize_connections":[],"jetpack_featured_media_url":"https:\/\/i0.wp.com\/cepronda.com\/blog\/wp-content\/uploads\/2025\/10\/centros-bilingues.png?fit=662%2C660&ssl=1","jetpack_shortlink":"https:\/\/wp.me\/p8M4X7-2k5","jetpack-related-posts":[{"id":8015,"url":"https:\/\/cepronda.com\/blog\/curso-regional-liderazgo-efectivo-para-el-exito-de-la-ensenanza-bilingue-codigo-259920kpi442\/","url_meta":{"origin":8933,"position":0},"title":"CURSO REGIONAL: LIDERAZGO EFECTIVO PARA EL \u00c9XITO DE LA ENSE\u00d1ANZA BILING\u00dcE, c\u00f3digo 259920KPI442.","author":"Inmaculada Garc\u00eda","date":"9 enero, 2025","format":false,"excerpt":"Os informamos que se encuentra abierto el plazo de solicitudes para actividad regional: LIDERAZGO EFECTIVO PARA EL \u00c9XITO DE LA ENSE\u00d1ANZA BILING\u00dcE, c\u00f3digo 259920KPI442. \u00a0 Fecha de inscripci\u00f3n: hasta el d\u00eda 15 de enero. Inicio del curso: 21 de enero. Fin del curso: 21 de marzo N\u00famero de plazas: 150\u2026","rel":"","context":"En \u00abFormaciones\u00bb","block_context":{"text":"Formaciones","link":"https:\/\/cepronda.com\/blog\/category\/formaciones\/"},"img":{"alt_text":"","src":"https:\/\/i0.wp.com\/cepronda.com\/blog\/wp-content\/uploads\/2025\/01\/Sunset-Sky-Quote-Mobile-Video.jpg?fit=1200%2C1200&ssl=1&resize=350%2C200","width":350,"height":200,"srcset":"https:\/\/i0.wp.com\/cepronda.com\/blog\/wp-content\/uploads\/2025\/01\/Sunset-Sky-Quote-Mobile-Video.jpg?fit=1200%2C1200&ssl=1&resize=350%2C200 1x, https:\/\/i0.wp.com\/cepronda.com\/blog\/wp-content\/uploads\/2025\/01\/Sunset-Sky-Quote-Mobile-Video.jpg?fit=1200%2C1200&ssl=1&resize=525%2C300 1.5x, https:\/\/i0.wp.com\/cepronda.com\/blog\/wp-content\/uploads\/2025\/01\/Sunset-Sky-Quote-Mobile-Video.jpg?fit=1200%2C1200&ssl=1&resize=700%2C400 2x, https:\/\/i0.wp.com\/cepronda.com\/blog\/wp-content\/uploads\/2025\/01\/Sunset-Sky-Quote-Mobile-Video.jpg?fit=1200%2C1200&ssl=1&resize=1050%2C600 3x"},"classes":[]},{"id":9148,"url":"https:\/\/cepronda.com\/blog\/liderazgo-efectivo-para-el-exito-de-la-ensenanza-bilingue\/","url_meta":{"origin":8933,"position":1},"title":"LIDERAZGO EFECTIVO PARA EL \u00c9XITO DE LA ENSE\u00d1ANZA BILING\u00dcE","author":"Inmaculada Garc\u00eda","date":"18 diciembre, 2025","format":false,"excerpt":"Se encuentra abierto el plazo de inscripci\u00f3n para la formaci\u00f3n semipresencial: \"LIDERAZGO EFECTIVO PARA EL \u00c9XITO DE LA ENSE\u00d1ANZA BILING\u00dcE\" . C\u00f3digo: 269903QPI442 Curso semipresencial de 30 horas: 10 horas presenciales (5 videoconferencias) 20 horas no presenciales \u00c1mbito: Regional Fechas: 20 de enero al 23 de marzo. M\u00e1s informaci\u00f3n e\u2026","rel":"","context":"En \u00abFormaciones\u00bb","block_context":{"text":"Formaciones","link":"https:\/\/cepronda.com\/blog\/category\/formaciones\/"},"img":{"alt_text":"","src":"https:\/\/i0.wp.com\/cepronda.com\/blog\/wp-content\/uploads\/2025\/12\/Copia-de-Copia-de-IG.-DIFUSION-CURSOS.-HAZ-UNA-COPIA.png?fit=1080%2C1080&ssl=1&resize=350%2C200","width":350,"height":200,"srcset":"https:\/\/i0.wp.com\/cepronda.com\/blog\/wp-content\/uploads\/2025\/12\/Copia-de-Copia-de-IG.-DIFUSION-CURSOS.-HAZ-UNA-COPIA.png?fit=1080%2C1080&ssl=1&resize=350%2C200 1x, https:\/\/i0.wp.com\/cepronda.com\/blog\/wp-content\/uploads\/2025\/12\/Copia-de-Copia-de-IG.-DIFUSION-CURSOS.-HAZ-UNA-COPIA.png?fit=1080%2C1080&ssl=1&resize=525%2C300 1.5x, https:\/\/i0.wp.com\/cepronda.com\/blog\/wp-content\/uploads\/2025\/12\/Copia-de-Copia-de-IG.-DIFUSION-CURSOS.-HAZ-UNA-COPIA.png?fit=1080%2C1080&ssl=1&resize=700%2C400 2x, https:\/\/i0.wp.com\/cepronda.com\/blog\/wp-content\/uploads\/2025\/12\/Copia-de-Copia-de-IG.-DIFUSION-CURSOS.-HAZ-UNA-COPIA.png?fit=1080%2C1080&ssl=1&resize=1050%2C600 3x"},"classes":[]},{"id":7685,"url":"https:\/\/cepronda.com\/blog\/formacion-dislexia-ensenanza-de-la-lectura-basada-en-evidencias-prevencion-en-infantil-e-intervencion-en-primaria-con-codigo-252925ge601\/","url_meta":{"origin":8933,"position":2},"title":"FORMACI\u00d3N: DISLEXIA: ENSE\u00d1ANZA DE LA LECTURA BASADA EN EVIDENCIAS, PREVENCI\u00d3N EN INFANTIL E INTERVENCI\u00d3N EN PRIMARIA, con c\u00f3digo 252925GE601.","author":"Inmaculada Garc\u00eda","date":"9 septiembre, 2024","format":false,"excerpt":"Os informamos que se encuentra abierta la inscripci\u00f3n en el curso provincial, organizado por el CEP de Antequera: \"DISLEXIA: ENSE\u00d1ANZA DE LA LECTURA BASADA EN EVIDENCIAS, PREVENCI\u00d3N EN INFANTIL E INTERVENCI\u00d3N EN PRIMARIA\", con c\u00f3digo 252925GE601, con Juli\u00e1n Palaz\u00f3n y Auxiliadora S\u00e1nchez como ponentes. Este curso est\u00e1 dirigido a maestros\u2026","rel":"","context":"En \u00abFormaciones\u00bb","block_context":{"text":"Formaciones","link":"https:\/\/cepronda.com\/blog\/category\/formaciones\/"},"img":{"alt_text":"","src":"https:\/\/i0.wp.com\/cepronda.com\/blog\/wp-content\/uploads\/2024\/09\/CURSO-DISLEXIA-ANTEQUERA-CARTEL.jpeg?fit=1080%2C1080&ssl=1&resize=350%2C200","width":350,"height":200,"srcset":"https:\/\/i0.wp.com\/cepronda.com\/blog\/wp-content\/uploads\/2024\/09\/CURSO-DISLEXIA-ANTEQUERA-CARTEL.jpeg?fit=1080%2C1080&ssl=1&resize=350%2C200 1x, https:\/\/i0.wp.com\/cepronda.com\/blog\/wp-content\/uploads\/2024\/09\/CURSO-DISLEXIA-ANTEQUERA-CARTEL.jpeg?fit=1080%2C1080&ssl=1&resize=525%2C300 1.5x, https:\/\/i0.wp.com\/cepronda.com\/blog\/wp-content\/uploads\/2024\/09\/CURSO-DISLEXIA-ANTEQUERA-CARTEL.jpeg?fit=1080%2C1080&ssl=1&resize=700%2C400 2x, https:\/\/i0.wp.com\/cepronda.com\/blog\/wp-content\/uploads\/2024\/09\/CURSO-DISLEXIA-ANTEQUERA-CARTEL.jpeg?fit=1080%2C1080&ssl=1&resize=1050%2C600 3x"},"classes":[]},{"id":5072,"url":"https:\/\/cepronda.com\/blog\/funcion-asesora-y-liderazgo-docente\/","url_meta":{"origin":8933,"position":3},"title":"FUNCI\u00d3N ASESORA Y LIDERAZGO DOCENTE","author":"Maribel Mu\u00f1oz","date":"2 febrero, 2022","format":false,"excerpt":"Buenos d\u00edas compa\u00f1eras y compa\u00f1eros Os informamos que est\u00e1 abierto el plazo de solicitudes para\u00a0 el curso FUNCI\u00d3N ASESORA Y LIDERAZGO DOCENTE: ASESORAR PARA INNOVAR 229902PF383 Este curso va dirigido a aquel profesorado de centros de titularidad p\u00fablica que quiera conocer en qu\u00e9 consiste la funci\u00f3n asesora, cu\u00e1l es el\u2026","rel":"","context":"En \u00abFormaciones\u00bb","block_context":{"text":"Formaciones","link":"https:\/\/cepronda.com\/blog\/category\/formaciones\/"},"img":{"alt_text":"","src":"https:\/\/i0.wp.com\/cepronda.com\/blog\/wp-content\/uploads\/2020\/03\/S%C2%B0mbolo-gen%C3%87rico-RRSS-redondo-negativo.png?fit=1200%2C1200&ssl=1&resize=350%2C200","width":350,"height":200,"srcset":"https:\/\/i0.wp.com\/cepronda.com\/blog\/wp-content\/uploads\/2020\/03\/S%C2%B0mbolo-gen%C3%87rico-RRSS-redondo-negativo.png?fit=1200%2C1200&ssl=1&resize=350%2C200 1x, https:\/\/i0.wp.com\/cepronda.com\/blog\/wp-content\/uploads\/2020\/03\/S%C2%B0mbolo-gen%C3%87rico-RRSS-redondo-negativo.png?fit=1200%2C1200&ssl=1&resize=525%2C300 1.5x, https:\/\/i0.wp.com\/cepronda.com\/blog\/wp-content\/uploads\/2020\/03\/S%C2%B0mbolo-gen%C3%87rico-RRSS-redondo-negativo.png?fit=1200%2C1200&ssl=1&resize=700%2C400 2x, https:\/\/i0.wp.com\/cepronda.com\/blog\/wp-content\/uploads\/2020\/03\/S%C2%B0mbolo-gen%C3%87rico-RRSS-redondo-negativo.png?fit=1200%2C1200&ssl=1&resize=1050%2C600 3x"},"classes":[]},{"id":9454,"url":"https:\/\/cepronda.com\/blog\/jjjj\/","url_meta":{"origin":8933,"position":4},"title":"BBPP PARA EL FOMENTO DE LA ORALIDAD EN EL AULA BILING\u00dcE EN SECUNDARIA Y BACHILLERATO","author":"Encarni Jim\u00e9nez Rosado","date":"12 marzo, 2026","format":false,"excerpt":"Abierta inscripci\u00f3n de la Actividad Formativa: \"BBPP PARA EL FOMENTO DE LA ORALIDAD EN EL AULA BILING\u00dcE EN SECUNDARIA Y BACCHILLERATO\" Curso enfocado a facilitar a los docentes las herramientas necesarias para dominar la oralidad en el enfoque AICLE (Aprendizaje Integrado de contenidos y Lenguas Extranjeras). A trav\u00e9s de buenas\u2026","rel":"","context":"En \u00abFormaciones\u00bb","block_context":{"text":"Formaciones","link":"https:\/\/cepronda.com\/blog\/category\/formaciones\/"},"img":{"alt_text":"","src":"","width":0,"height":0},"classes":[]},{"id":7950,"url":"https:\/\/cepronda.com\/blog\/actividad-regional-formacion-en-debate-academico-jurados-curso-24-25-con-codigo-259922in007\/","url_meta":{"origin":8933,"position":5},"title":"ACTIVIDAD REGIONAL: FORMACI\u00d3N EN DEBATE ACAD\u00c9MICO: JURADOS. CURSO 24-25, con c\u00f3digo 259922IN007.","author":"Inmaculada Garc\u00eda","date":"17 diciembre, 2024","format":false,"excerpt":"Se encuentra abierto el plazo de inscripci\u00f3n en la ACTIVIDAD REGIONAL: FORMACI\u00d3N EN DEBATE ACAD\u00c9MICO: JURADOS. CURSO 24-25, con c\u00f3digo 259922IN007. \u270f\ufe0fPlazo de inscripci\u00f3n:17\/12\/2024-14\/01\/2025 Fecha de actividad: 21\/01\/2025-14\/02\/2025. Sesiones presenciales online (Webex): 21 y 28 de enero, 4 de febrero en horario de tarde. \u23f3Duraci\u00f3n: 12 horas (9 horas presenciales\u2026","rel":"","context":"En \u00abFormaciones\u00bb","block_context":{"text":"Formaciones","link":"https:\/\/cepronda.com\/blog\/category\/formaciones\/"},"img":{"alt_text":"","src":"https:\/\/i0.wp.com\/cepronda.com\/blog\/wp-content\/uploads\/2024\/12\/WhatsApp-Image-2024-12-17-at-11.11.56.jpeg?fit=1080%2C1080&ssl=1&resize=350%2C200","width":350,"height":200,"srcset":"https:\/\/i0.wp.com\/cepronda.com\/blog\/wp-content\/uploads\/2024\/12\/WhatsApp-Image-2024-12-17-at-11.11.56.jpeg?fit=1080%2C1080&ssl=1&resize=350%2C200 1x, https:\/\/i0.wp.com\/cepronda.com\/blog\/wp-content\/uploads\/2024\/12\/WhatsApp-Image-2024-12-17-at-11.11.56.jpeg?fit=1080%2C1080&ssl=1&resize=525%2C300 1.5x, https:\/\/i0.wp.com\/cepronda.com\/blog\/wp-content\/uploads\/2024\/12\/WhatsApp-Image-2024-12-17-at-11.11.56.jpeg?fit=1080%2C1080&ssl=1&resize=700%2C400 2x, https:\/\/i0.wp.com\/cepronda.com\/blog\/wp-content\/uploads\/2024\/12\/WhatsApp-Image-2024-12-17-at-11.11.56.jpeg?fit=1080%2C1080&ssl=1&resize=1050%2C600 3x"},"classes":[]}],"jetpack_sharing_enabled":true,"_links":{"self":[{"href":"https:\/\/cepronda.com\/blog\/wp-json\/wp\/v2\/posts\/8933","targetHints":{"allow":["GET"]}}],"collection":[{"href":"https:\/\/cepronda.com\/blog\/wp-json\/wp\/v2\/posts"}],"about":[{"href":"https:\/\/cepronda.com\/blog\/wp-json\/wp\/v2\/types\/post"}],"author":[{"embeddable":true,"href":"https:\/\/cepronda.com\/blog\/wp-json\/wp\/v2\/users\/9"}],"replies":[{"embeddable":true,"href":"https:\/\/cepronda.com\/blog\/wp-json\/wp\/v2\/comments?post=8933"}],"version-history":[{"count":2,"href":"https:\/\/cepronda.com\/blog\/wp-json\/wp\/v2\/posts\/8933\/revisions"}],"predecessor-version":[{"id":8988,"href":"https:\/\/cepronda.com\/blog\/wp-json\/wp\/v2\/posts\/8933\/revisions\/8988"}],"wp:featuredmedia":[{"embeddable":true,"href":"https:\/\/cepronda.com\/blog\/wp-json\/wp\/v2\/media\/8934"}],"wp:attachment":[{"href":"https:\/\/cepronda.com\/blog\/wp-json\/wp\/v2\/media?parent=8933"}],"wp:term":[{"taxonomy":"category","embeddable":true,"href":"https:\/\/cepronda.com\/blog\/wp-json\/wp\/v2\/categories?post=8933"},{"taxonomy":"post_tag","embeddable":true,"href":"https:\/\/cepronda.com\/blog\/wp-json\/wp\/v2\/tags?post=8933"}],"curies":[{"name":"wp","href":"https:\/\/api.w.org\/{rel}","templated":true}]}}