{"id":8930,"date":"2025-10-14T11:58:43","date_gmt":"2025-10-14T09:58:43","guid":{"rendered":"https:\/\/cepronda.com\/blog\/?p=8930"},"modified":"2025-10-17T17:13:58","modified_gmt":"2025-10-17T15:13:58","slug":"del-aula-al-escenario-regiduria-ambientacion-musical-y-escenografia-para-proyectos-escolares","status":"publish","type":"post","link":"https:\/\/cepronda.com\/blog\/del-aula-al-escenario-regiduria-ambientacion-musical-y-escenografia-para-proyectos-escolares\/","title":{"rendered":"DEL AULA AL ESCENARIO. REGIDUR\u00cdA, AMBIENTACI\u00d3N MUSICAL Y ESCENOGRAF\u00cdA PARA PROYECTOS ESCOLARES"},"content":{"rendered":"<div class=\"\" data-block=\"true\" data-editor=\"clik\" data-offset-key=\"93s19-0-0\">\n<div class=\"_1mf _1mj\" data-offset-key=\"93s19-0-0\"><span data-offset-key=\"93s19-0-0\">Abierto el plazo de inscripciones para el curso: <strong>Del aula al escenario. Regidur\u00eda, ambientaci\u00f3n musical y escenograf\u00eda para proyectos escolares <\/strong>con c\u00f3digo <strong>262924GE052.<\/strong><\/span><\/div>\n<\/div>\n<div class=\"\" data-block=\"true\" data-editor=\"clik\" data-offset-key=\"7kolm-0-0\">\n<div class=\"_1mf _1mj\" data-offset-key=\"7kolm-0-0\"><span data-offset-key=\"7kolm-0-0\">\u00a0<\/span><\/div>\n<\/div>\n<div class=\"\" data-block=\"true\" data-editor=\"clik\" data-offset-key=\"e5hqs-0-0\">\n<div class=\"_1mf _1mj\" data-offset-key=\"e5hqs-0-0\"><span data-offset-key=\"e5hqs-0-0\">Plazos de inscripciones: Del 14\/10\/2025 al 07\/11\/2025 <\/span><\/div>\n<\/div>\n<div class=\"\" data-block=\"true\" data-editor=\"clik\" data-offset-key=\"830gm-0-0\">\n<div class=\"_1mf _1mj\" data-offset-key=\"830gm-0-0\"><span data-offset-key=\"830gm-0-0\">Fechas del curso: 12, 13, 19 y 20 de noviembre<\/span><\/div>\n<\/div>\n<div class=\"\" data-block=\"true\" data-editor=\"clik\" data-offset-key=\"2l7bh-0-0\">\n<div class=\"_1mf _1mj\" data-offset-key=\"2l7bh-0-0\"><span data-offset-key=\"2l7bh-0-0\">Duraci\u00f3n: 12 horas presenciales <\/span><\/div>\n<\/div>\n<div class=\"\" data-block=\"true\" data-editor=\"clik\" data-offset-key=\"678as-0-0\">\n<div class=\"_1mf _1mj\" data-offset-key=\"678as-0-0\"><span data-offset-key=\"678as-0-0\">Lugar: Sal\u00f3n de actos del CEP en Ronda (M\u00e1laga) <\/span><\/div>\n<\/div>\n<div class=\"\" data-block=\"true\" data-editor=\"clik\" data-offset-key=\"652th-0-0\">\n<div class=\"_1mf _1mj\" data-offset-key=\"652th-0-0\"><span style=\"font-weight: inherit;\">M\u00e1s informaci\u00f3n e inscripciones:<\/span><a style=\"font-weight: inherit;\" href=\"https:\/\/www.juntadeandalucia.es\/educacion\/secretariavirtual\/consultaCEP\/actividad\/262924GE052\/\"> https:\/\/www.juntadeandalucia.es\/educacion\/secretariavirtual\/consultaCEP\/actividad\/262924GE052\/<\/a><\/div>\n<\/div>\n<div class=\"\" data-block=\"true\" data-editor=\"clik\" data-offset-key=\"a8r8g-0-0\">\n<div data-offset-key=\"a8r8g-0-0\"><\/div>\n<div data-offset-key=\"a8r8g-0-0\"><img data-recalc-dims=\"1\" loading=\"lazy\" decoding=\"async\" class=\"wp-image-8931 size-medium aligncenter\" src=\"https:\/\/i0.wp.com\/cepronda.com\/blog\/wp-content\/uploads\/2025\/10\/DEL-AULA-AL-ESCENARIO.-REGIDURIA-AMBIENTACION-MUSICAL-Y-ESCENOGRAFIA-PARA-PROYECTOS-ESCOLARES-240x300.png?resize=240%2C300&#038;ssl=1\" alt=\"\" width=\"240\" height=\"300\" srcset=\"https:\/\/i0.wp.com\/cepronda.com\/blog\/wp-content\/uploads\/2025\/10\/DEL-AULA-AL-ESCENARIO.-REGIDURIA-AMBIENTACION-MUSICAL-Y-ESCENOGRAFIA-PARA-PROYECTOS-ESCOLARES.png?resize=240%2C300&amp;ssl=1 240w, https:\/\/i0.wp.com\/cepronda.com\/blog\/wp-content\/uploads\/2025\/10\/DEL-AULA-AL-ESCENARIO.-REGIDURIA-AMBIENTACION-MUSICAL-Y-ESCENOGRAFIA-PARA-PROYECTOS-ESCOLARES.png?resize=819%2C1024&amp;ssl=1 819w, https:\/\/i0.wp.com\/cepronda.com\/blog\/wp-content\/uploads\/2025\/10\/DEL-AULA-AL-ESCENARIO.-REGIDURIA-AMBIENTACION-MUSICAL-Y-ESCENOGRAFIA-PARA-PROYECTOS-ESCOLARES.png?resize=768%2C960&amp;ssl=1 768w, https:\/\/i0.wp.com\/cepronda.com\/blog\/wp-content\/uploads\/2025\/10\/DEL-AULA-AL-ESCENARIO.-REGIDURIA-AMBIENTACION-MUSICAL-Y-ESCENOGRAFIA-PARA-PROYECTOS-ESCOLARES.png?w=1080&amp;ssl=1 1080w\" sizes=\"auto, (max-width: 240px) 100vw, 240px\" \/><\/div>\n<\/div>\n","protected":false},"excerpt":{"rendered":"<p>Abierto el plazo de inscripciones para el curso: Del aula al escenario. Regidur\u00eda, ambientaci\u00f3n musical y escenograf\u00eda para proyectos escolares con c\u00f3digo 262924GE052. \u00a0 Plazos de inscripciones: Del 14\/10\/2025 al 07\/11\/2025 Fechas del curso: 12, 13, 19 y 20 de noviembre Duraci\u00f3n: 12 horas presenciales Lugar: Sal\u00f3n de actos del CEP en Ronda (M\u00e1laga) M\u00e1s [&hellip;]<\/p>\n","protected":false},"author":13,"featured_media":8931,"comment_status":"closed","ping_status":"open","sticky":false,"template":"","format":"standard","meta":{"_crdt_document":"","advanced_seo_description":"","jetpack_seo_html_title":"","jetpack_seo_noindex":false,"jetpack_post_was_ever_published":false,"_jetpack_newsletter_access":"","_jetpack_dont_email_post_to_subs":false,"_jetpack_newsletter_tier_id":0,"_jetpack_memberships_contains_paywalled_content":false,"_jetpack_memberships_contains_paid_content":false,"footnotes":"","jetpack_publicize_message":"","jetpack_publicize_feature_enabled":true,"jetpack_social_post_already_shared":true,"jetpack_social_options":{"image_generator_settings":{"template":"highway","default_image_id":0,"font":"","enabled":false},"version":2}},"categories":[3],"tags":[222,64],"class_list":{"0":"post-8930","1":"post","2":"type-post","3":"status-publish","4":"format-standard","5":"has-post-thumbnail","7":"category-formaciones","8":"tag-internivelar","9":"tag-teatro","10":"czr-hentry"},"jetpack_publicize_connections":[],"jetpack_featured_media_url":"https:\/\/i0.wp.com\/cepronda.com\/blog\/wp-content\/uploads\/2025\/10\/DEL-AULA-AL-ESCENARIO.-REGIDURIA-AMBIENTACION-MUSICAL-Y-ESCENOGRAFIA-PARA-PROYECTOS-ESCOLARES.png?fit=1080%2C1350&ssl=1","jetpack_shortlink":"https:\/\/wp.me\/p8M4X7-2k2","jetpack-related-posts":[{"id":5657,"url":"https:\/\/cepronda.com\/blog\/elaboracion-de-proyectos-de-calidad-erasmus-2023\/","url_meta":{"origin":8930,"position":0},"title":"ELABORACI\u00d3N DE PROYECTOS DE CALIDAD ERASMUS 2023","author":"Mamen Moreno","date":"13 diciembre, 2022","format":false,"excerpt":"Se encuentra abierto el plazo de solicitudes de la actividad formativa ELABORACI\u00d3N DE PROYECTOS DE CALIDAD ERASMUS 2023 Curso dirigido a Equipos Directivos y profesorado interesado en participar en el Programa Erasmus+ en los pr\u00f3ximos cursos acad\u00e9micos Curso a distancia en el Aula Virtual de Formaci\u00f3n del Profesorado \u270d\ufe0f Inscripciones\u2026","rel":"","context":"En \u00abFormaciones\u00bb","block_context":{"text":"Formaciones","link":"https:\/\/cepronda.com\/blog\/category\/formaciones\/"},"img":{"alt_text":"","src":"https:\/\/i0.wp.com\/cepronda.com\/blog\/wp-content\/uploads\/2022\/12\/d8f22376-1582-46c4-b762-083e18e67201-2.jpg?fit=1080%2C1080&ssl=1&resize=350%2C200","width":350,"height":200,"srcset":"https:\/\/i0.wp.com\/cepronda.com\/blog\/wp-content\/uploads\/2022\/12\/d8f22376-1582-46c4-b762-083e18e67201-2.jpg?fit=1080%2C1080&ssl=1&resize=350%2C200 1x, https:\/\/i0.wp.com\/cepronda.com\/blog\/wp-content\/uploads\/2022\/12\/d8f22376-1582-46c4-b762-083e18e67201-2.jpg?fit=1080%2C1080&ssl=1&resize=525%2C300 1.5x, https:\/\/i0.wp.com\/cepronda.com\/blog\/wp-content\/uploads\/2022\/12\/d8f22376-1582-46c4-b762-083e18e67201-2.jpg?fit=1080%2C1080&ssl=1&resize=700%2C400 2x, https:\/\/i0.wp.com\/cepronda.com\/blog\/wp-content\/uploads\/2022\/12\/d8f22376-1582-46c4-b762-083e18e67201-2.jpg?fit=1080%2C1080&ssl=1&resize=1050%2C600 3x"},"classes":[]},{"id":8848,"url":"https:\/\/cepronda.com\/blog\/xiv-curso-de-formacion-aula-joaquin-peinado-una-mirada-a-las-otras-artes\/","url_meta":{"origin":8930,"position":1},"title":"XIV CURSO DE FORMACI\u00d3N AULA JOAQU\u00cdN PEINADO: UNA MIRADA A LAS OTRAS ARTES","author":"Mamen Moreno","date":"25 septiembre, 2025","format":false,"excerpt":"Abiertas inscripciones al curso: XIV Curso de Formaci\u00f3n Aula Joaqu\u00edn Peinado: Una mirada a las otras artes. C\u00f3digo: 262924GE051 Fechas del curso: del 21 de octubre al 11 de noviembre de 2025. Lugar de realizaci\u00f3n: Centro Cultural Fundaci\u00f3n Unicaja de Ronda Horario: 18:30 a 20:00 Plazo de inscripci\u00f3n: del 25\u2026","rel":"","context":"En \u00abFormaciones\u00bb","block_context":{"text":"Formaciones","link":"https:\/\/cepronda.com\/blog\/category\/formaciones\/"},"img":{"alt_text":"","src":"https:\/\/i0.wp.com\/cepronda.com\/blog\/wp-content\/uploads\/2025\/09\/ceramica-2.png?fit=900%2C1200&ssl=1&resize=350%2C200","width":350,"height":200,"srcset":"https:\/\/i0.wp.com\/cepronda.com\/blog\/wp-content\/uploads\/2025\/09\/ceramica-2.png?fit=900%2C1200&ssl=1&resize=350%2C200 1x, https:\/\/i0.wp.com\/cepronda.com\/blog\/wp-content\/uploads\/2025\/09\/ceramica-2.png?fit=900%2C1200&ssl=1&resize=525%2C300 1.5x, https:\/\/i0.wp.com\/cepronda.com\/blog\/wp-content\/uploads\/2025\/09\/ceramica-2.png?fit=900%2C1200&ssl=1&resize=700%2C400 2x"},"classes":[]},{"id":4785,"url":"https:\/\/cepronda.com\/blog\/gestionando-nuestras-bibliotecas-escolares-con-biblioweb-seneca\/","url_meta":{"origin":8930,"position":2},"title":"GESTIONANDO NUESTRAS BIBLIOTECAS ESCOLARES CON BIBLIOWEB-S\u00c9NECA","author":"Maribel Mu\u00f1oz","date":"18 octubre, 2021","format":false,"excerpt":"Buenas tardes compa\u00f1eras y compa\u00f1eros, Os informamos que est\u00e1 abierto el plazo de inscripci\u00f3n en la actividad GESTIONANDO NUESTRAS BIBLIOTECAS ESCOLARES CON BIBLIOWEB-S\u00c9NECA. Es una actividad PROVINCIAL, gestionada por el\u00a0 CEP de M\u00e1laga,\u00a0 con c\u00f3digo 222922GE063.\u00a0 Se desarrollar\u00e1 en el Aula Virtual de Formaci\u00f3n del Profesorado. Las fechas de la\u2026","rel":"","context":"En \u00abFormaciones\u00bb","block_context":{"text":"Formaciones","link":"https:\/\/cepronda.com\/blog\/category\/formaciones\/"},"img":{"alt_text":"","src":"https:\/\/i0.wp.com\/cepronda.com\/blog\/wp-content\/uploads\/2020\/10\/bibliotecas-escolares-300x70.jpg?resize=350%2C200","width":350,"height":200},"classes":[]},{"id":5995,"url":"https:\/\/cepronda.com\/blog\/curso-aplicaciones-en-el-aula-de-inteligencia-artificial-231812ge220\/","url_meta":{"origin":8930,"position":3},"title":"CURSO APLICACIONES EN EL AULA DE INTELIGENCIA ARTIFICIAL (231812GE220)","author":"Inmaculada Garc\u00eda","date":"24 mayo, 2023","format":false,"excerpt":"Estimado\/a compa\u00f1ero\/a, Te informo que se encuentra abierta la inscripci\u00f3n al CURSO a DISTANCIA de \u00c1MBITO REGIONAL, INTERDISCIPLINAR: APLICACIONES EN EL AULA DE INTELIGENCIA ARTIFICIAL, organizado por el CEP de Motril. C\u00f3digo: 231812GE220 Inscripciones: desde el 16\/05\/2023 hasta 24\/05\/2023 Fecha actividad:\u00a026\/05\/2023 hasta 26\/06\/2023 Lugar de realizaci\u00f3n: Aula Virtual de Formaci\u00f3n\u2026","rel":"","context":"En \u00abFormaciones\u00bb","block_context":{"text":"Formaciones","link":"https:\/\/cepronda.com\/blog\/category\/formaciones\/"},"img":{"alt_text":"","src":"https:\/\/i0.wp.com\/cepronda.com\/blog\/wp-content\/uploads\/2023\/05\/inteligencia-artificial-aplicaciones.png?fit=1200%2C1200&ssl=1&resize=350%2C200","width":350,"height":200,"srcset":"https:\/\/i0.wp.com\/cepronda.com\/blog\/wp-content\/uploads\/2023\/05\/inteligencia-artificial-aplicaciones.png?fit=1200%2C1200&ssl=1&resize=350%2C200 1x, https:\/\/i0.wp.com\/cepronda.com\/blog\/wp-content\/uploads\/2023\/05\/inteligencia-artificial-aplicaciones.png?fit=1200%2C1200&ssl=1&resize=525%2C300 1.5x, https:\/\/i0.wp.com\/cepronda.com\/blog\/wp-content\/uploads\/2023\/05\/inteligencia-artificial-aplicaciones.png?fit=1200%2C1200&ssl=1&resize=700%2C400 2x, https:\/\/i0.wp.com\/cepronda.com\/blog\/wp-content\/uploads\/2023\/05\/inteligencia-artificial-aplicaciones.png?fit=1200%2C1200&ssl=1&resize=1050%2C600 3x"},"classes":[]},{"id":9185,"url":"https:\/\/cepronda.com\/blog\/9185-2\/","url_meta":{"origin":8930,"position":4},"title":"CURSO EL APRENDIZAJE COOPERATIVO COMO ESTRATEGIA DE GESTI\u00d3N DE AULA","author":"Encarni Jim\u00e9nez Rosado","date":"13 enero, 2026","format":false,"excerpt":"Abierto plazo de inscripci\u00f3n para el curso \u201cEL APRENDIZAJE COOPERATIVO COMO ESTRATEGIA DE GESTI\u00d3N DE AULA\u201d C\u00f3digo: 262925GE401 Inscripciones: desde el 09\/01\/2026 hasta 27\/01\/2026 Fecha de inicio y fin del curso: 02\/02\/2026 hasta 08\/04\/2026 Lugar de realizaci\u00f3n: Aula Virtual de Formaci\u00f3n del Profesorado (https:\/\/educacionadistancia.juntadeandalucia.es\/profesorado\/) Detalle e inscripci\u00f3n: https:\/\/secretariavirtual.juntadeandalucia.es\/secretariavirtual\/consultaCEP\/actividad\/262925GE401\/","rel":"","context":"En \u00abFormaciones\u00bb","block_context":{"text":"Formaciones","link":"https:\/\/cepronda.com\/blog\/category\/formaciones\/"},"img":{"alt_text":"","src":"https:\/\/i0.wp.com\/cepronda.com\/blog\/wp-content\/uploads\/2026\/01\/WhatsApp-Image-2026-01-13-at-12.20.28-e1768303479670.jpeg?fit=500%2C835&ssl=1&resize=350%2C200","width":350,"height":200},"classes":[]},{"id":7946,"url":"https:\/\/cepronda.com\/blog\/curso-provincial-jornadas-de-formacion-cambridge-con-codigo-259923kpi441\/","url_meta":{"origin":8930,"position":5},"title":"CURSO PROVINCIAL \u00abJornadas de formaci\u00f3n Cambridge\u00bb, con c\u00f3digo: 259923KPI441.","author":"Inmaculada Garc\u00eda","date":"17 diciembre, 2024","format":false,"excerpt":"Abierto el plazo de solicitudes para el PLAZO DE INSCRIPCI\u00d3N: Presentaci\u00f3n solicitudes: Inscripciones del 13\/12\/2024 al 08\/01\/2025 FECHA DE REALIZACI\u00d3N: Fechas de actividad: 16\/01\/2025 al 03\/03\/2025 Lugar de realizaci\u00f3n: Aula Virtual de Formaci\u00f3n del Profesorado \u270f\ufe0fInscripci\u00f3n: https:\/\/www.juntadeandalucia.es\/educacion\/secretariavirtual\/consultaCEP\/actividad\/259923KPI441\/","rel":"","context":"En \u00abFormaciones\u00bb","block_context":{"text":"Formaciones","link":"https:\/\/cepronda.com\/blog\/category\/formaciones\/"},"img":{"alt_text":"","src":"https:\/\/i0.wp.com\/cepronda.com\/blog\/wp-content\/uploads\/2024\/12\/WhatsApp-Image-2024-12-17-at-11.11.55.jpeg?fit=1080%2C1080&ssl=1&resize=350%2C200","width":350,"height":200,"srcset":"https:\/\/i0.wp.com\/cepronda.com\/blog\/wp-content\/uploads\/2024\/12\/WhatsApp-Image-2024-12-17-at-11.11.55.jpeg?fit=1080%2C1080&ssl=1&resize=350%2C200 1x, https:\/\/i0.wp.com\/cepronda.com\/blog\/wp-content\/uploads\/2024\/12\/WhatsApp-Image-2024-12-17-at-11.11.55.jpeg?fit=1080%2C1080&ssl=1&resize=525%2C300 1.5x, https:\/\/i0.wp.com\/cepronda.com\/blog\/wp-content\/uploads\/2024\/12\/WhatsApp-Image-2024-12-17-at-11.11.55.jpeg?fit=1080%2C1080&ssl=1&resize=700%2C400 2x, https:\/\/i0.wp.com\/cepronda.com\/blog\/wp-content\/uploads\/2024\/12\/WhatsApp-Image-2024-12-17-at-11.11.55.jpeg?fit=1080%2C1080&ssl=1&resize=1050%2C600 3x"},"classes":[]}],"jetpack_sharing_enabled":true,"_links":{"self":[{"href":"https:\/\/cepronda.com\/blog\/wp-json\/wp\/v2\/posts\/8930","targetHints":{"allow":["GET"]}}],"collection":[{"href":"https:\/\/cepronda.com\/blog\/wp-json\/wp\/v2\/posts"}],"about":[{"href":"https:\/\/cepronda.com\/blog\/wp-json\/wp\/v2\/types\/post"}],"author":[{"embeddable":true,"href":"https:\/\/cepronda.com\/blog\/wp-json\/wp\/v2\/users\/13"}],"replies":[{"embeddable":true,"href":"https:\/\/cepronda.com\/blog\/wp-json\/wp\/v2\/comments?post=8930"}],"version-history":[{"count":1,"href":"https:\/\/cepronda.com\/blog\/wp-json\/wp\/v2\/posts\/8930\/revisions"}],"predecessor-version":[{"id":8932,"href":"https:\/\/cepronda.com\/blog\/wp-json\/wp\/v2\/posts\/8930\/revisions\/8932"}],"wp:featuredmedia":[{"embeddable":true,"href":"https:\/\/cepronda.com\/blog\/wp-json\/wp\/v2\/media\/8931"}],"wp:attachment":[{"href":"https:\/\/cepronda.com\/blog\/wp-json\/wp\/v2\/media?parent=8930"}],"wp:term":[{"taxonomy":"category","embeddable":true,"href":"https:\/\/cepronda.com\/blog\/wp-json\/wp\/v2\/categories?post=8930"},{"taxonomy":"post_tag","embeddable":true,"href":"https:\/\/cepronda.com\/blog\/wp-json\/wp\/v2\/tags?post=8930"}],"curies":[{"name":"wp","href":"https:\/\/api.w.org\/{rel}","templated":true}]}}