{"id":8927,"date":"2025-10-14T10:31:14","date_gmt":"2025-10-14T08:31:14","guid":{"rendered":"https:\/\/cepronda.com\/blog\/?p=8927"},"modified":"2025-10-29T11:11:37","modified_gmt":"2025-10-29T10:11:37","slug":"acompanar-con-sentido-estrategias-pedagogicas-para-el-alumnado-autista-en-secundaria-y-postobligatoria-262922ge031","status":"publish","type":"post","link":"https:\/\/cepronda.com\/blog\/acompanar-con-sentido-estrategias-pedagogicas-para-el-alumnado-autista-en-secundaria-y-postobligatoria-262922ge031\/","title":{"rendered":"ACOMPA\u00d1AR CON SENTIDO: ESTRATEGIAS PEDAG\u00d3GICAS PARA EL ALUMNADO AUTISTA EN SECUNDARIA Y POSTOBLIGATORIA."},"content":{"rendered":"<div class=\"\" data-block=\"true\" data-editor=\"51avo\" data-offset-key=\"6kc4i-0-0\">\n<div class=\"_1mf _1mj\" data-offset-key=\"6kc4i-0-0\"><span data-offset-key=\"6kc4i-0-0\">Se encuentra abierto el plazo para inscribirse en el curso provincial presencial (WEBEX): ACOMPA\u00d1AR CON SENTIDO: ESTRATEGIAS PEDAG\u00d3GICAS PARA EL ALUMNADO AUTISTA EN SECUNDARIA Y POSTOBLIGATORIA, c\u00f3digo: 262922GE031.<\/span><\/div>\n<\/div>\n<div class=\"\" data-block=\"true\" data-editor=\"51avo\" data-offset-key=\"47iha-0-0\">\n<div class=\"_1mf _1mj\" data-offset-key=\"47iha-0-0\"><span data-offset-key=\"47iha-0-0\">Curso con una dedicaci\u00f3n de 12 horas.<\/span><\/div>\n<\/div>\n<div class=\"\" data-block=\"true\" data-editor=\"51avo\" data-offset-key=\"14u8h-0-0\">\n<div class=\"_1mf _1mj\" data-offset-key=\"14u8h-0-0\"><span data-offset-key=\"14u8h-0-0\">\u00a0<\/span><\/div>\n<\/div>\n<div class=\"\" data-block=\"true\" data-editor=\"51avo\" data-offset-key=\"fa9im-0-0\">\n<div class=\"_1mf _1mj\" data-offset-key=\"fa9im-0-0\"><span data-offset-key=\"fa9im-0-0\">Inscripci\u00f3n: 14\/10\/2025 hasta 26\/10\/2025. <\/span><\/div>\n<\/div>\n<div class=\"\" data-block=\"true\" data-editor=\"51avo\" data-offset-key=\"ehm8-0-0\">\n<div class=\"_1mf _1mj\" data-offset-key=\"ehm8-0-0\"><span data-offset-key=\"ehm8-0-0\">\u00a0<\/span><\/div>\n<\/div>\n<div class=\"\" data-block=\"true\" data-editor=\"51avo\" data-offset-key=\"4t6jb-0-0\">\n<div class=\"_1mf _1mj\" data-offset-key=\"4t6jb-0-0\"><span data-offset-key=\"4t6jb-0-0\">Sesiones Webex: 4, 11, 18 y 25 Nov 2025. <\/span><\/div>\n<\/div>\n<div class=\"\" data-block=\"true\" data-editor=\"51avo\" data-offset-key=\"391un-0-0\">\n<div class=\"_1mf _1mj\" data-offset-key=\"391un-0-0\"><span data-offset-key=\"391un-0-0\">M\u00e1s informaci\u00f3n e inscripciones en : <\/span><\/div>\n<\/div>\n<div class=\"\" data-block=\"true\" data-editor=\"51avo\" data-offset-key=\"2qm1t-0-0\"><img data-recalc-dims=\"1\" loading=\"lazy\" decoding=\"async\" class=\"aligncenter size-large wp-image-8928\" src=\"https:\/\/i0.wp.com\/cepronda.com\/blog\/wp-content\/uploads\/2025\/10\/WhatsApp-Image-2025-10-14-at-09.35.41.jpeg?resize=1024%2C1024&#038;ssl=1\" alt=\"\" width=\"1024\" height=\"1024\" srcset=\"https:\/\/i0.wp.com\/cepronda.com\/blog\/wp-content\/uploads\/2025\/10\/WhatsApp-Image-2025-10-14-at-09.35.41.jpeg?resize=1024%2C1024&amp;ssl=1 1024w, https:\/\/i0.wp.com\/cepronda.com\/blog\/wp-content\/uploads\/2025\/10\/WhatsApp-Image-2025-10-14-at-09.35.41.jpeg?resize=300%2C300&amp;ssl=1 300w, https:\/\/i0.wp.com\/cepronda.com\/blog\/wp-content\/uploads\/2025\/10\/WhatsApp-Image-2025-10-14-at-09.35.41.jpeg?resize=150%2C150&amp;ssl=1 150w, https:\/\/i0.wp.com\/cepronda.com\/blog\/wp-content\/uploads\/2025\/10\/WhatsApp-Image-2025-10-14-at-09.35.41.jpeg?resize=768%2C768&amp;ssl=1 768w, https:\/\/i0.wp.com\/cepronda.com\/blog\/wp-content\/uploads\/2025\/10\/WhatsApp-Image-2025-10-14-at-09.35.41.jpeg?w=1080&amp;ssl=1 1080w\" sizes=\"auto, (max-width: 1024px) 100vw, 1024px\" \/><\/div>\n","protected":false},"excerpt":{"rendered":"<p>Se encuentra abierto el plazo para inscribirse en el curso provincial presencial (WEBEX): ACOMPA\u00d1AR CON SENTIDO: ESTRATEGIAS PEDAG\u00d3GICAS PARA EL ALUMNADO AUTISTA EN SECUNDARIA Y POSTOBLIGATORIA, c\u00f3digo: 262922GE031. Curso con una dedicaci\u00f3n de 12 horas. \u00a0 Inscripci\u00f3n: 14\/10\/2025 hasta 26\/10\/2025. \u00a0 Sesiones Webex: 4, 11, 18 y 25 Nov 2025. M\u00e1s informaci\u00f3n e inscripciones en [&hellip;]<\/p>\n","protected":false},"author":9,"featured_media":8928,"comment_status":"closed","ping_status":"open","sticky":false,"template":"","format":"standard","meta":{"_crdt_document":"","advanced_seo_description":"","jetpack_seo_html_title":"","jetpack_seo_noindex":false,"jetpack_post_was_ever_published":false,"_jetpack_newsletter_access":"","_jetpack_dont_email_post_to_subs":false,"_jetpack_newsletter_tier_id":0,"_jetpack_memberships_contains_paywalled_content":false,"_jetpack_memberships_contains_paid_content":false,"footnotes":"","jetpack_publicize_message":"","jetpack_publicize_feature_enabled":true,"jetpack_social_post_already_shared":true,"jetpack_social_options":{"image_generator_settings":{"template":"highway","default_image_id":0,"font":"","enabled":false},"version":2}},"categories":[3],"tags":[431,432,62],"class_list":{"0":"post-8927","1":"post","2":"type-post","3":"status-publish","4":"format-standard","5":"has-post-thumbnail","7":"category-formaciones","8":"tag-alumnado-tea","9":"tag-postobligatorias","10":"tag-secundaria","11":"czr-hentry"},"jetpack_publicize_connections":[],"jetpack_featured_media_url":"https:\/\/i0.wp.com\/cepronda.com\/blog\/wp-content\/uploads\/2025\/10\/WhatsApp-Image-2025-10-14-at-09.35.41.jpeg?fit=1080%2C1080&ssl=1","jetpack_shortlink":"https:\/\/wp.me\/p8M4X7-2jZ","jetpack-related-posts":[{"id":8032,"url":"https:\/\/cepronda.com\/blog\/cerebro-y-corazon-del-alumnado-con-tdah-en-secundaria-con-codigo-252923ge557\/","url_meta":{"origin":8927,"position":0},"title":"CEREBRO Y CORAZ\u00d3N DEL ALUMNADO CON TDAH EN SECUNDARIA\u201d, con c\u00f3digo 252923GE557.","author":"Inmaculada Garc\u00eda","date":"13 enero, 2025","format":false,"excerpt":"Abierto el plazo de solicitudes de la actividad formativa \u201cCEREBRO Y CORAZ\u00d3N DEL ALUMNADO CON TDAH EN SECUNDARIA\u201d, con c\u00f3digo 252923GE557. Curso dirigido a profesorado de EDUCACI\u00d3N SECUNDARIA Y BACHILLERATO Lugar de realizaci\u00f3n: WEBEX Fechas: 4,11 de febrero y 5,11,18 y 25 de marzo. Inscripciones: Del 10 al 28 de\u2026","rel":"","context":"En \u00abFormaciones\u00bb","block_context":{"text":"Formaciones","link":"https:\/\/cepronda.com\/blog\/category\/formaciones\/"},"img":{"alt_text":"","src":"https:\/\/i0.wp.com\/cepronda.com\/blog\/wp-content\/uploads\/2025\/01\/Curso-provincial.jpg?fit=1080%2C1080&ssl=1&resize=350%2C200","width":350,"height":200,"srcset":"https:\/\/i0.wp.com\/cepronda.com\/blog\/wp-content\/uploads\/2025\/01\/Curso-provincial.jpg?fit=1080%2C1080&ssl=1&resize=350%2C200 1x, https:\/\/i0.wp.com\/cepronda.com\/blog\/wp-content\/uploads\/2025\/01\/Curso-provincial.jpg?fit=1080%2C1080&ssl=1&resize=525%2C300 1.5x, https:\/\/i0.wp.com\/cepronda.com\/blog\/wp-content\/uploads\/2025\/01\/Curso-provincial.jpg?fit=1080%2C1080&ssl=1&resize=700%2C400 2x, https:\/\/i0.wp.com\/cepronda.com\/blog\/wp-content\/uploads\/2025\/01\/Curso-provincial.jpg?fit=1080%2C1080&ssl=1&resize=1050%2C600 3x"},"classes":[]},{"id":7873,"url":"https:\/\/cepronda.com\/blog\/curso-provincial-a-distancia-atencion-al-alumnado-tdah-estrategias-de-intervencion-en-primaria-codigo-252922ge050\/","url_meta":{"origin":8927,"position":1},"title":"CURSO PROVINCIAL A DISTANCIA: ATENCI\u00d3N AL ALUMNADO TDAH: ESTRATEGIAS DE INTERVENCI\u00d3N EN PRIMARIA. C\u00f3digo: 252922GE050.","author":"Inmaculada Garc\u00eda","date":"28 noviembre, 2024","format":false,"excerpt":"Abierto el plazo de solicitudes para el curso provincial a distancia: ATENCI\u00d3N AL ALUMNADO TDAH: ESTRATEGIAS DE INTERVENCI\u00d3N EN PRIMARIA. C\u00f3digo: 252922GE050. Dirigido preferentemente a profesorado de educaci\u00f3n primaria. \u27a1 Curso a distancia de 40 horas, dirigido preferentemente a profesorado de educaci\u00f3n primaria. \u270f Inscripci\u00f3n: 02\/12\/2024 al 15\/12\/2024. Fecha de\u2026","rel":"","context":"En \u00abFormaciones\u00bb","block_context":{"text":"Formaciones","link":"https:\/\/cepronda.com\/blog\/category\/formaciones\/"},"img":{"alt_text":"","src":"https:\/\/i0.wp.com\/cepronda.com\/blog\/wp-content\/uploads\/2024\/11\/WhatsApp-Image-2024-11-28-at-10.46.36.jpeg?fit=1080%2C1080&ssl=1&resize=350%2C200","width":350,"height":200,"srcset":"https:\/\/i0.wp.com\/cepronda.com\/blog\/wp-content\/uploads\/2024\/11\/WhatsApp-Image-2024-11-28-at-10.46.36.jpeg?fit=1080%2C1080&ssl=1&resize=350%2C200 1x, https:\/\/i0.wp.com\/cepronda.com\/blog\/wp-content\/uploads\/2024\/11\/WhatsApp-Image-2024-11-28-at-10.46.36.jpeg?fit=1080%2C1080&ssl=1&resize=525%2C300 1.5x, https:\/\/i0.wp.com\/cepronda.com\/blog\/wp-content\/uploads\/2024\/11\/WhatsApp-Image-2024-11-28-at-10.46.36.jpeg?fit=1080%2C1080&ssl=1&resize=700%2C400 2x, https:\/\/i0.wp.com\/cepronda.com\/blog\/wp-content\/uploads\/2024\/11\/WhatsApp-Image-2024-11-28-at-10.46.36.jpeg?fit=1080%2C1080&ssl=1&resize=1050%2C600 3x"},"classes":[]},{"id":9176,"url":"https:\/\/cepronda.com\/blog\/9176-2\/","url_meta":{"origin":8927,"position":2},"title":"CURSO ATENCI\u00d3N AL ALUMNADO CON NEE QUE PRESENTA TRASTORNOS GRAVES DE CONDUCTA (SECUNDARIA)","author":"Encarni Jim\u00e9nez Rosado","date":"12 enero, 2026","format":false,"excerpt":"Abierta la inscripci\u00f3n del curso provincial, que se realizar\u00e1 por videoconferencias : ATENCI\u00d3N AL ALUMNADO CON NEE QUE PRESENTA TRASTORNOS GRAVES DE CONDUCTA (SECUNDARIA) C\u00f3digo: 262923GE453 Inscripciones: desde el 12\/01\/2026 hasta 16\/02\/2026 Fecha de inicio y fin del curso: 03\/03\/2026 - 17\/04\/2026 Lugar de realizaci\u00f3n: plataforma Webex Detalle e inscripci\u00f3n:\u2026","rel":"","context":"En \u00abFormaciones\u00bb","block_context":{"text":"Formaciones","link":"https:\/\/cepronda.com\/blog\/category\/formaciones\/"},"img":{"alt_text":"","src":"https:\/\/i0.wp.com\/cepronda.com\/blog\/wp-content\/uploads\/2026\/01\/WhatsApp-Image-2026-01-13-at-11.49.48.jpeg?fit=960%2C1200&ssl=1&resize=350%2C200","width":350,"height":200,"srcset":"https:\/\/i0.wp.com\/cepronda.com\/blog\/wp-content\/uploads\/2026\/01\/WhatsApp-Image-2026-01-13-at-11.49.48.jpeg?fit=960%2C1200&ssl=1&resize=350%2C200 1x, https:\/\/i0.wp.com\/cepronda.com\/blog\/wp-content\/uploads\/2026\/01\/WhatsApp-Image-2026-01-13-at-11.49.48.jpeg?fit=960%2C1200&ssl=1&resize=525%2C300 1.5x, https:\/\/i0.wp.com\/cepronda.com\/blog\/wp-content\/uploads\/2026\/01\/WhatsApp-Image-2026-01-13-at-11.49.48.jpeg?fit=960%2C1200&ssl=1&resize=700%2C400 2x"},"classes":[]},{"id":9068,"url":"https:\/\/cepronda.com\/blog\/atencion-al-alumnado-tdah-estrategias-de-intervencion-en-primaria\/","url_meta":{"origin":8927,"position":3},"title":"ATENCI\u00d3N AL ALUMNADO TDAH: ESTRATEGIAS DE INTERVENCI\u00d3N EN PRIMARIA.","author":"Inmaculada Garc\u00eda","date":"1 diciembre, 2025","format":false,"excerpt":"Se encuentra abierto el plazo de inscripci\u00f3n en el curso provincial a distancias: ATENCI\u00d3N AL ALUMNADO TDAH: ESTRATEGIAS DE INTERVENCI\u00d3N EN PRIMARIA (40h). C\u00f3digo: 262922GE033. Dirigido preferentemente al profesorado de educaci\u00f3n primaria, con una dedicaci\u00f3n de 40 horas. \u00a0 Inscripci\u00f3n: 01\/12\/2025 al 14\/12\/2025. Fecha de actividad 09\/01\/2026 hasta 19\/03\/2026. \u00a0\u2026","rel":"","context":"En \u00abFormaciones\u00bb","block_context":{"text":"Formaciones","link":"https:\/\/cepronda.com\/blog\/category\/formaciones\/"},"img":{"alt_text":"","src":"https:\/\/i0.wp.com\/cepronda.com\/blog\/wp-content\/uploads\/2025\/12\/WhatsApp-Image-2025-12-01-at-11.15.25.jpeg?fit=1080%2C1080&ssl=1&resize=350%2C200","width":350,"height":200,"srcset":"https:\/\/i0.wp.com\/cepronda.com\/blog\/wp-content\/uploads\/2025\/12\/WhatsApp-Image-2025-12-01-at-11.15.25.jpeg?fit=1080%2C1080&ssl=1&resize=350%2C200 1x, https:\/\/i0.wp.com\/cepronda.com\/blog\/wp-content\/uploads\/2025\/12\/WhatsApp-Image-2025-12-01-at-11.15.25.jpeg?fit=1080%2C1080&ssl=1&resize=525%2C300 1.5x, https:\/\/i0.wp.com\/cepronda.com\/blog\/wp-content\/uploads\/2025\/12\/WhatsApp-Image-2025-12-01-at-11.15.25.jpeg?fit=1080%2C1080&ssl=1&resize=700%2C400 2x, https:\/\/i0.wp.com\/cepronda.com\/blog\/wp-content\/uploads\/2025\/12\/WhatsApp-Image-2025-12-01-at-11.15.25.jpeg?fit=1080%2C1080&ssl=1&resize=1050%2C600 3x"},"classes":[]},{"id":458,"url":"https:\/\/cepronda.com\/blog\/curso-de-disciplina-positiva-para-secundaria\/","url_meta":{"origin":8927,"position":4},"title":"Curso de disciplina positiva para Secundaria","author":"V\u00edctor Caballero","date":"13 diciembre, 2016","format":false,"excerpt":"\u00a1Seguimos con nuestro buen ritmo esta semana! Hoy os queremos informar de un curso muy muy interesante para el profesorado de Secundaria, que comenzaremos a la vuelta de las vacaciones de Navidad. \u00a0Se trata de un curso sobre disciplina positiva en Secundaria, enfocado de forma espec\u00edfica a nuestros y nuestras\u2026","rel":"","context":"En \u00abFormaciones\u00bb","block_context":{"text":"Formaciones","link":"https:\/\/cepronda.com\/blog\/category\/formaciones\/"},"img":{"alt_text":"havefun-1754193_640","src":"https:\/\/i0.wp.com\/cepronda.com\/blog\/wp-content\/uploads\/2016\/12\/havefun-1754193_640.jpg?resize=350%2C200","width":350,"height":200,"srcset":"https:\/\/i0.wp.com\/cepronda.com\/blog\/wp-content\/uploads\/2016\/12\/havefun-1754193_640.jpg?resize=350%2C200 1x, https:\/\/i0.wp.com\/cepronda.com\/blog\/wp-content\/uploads\/2016\/12\/havefun-1754193_640.jpg?resize=525%2C300 1.5x"},"classes":[]},{"id":1573,"url":"https:\/\/cepronda.com\/blog\/curso-competencias-clave-en-secundaria-y-bachillerato\/","url_meta":{"origin":8927,"position":5},"title":"Curso \u00abCompetencias clave en Secundaria y Bachillerato\u00bb","author":"V\u00edctor Caballero","date":"29 enero, 2018","format":false,"excerpt":"Muy buenas, Os comentamos que ya se encuentra abierto el plazo de inscripci\u00f3n para el curso \"Competencias clave en Secundaria y Bachillerato\" a realizar a partir del 8 de febrero.\u00a0 El desarrollo de las competencias clave en el alumnado supone un nuevo marco conceptual que modifica el enfoque del aprendizaje.\u2026","rel":"","context":"En \u00abFormaciones\u00bb","block_context":{"text":"Formaciones","link":"https:\/\/cepronda.com\/blog\/category\/formaciones\/"},"img":{"alt_text":"","src":"https:\/\/i0.wp.com\/cepronda.com\/blog\/wp-content\/uploads\/2018\/01\/networks-3017395_640.jpg?fit=640%2C426&ssl=1&resize=350%2C200","width":350,"height":200,"srcset":"https:\/\/i0.wp.com\/cepronda.com\/blog\/wp-content\/uploads\/2018\/01\/networks-3017395_640.jpg?fit=640%2C426&ssl=1&resize=350%2C200 1x, https:\/\/i0.wp.com\/cepronda.com\/blog\/wp-content\/uploads\/2018\/01\/networks-3017395_640.jpg?fit=640%2C426&ssl=1&resize=525%2C300 1.5x"},"classes":[]}],"jetpack_sharing_enabled":true,"_links":{"self":[{"href":"https:\/\/cepronda.com\/blog\/wp-json\/wp\/v2\/posts\/8927","targetHints":{"allow":["GET"]}}],"collection":[{"href":"https:\/\/cepronda.com\/blog\/wp-json\/wp\/v2\/posts"}],"about":[{"href":"https:\/\/cepronda.com\/blog\/wp-json\/wp\/v2\/types\/post"}],"author":[{"embeddable":true,"href":"https:\/\/cepronda.com\/blog\/wp-json\/wp\/v2\/users\/9"}],"replies":[{"embeddable":true,"href":"https:\/\/cepronda.com\/blog\/wp-json\/wp\/v2\/comments?post=8927"}],"version-history":[{"count":2,"href":"https:\/\/cepronda.com\/blog\/wp-json\/wp\/v2\/posts\/8927\/revisions"}],"predecessor-version":[{"id":8989,"href":"https:\/\/cepronda.com\/blog\/wp-json\/wp\/v2\/posts\/8927\/revisions\/8989"}],"wp:featuredmedia":[{"embeddable":true,"href":"https:\/\/cepronda.com\/blog\/wp-json\/wp\/v2\/media\/8928"}],"wp:attachment":[{"href":"https:\/\/cepronda.com\/blog\/wp-json\/wp\/v2\/media?parent=8927"}],"wp:term":[{"taxonomy":"category","embeddable":true,"href":"https:\/\/cepronda.com\/blog\/wp-json\/wp\/v2\/categories?post=8927"},{"taxonomy":"post_tag","embeddable":true,"href":"https:\/\/cepronda.com\/blog\/wp-json\/wp\/v2\/tags?post=8927"}],"curies":[{"name":"wp","href":"https:\/\/api.w.org\/{rel}","templated":true}]}}