{"id":8899,"date":"2025-10-09T11:11:27","date_gmt":"2025-10-09T09:11:27","guid":{"rendered":"https:\/\/cepronda.com\/blog\/?p=8899"},"modified":"2025-10-29T11:11:50","modified_gmt":"2025-10-29T10:11:50","slug":"8899-2","status":"publish","type":"post","link":"https:\/\/cepronda.com\/blog\/8899-2\/","title":{"rendered":"III CONGRESO INTERNACIONAL DE EDUCACI\u00d3N Y FLAMENCO: FORMACI\u00d3N E INNOVACI\u00d3N EN EL AULA."},"content":{"rendered":"<div class=\"xdj266r x14z9mp xat24cr x1lziwak x1vvkbs x126k92a\">\n<div dir=\"auto\">\n<div class=\"\" data-block=\"true\" data-editor=\"b5ogj\" data-offset-key=\"66lha-0-0\">\n<div class=\"_1mf _1mj\" data-offset-key=\"66lha-0-0\"><span data-offset-key=\"66lha-0-0\">Os informamos de que ya est\u00e1 abierto el plazo de inscripci\u00f3n en el III CONGRESO INTERNACIONAL DE EDUCACI\u00d3N Y FLAMENCO: FORMACI\u00d3N E INNOVACI\u00d3N EN EL AULA. (C\u00f3digo 269915CIEF03) <\/span><\/div>\n<\/div>\n<div class=\"\" data-block=\"true\" data-editor=\"b5ogj\" data-offset-key=\"fmt8f-0-0\">\n<div class=\"_1mf _1mj\" data-offset-key=\"fmt8f-0-0\"><\/div>\n<\/div>\n<div class=\"\" data-block=\"true\" data-editor=\"b5ogj\" data-offset-key=\"acg5u-0-0\">\n<div class=\"_1mf _1mj\" data-offset-key=\"acg5u-0-0\"><span data-offset-key=\"acg5u-0-0\">Esta actividad regional se celebrar\u00e1 en Huelva los d\u00edas 11-13 de noviembre. <\/span><\/div>\n<\/div>\n<div class=\"\" data-block=\"true\" data-editor=\"b5ogj\" data-offset-key=\"c3can-0-0\">\n<div class=\"_1mf _1mj\" data-offset-key=\"c3can-0-0\"><span data-offset-key=\"c3can-0-0\">\u00a0<\/span><\/div>\n<\/div>\n<div class=\"\" data-block=\"true\" data-editor=\"b5ogj\" data-offset-key=\"152v1-0-0\">\n<div class=\"_1mf _1mj\" data-offset-key=\"152v1-0-0\"><span data-offset-key=\"152v1-0-0\">Fecha inscripci\u00f3n: 03\/10\/2025 hasta 20\/10\/2025<\/span><\/div>\n<\/div>\n<div class=\"\" data-block=\"true\" data-editor=\"b5ogj\" data-offset-key=\"8ocmp-0-0\">\n<div class=\"_1mf _1mj\" data-offset-key=\"8ocmp-0-0\"><span data-offset-key=\"8ocmp-0-0\">\u00a0<\/span><\/div>\n<\/div>\n<div class=\"\" data-block=\"true\" data-editor=\"b5ogj\" data-offset-key=\"a36af-0-0\">\n<div class=\"_1mf _1mj\" data-offset-key=\"a36af-0-0\"><span data-offset-key=\"a36af-0-0\">Para inscripci\u00f3n y m\u00e1s informaci\u00f3n, pinchad en el siguiente enlace:<\/span><\/div>\n<\/div>\n<div class=\"\" data-block=\"true\" data-editor=\"b5ogj\" data-offset-key=\"54m0c-0-0\">\n<div class=\"_1mf _1mj\" data-offset-key=\"54m0c-0-0\"><a href=\"https:\/\/www.juntadeandalucia.es\/educacion\/secretariavirtual\/consultaCEP\/actividad\/269915CIEF03\/\"><span data-offset-key=\"54m0c-0-0\">https:\/\/www.juntadeandalucia.es\/educacion\/secretariavirtual\/consultaCEP\/actividad\/269915CIEF03\/ <\/span><\/a><\/div>\n<div class=\"_1mf _1mj\" data-offset-key=\"54m0c-0-0\"><a href=\"https:\/\/www.juntadeandalucia.es\/educacion\/secretariavirtual\/consultaCEP\/actividad\/269915CIEF03\/\"><img data-recalc-dims=\"1\" loading=\"lazy\" decoding=\"async\" class=\"aligncenter wp-image-8900\" src=\"https:\/\/i0.wp.com\/cepronda.com\/blog\/wp-content\/uploads\/2025\/10\/flamenco-cep-huelva2.jpg?resize=344%2C557&#038;ssl=1\" alt=\"\" width=\"344\" height=\"557\" srcset=\"https:\/\/i0.wp.com\/cepronda.com\/blog\/wp-content\/uploads\/2025\/10\/flamenco-cep-huelva2.jpg?resize=632%2C1024&amp;ssl=1 632w, https:\/\/i0.wp.com\/cepronda.com\/blog\/wp-content\/uploads\/2025\/10\/flamenco-cep-huelva2.jpg?resize=185%2C300&amp;ssl=1 185w, https:\/\/i0.wp.com\/cepronda.com\/blog\/wp-content\/uploads\/2025\/10\/flamenco-cep-huelva2.jpg?resize=768%2C1245&amp;ssl=1 768w, https:\/\/i0.wp.com\/cepronda.com\/blog\/wp-content\/uploads\/2025\/10\/flamenco-cep-huelva2.jpg?w=865&amp;ssl=1 865w\" sizes=\"auto, (max-width: 344px) 100vw, 344px\" \/><\/a><\/div>\n<\/div>\n<\/div>\n<\/div>\n<div class=\"x14z9mp xat24cr x1lziwak x1vvkbs xtlvy1s x126k92a\"><\/div>\n","protected":false},"excerpt":{"rendered":"<p>Os informamos de que ya est\u00e1 abierto el plazo de inscripci\u00f3n en el III CONGRESO INTERNACIONAL DE EDUCACI\u00d3N Y FLAMENCO: FORMACI\u00d3N E INNOVACI\u00d3N EN EL AULA. (C\u00f3digo 269915CIEF03) Esta actividad regional se celebrar\u00e1 en Huelva los d\u00edas 11-13 de noviembre. \u00a0 Fecha inscripci\u00f3n: 03\/10\/2025 hasta 20\/10\/2025 \u00a0 Para inscripci\u00f3n y m\u00e1s informaci\u00f3n, pinchad en el [&hellip;]<\/p>\n","protected":false},"author":9,"featured_media":8900,"comment_status":"closed","ping_status":"open","sticky":false,"template":"","format":"standard","meta":{"_crdt_document":"","advanced_seo_description":"","jetpack_seo_html_title":"","jetpack_seo_noindex":false,"jetpack_post_was_ever_published":false,"_jetpack_newsletter_access":"","_jetpack_dont_email_post_to_subs":false,"_jetpack_newsletter_tier_id":0,"_jetpack_memberships_contains_paywalled_content":false,"_jetpack_memberships_contains_paid_content":false,"footnotes":"","jetpack_publicize_message":"","jetpack_publicize_feature_enabled":true,"jetpack_social_post_already_shared":true,"jetpack_social_options":{"image_generator_settings":{"template":"highway","default_image_id":0,"font":"","enabled":false},"version":2}},"categories":[3],"tags":[429],"class_list":{"0":"post-8899","1":"post","2":"type-post","3":"status-publish","4":"format-standard","5":"has-post-thumbnail","7":"category-formaciones","8":"tag-flamenco-en-el-aula","9":"czr-hentry"},"jetpack_publicize_connections":[],"jetpack_featured_media_url":"https:\/\/i0.wp.com\/cepronda.com\/blog\/wp-content\/uploads\/2025\/10\/flamenco-cep-huelva2.jpg?fit=865%2C1402&ssl=1","jetpack_shortlink":"https:\/\/wp.me\/p8M4X7-2jx","jetpack-related-posts":[{"id":6101,"url":"https:\/\/cepronda.com\/blog\/ii-congreso-de-educacion-y-flamenco-innovacion-investigacion-y-transformacion\/","url_meta":{"origin":8899,"position":0},"title":"*II CONGRESO DE EDUCACI\u00d3N Y FLAMENCO. INNOVACI\u00d3N, INVESTIGACI\u00d3N Y TRANSFORMACI\u00d3N*","author":"Inmaculada Garc\u00eda","date":"16 octubre, 2023","format":false,"excerpt":"Hasta el pr\u00f3ximo 23 de Octubre a las 14:00 h. se encuentra abierto el plazo de inscripci\u00f3n para la actividad formativa REGIONAL: *II CONGRESO DE EDUCACI\u00d3N Y FLAMENCO. INNOVACI\u00d3N, INVESTIGACI\u00d3N Y TRANSFORMACI\u00d3N* (242319GE001). Esta formaci\u00f3n se desarrollar\u00e1 de forma *presencial en Ja\u00e9n durante los d\u00edas 22, 23 y 24 de\u2026","rel":"","context":"En \u00abFormaciones\u00bb","block_context":{"text":"Formaciones","link":"https:\/\/cepronda.com\/blog\/category\/formaciones\/"},"img":{"alt_text":"","src":"https:\/\/i0.wp.com\/cepronda.com\/blog\/wp-content\/uploads\/2023\/10\/WhatsApp-Image-2023-10-13-at-09.28.51.jpeg?fit=398%2C760&ssl=1&resize=350%2C200","width":350,"height":200},"classes":[]},{"id":2386,"url":"https:\/\/cepronda.com\/blog\/premios-flamenco-en-el-aula\/","url_meta":{"origin":8899,"position":1},"title":"Premios Flamenco en el aula","author":"V\u00edctor Caballero","date":"18 octubre, 2018","format":false,"excerpt":"Buenos d\u00edas lluviosos,\u00a0 Compartimos con todos aquellos centros que est\u00e9is interesados la Resoluci\u00f3n por la que se convocan los Premios Flamenco en el aula, enfocado tanto a la elaboraci\u00f3n de materiales curriculares y recursos did\u00e1cticos, como al reconocimiento de experiencias y buenas pr\u00e1cticas docentes.\u00a0 El plazo de presentaci\u00f3n de candidaturas\u2026","rel":"","context":"En \u00abFormaciones\u00bb","block_context":{"text":"Formaciones","link":"https:\/\/cepronda.com\/blog\/category\/formaciones\/"},"img":{"alt_text":"","src":"https:\/\/i0.wp.com\/cepronda.com\/blog\/wp-content\/uploads\/2018\/10\/flamencoenelaula-1.png?fit=794%2C1123&ssl=1&resize=350%2C200","width":350,"height":200,"srcset":"https:\/\/i0.wp.com\/cepronda.com\/blog\/wp-content\/uploads\/2018\/10\/flamencoenelaula-1.png?fit=794%2C1123&ssl=1&resize=350%2C200 1x, https:\/\/i0.wp.com\/cepronda.com\/blog\/wp-content\/uploads\/2018\/10\/flamencoenelaula-1.png?fit=794%2C1123&ssl=1&resize=525%2C300 1.5x, https:\/\/i0.wp.com\/cepronda.com\/blog\/wp-content\/uploads\/2018\/10\/flamencoenelaula-1.png?fit=794%2C1123&ssl=1&resize=700%2C400 2x"},"classes":[]},{"id":1399,"url":"https:\/\/cepronda.com\/blog\/celebracion-dia-del-flamenco\/","url_meta":{"origin":8899,"position":2},"title":"Celebraci\u00f3n D\u00eda del Flamenco","author":"V\u00edctor Caballero","date":"8 noviembre, 2017","format":false,"excerpt":"\u00a1Hola! Se acaban de publicar unas instrucciones para la celebraci\u00f3n del D\u00eda del Flamenco el pr\u00f3ximo 16 de noviembre. Compartimos con todos y todas vosotras estas instrucciones, as\u00ed como el enlace a las mismas. \"La importancia del Flamenco como una de las manifestaciones culturales principales de nuestra Comunidad Aut\u00f3noma qued\u00f3\u2026","rel":"","context":"En \u00abNoticias\u00bb","block_context":{"text":"Noticias","link":"https:\/\/cepronda.com\/blog\/category\/noticias\/"},"img":{"alt_text":"","src":"https:\/\/i0.wp.com\/cepronda.com\/blog\/wp-content\/uploads\/2017\/11\/spain-632802_640.jpg?fit=640%2C450&ssl=1&resize=350%2C200","width":350,"height":200,"srcset":"https:\/\/i0.wp.com\/cepronda.com\/blog\/wp-content\/uploads\/2017\/11\/spain-632802_640.jpg?fit=640%2C450&ssl=1&resize=350%2C200 1x, https:\/\/i0.wp.com\/cepronda.com\/blog\/wp-content\/uploads\/2017\/11\/spain-632802_640.jpg?fit=640%2C450&ssl=1&resize=525%2C300 1.5x"},"classes":[]},{"id":4150,"url":"https:\/\/cepronda.com\/blog\/investigacion-aeroespacial-aplicada-al-aula-2020-2021\/","url_meta":{"origin":8899,"position":3},"title":"INVESTIGACI\u00d3N AEROESPACIAL APLICADA AL AULA 2020-2021","author":"Inmaculada Garc\u00eda","date":"4 febrero, 2021","format":false,"excerpt":"Hola compa\u00f1eros y compa\u00f1eras, desde el CEP de Ronda hoy queremos hacer una menci\u00f3n especial a los centros de nuestra zona que han sido seleccionados para desarrollar el PROYECTO STEAM: INVESTIGACI\u00d3N AEROESPACIAL APLICADA AL AULA para este curso 2020-2021. I.E.S. Mart\u00edn Rivero, \u00a0I.E.S. Dr. Rodr\u00edguez Delgado, I.E.S. P\u00e9rez de Guzm\u00e1n,\u2026","rel":"","context":"En \u00abNoticias\u00bb","block_context":{"text":"Noticias","link":"https:\/\/cepronda.com\/blog\/category\/noticias\/"},"img":{"alt_text":"","src":"https:\/\/i0.wp.com\/cepronda.com\/blog\/wp-content\/uploads\/2021\/02\/Image.jpeg?fit=395%2C630&ssl=1&resize=350%2C200","width":350,"height":200},"classes":[]},{"id":7203,"url":"https:\/\/cepronda.com\/blog\/ii-congreso-internacional-de-innovacion-educativa-2ciieand\/","url_meta":{"origin":8899,"position":4},"title":"II Congreso Internacional de Innovaci\u00f3n Educativa #2CIIEAND.","author":"Inmaculada Garc\u00eda","date":"10 noviembre, 2023","format":false,"excerpt":"El 15 y el 16 de diciembre tendr\u00e1 lugar en M\u00e1laga el II Congreso Internacional de Innovaci\u00f3n Educativa #2CIIEAND. Hoy se abre la inscripci\u00f3n en la web de la Consejer\u00eda. Solicita tu plaza aqu\u00ed. https:\/\/lajunta.es\/4gvmb","rel":"","context":"En \u00abNoticias\u00bb","block_context":{"text":"Noticias","link":"https:\/\/cepronda.com\/blog\/category\/noticias\/"},"img":{"alt_text":"","src":"https:\/\/i0.wp.com\/cepronda.com\/blog\/wp-content\/uploads\/2023\/11\/II-congrso-internacionesl.jpg?fit=680%2C589&ssl=1&resize=350%2C200","width":350,"height":200,"srcset":"https:\/\/i0.wp.com\/cepronda.com\/blog\/wp-content\/uploads\/2023\/11\/II-congrso-internacionesl.jpg?fit=680%2C589&ssl=1&resize=350%2C200 1x, https:\/\/i0.wp.com\/cepronda.com\/blog\/wp-content\/uploads\/2023\/11\/II-congrso-internacionesl.jpg?fit=680%2C589&ssl=1&resize=525%2C300 1.5x"},"classes":[]},{"id":8848,"url":"https:\/\/cepronda.com\/blog\/xiv-curso-de-formacion-aula-joaquin-peinado-una-mirada-a-las-otras-artes\/","url_meta":{"origin":8899,"position":5},"title":"XIV CURSO DE FORMACI\u00d3N AULA JOAQU\u00cdN PEINADO: UNA MIRADA A LAS OTRAS ARTES","author":"Mamen Moreno","date":"25 septiembre, 2025","format":false,"excerpt":"Abiertas inscripciones al curso: XIV Curso de Formaci\u00f3n Aula Joaqu\u00edn Peinado: Una mirada a las otras artes. C\u00f3digo: 262924GE051 Fechas del curso: del 21 de octubre al 11 de noviembre de 2025. Lugar de realizaci\u00f3n: Centro Cultural Fundaci\u00f3n Unicaja de Ronda Horario: 18:30 a 20:00 Plazo de inscripci\u00f3n: del 25\u2026","rel":"","context":"En \u00abFormaciones\u00bb","block_context":{"text":"Formaciones","link":"https:\/\/cepronda.com\/blog\/category\/formaciones\/"},"img":{"alt_text":"","src":"https:\/\/i0.wp.com\/cepronda.com\/blog\/wp-content\/uploads\/2025\/09\/ceramica-2.png?fit=900%2C1200&ssl=1&resize=350%2C200","width":350,"height":200,"srcset":"https:\/\/i0.wp.com\/cepronda.com\/blog\/wp-content\/uploads\/2025\/09\/ceramica-2.png?fit=900%2C1200&ssl=1&resize=350%2C200 1x, https:\/\/i0.wp.com\/cepronda.com\/blog\/wp-content\/uploads\/2025\/09\/ceramica-2.png?fit=900%2C1200&ssl=1&resize=525%2C300 1.5x, https:\/\/i0.wp.com\/cepronda.com\/blog\/wp-content\/uploads\/2025\/09\/ceramica-2.png?fit=900%2C1200&ssl=1&resize=700%2C400 2x"},"classes":[]}],"jetpack_sharing_enabled":true,"_links":{"self":[{"href":"https:\/\/cepronda.com\/blog\/wp-json\/wp\/v2\/posts\/8899","targetHints":{"allow":["GET"]}}],"collection":[{"href":"https:\/\/cepronda.com\/blog\/wp-json\/wp\/v2\/posts"}],"about":[{"href":"https:\/\/cepronda.com\/blog\/wp-json\/wp\/v2\/types\/post"}],"author":[{"embeddable":true,"href":"https:\/\/cepronda.com\/blog\/wp-json\/wp\/v2\/users\/9"}],"replies":[{"embeddable":true,"href":"https:\/\/cepronda.com\/blog\/wp-json\/wp\/v2\/comments?post=8899"}],"version-history":[{"count":3,"href":"https:\/\/cepronda.com\/blog\/wp-json\/wp\/v2\/posts\/8899\/revisions"}],"predecessor-version":[{"id":8990,"href":"https:\/\/cepronda.com\/blog\/wp-json\/wp\/v2\/posts\/8899\/revisions\/8990"}],"wp:featuredmedia":[{"embeddable":true,"href":"https:\/\/cepronda.com\/blog\/wp-json\/wp\/v2\/media\/8900"}],"wp:attachment":[{"href":"https:\/\/cepronda.com\/blog\/wp-json\/wp\/v2\/media?parent=8899"}],"wp:term":[{"taxonomy":"category","embeddable":true,"href":"https:\/\/cepronda.com\/blog\/wp-json\/wp\/v2\/categories?post=8899"},{"taxonomy":"post_tag","embeddable":true,"href":"https:\/\/cepronda.com\/blog\/wp-json\/wp\/v2\/tags?post=8899"}],"curies":[{"name":"wp","href":"https:\/\/api.w.org\/{rel}","templated":true}]}}