{"id":8883,"date":"2025-10-06T13:38:52","date_gmt":"2025-10-06T11:38:52","guid":{"rendered":"https:\/\/cepronda.com\/blog\/?p=8883"},"modified":"2025-10-10T15:59:06","modified_gmt":"2025-10-10T13:59:06","slug":"escuelas-rurales-y-aulas-multinivel-metodologia-programacion-y-evaluacion","status":"publish","type":"post","link":"https:\/\/cepronda.com\/blog\/escuelas-rurales-y-aulas-multinivel-metodologia-programacion-y-evaluacion\/","title":{"rendered":"ESCUELAS RURALES Y AULAS MULTINIVEL: METODOLOG\u00cdA, PROGRAMACI\u00d3N Y EVALUACI\u00d3N"},"content":{"rendered":"<p data-start=\"93\" data-end=\"289\"><span data-start=\"96\" data-end=\"218\">S<\/span>e encuentra abierto el plazo de inscripciones para el curso provincial<strong data-start=\"96\" data-end=\"218\"> \u201cEscuelas Rurales y Aulas Multinivel: Metodolog\u00eda, Programaci\u00f3n y Evaluaci\u00f3n\u201d<\/strong>, c\u00f3digo <strong>262924GE254<\/strong> destinado al profesorado de <strong data-start=\"248\" data-end=\"286\">centros rurales y aulas multinivel<\/strong>.<\/p>\n<p data-start=\"513\" data-end=\"946\"><strong data-start=\"516\" data-end=\"527\">Fechas:<\/strong> \u00a0<strong data-start=\"532\" data-end=\"564\">5, 12, 19 y 26 de noviembre de 2025<\/strong><br data-start=\"564\" data-end=\"567\" \/><strong data-start=\"570\" data-end=\"604\">Sesiones por videoconferencia:<\/strong>\u00a016:30 a 19:30 h<br data-start=\"630\" data-end=\"633\" \/><strong data-start=\"722\" data-end=\"732\">Lugar:<\/strong> Sala de videoconferencia Webex \u2013 <strong data-start=\"766\" data-end=\"782\">CEP de Ronda<\/strong><br data-start=\"782\" data-end=\"785\" \/><strong data-start=\"952\" data-end=\"977\">Plazo de inscripci\u00f3n:<\/strong> del <strong data-start=\"982\" data-end=\"1012\">6 al 31 de octubre de 2025<\/strong><br data-start=\"1012\" data-end=\"1015\" \/><strong> M\u00e1s informaci\u00f3n e inscripci\u00f3n:<\/strong><a href=\"https:\/\/www.juntadeandalucia.es\/educacion\/secretariavirtual\/consultaCEP\/actividad\/262924GE254\/\"> https:\/\/www.juntadeandalucia.es\/educacion\/secretariavirtual\/consultaCEP\/actividad\/262924GE254\/<\/a><\/p>\n<p data-start=\"513\" data-end=\"946\"><img data-recalc-dims=\"1\" loading=\"lazy\" decoding=\"async\" class=\"wp-image-8888 aligncenter\" src=\"https:\/\/i0.wp.com\/cepronda.com\/blog\/wp-content\/uploads\/2025\/10\/Post-Instagram-Dia-del-Maestro-Verde-1-1.png?resize=500%2C625&#038;ssl=1\" alt=\"\" width=\"500\" height=\"625\" srcset=\"https:\/\/i0.wp.com\/cepronda.com\/blog\/wp-content\/uploads\/2025\/10\/Post-Instagram-Dia-del-Maestro-Verde-1-1.png?resize=240%2C300&amp;ssl=1 240w, https:\/\/i0.wp.com\/cepronda.com\/blog\/wp-content\/uploads\/2025\/10\/Post-Instagram-Dia-del-Maestro-Verde-1-1.png?resize=819%2C1024&amp;ssl=1 819w, https:\/\/i0.wp.com\/cepronda.com\/blog\/wp-content\/uploads\/2025\/10\/Post-Instagram-Dia-del-Maestro-Verde-1-1.png?resize=768%2C960&amp;ssl=1 768w, https:\/\/i0.wp.com\/cepronda.com\/blog\/wp-content\/uploads\/2025\/10\/Post-Instagram-Dia-del-Maestro-Verde-1-1.png?w=1080&amp;ssl=1 1080w\" sizes=\"auto, (max-width: 500px) 100vw, 500px\" \/><\/p>\n<p data-start=\"513\" data-end=\"946\">\n","protected":false},"excerpt":{"rendered":"<p>Se encuentra abierto el plazo de inscripciones para el curso provincial \u201cEscuelas Rurales y Aulas Multinivel: Metodolog\u00eda, Programaci\u00f3n y Evaluaci\u00f3n\u201d, c\u00f3digo 262924GE254 destinado al profesorado de centros rurales y aulas multinivel. Fechas: \u00a05, 12, 19 y 26 de noviembre de 2025Sesiones por videoconferencia:\u00a016:30 a 19:30 hLugar: Sala de videoconferencia Webex \u2013 CEP de RondaPlazo de [&hellip;]<\/p>\n","protected":false},"author":13,"featured_media":8888,"comment_status":"closed","ping_status":"open","sticky":false,"template":"","format":"standard","meta":{"_crdt_document":"","advanced_seo_description":"","jetpack_seo_html_title":"","jetpack_seo_noindex":false,"jetpack_post_was_ever_published":false,"_jetpack_newsletter_access":"","_jetpack_dont_email_post_to_subs":false,"_jetpack_newsletter_tier_id":0,"_jetpack_memberships_contains_paywalled_content":false,"_jetpack_memberships_contains_paid_content":false,"footnotes":"","jetpack_publicize_message":"","jetpack_publicize_feature_enabled":true,"jetpack_social_post_already_shared":true,"jetpack_social_options":{"image_generator_settings":{"template":"highway","default_image_id":0,"font":"","enabled":false},"version":2}},"categories":[3],"tags":[368,427,428],"class_list":{"0":"post-8883","1":"post","2":"type-post","3":"status-publish","4":"format-standard","5":"has-post-thumbnail","7":"category-formaciones","8":"tag-curso-provincial","9":"tag-escuela-rural","10":"tag-multinivel","11":"czr-hentry"},"jetpack_publicize_connections":[],"jetpack_featured_media_url":"https:\/\/i0.wp.com\/cepronda.com\/blog\/wp-content\/uploads\/2025\/10\/Post-Instagram-Dia-del-Maestro-Verde-1-1.png?fit=1080%2C1350&ssl=1","jetpack_shortlink":"https:\/\/wp.me\/p8M4X7-2jh","jetpack-related-posts":[{"id":5594,"url":"https:\/\/cepronda.com\/blog\/aulas-multinivel-planificacion-situaciones-de-aprendizaje-y-evaluacion\/","url_meta":{"origin":8883,"position":0},"title":"AULAS MULTINIVEL: PLANIFICACI\u00d3N, SITUACIONES DE APRENDIZAJE Y EVALUACI\u00d3N.","author":"Mamen Moreno","date":"8 noviembre, 2022","format":false,"excerpt":"Os informamos que ma\u00f1ana comienza el curso online correspondiente al Itinerario Formativo para Centros Rurales a nivel Provincial.\u00a0AULAS MULTINIVEL: PLANIFICACI\u00d3N, SITUACIONES DE APRENDIZAJE Y EVALUACI\u00d3N. C\u00f3digo 232924GE018. Enlace a la actividad. Ponente:\u00a0 Jos\u00e9 Luis Murillo Garc\u00eda. Lugar de realizaci\u00f3n: Sala de videoconferencia del Cep de Ronda. Hora: 16:30 a 18:30.\u2026","rel":"","context":"En \u00abFormaciones\u00bb","block_context":{"text":"Formaciones","link":"https:\/\/cepronda.com\/blog\/category\/formaciones\/"},"img":{"alt_text":"","src":"https:\/\/i0.wp.com\/cepronda.com\/blog\/wp-content\/uploads\/2022\/11\/AULAS-MULTINIVEL-PLANIFICACION-SITUACIONES-DE-APRENDIZAJE-Y-EVALUACION..jpg?fit=848%2C1200&ssl=1&resize=350%2C200","width":350,"height":200,"srcset":"https:\/\/i0.wp.com\/cepronda.com\/blog\/wp-content\/uploads\/2022\/11\/AULAS-MULTINIVEL-PLANIFICACION-SITUACIONES-DE-APRENDIZAJE-Y-EVALUACION..jpg?fit=848%2C1200&ssl=1&resize=350%2C200 1x, https:\/\/i0.wp.com\/cepronda.com\/blog\/wp-content\/uploads\/2022\/11\/AULAS-MULTINIVEL-PLANIFICACION-SITUACIONES-DE-APRENDIZAJE-Y-EVALUACION..jpg?fit=848%2C1200&ssl=1&resize=525%2C300 1.5x, https:\/\/i0.wp.com\/cepronda.com\/blog\/wp-content\/uploads\/2022\/11\/AULAS-MULTINIVEL-PLANIFICACION-SITUACIONES-DE-APRENDIZAJE-Y-EVALUACION..jpg?fit=848%2C1200&ssl=1&resize=700%2C400 2x"},"classes":[]},{"id":6046,"url":"https:\/\/cepronda.com\/blog\/ii-kit-de-herramientas-digitales-para-centros-rurales-y-aulas-multinivel\/","url_meta":{"origin":8883,"position":1},"title":"II KIT DE HERRAMIENTAS DIGITALES PARA CENTROS RURALES Y AULAS MULTINIVEL","author":"Mamen Moreno","date":"14 septiembre, 2023","format":false,"excerpt":"Abierto el plazo de inscripci\u00f3n para el curso online provincial II KIT DE HERRAMIENTAS DIGITALES PARA CENTROS RURALES Y AULAS MULTINIVEL con c\u00f3digo 242924GE006 \u00a0 Dirigida al\u00a0Profesorado de Centro Rurales\u00a0 Fechas de inscripci\u00f3n: 14\/09\/2023 hasta 27\/09\/2023 Fecha actividad:\u00a0 3 de octubre hasta el 13 de noviembre Lugar de realizaci\u00f3n: AVFP\u2026","rel":"","context":"En \u00abFormaciones\u00bb","block_context":{"text":"Formaciones","link":"https:\/\/cepronda.com\/blog\/category\/formaciones\/"},"img":{"alt_text":"","src":"https:\/\/i0.wp.com\/cepronda.com\/blog\/wp-content\/uploads\/2023\/09\/Diseno-sin-titulo-2.jpg?fit=1080%2C1080&ssl=1&resize=350%2C200","width":350,"height":200,"srcset":"https:\/\/i0.wp.com\/cepronda.com\/blog\/wp-content\/uploads\/2023\/09\/Diseno-sin-titulo-2.jpg?fit=1080%2C1080&ssl=1&resize=350%2C200 1x, https:\/\/i0.wp.com\/cepronda.com\/blog\/wp-content\/uploads\/2023\/09\/Diseno-sin-titulo-2.jpg?fit=1080%2C1080&ssl=1&resize=525%2C300 1.5x, https:\/\/i0.wp.com\/cepronda.com\/blog\/wp-content\/uploads\/2023\/09\/Diseno-sin-titulo-2.jpg?fit=1080%2C1080&ssl=1&resize=700%2C400 2x, https:\/\/i0.wp.com\/cepronda.com\/blog\/wp-content\/uploads\/2023\/09\/Diseno-sin-titulo-2.jpg?fit=1080%2C1080&ssl=1&resize=1050%2C600 3x"},"classes":[]},{"id":7765,"url":"https:\/\/cepronda.com\/blog\/herramientas-de-gestion-de-la-evaluacion-competencial-del-alumnado-en-aulas-multinivel\/","url_meta":{"origin":8883,"position":2},"title":"HERRAMIENTAS DE GESTI\u00d3N DE LA EVALUACI\u00d3N COMPETENCIAL DEL ALUMNADO EN AULAS MULTINIVEL","author":"Mamen Moreno","date":"27 septiembre, 2024","format":false,"excerpt":"Se abre el plazo de inscripci\u00f3n para la actividad presencial \u201cHERRAMIENTAS DE GESTI\u00d3N DE LA EVALUACI\u00d3N COMPETENCIAL DEL ALUMNADO EN AULAS MULTINIVEL\u201d con c\u00f3digo 252924GE011. Duraci\u00f3n de la actividad: 12 horas. 9 horas presenciales y 3 horas de tareas. Fecha de inscripci\u00f3n: 27\/09\/2024 hasta 10\/10\/2024 Fecha de la actividad: 15,\u2026","rel":"","context":"En \u00abFormaciones\u00bb","block_context":{"text":"Formaciones","link":"https:\/\/cepronda.com\/blog\/category\/formaciones\/"},"img":{"alt_text":"","src":"https:\/\/i0.wp.com\/cepronda.com\/blog\/wp-content\/uploads\/2024\/09\/Physical-Assessment.jpg?fit=1080%2C1080&ssl=1&resize=350%2C200","width":350,"height":200,"srcset":"https:\/\/i0.wp.com\/cepronda.com\/blog\/wp-content\/uploads\/2024\/09\/Physical-Assessment.jpg?fit=1080%2C1080&ssl=1&resize=350%2C200 1x, https:\/\/i0.wp.com\/cepronda.com\/blog\/wp-content\/uploads\/2024\/09\/Physical-Assessment.jpg?fit=1080%2C1080&ssl=1&resize=525%2C300 1.5x, https:\/\/i0.wp.com\/cepronda.com\/blog\/wp-content\/uploads\/2024\/09\/Physical-Assessment.jpg?fit=1080%2C1080&ssl=1&resize=700%2C400 2x, https:\/\/i0.wp.com\/cepronda.com\/blog\/wp-content\/uploads\/2024\/09\/Physical-Assessment.jpg?fit=1080%2C1080&ssl=1&resize=1050%2C600 3x"},"classes":[]},{"id":5885,"url":"https:\/\/cepronda.com\/blog\/5885-2\/","url_meta":{"origin":8883,"position":3},"title":"KIT DE HERRAMIENTAS DIGITALES PARA CENTROS RURALES Y AULAS MULTINIVEL (232924GE046)","author":"Mamen Moreno","date":"28 marzo, 2023","format":false,"excerpt":"Se encuentra abierto el plazo de inscripci\u00f3n del CURSO PROVINCIAL A DISTANCIA: KIT DE HERRAMIENTAS DIGITALES PARA CENTROS RURALES Y AULAS MULTINIVEL\u00a0(232924GE046) M\u00e1s informaci\u00f3n e inscripci\u00f3n: https:\/\/www.juntadeandalucia.es\/educacion\/secretariavirtual\/consultaCEP\/actividad\/232924GE046\/ Fechas de inscripci\u00f3n: 28\/03\/2023 hasta 12\/04\/2023 Fecha actividad: 18\/04\/2023 hasta 30\/05\/2023","rel":"","context":"En \u00abFormaciones\u00bb","block_context":{"text":"Formaciones","link":"https:\/\/cepronda.com\/blog\/category\/formaciones\/"},"img":{"alt_text":"","src":"https:\/\/i0.wp.com\/cepronda.com\/blog\/wp-content\/uploads\/2023\/03\/PROVINCIAL-3.jpg?fit=848%2C1200&ssl=1&resize=350%2C200","width":350,"height":200,"srcset":"https:\/\/i0.wp.com\/cepronda.com\/blog\/wp-content\/uploads\/2023\/03\/PROVINCIAL-3.jpg?fit=848%2C1200&ssl=1&resize=350%2C200 1x, https:\/\/i0.wp.com\/cepronda.com\/blog\/wp-content\/uploads\/2023\/03\/PROVINCIAL-3.jpg?fit=848%2C1200&ssl=1&resize=525%2C300 1.5x, https:\/\/i0.wp.com\/cepronda.com\/blog\/wp-content\/uploads\/2023\/03\/PROVINCIAL-3.jpg?fit=848%2C1200&ssl=1&resize=700%2C400 2x"},"classes":[]},{"id":8045,"url":"https:\/\/cepronda.com\/blog\/inteligencia-artificial-en-la-didactica-de-la-lengua-y-matematicas-en-aulas-multinivel\/","url_meta":{"origin":8883,"position":4},"title":"INTELIGENCIA ARTIFICIAL EN LA DID\u00c1CTICA DE LA LENGUA Y MATEM\u00c1TICAS EN AULAS MULTINIVEL","author":"Mamen Moreno","date":"14 enero, 2025","format":false,"excerpt":"Abierto el plazo de inscripciones para el curso provincial: \"INTELIGENCIA ARTIFICIAL EN LA DID\u00c1CTICA DE LA LENGUA Y MATEM\u00c1TICAS EN AULAS MULTINIVEL\" con c\u00f3digo 252924GE018 Duraci\u00f3n: 15 horas (12 presenciales + 3 no presenciales) Fechas de inscripciones: del 14 de enero al 20 de febrero de 2025 Fechas de las\u2026","rel":"","context":"En \u00abFormaciones\u00bb","block_context":{"text":"Formaciones","link":"https:\/\/cepronda.com\/blog\/category\/formaciones\/"},"img":{"alt_text":"","src":"https:\/\/i0.wp.com\/cepronda.com\/blog\/wp-content\/uploads\/2025\/01\/Copia-de-Post-de-Instagram-Talleres-Educativos-Escolar-Infantil-Ilustrado-Multicolor-1.png?fit=1080%2C1080&ssl=1&resize=350%2C200","width":350,"height":200,"srcset":"https:\/\/i0.wp.com\/cepronda.com\/blog\/wp-content\/uploads\/2025\/01\/Copia-de-Post-de-Instagram-Talleres-Educativos-Escolar-Infantil-Ilustrado-Multicolor-1.png?fit=1080%2C1080&ssl=1&resize=350%2C200 1x, https:\/\/i0.wp.com\/cepronda.com\/blog\/wp-content\/uploads\/2025\/01\/Copia-de-Post-de-Instagram-Talleres-Educativos-Escolar-Infantil-Ilustrado-Multicolor-1.png?fit=1080%2C1080&ssl=1&resize=525%2C300 1.5x, https:\/\/i0.wp.com\/cepronda.com\/blog\/wp-content\/uploads\/2025\/01\/Copia-de-Post-de-Instagram-Talleres-Educativos-Escolar-Infantil-Ilustrado-Multicolor-1.png?fit=1080%2C1080&ssl=1&resize=700%2C400 2x, https:\/\/i0.wp.com\/cepronda.com\/blog\/wp-content\/uploads\/2025\/01\/Copia-de-Post-de-Instagram-Talleres-Educativos-Escolar-Infantil-Ilustrado-Multicolor-1.png?fit=1080%2C1080&ssl=1&resize=1050%2C600 3x"},"classes":[]},{"id":4113,"url":"https:\/\/cepronda.com\/blog\/dua-y-ensenanza-multinivel-en-centros-rurales\/","url_meta":{"origin":8883,"position":5},"title":"DUA Y ENSE\u00d1ANZA MULTINIVEL EN CENTROS RURALES.","author":"Inmaculada Garc\u00eda","date":"19 enero, 2021","format":false,"excerpt":"Hola compa\u00f1eros y compa\u00f1eras, os informamos que son los \u00faltimos d\u00edas para realizar vuestra inscripci\u00f3n en la actividad formativa \"DUA Y ENSE\u00d1ANZA MULTINIVEL PARA CENTROS RURALES\". Esta actividad forma parte de nuestro I ITINERARIO FORMATIVO PARA CENTROS RURALES y nos acercar\u00e1 a una metodolog\u00eda id\u00f3nea tanto para grupos multinivel como\u2026","rel":"","context":"En \u00abNoticias\u00bb","block_context":{"text":"Noticias","link":"https:\/\/cepronda.com\/blog\/category\/noticias\/"},"img":{"alt_text":"","src":"https:\/\/i0.wp.com\/cepronda.com\/blog\/wp-content\/uploads\/2021\/01\/dua-y-ens-multinivel.jpg?fit=848%2C1200&ssl=1&resize=350%2C200","width":350,"height":200,"srcset":"https:\/\/i0.wp.com\/cepronda.com\/blog\/wp-content\/uploads\/2021\/01\/dua-y-ens-multinivel.jpg?fit=848%2C1200&ssl=1&resize=350%2C200 1x, https:\/\/i0.wp.com\/cepronda.com\/blog\/wp-content\/uploads\/2021\/01\/dua-y-ens-multinivel.jpg?fit=848%2C1200&ssl=1&resize=525%2C300 1.5x, https:\/\/i0.wp.com\/cepronda.com\/blog\/wp-content\/uploads\/2021\/01\/dua-y-ens-multinivel.jpg?fit=848%2C1200&ssl=1&resize=700%2C400 2x"},"classes":[]}],"jetpack_sharing_enabled":true,"_links":{"self":[{"href":"https:\/\/cepronda.com\/blog\/wp-json\/wp\/v2\/posts\/8883","targetHints":{"allow":["GET"]}}],"collection":[{"href":"https:\/\/cepronda.com\/blog\/wp-json\/wp\/v2\/posts"}],"about":[{"href":"https:\/\/cepronda.com\/blog\/wp-json\/wp\/v2\/types\/post"}],"author":[{"embeddable":true,"href":"https:\/\/cepronda.com\/blog\/wp-json\/wp\/v2\/users\/13"}],"replies":[{"embeddable":true,"href":"https:\/\/cepronda.com\/blog\/wp-json\/wp\/v2\/comments?post=8883"}],"version-history":[{"count":4,"href":"https:\/\/cepronda.com\/blog\/wp-json\/wp\/v2\/posts\/8883\/revisions"}],"predecessor-version":[{"id":8918,"href":"https:\/\/cepronda.com\/blog\/wp-json\/wp\/v2\/posts\/8883\/revisions\/8918"}],"wp:featuredmedia":[{"embeddable":true,"href":"https:\/\/cepronda.com\/blog\/wp-json\/wp\/v2\/media\/8888"}],"wp:attachment":[{"href":"https:\/\/cepronda.com\/blog\/wp-json\/wp\/v2\/media?parent=8883"}],"wp:term":[{"taxonomy":"category","embeddable":true,"href":"https:\/\/cepronda.com\/blog\/wp-json\/wp\/v2\/categories?post=8883"},{"taxonomy":"post_tag","embeddable":true,"href":"https:\/\/cepronda.com\/blog\/wp-json\/wp\/v2\/tags?post=8883"}],"curies":[{"name":"wp","href":"https:\/\/api.w.org\/{rel}","templated":true}]}}