{"id":8876,"date":"2025-10-01T17:14:17","date_gmt":"2025-10-01T15:14:17","guid":{"rendered":"https:\/\/cepronda.com\/blog\/?p=8876"},"modified":"2025-10-01T17:14:17","modified_gmt":"2025-10-01T15:14:17","slug":"profundizacion-moodle-semi-eper-25-26","status":"publish","type":"post","link":"https:\/\/cepronda.com\/blog\/profundizacion-moodle-semi-eper-25-26\/","title":{"rendered":"PROFUNDIZACI\u00d3N MOODLE SEMI EPER 25-26"},"content":{"rendered":"<p>Abierto el plazo de inscripci\u00f3n para el curso \u00ab<strong>PROFUNDIZACI\u00d3N MOODLE SEMI EPER 25-26\u201d<\/strong><\/p>\n<p><strong>Dirigido a:<\/strong> EXCLUSIVO para docentes en la SEMI de EPER, del nivel del IES o EEOII<br \/>\n<strong>Inscripci\u00f3n<\/strong>: desde 1\/10\/2025 a 17\/10\/2025<br \/>\n<strong>Actividad:<\/strong> 03\/11\/2025 a 28\/11\/2025<br \/>\n<strong>Duraci\u00f3n<\/strong>: 20 horas<br \/>\n<strong>Lugar:<\/strong> AVFP<br \/>\n<strong>M\u00e1s informaci\u00f3n en:<\/strong><br \/>\n<a href=\"https:\/\/www.juntadeandalucia.es\/educacion\/secretariavirtual\/consultaCEP\/actividad\/262922GE043\/\">https:\/\/www.juntadeandalucia.es\/educacion\/secretariavirtual\/consultaCEP\/actividad\/262922GE043\/<\/a><\/p>\n<p><img data-recalc-dims=\"1\" loading=\"lazy\" decoding=\"async\" class=\"size-medium wp-image-8877 aligncenter\" src=\"https:\/\/i0.wp.com\/cepronda.com\/blog\/wp-content\/uploads\/2025\/10\/WhatsApp-Image-2025-10-01-at-14.28.44.jpeg?resize=300%2C300&#038;ssl=1\" alt=\"\" width=\"300\" height=\"300\" srcset=\"https:\/\/i0.wp.com\/cepronda.com\/blog\/wp-content\/uploads\/2025\/10\/WhatsApp-Image-2025-10-01-at-14.28.44.jpeg?resize=300%2C300&amp;ssl=1 300w, https:\/\/i0.wp.com\/cepronda.com\/blog\/wp-content\/uploads\/2025\/10\/WhatsApp-Image-2025-10-01-at-14.28.44.jpeg?resize=1024%2C1024&amp;ssl=1 1024w, https:\/\/i0.wp.com\/cepronda.com\/blog\/wp-content\/uploads\/2025\/10\/WhatsApp-Image-2025-10-01-at-14.28.44.jpeg?resize=150%2C150&amp;ssl=1 150w, https:\/\/i0.wp.com\/cepronda.com\/blog\/wp-content\/uploads\/2025\/10\/WhatsApp-Image-2025-10-01-at-14.28.44.jpeg?resize=768%2C768&amp;ssl=1 768w, https:\/\/i0.wp.com\/cepronda.com\/blog\/wp-content\/uploads\/2025\/10\/WhatsApp-Image-2025-10-01-at-14.28.44.jpeg?w=1080&amp;ssl=1 1080w\" sizes=\"auto, (max-width: 300px) 100vw, 300px\" \/><\/p>\n","protected":false},"excerpt":{"rendered":"<p>Abierto el plazo de inscripci\u00f3n para el curso \u00abPROFUNDIZACI\u00d3N MOODLE SEMI EPER 25-26\u201d Dirigido a: EXCLUSIVO para docentes en la SEMI de EPER, del nivel del IES o EEOII Inscripci\u00f3n: desde 1\/10\/2025 a 17\/10\/2025 Actividad: 03\/11\/2025 a 28\/11\/2025 Duraci\u00f3n: 20 horas Lugar: AVFP M\u00e1s informaci\u00f3n en: https:\/\/www.juntadeandalucia.es\/educacion\/secretariavirtual\/consultaCEP\/actividad\/262922GE043\/<\/p>\n","protected":false},"author":13,"featured_media":8877,"comment_status":"closed","ping_status":"open","sticky":false,"template":"","format":"standard","meta":{"_crdt_document":"","advanced_seo_description":"","jetpack_seo_html_title":"","jetpack_seo_noindex":false,"jetpack_post_was_ever_published":false,"_jetpack_newsletter_access":"","_jetpack_dont_email_post_to_subs":false,"_jetpack_newsletter_tier_id":0,"_jetpack_memberships_contains_paywalled_content":false,"_jetpack_memberships_contains_paid_content":false,"footnotes":"","jetpack_publicize_message":"","jetpack_publicize_feature_enabled":true,"jetpack_social_post_already_shared":true,"jetpack_social_options":{"image_generator_settings":{"template":"highway","default_image_id":0,"font":"","enabled":false},"version":2}},"categories":[3],"tags":[194,425],"class_list":{"0":"post-8876","1":"post","2":"type-post","3":"status-publish","4":"format-standard","5":"has-post-thumbnail","7":"category-formaciones","8":"tag-moodle","9":"tag-semi-eper","10":"czr-hentry"},"jetpack_publicize_connections":[],"jetpack_featured_media_url":"https:\/\/i0.wp.com\/cepronda.com\/blog\/wp-content\/uploads\/2025\/10\/WhatsApp-Image-2025-10-01-at-14.28.44.jpeg?fit=1080%2C1080&ssl=1","jetpack_shortlink":"https:\/\/wp.me\/p8M4X7-2ja","jetpack-related-posts":[{"id":9062,"url":"https:\/\/cepronda.com\/blog\/orientacion-para-el-empleo-eper\/","url_meta":{"origin":8876,"position":0},"title":"ORIENTACI\u00d3N PARA EL EMPLEO EPER","author":"Mamen Moreno","date":"24 noviembre, 2025","format":false,"excerpt":"Se encuentra abierto el plazo de inscripci\u00f3n para el curso semipresencial \u201cORIENTACI\u00d3N PARA EL EMPLEO EPER\u201d C\u00f3digo: 262922GE045 (\u00e1mbito provincial) Fecha de la actividad : 26\/01\/2026 a 20\/02\/2026 Fecha de inscripci\u00f3n: desde 01\/12\/2025 a 15\/12\/2025. Horas totales. 15h.(5 presenciales +10 no presenciales) Lugar de realizaci\u00f3n: CEPMA y AVFP. Dirigido prioritariamente\u2026","rel":"","context":"En \u00abFormaciones\u00bb","block_context":{"text":"Formaciones","link":"https:\/\/cepronda.com\/blog\/category\/formaciones\/"},"img":{"alt_text":"","src":"https:\/\/i0.wp.com\/cepronda.com\/blog\/wp-content\/uploads\/2025\/11\/WhatsApp-Image-2025-11-24-at-11.17.49.jpeg?fit=960%2C1200&ssl=1&resize=350%2C200","width":350,"height":200,"srcset":"https:\/\/i0.wp.com\/cepronda.com\/blog\/wp-content\/uploads\/2025\/11\/WhatsApp-Image-2025-11-24-at-11.17.49.jpeg?fit=960%2C1200&ssl=1&resize=350%2C200 1x, https:\/\/i0.wp.com\/cepronda.com\/blog\/wp-content\/uploads\/2025\/11\/WhatsApp-Image-2025-11-24-at-11.17.49.jpeg?fit=960%2C1200&ssl=1&resize=525%2C300 1.5x, https:\/\/i0.wp.com\/cepronda.com\/blog\/wp-content\/uploads\/2025\/11\/WhatsApp-Image-2025-11-24-at-11.17.49.jpeg?fit=960%2C1200&ssl=1&resize=700%2C400 2x"},"classes":[]},{"id":8118,"url":"https:\/\/cepronda.com\/blog\/curso-eper-provincial-y-presencial-inteligencia-artificial-en-eper\/","url_meta":{"origin":8876,"position":1},"title":"CURSO EPER PROVINCIAL Y PRESENCIAL: \u00a0INTELIGENCIA ARTIFICIAL EN EPER","author":"Mamen Moreno","date":"6 febrero, 2025","format":false,"excerpt":"CURSO EPER PROVINCIAL Y PRESENCIAL: \u00a0INTELIGENCIA ARTIFICIAL EN EPER.\u00a0 C\u00f3digo: 252922GE101. (Dirigido prioritariamente a personal de EPER y \u00a0en segundo lugar a ARE y FP. En \u00faltima instancia al resto de niveles educativos) \u00c1mbito: Provincial. Duraci\u00f3n: 15 horas presenciales. Fechas de inscripci\u00f3n: 10\/02\/25 al 10\/03\/25. Fechas sesiones:\u00a0 2, 9, 23\u2026","rel":"","context":"En \u00abFormaciones\u00bb","block_context":{"text":"Formaciones","link":"https:\/\/cepronda.com\/blog\/category\/formaciones\/"},"img":{"alt_text":"","src":"https:\/\/i0.wp.com\/cepronda.com\/blog\/wp-content\/uploads\/2025\/02\/WhatsApp-Image-2025-02-06-at-12.44.15.jpeg?fit=940%2C788&ssl=1&resize=350%2C200","width":350,"height":200,"srcset":"https:\/\/i0.wp.com\/cepronda.com\/blog\/wp-content\/uploads\/2025\/02\/WhatsApp-Image-2025-02-06-at-12.44.15.jpeg?fit=940%2C788&ssl=1&resize=350%2C200 1x, https:\/\/i0.wp.com\/cepronda.com\/blog\/wp-content\/uploads\/2025\/02\/WhatsApp-Image-2025-02-06-at-12.44.15.jpeg?fit=940%2C788&ssl=1&resize=525%2C300 1.5x, https:\/\/i0.wp.com\/cepronda.com\/blog\/wp-content\/uploads\/2025\/02\/WhatsApp-Image-2025-02-06-at-12.44.15.jpeg?fit=940%2C788&ssl=1&resize=700%2C400 2x"},"classes":[]},{"id":8115,"url":"https:\/\/cepronda.com\/blog\/curso-eper-provincial-y-presencial-situaciones-de-aprendizaje-en-el-aula-eper\/","url_meta":{"origin":8876,"position":2},"title":"CURSO EPER PROVINCIAL Y PRESENCIAL: SITUACIONES DE APRENDIZAJE EN EL AULA EPER","author":"Mamen Moreno","date":"6 febrero, 2025","format":false,"excerpt":"CURSO EPER PROVINCIAL Y PRESENCIAL: SITUACIONES DE APRENDIZAJE EN EL AULA EPER C\u00f3digo: 252922GE102. Dirigido prioritariamente a personal de EPER y en segundo lugar a ARE y FP. En \u00faltima instancia al resto de niveles educativos. \u00c1mbito: Provincial. Duraci\u00f3n: 15 horas presenciales. Fechas de inscripci\u00f3n: 10\/02\/25 al 10\/03\/25 Fechas sesiones:\u2026","rel":"","context":"En \u00abFormaciones\u00bb","block_context":{"text":"Formaciones","link":"https:\/\/cepronda.com\/blog\/category\/formaciones\/"},"img":{"alt_text":"","src":"https:\/\/i0.wp.com\/cepronda.com\/blog\/wp-content\/uploads\/2025\/02\/WhatsApp-Image-2025-02-06-at-12.44.14.jpeg?fit=940%2C788&ssl=1&resize=350%2C200","width":350,"height":200,"srcset":"https:\/\/i0.wp.com\/cepronda.com\/blog\/wp-content\/uploads\/2025\/02\/WhatsApp-Image-2025-02-06-at-12.44.14.jpeg?fit=940%2C788&ssl=1&resize=350%2C200 1x, https:\/\/i0.wp.com\/cepronda.com\/blog\/wp-content\/uploads\/2025\/02\/WhatsApp-Image-2025-02-06-at-12.44.14.jpeg?fit=940%2C788&ssl=1&resize=525%2C300 1.5x, https:\/\/i0.wp.com\/cepronda.com\/blog\/wp-content\/uploads\/2025\/02\/WhatsApp-Image-2025-02-06-at-12.44.14.jpeg?fit=940%2C788&ssl=1&resize=700%2C400 2x"},"classes":[]},{"id":3879,"url":"https:\/\/cepronda.com\/blog\/moodle-centros-profundizacion\/","url_meta":{"origin":8876,"position":3},"title":"MOODLE CENTROS PROFUNDIZACI\u00d3N","author":"Maribel Mu\u00f1oz","date":"16 octubre, 2020","format":false,"excerpt":"Buenas tardes compa\u00f1eras y compa\u00f1eros, Os informamos que est\u00e1 abierto el plazo de inscripci\u00f3n de la formaci\u00f3n USO DE LA PLATAFORMA MOODLE CENTROS (PROFUNDIZACI\u00d3N), C\u00f3digo: 212926KPF208. Inscripciones: desde el 14\/10\/2020 hasta 25\/10\/2020. Fecha actividad:\u00a003\/11\/2020 hasta 06\/12\/2020. Adjuntamos enlace. Deseamos que sea de vuestro inter\u00e9s.\u00a0 Saludos.","rel":"","context":"En \u00abFormaciones\u00bb","block_context":{"text":"Formaciones","link":"https:\/\/cepronda.com\/blog\/category\/formaciones\/"},"img":{"alt_text":"","src":"https:\/\/i0.wp.com\/cepronda.com\/blog\/wp-content\/uploads\/2020\/10\/moodleprofundizacion-300x79.jpg?resize=350%2C200","width":350,"height":200},"classes":[]},{"id":4973,"url":"https:\/\/cepronda.com\/blog\/uso-de-la-plataforma-moodle-centros-profundizacion-222924ge042\/","url_meta":{"origin":8876,"position":4},"title":"USO DE LA PLATAFORMA MOODLE CENTROS (PROFUNDIZACI\u00d3N). 222924GE042","author":"Inmaculada Garc\u00eda","date":"13 enero, 2022","format":false,"excerpt":"Buenos d\u00edas, compa\u00f1eras y compa\u00f1eros. Os recordamos que est\u00e1 abierto el plazo de inscripci\u00f3n en la actividad USO DE LA PLATAFORMA MOODLE CENTROS (PROFUNDIZACI\u00d3N), c\u00f3digo 222924GE042. Es una actividad en modalidad de \u00abCurso a distancia\u00bb, que se desarrollar\u00e1 en el Aula Virtual de Formaci\u00f3n del Profesorado. Duraci\u00f3n de 25 horas\u2026","rel":"","context":"En \u00abFormaciones\u00bb","block_context":{"text":"Formaciones","link":"https:\/\/cepronda.com\/blog\/category\/formaciones\/"},"img":{"alt_text":"","src":"https:\/\/i0.wp.com\/cepronda.com\/blog\/wp-content\/uploads\/2022\/01\/USO-PLATAFORMA-MOODLE-CENTRO-1.png?fit=848%2C1200&ssl=1&resize=350%2C200","width":350,"height":200,"srcset":"https:\/\/i0.wp.com\/cepronda.com\/blog\/wp-content\/uploads\/2022\/01\/USO-PLATAFORMA-MOODLE-CENTRO-1.png?fit=848%2C1200&ssl=1&resize=350%2C200 1x, https:\/\/i0.wp.com\/cepronda.com\/blog\/wp-content\/uploads\/2022\/01\/USO-PLATAFORMA-MOODLE-CENTRO-1.png?fit=848%2C1200&ssl=1&resize=525%2C300 1.5x, https:\/\/i0.wp.com\/cepronda.com\/blog\/wp-content\/uploads\/2022\/01\/USO-PLATAFORMA-MOODLE-CENTRO-1.png?fit=848%2C1200&ssl=1&resize=700%2C400 2x"},"classes":[]},{"id":4819,"url":"https:\/\/cepronda.com\/blog\/uso-de-la-plataforma-moodle-centros-iniciacion\/","url_meta":{"origin":8876,"position":5},"title":"USO DE LA PLATAFORMA MOODLE CENTROS (INICIACI\u00d3N)","author":"Inmaculada Garc\u00eda","date":"25 octubre, 2021","format":false,"excerpt":"Buenas d\u00edas, compa\u00f1eras y compa\u00f1eros. Os informamos que est\u00e1 abierto el plazo de inscripci\u00f3n en la actividad\u00a0 \u00abUSO DE LA PLATAFORMA MOODLE CENTROS (INICIACI\u00d3N)\u00bb con c\u00f3digo 222924GE041. Es una actividad del \u00e1mbito CEP de Ronda.\u00a0 Se desarrollar\u00e1 en el Aula Virtual de Formaci\u00f3n del Profesorado. Las fechas de la formaci\u00f3n\u2026","rel":"","context":"En \u00abFormaciones\u00bb","block_context":{"text":"Formaciones","link":"https:\/\/cepronda.com\/blog\/category\/formaciones\/"},"img":{"alt_text":"","src":"","width":0,"height":0},"classes":[]}],"jetpack_sharing_enabled":true,"_links":{"self":[{"href":"https:\/\/cepronda.com\/blog\/wp-json\/wp\/v2\/posts\/8876","targetHints":{"allow":["GET"]}}],"collection":[{"href":"https:\/\/cepronda.com\/blog\/wp-json\/wp\/v2\/posts"}],"about":[{"href":"https:\/\/cepronda.com\/blog\/wp-json\/wp\/v2\/types\/post"}],"author":[{"embeddable":true,"href":"https:\/\/cepronda.com\/blog\/wp-json\/wp\/v2\/users\/13"}],"replies":[{"embeddable":true,"href":"https:\/\/cepronda.com\/blog\/wp-json\/wp\/v2\/comments?post=8876"}],"version-history":[{"count":1,"href":"https:\/\/cepronda.com\/blog\/wp-json\/wp\/v2\/posts\/8876\/revisions"}],"predecessor-version":[{"id":8878,"href":"https:\/\/cepronda.com\/blog\/wp-json\/wp\/v2\/posts\/8876\/revisions\/8878"}],"wp:featuredmedia":[{"embeddable":true,"href":"https:\/\/cepronda.com\/blog\/wp-json\/wp\/v2\/media\/8877"}],"wp:attachment":[{"href":"https:\/\/cepronda.com\/blog\/wp-json\/wp\/v2\/media?parent=8876"}],"wp:term":[{"taxonomy":"category","embeddable":true,"href":"https:\/\/cepronda.com\/blog\/wp-json\/wp\/v2\/categories?post=8876"},{"taxonomy":"post_tag","embeddable":true,"href":"https:\/\/cepronda.com\/blog\/wp-json\/wp\/v2\/tags?post=8876"}],"curies":[{"name":"wp","href":"https:\/\/api.w.org\/{rel}","templated":true}]}}